{"id":106870,"date":"2024-08-31T08:41:37","date_gmt":"2024-08-31T11:41:37","guid":{"rendered":"https:\/\/www.noticiasradioreflejos.com.ar\/2021\/?p=106870"},"modified":"2024-08-31T08:41:37","modified_gmt":"2024-08-31T11:41:37","slug":"se-viene-expoigualdad-bonaerense-en-la-plata","status":"publish","type":"post","link":"https:\/\/www.noticiasradioreflejos.com.ar\/2021\/se-viene-expoigualdad-bonaerense-en-la-plata\/","title":{"rendered":"Se viene Expoigualdad Bonaerense en La Plata"},"content":{"rendered":"<p dir=\"ltr\">Los d\u00edas 7 y 8 de septiembre de 12 a 18 hs se desarrollar\u00e1 la\u00a0<b>Expo Igualdad Bonaerense<\/b>\u00a0en el Estadio \u00danico Diego Armando Maradona de La Plata. El evento contar\u00e1 con m\u00e1s de 160 stands, entre los que se destacan la Expo@dise\u00f1o, Salud, Mercados Bonaerenses, stands institucionales, rondas de intercambio productivo, proyecci\u00f3n de cortometrajes, propuestas gastron\u00f3micas y m\u00fasica en vivo.\u00a0La actividad es con entrada libre y gratuita.<!--more--><\/p>\n<p dir=\"ltr\">La Expo Igualdad Bonaerense busca fortalecer las alianzas entre las y los distintos protagonistas de las cadenas de producci\u00f3n local, desde un enfoque integral para garantizar un nodo productivo en clave de g\u00e9nero, abonando a la igualdad y al fortalecimiento de la comunidad bonaerense.<\/p>\n<p dir=\"ltr\">La apertura del evento se desarrollar\u00e1 el s\u00e1bado 7 a las 14 hs. y estar\u00e1 a cargo de la ministra de Mujeres y Diversidad de la provincia de Buenos Aires, Estela D\u00edaz y representantes de Expo@Dise\u00f1o y Expo Mujer Saludable. Adem\u00e1s, contar\u00e1 con\u00a0beneficios especiales otorgados por Cuenta DNI\u00a0que estar\u00e1n disponibles para los dos d\u00edas de jornadas.<\/p>\n<p dir=\"ltr\">En la explanada del Estadio se desplegar\u00e1n los puestos de\u00a0Mercados Bonaerenses, donde las y los productores que integran el programa perteneciente al ministerio de Desarrollo Agrario de la provincia de Buenos Aires, ofrecer\u00e1n alimentos y productos agroecol\u00f3gicos. All\u00ed se podr\u00e1 disfrutar del\u00a040% de descuento\u00a0ofrecido por la app del Banco Provincia con un tope de reintegro de $4000.<\/p>\n<p dir=\"ltr\">Ingresando al campo de juego, habr\u00e1 m\u00e1s de 90 stands pertenecientes a la feria\u00a0Expo@Dise\u00f1o\u00a0con productos de decoraci\u00f3n, indumentaria, lencer\u00eda, calzado, tejidos, joyer\u00eda, bolsos, carteras, accesorios, anteojos, plantas, cer\u00e1mica, encuadernaci\u00f3n, arte en papel, velas, cosm\u00e9tica natural y mucho m\u00e1s.Tambi\u00e9n habr\u00e1 puestos de cooperativistas y stands institucionales. En este caso,\u00a0el descuento ofrecido por Cuenta DNI es del 40%\u00a0y un tope de reintegro de $4000 en los comercios adheridos.<\/p>\n<p dir=\"ltr\">Con el objetivo de promover el derecho a la salud de mujeres y diversidades, junto a\u00a0Expo Mujer Saludable, el ministerio de Salud\u00a0de la provincia de Buenos Aires e instituciones de la salud privada,\u00a0se desarrollar\u00e1n actividades de promoci\u00f3n de salud integral, en las que se\u00a0 brindar\u00e1 informaci\u00f3n sobre primeros auxilios, vacunaci\u00f3n, donaci\u00f3n de sangre, prevenci\u00f3n de enfermedades como c\u00e1ncer de mama, de \u00fatero y de transmisi\u00f3n sexual. Adem\u00e1s, se ofrecer\u00e1 un espacio de talleres y charlas.<\/p>\n<p dir=\"ltr\">El s\u00e1bado 7 se llevar\u00e1 adelante\u00a0\u201cNosotras Producimos\u201d, un programa del Ministerio de Mujeres y Diversidad que busca propiciar acciones que potencien experiencias productivas de mujeres y personas LGTBI+ de la provincia de Buenos Aires. Es un espacio de intercambio entre diversos nodos productivos pensado para promover el intercambio de experiencias entre empresas, sindicatos, cooperativistas, mutuales, universidades y emprendedoras. En ese contexto, entre las 13 y 17 horas, se llevar\u00e1n a cabo\u00a0seis Rondas de Intercambio Productivo:\u00a0Textil, Construcci\u00f3n, Econom\u00eda Circular, Alimentaci\u00f3n, Cuidados y Metal\u00fargica.<\/p>\n<p dir=\"ltr\">Durante el domingo 8, se llevar\u00e1 a cabo el ciclo de cine\u00a0Proyectando Feminismos, del Ministerio de Mujeres y Diversidad bonaerense. All\u00ed, entre las 12 y las 18 horas, se proyectar\u00e1n series, cortos y largometrajes de artistas argentinas. Tambi\u00e9n tendr\u00e1n lugar una serie de charlas vinculadas a peque\u00f1as productoras regionales en el marco del programa Organizadas y en Red y junto al Banco Provincia.<\/p>\n<p>&nbsp;<\/p>\n<p dir=\"ltr\">A lo largo de las dos jornadas habr\u00e1 actividades culturales y funcionar\u00e1 una variada oferta gastron\u00f3mica que contar\u00e1 con un\u00a030% de descuento en stands de gastronom\u00eda adheridos, con tope de $5.000 unificado por semana y por persona.<\/p>\n<p>&nbsp;<\/p>\n<p dir=\"ltr\">La Expo Igualdad Bonaerense es una iniciativa del Ministerio de Mujeres y Diversidad, en articulaci\u00f3n con Expo@Dise\u00f1o, Expo Mujer Saludable, Banco Provincia, Ministerio de Salud, Ministerio de Desarrollo Agrario y otras carteras provinciales.<\/p>\n<p dir=\"ltr\">\n<p dir=\"ltr\"><a href=\"https:\/\/www.noticiasradioreflejos.com.ar\/2021\/se-viene-expoigualdad-bonaerense-en-la-plata\/whatsapp-image-2024-08-30-at-19-36-36\/\" rel=\"attachment wp-att-106871\"><img loading=\"lazy\" decoding=\"async\" class=\"aligncenter size-full wp-image-106871\" src=\"https:\/\/www.noticiasradioreflejos.com.ar\/2021\/wp-content\/uploads\/2024\/08\/WhatsApp-Image-2024-08-30-at-19.36.36.jpeg\" alt=\"\" width=\"1080\" height=\"1080\" \/><\/a><\/p>\n","protected":false},"excerpt":{"rendered":"<p>Los d\u00edas 7 y 8 de septiembre de 12 a 18 hs se desarrollar\u00e1 la\u00a0Expo Igualdad Bonaerense\u00a0en el Estadio \u00danico Diego Armando Maradona de La Plata. El evento contar\u00e1 con m\u00e1s de 160 stands, entre los que se destacan la Expo@dise\u00f1o, Salud, Mercados Bonaerenses, stands institucionales, rondas de intercambio productivo, proyecci\u00f3n de cortometrajes, propuestas gastron\u00f3micas [&hellip;]<\/p>\n","protected":false},"author":3,"featured_media":0,"comment_status":"closed","ping_status":"closed","sticky":false,"template":"","format":"standard","meta":{"footnotes":""},"categories":[24],"tags":[],"class_list":["post-106870","post","type-post","status-publish","format-standard","hentry","category-politica"],"yoast_head":"<!-- This site is optimized with the Yoast SEO plugin v25.9 - https:\/\/yoast.com\/wordpress\/plugins\/seo\/ -->\n<title>Se viene Expoigualdad Bonaerense en La Plata - Noticias Radio Reflejos<\/title>\n<meta name=\"robots\" content=\"index, follow, max-snippet:-1, max-image-preview:large, max-video-preview:-1\" \/>\n<link rel=\"canonical\" href=\"https:\/\/www.noticiasradioreflejos.com.ar\/2021\/se-viene-expoigualdad-bonaerense-en-la-plata\/\" \/>\n<meta property=\"og:locale\" content=\"es_ES\" \/>\n<meta property=\"og:type\" content=\"article\" \/>\n<meta property=\"og:title\" content=\"Se viene Expoigualdad Bonaerense en La Plata - Noticias Radio Reflejos\" \/>\n<meta property=\"og:description\" content=\"Los d\u00edas 7 y 8 de septiembre de 12 a 18 hs se desarrollar\u00e1 la\u00a0Expo Igualdad Bonaerense\u00a0en el Estadio \u00danico Diego Armando Maradona de La Plata. El evento contar\u00e1 con m\u00e1s de 160 stands, entre los que se destacan la Expo@dise\u00f1o, Salud, Mercados Bonaerenses, stands institucionales, rondas de intercambio productivo, proyecci\u00f3n de cortometrajes, propuestas gastron\u00f3micas [&hellip;]\" \/>\n<meta property=\"og:url\" content=\"https:\/\/www.noticiasradioreflejos.com.ar\/2021\/se-viene-expoigualdad-bonaerense-en-la-plata\/\" \/>\n<meta property=\"og:site_name\" content=\"Noticias Radio Reflejos\" \/>\n<meta property=\"article:published_time\" content=\"2024-08-31T11:41:37+00:00\" \/>\n<meta property=\"og:image\" content=\"https:\/\/www.noticiasradioreflejos.com.ar\/2021\/wp-content\/uploads\/2024\/08\/WhatsApp-Image-2024-08-30-at-19.36.36.jpeg\" \/>\n<meta name=\"author\" content=\"Arnaldo Botto\" \/>\n<meta name=\"twitter:card\" content=\"summary_large_image\" \/>\n<script type=\"application\/ld+json\" class=\"yoast-schema-graph\">{\"@context\":\"https:\/\/schema.org\",\"@graph\":[{\"@type\":\"WebPage\",\"@id\":\"https:\/\/www.noticiasradioreflejos.com.ar\/2021\/se-viene-expoigualdad-bonaerense-en-la-plata\/\",\"url\":\"https:\/\/www.noticiasradioreflejos.com.ar\/2021\/se-viene-expoigualdad-bonaerense-en-la-plata\/\",\"name\":\"Se viene Expoigualdad Bonaerense en La Plata - Noticias Radio Reflejos\",\"isPartOf\":{\"@id\":\"https:\/\/www.noticiasradioreflejos.com.ar\/2021\/#website\"},\"primaryImageOfPage\":{\"@id\":\"https:\/\/www.noticiasradioreflejos.com.ar\/2021\/se-viene-expoigualdad-bonaerense-en-la-plata\/#primaryimage\"},\"image\":{\"@id\":\"https:\/\/www.noticiasradioreflejos.com.ar\/2021\/se-viene-expoigualdad-bonaerense-en-la-plata\/#primaryimage\"},\"thumbnailUrl\":\"https:\/\/www.noticiasradioreflejos.com.ar\/2021\/wp-content\/uploads\/2024\/08\/WhatsApp-Image-2024-08-30-at-19.36.36.jpeg\",\"datePublished\":\"2024-08-31T11:41:37+00:00\",\"author\":{\"@id\":\"https:\/\/www.noticiasradioreflejos.com.ar\/2021\/#\/schema\/person\/ad82545263dcc5ec0996818884fd5fb1\"},\"breadcrumb\":{\"@id\":\"https:\/\/www.noticiasradioreflejos.com.ar\/2021\/se-viene-expoigualdad-bonaerense-en-la-plata\/#breadcrumb\"},\"inLanguage\":\"es\",\"potentialAction\":[{\"@type\":\"ReadAction\",\"target\":[\"https:\/\/www.noticiasradioreflejos.com.ar\/2021\/se-viene-expoigualdad-bonaerense-en-la-plata\/\"]}]},{\"@type\":\"ImageObject\",\"inLanguage\":\"es\",\"@id\":\"https:\/\/www.noticiasradioreflejos.com.ar\/2021\/se-viene-expoigualdad-bonaerense-en-la-plata\/#primaryimage\",\"url\":\"\",\"contentUrl\":\"\"},{\"@type\":\"BreadcrumbList\",\"@id\":\"https:\/\/www.noticiasradioreflejos.com.ar\/2021\/se-viene-expoigualdad-bonaerense-en-la-plata\/#breadcrumb\",\"itemListElement\":[{\"@type\":\"ListItem\",\"position\":1,\"name\":\"Portada\",\"item\":\"https:\/\/www.noticiasradioreflejos.com.ar\/2021\/\"},{\"@type\":\"ListItem\",\"position\":2,\"name\":\"Se viene Expoigualdad Bonaerense en La Plata\"}]},{\"@type\":\"WebSite\",\"@id\":\"https:\/\/www.noticiasradioreflejos.com.ar\/2021\/#website\",\"url\":\"https:\/\/www.noticiasradioreflejos.com.ar\/2021\/\",\"name\":\"Noticias Radio Reflejos\",\"description\":\"Las noticias de mi comarca\",\"potentialAction\":[{\"@type\":\"SearchAction\",\"target\":{\"@type\":\"EntryPoint\",\"urlTemplate\":\"https:\/\/www.noticiasradioreflejos.com.ar\/2021\/?s={search_term_string}\"},\"query-input\":{\"@type\":\"PropertyValueSpecification\",\"valueRequired\":true,\"valueName\":\"search_term_string\"}}],\"inLanguage\":\"es\"},{\"@type\":\"Person\",\"@id\":\"https:\/\/www.noticiasradioreflejos.com.ar\/2021\/#\/schema\/person\/ad82545263dcc5ec0996818884fd5fb1\",\"name\":\"Arnaldo Botto\",\"image\":{\"@type\":\"ImageObject\",\"inLanguage\":\"es\",\"@id\":\"https:\/\/www.noticiasradioreflejos.com.ar\/2021\/#\/schema\/person\/image\/\",\"url\":\"https:\/\/secure.gravatar.com\/avatar\/55cb5e37c1efa326397366e6974cb338056df65cb50e7d64d1cf314e87504837?s=96&d=mm&r=g\",\"contentUrl\":\"https:\/\/secure.gravatar.com\/avatar\/55cb5e37c1efa326397366e6974cb338056df65cb50e7d64d1cf314e87504837?s=96&d=mm&r=g\",\"caption\":\"Arnaldo Botto\"},\"url\":\"https:\/\/www.noticiasradioreflejos.com.ar\/2021\/author\/arnaldo\/\"}]}<\/script>\n<!-- \/ Yoast SEO plugin. -->","yoast_head_json":{"title":"Se viene Expoigualdad Bonaerense en La Plata - Noticias Radio Reflejos","robots":{"index":"index","follow":"follow","max-snippet":"max-snippet:-1","max-image-preview":"max-image-preview:large","max-video-preview":"max-video-preview:-1"},"canonical":"https:\/\/www.noticiasradioreflejos.com.ar\/2021\/se-viene-expoigualdad-bonaerense-en-la-plata\/","og_locale":"es_ES","og_type":"article","og_title":"Se viene Expoigualdad Bonaerense en La Plata - Noticias Radio Reflejos","og_description":"Los d\u00edas 7 y 8 de septiembre de 12 a 18 hs se desarrollar\u00e1 la\u00a0Expo Igualdad Bonaerense\u00a0en el Estadio \u00danico Diego Armando Maradona de La Plata. El evento contar\u00e1 con m\u00e1s de 160 stands, entre los que se destacan la Expo@dise\u00f1o, Salud, Mercados Bonaerenses, stands institucionales, rondas de intercambio productivo, proyecci\u00f3n de cortometrajes, propuestas gastron\u00f3micas [&hellip;]","og_url":"https:\/\/www.noticiasradioreflejos.com.ar\/2021\/se-viene-expoigualdad-bonaerense-en-la-plata\/","og_site_name":"Noticias Radio Reflejos","article_published_time":"2024-08-31T11:41:37+00:00","og_image":[{"url":"https:\/\/www.noticiasradioreflejos.com.ar\/2021\/wp-content\/uploads\/2024\/08\/WhatsApp-Image-2024-08-30-at-19.36.36.jpeg","type":"","width":"","height":""}],"author":"Arnaldo Botto","twitter_card":"summary_large_image","schema":{"@context":"https:\/\/schema.org","@graph":[{"@type":"WebPage","@id":"https:\/\/www.noticiasradioreflejos.com.ar\/2021\/se-viene-expoigualdad-bonaerense-en-la-plata\/","url":"https:\/\/www.noticiasradioreflejos.com.ar\/2021\/se-viene-expoigualdad-bonaerense-en-la-plata\/","name":"Se viene Expoigualdad Bonaerense en La Plata - Noticias Radio Reflejos","isPartOf":{"@id":"https:\/\/www.noticiasradioreflejos.com.ar\/2021\/#website"},"primaryImageOfPage":{"@id":"https:\/\/www.noticiasradioreflejos.com.ar\/2021\/se-viene-expoigualdad-bonaerense-en-la-plata\/#primaryimage"},"image":{"@id":"https:\/\/www.noticiasradioreflejos.com.ar\/2021\/se-viene-expoigualdad-bonaerense-en-la-plata\/#primaryimage"},"thumbnailUrl":"https:\/\/www.noticiasradioreflejos.com.ar\/2021\/wp-content\/uploads\/2024\/08\/WhatsApp-Image-2024-08-30-at-19.36.36.jpeg","datePublished":"2024-08-31T11:41:37+00:00","author":{"@id":"https:\/\/www.noticiasradioreflejos.com.ar\/2021\/#\/schema\/person\/ad82545263dcc5ec0996818884fd5fb1"},"breadcrumb":{"@id":"https:\/\/www.noticiasradioreflejos.com.ar\/2021\/se-viene-expoigualdad-bonaerense-en-la-plata\/#breadcrumb"},"inLanguage":"es","potentialAction":[{"@type":"ReadAction","target":["https:\/\/www.noticiasradioreflejos.com.ar\/2021\/se-viene-expoigualdad-bonaerense-en-la-plata\/"]}]},{"@type":"ImageObject","inLanguage":"es","@id":"https:\/\/www.noticiasradioreflejos.com.ar\/2021\/se-viene-expoigualdad-bonaerense-en-la-plata\/#primaryimage","url":"","contentUrl":""},{"@type":"BreadcrumbList","@id":"https:\/\/www.noticiasradioreflejos.com.ar\/2021\/se-viene-expoigualdad-bonaerense-en-la-plata\/#breadcrumb","itemListElement":[{"@type":"ListItem","position":1,"name":"Portada","item":"https:\/\/www.noticiasradioreflejos.com.ar\/2021\/"},{"@type":"ListItem","position":2,"name":"Se viene Expoigualdad Bonaerense en La Plata"}]},{"@type":"WebSite","@id":"https:\/\/www.noticiasradioreflejos.com.ar\/2021\/#website","url":"https:\/\/www.noticiasradioreflejos.com.ar\/2021\/","name":"Noticias Radio Reflejos","description":"Las noticias de mi comarca","potentialAction":[{"@type":"SearchAction","target":{"@type":"EntryPoint","urlTemplate":"https:\/\/www.noticiasradioreflejos.com.ar\/2021\/?s={search_term_string}"},"query-input":{"@type":"PropertyValueSpecification","valueRequired":true,"valueName":"search_term_string"}}],"inLanguage":"es"},{"@type":"Person","@id":"https:\/\/www.noticiasradioreflejos.com.ar\/2021\/#\/schema\/person\/ad82545263dcc5ec0996818884fd5fb1","name":"Arnaldo Botto","image":{"@type":"ImageObject","inLanguage":"es","@id":"https:\/\/www.noticiasradioreflejos.com.ar\/2021\/#\/schema\/person\/image\/","url":"https:\/\/secure.gravatar.com\/avatar\/55cb5e37c1efa326397366e6974cb338056df65cb50e7d64d1cf314e87504837?s=96&d=mm&r=g","contentUrl":"https:\/\/secure.gravatar.com\/avatar\/55cb5e37c1efa326397366e6974cb338056df65cb50e7d64d1cf314e87504837?s=96&d=mm&r=g","caption":"Arnaldo Botto"},"url":"https:\/\/www.noticiasradioreflejos.com.ar\/2021\/author\/arnaldo\/"}]}},"_links":{"self":[{"href":"https:\/\/www.noticiasradioreflejos.com.ar\/2021\/wp-json\/wp\/v2\/posts\/106870","targetHints":{"allow":["GET"]}}],"collection":[{"href":"https:\/\/www.noticiasradioreflejos.com.ar\/2021\/wp-json\/wp\/v2\/posts"}],"about":[{"href":"https:\/\/www.noticiasradioreflejos.com.ar\/2021\/wp-json\/wp\/v2\/types\/post"}],"author":[{"embeddable":true,"href":"https:\/\/www.noticiasradioreflejos.com.ar\/2021\/wp-json\/wp\/v2\/users\/3"}],"replies":[{"embeddable":true,"href":"https:\/\/www.noticiasradioreflejos.com.ar\/2021\/wp-json\/wp\/v2\/comments?post=106870"}],"version-history":[{"count":2,"href":"https:\/\/www.noticiasradioreflejos.com.ar\/2021\/wp-json\/wp\/v2\/posts\/106870\/revisions"}],"predecessor-version":[{"id":106874,"href":"https:\/\/www.noticiasradioreflejos.com.ar\/2021\/wp-json\/wp\/v2\/posts\/106870\/revisions\/106874"}],"wp:attachment":[{"href":"https:\/\/www.noticiasradioreflejos.com.ar\/2021\/wp-json\/wp\/v2\/media?parent=106870"}],"wp:term":[{"taxonomy":"category","embeddable":true,"href":"https:\/\/www.noticiasradioreflejos.com.ar\/2021\/wp-json\/wp\/v2\/categories?post=106870"},{"taxonomy":"post_tag","embeddable":true,"href":"https:\/\/www.noticiasradioreflejos.com.ar\/2021\/wp-json\/wp\/v2\/tags?post=106870"}],"curies":[{"name":"wp","href":"https:\/\/api.w.org\/{rel}","templated":true}]}}