{"id":106795,"date":"2024-08-28T17:42:13","date_gmt":"2024-08-28T20:42:13","guid":{"rendered":"https:\/\/www.noticiasradioreflejos.com.ar\/2021\/?p=106795"},"modified":"2024-08-28T17:42:13","modified_gmt":"2024-08-28T20:42:13","slug":"recoleccion-de-residuos-en-el-distrito-durante-la-fiesta-patronal-de-santa-rosa-de-lima","status":"publish","type":"post","link":"https:\/\/www.noticiasradioreflejos.com.ar\/2021\/recoleccion-de-residuos-en-el-distrito-durante-la-fiesta-patronal-de-santa-rosa-de-lima\/","title":{"rendered":"Recolecci\u00f3n de residuos en el distrito durante la fiesta patronal de Santa Rosa de Lima"},"content":{"rendered":"<p>Este viernes 30 de agosto ser\u00e1 asueto no laboral para el distrito de Tornquist por la Fiesta Patronal \u201cSanta de Rosa de Lima\u201d. En tal sentido, Tornquist Municipio informa como se prestar\u00e1 el servicio de recolecci\u00f3n de residuos:<!--more--><\/p>\n<p>Tornquist y Villa Ventana, no tendr\u00e1n recolecci\u00f3n de residuos domiciliarios; en tanto en Sierra de la Ventana y Saldungaray el servicio se prestar\u00e1 con normalidad.<\/p>\n","protected":false},"excerpt":{"rendered":"<p>Este viernes 30 de agosto ser\u00e1 asueto no laboral para el distrito de Tornquist por la Fiesta Patronal \u201cSanta de Rosa de Lima\u201d. En tal sentido, Tornquist Municipio informa como se prestar\u00e1 el servicio de recolecci\u00f3n de residuos:<\/p>\n","protected":false},"author":3,"featured_media":0,"comment_status":"closed","ping_status":"closed","sticky":false,"template":"","format":"standard","meta":{"footnotes":""},"categories":[28],"tags":[],"class_list":["post-106795","post","type-post","status-publish","format-standard","hentry","category-municipales"],"yoast_head":"<!-- This site is optimized with the Yoast SEO plugin v25.9 - https:\/\/yoast.com\/wordpress\/plugins\/seo\/ -->\n<title>Recolecci\u00f3n de residuos en el distrito durante la fiesta patronal de Santa Rosa de Lima - Noticias Radio Reflejos<\/title>\n<meta name=\"robots\" content=\"index, follow, max-snippet:-1, max-image-preview:large, max-video-preview:-1\" \/>\n<link rel=\"canonical\" href=\"https:\/\/www.noticiasradioreflejos.com.ar\/2021\/recoleccion-de-residuos-en-el-distrito-durante-la-fiesta-patronal-de-santa-rosa-de-lima\/\" \/>\n<meta property=\"og:locale\" content=\"es_ES\" \/>\n<meta property=\"og:type\" content=\"article\" \/>\n<meta property=\"og:title\" content=\"Recolecci\u00f3n de residuos en el distrito durante la fiesta patronal de Santa Rosa de Lima - Noticias Radio Reflejos\" \/>\n<meta property=\"og:description\" content=\"Este viernes 30 de agosto ser\u00e1 asueto no laboral para el distrito de Tornquist por la Fiesta Patronal \u201cSanta de Rosa de Lima\u201d. En tal sentido, Tornquist Municipio informa como se prestar\u00e1 el servicio de recolecci\u00f3n de residuos:\" \/>\n<meta property=\"og:url\" content=\"https:\/\/www.noticiasradioreflejos.com.ar\/2021\/recoleccion-de-residuos-en-el-distrito-durante-la-fiesta-patronal-de-santa-rosa-de-lima\/\" \/>\n<meta property=\"og:site_name\" content=\"Noticias Radio Reflejos\" \/>\n<meta property=\"article:published_time\" content=\"2024-08-28T20:42:13+00:00\" \/>\n<meta property=\"og:image\" content=\"https:\/\/www.noticiasradioreflejos.com.ar\/2021\/wp-content\/uploads\/2021\/07\/logosol300x200.png\" \/>\n\t<meta property=\"og:image:width\" content=\"300\" \/>\n\t<meta property=\"og:image:height\" content=\"200\" \/>\n\t<meta property=\"og:image:type\" content=\"image\/png\" \/>\n<meta name=\"author\" content=\"Arnaldo Botto\" \/>\n<meta name=\"twitter:card\" content=\"summary_large_image\" \/>\n<script type=\"application\/ld+json\" class=\"yoast-schema-graph\">{\"@context\":\"https:\/\/schema.org\",\"@graph\":[{\"@type\":\"WebPage\",\"@id\":\"https:\/\/www.noticiasradioreflejos.com.ar\/2021\/recoleccion-de-residuos-en-el-distrito-durante-la-fiesta-patronal-de-santa-rosa-de-lima\/\",\"url\":\"https:\/\/www.noticiasradioreflejos.com.ar\/2021\/recoleccion-de-residuos-en-el-distrito-durante-la-fiesta-patronal-de-santa-rosa-de-lima\/\",\"name\":\"Recolecci\u00f3n de residuos en el distrito durante la fiesta patronal de Santa Rosa de Lima - Noticias Radio Reflejos\",\"isPartOf\":{\"@id\":\"https:\/\/www.noticiasradioreflejos.com.ar\/2021\/#website\"},\"datePublished\":\"2024-08-28T20:42:13+00:00\",\"author\":{\"@id\":\"https:\/\/www.noticiasradioreflejos.com.ar\/2021\/#\/schema\/person\/ad82545263dcc5ec0996818884fd5fb1\"},\"breadcrumb\":{\"@id\":\"https:\/\/www.noticiasradioreflejos.com.ar\/2021\/recoleccion-de-residuos-en-el-distrito-durante-la-fiesta-patronal-de-santa-rosa-de-lima\/#breadcrumb\"},\"inLanguage\":\"es\",\"potentialAction\":[{\"@type\":\"ReadAction\",\"target\":[\"https:\/\/www.noticiasradioreflejos.com.ar\/2021\/recoleccion-de-residuos-en-el-distrito-durante-la-fiesta-patronal-de-santa-rosa-de-lima\/\"]}]},{\"@type\":\"BreadcrumbList\",\"@id\":\"https:\/\/www.noticiasradioreflejos.com.ar\/2021\/recoleccion-de-residuos-en-el-distrito-durante-la-fiesta-patronal-de-santa-rosa-de-lima\/#breadcrumb\",\"itemListElement\":[{\"@type\":\"ListItem\",\"position\":1,\"name\":\"Portada\",\"item\":\"https:\/\/www.noticiasradioreflejos.com.ar\/2021\/\"},{\"@type\":\"ListItem\",\"position\":2,\"name\":\"Recolecci\u00f3n de residuos en el distrito durante la fiesta patronal de Santa Rosa de Lima\"}]},{\"@type\":\"WebSite\",\"@id\":\"https:\/\/www.noticiasradioreflejos.com.ar\/2021\/#website\",\"url\":\"https:\/\/www.noticiasradioreflejos.com.ar\/2021\/\",\"name\":\"Noticias Radio Reflejos\",\"description\":\"Las noticias de mi comarca\",\"potentialAction\":[{\"@type\":\"SearchAction\",\"target\":{\"@type\":\"EntryPoint\",\"urlTemplate\":\"https:\/\/www.noticiasradioreflejos.com.ar\/2021\/?s={search_term_string}\"},\"query-input\":{\"@type\":\"PropertyValueSpecification\",\"valueRequired\":true,\"valueName\":\"search_term_string\"}}],\"inLanguage\":\"es\"},{\"@type\":\"Person\",\"@id\":\"https:\/\/www.noticiasradioreflejos.com.ar\/2021\/#\/schema\/person\/ad82545263dcc5ec0996818884fd5fb1\",\"name\":\"Arnaldo Botto\",\"image\":{\"@type\":\"ImageObject\",\"inLanguage\":\"es\",\"@id\":\"https:\/\/www.noticiasradioreflejos.com.ar\/2021\/#\/schema\/person\/image\/\",\"url\":\"https:\/\/secure.gravatar.com\/avatar\/55cb5e37c1efa326397366e6974cb338056df65cb50e7d64d1cf314e87504837?s=96&d=mm&r=g\",\"contentUrl\":\"https:\/\/secure.gravatar.com\/avatar\/55cb5e37c1efa326397366e6974cb338056df65cb50e7d64d1cf314e87504837?s=96&d=mm&r=g\",\"caption\":\"Arnaldo Botto\"},\"url\":\"https:\/\/www.noticiasradioreflejos.com.ar\/2021\/author\/arnaldo\/\"}]}<\/script>\n<!-- \/ Yoast SEO plugin. -->","yoast_head_json":{"title":"Recolecci\u00f3n de residuos en el distrito durante la fiesta patronal de Santa Rosa de Lima - Noticias Radio Reflejos","robots":{"index":"index","follow":"follow","max-snippet":"max-snippet:-1","max-image-preview":"max-image-preview:large","max-video-preview":"max-video-preview:-1"},"canonical":"https:\/\/www.noticiasradioreflejos.com.ar\/2021\/recoleccion-de-residuos-en-el-distrito-durante-la-fiesta-patronal-de-santa-rosa-de-lima\/","og_locale":"es_ES","og_type":"article","og_title":"Recolecci\u00f3n de residuos en el distrito durante la fiesta patronal de Santa Rosa de Lima - Noticias Radio Reflejos","og_description":"Este viernes 30 de agosto ser\u00e1 asueto no laboral para el distrito de Tornquist por la Fiesta Patronal \u201cSanta de Rosa de Lima\u201d. En tal sentido, Tornquist Municipio informa como se prestar\u00e1 el servicio de recolecci\u00f3n de residuos:","og_url":"https:\/\/www.noticiasradioreflejos.com.ar\/2021\/recoleccion-de-residuos-en-el-distrito-durante-la-fiesta-patronal-de-santa-rosa-de-lima\/","og_site_name":"Noticias Radio Reflejos","article_published_time":"2024-08-28T20:42:13+00:00","og_image":[{"width":300,"height":200,"url":"https:\/\/www.noticiasradioreflejos.com.ar\/2021\/wp-content\/uploads\/2021\/07\/logosol300x200.png","type":"image\/png"}],"author":"Arnaldo Botto","twitter_card":"summary_large_image","schema":{"@context":"https:\/\/schema.org","@graph":[{"@type":"WebPage","@id":"https:\/\/www.noticiasradioreflejos.com.ar\/2021\/recoleccion-de-residuos-en-el-distrito-durante-la-fiesta-patronal-de-santa-rosa-de-lima\/","url":"https:\/\/www.noticiasradioreflejos.com.ar\/2021\/recoleccion-de-residuos-en-el-distrito-durante-la-fiesta-patronal-de-santa-rosa-de-lima\/","name":"Recolecci\u00f3n de residuos en el distrito durante la fiesta patronal de Santa Rosa de Lima - Noticias Radio Reflejos","isPartOf":{"@id":"https:\/\/www.noticiasradioreflejos.com.ar\/2021\/#website"},"datePublished":"2024-08-28T20:42:13+00:00","author":{"@id":"https:\/\/www.noticiasradioreflejos.com.ar\/2021\/#\/schema\/person\/ad82545263dcc5ec0996818884fd5fb1"},"breadcrumb":{"@id":"https:\/\/www.noticiasradioreflejos.com.ar\/2021\/recoleccion-de-residuos-en-el-distrito-durante-la-fiesta-patronal-de-santa-rosa-de-lima\/#breadcrumb"},"inLanguage":"es","potentialAction":[{"@type":"ReadAction","target":["https:\/\/www.noticiasradioreflejos.com.ar\/2021\/recoleccion-de-residuos-en-el-distrito-durante-la-fiesta-patronal-de-santa-rosa-de-lima\/"]}]},{"@type":"BreadcrumbList","@id":"https:\/\/www.noticiasradioreflejos.com.ar\/2021\/recoleccion-de-residuos-en-el-distrito-durante-la-fiesta-patronal-de-santa-rosa-de-lima\/#breadcrumb","itemListElement":[{"@type":"ListItem","position":1,"name":"Portada","item":"https:\/\/www.noticiasradioreflejos.com.ar\/2021\/"},{"@type":"ListItem","position":2,"name":"Recolecci\u00f3n de residuos en el distrito durante la fiesta patronal de Santa Rosa de Lima"}]},{"@type":"WebSite","@id":"https:\/\/www.noticiasradioreflejos.com.ar\/2021\/#website","url":"https:\/\/www.noticiasradioreflejos.com.ar\/2021\/","name":"Noticias Radio Reflejos","description":"Las noticias de mi comarca","potentialAction":[{"@type":"SearchAction","target":{"@type":"EntryPoint","urlTemplate":"https:\/\/www.noticiasradioreflejos.com.ar\/2021\/?s={search_term_string}"},"query-input":{"@type":"PropertyValueSpecification","valueRequired":true,"valueName":"search_term_string"}}],"inLanguage":"es"},{"@type":"Person","@id":"https:\/\/www.noticiasradioreflejos.com.ar\/2021\/#\/schema\/person\/ad82545263dcc5ec0996818884fd5fb1","name":"Arnaldo Botto","image":{"@type":"ImageObject","inLanguage":"es","@id":"https:\/\/www.noticiasradioreflejos.com.ar\/2021\/#\/schema\/person\/image\/","url":"https:\/\/secure.gravatar.com\/avatar\/55cb5e37c1efa326397366e6974cb338056df65cb50e7d64d1cf314e87504837?s=96&d=mm&r=g","contentUrl":"https:\/\/secure.gravatar.com\/avatar\/55cb5e37c1efa326397366e6974cb338056df65cb50e7d64d1cf314e87504837?s=96&d=mm&r=g","caption":"Arnaldo Botto"},"url":"https:\/\/www.noticiasradioreflejos.com.ar\/2021\/author\/arnaldo\/"}]}},"_links":{"self":[{"href":"https:\/\/www.noticiasradioreflejos.com.ar\/2021\/wp-json\/wp\/v2\/posts\/106795","targetHints":{"allow":["GET"]}}],"collection":[{"href":"https:\/\/www.noticiasradioreflejos.com.ar\/2021\/wp-json\/wp\/v2\/posts"}],"about":[{"href":"https:\/\/www.noticiasradioreflejos.com.ar\/2021\/wp-json\/wp\/v2\/types\/post"}],"author":[{"embeddable":true,"href":"https:\/\/www.noticiasradioreflejos.com.ar\/2021\/wp-json\/wp\/v2\/users\/3"}],"replies":[{"embeddable":true,"href":"https:\/\/www.noticiasradioreflejos.com.ar\/2021\/wp-json\/wp\/v2\/comments?post=106795"}],"version-history":[{"count":1,"href":"https:\/\/www.noticiasradioreflejos.com.ar\/2021\/wp-json\/wp\/v2\/posts\/106795\/revisions"}],"predecessor-version":[{"id":106796,"href":"https:\/\/www.noticiasradioreflejos.com.ar\/2021\/wp-json\/wp\/v2\/posts\/106795\/revisions\/106796"}],"wp:attachment":[{"href":"https:\/\/www.noticiasradioreflejos.com.ar\/2021\/wp-json\/wp\/v2\/media?parent=106795"}],"wp:term":[{"taxonomy":"category","embeddable":true,"href":"https:\/\/www.noticiasradioreflejos.com.ar\/2021\/wp-json\/wp\/v2\/categories?post=106795"},{"taxonomy":"post_tag","embeddable":true,"href":"https:\/\/www.noticiasradioreflejos.com.ar\/2021\/wp-json\/wp\/v2\/tags?post=106795"}],"curies":[{"name":"wp","href":"https:\/\/api.w.org\/{rel}","templated":true}]}}