{"id":106781,"date":"2024-08-28T17:48:30","date_gmt":"2024-08-28T20:48:30","guid":{"rendered":"https:\/\/www.noticiasradioreflejos.com.ar\/2021\/?p=106781"},"modified":"2024-08-28T17:53:18","modified_gmt":"2024-08-28T20:53:18","slug":"se-inicio-una-colecta-para-que-tomas-trivellini-llegue-al-sudamericano","status":"publish","type":"post","link":"https:\/\/www.noticiasradioreflejos.com.ar\/2021\/se-inicio-una-colecta-para-que-tomas-trivellini-llegue-al-sudamericano\/","title":{"rendered":"Se inici\u00f3 una colecta para que Tom\u00e1s Trivellini llegue al Sudamericano"},"content":{"rendered":"<p>El atleta de la comarca debe hacer frente a tres eventos en septiembre que le dar\u00e1n la clasificaci\u00f3n a Ecuador. \u201cEst\u00e1 muy cerca de obtener esa marca\u201d asegur\u00f3 su entrenador.<!--more--><\/p>\n<p>Esta ma\u00f1ana Enrique Cabral brind\u00f3 detalles de c\u00f3mo se viene preparando <strong>Tom\u00e1s Trivellini<\/strong> para el sudamericano que est\u00e1 a la vuelta de la esquina.<\/p>\n<p>Seg\u00fan coment\u00f3 \u201chace 11 a\u00f1os comenc\u00e9 con una escuelita, luego pasamos al municipio y junto a Tom\u00e1s Trivellini planificamos su vida para los siguientes 7 a\u00f1os. \u00c9l quiere ser campe\u00f3n del mundo, pero para eso hab\u00eda que ir paso a paso\u201d.<\/p>\n<p>&nbsp;<\/p>\n<p>&nbsp;<\/p>\n<p><a href=\"https:\/\/www.noticiasradioreflejos.com.ar\/2021\/se-inicio-una-colecta-para-que-tomas-trivellini-llegue-al-sudamericano\/tomas-trivellini-1\/\" rel=\"attachment wp-att-106797\"><img loading=\"lazy\" decoding=\"async\" class=\"aligncenter size-full wp-image-106797\" src=\"https:\/\/www.noticiasradioreflejos.com.ar\/2021\/wp-content\/uploads\/2024\/08\/Tomas-Trivellini-1.jpeg\" alt=\"\" width=\"720\" height=\"715\" srcset=\"https:\/\/www.noticiasradioreflejos.com.ar\/2021\/wp-content\/uploads\/2024\/08\/Tomas-Trivellini-1.jpeg 720w, https:\/\/www.noticiasradioreflejos.com.ar\/2021\/wp-content\/uploads\/2024\/08\/Tomas-Trivellini-1-300x298.jpeg 300w, https:\/\/www.noticiasradioreflejos.com.ar\/2021\/wp-content\/uploads\/2024\/08\/Tomas-Trivellini-1-150x150.jpeg 150w, https:\/\/www.noticiasradioreflejos.com.ar\/2021\/wp-content\/uploads\/2024\/08\/Tomas-Trivellini-1-75x75.jpeg 75w\" sizes=\"auto, (max-width: 720px) 100vw, 720px\" \/><\/a><br \/>\nContinuando en esa l\u00ednea sostuvo que \u201cplanificamos llegara esa meta a los 27 o 28 a\u00f1os. Hoy tiene 18 y como meta para este a\u00f1o est\u00e1 el Sudamericano U18. Est\u00e1 complicado por el tema dinero de la Confederaci\u00f3n Argentina y delegaci\u00f3n nacional\u201d.<\/p>\n<p>Explicando c\u00f3mo es el proceso, afirm\u00f3 que \u201ctenemos que llegar a dar las marcas m\u00ednimas. Estamos cerca. En este \u00faltimo mes tenemos que participar en una Copa Nacional de Clubes U20 en Rosario el 7 y 8, el 14 y 15 est\u00e1 el campeonato provincial U18 y al siguiente es el Nacional U18. Ah\u00ed hay que hacer las marcas para llegar al Sudamericano en noviembre\u201d.<\/p>\n<p>Sobre Tom\u00e1s cont\u00f3 que \u201cel hace decatl\u00f3n, son 10 pruebas en dos d\u00edas. Ven\u00edamos organizando eventos para juntar dinero, pero como vienen todos juntos no tenemos fines de semana libre para hacer estas acciones\u201d.<\/p>\n<p>En tanto que refiri\u00e9ndose a las ayudas, \u201cel municipio nos da una mano con el tema del combustible pero no lo puede cubrir todo, as\u00ed que salimos a hacer una colecta para completar el monto, adem\u00e1s de comida y alojamiento\u201d.<\/p>\n<p>En el tramo final coment\u00f3 que \u201cla marca m\u00ednima es de 6000 puntos. En estos momentos \u00e9l est\u00e1 en 5500. Para el nacional esperamos estar en 5800. Estamos muy cerca. Si las condiciones clim\u00e1ticas nos ayudan, puede llegar a la meta y clasificar al Sudamericano. Y con 6000 puntos estas peleando el podio en ese torneo\u201d.<\/p>\n<p>Por \u00faltimo, y para todos aquellos que quieran ayudar, <strong>\u201ctenemos una cuenta en Mercado Pago, el alias es las.ranitas y figura a nombre de Nico, mi hijo. Pueden colaborar con lo que quieran. Todo es bienvenido\u201d.<\/strong><\/p>\n<p>&nbsp;<\/p>\n<p><iframe loading=\"lazy\" src=\"https:\/\/w.soundcloud.com\/player\/?url=https%3A\/\/api.soundcloud.com\/tracks\/1905530096&amp;color=%23ff5500&amp;auto_play=false&amp;hide_related=false&amp;show_comments=true&amp;show_user=true&amp;show_reposts=false&amp;show_teaser=true\" width=\"100%\" height=\"166\" frameborder=\"no\" scrolling=\"no\"><\/iframe><\/p>\n<div style=\"font-size: 10px; color: #cccccc; line-break: anywhere; word-break: normal; overflow: hidden; white-space: nowrap; text-overflow: ellipsis; font-family: Interstate,Lucida Grande,Lucida Sans Unicode,Lucida Sans,Garuda,Verdana,Tahoma,sans-serif; font-weight: 100;\"><a style=\"color: #cccccc; text-decoration: none;\" title=\"fmreflejos 103.7\" href=\"https:\/\/soundcloud.com\/fmreflejos-103-7\" target=\"_blank\" rel=\"noopener\">fmreflejos 103.7<\/a> \u00b7 <a style=\"color: #cccccc; text-decoration: none;\" title=\"Enrique Cabral 28 - 8\" href=\"https:\/\/soundcloud.com\/fmreflejos-103-7\/enrique-cabral-28-8\" target=\"_blank\" rel=\"noopener\">Enrique Cabral 28 &#8211; 8<\/a><\/div>\n","protected":false},"excerpt":{"rendered":"<p>El atleta de la comarca debe hacer frente a tres eventos en septiembre que le dar\u00e1n la clasificaci\u00f3n a Ecuador. \u201cEst\u00e1 muy cerca de obtener esa marca\u201d asegur\u00f3 su entrenador.<\/p>\n","protected":false},"author":3,"featured_media":106801,"comment_status":"closed","ping_status":"closed","sticky":false,"template":"","format":"standard","meta":{"footnotes":""},"categories":[27,26],"tags":[48],"class_list":["post-106781","post","type-post","status-publish","format-standard","has-post-thumbnail","hentry","category-deportes","category-sociedad","tag-destacada"],"yoast_head":"<!-- This site is optimized with the Yoast SEO plugin v25.9 - https:\/\/yoast.com\/wordpress\/plugins\/seo\/ -->\n<title>Se inici\u00f3 una colecta para que Tom\u00e1s Trivellini llegue al Sudamericano - Noticias Radio Reflejos<\/title>\n<meta name=\"robots\" content=\"index, follow, max-snippet:-1, max-image-preview:large, max-video-preview:-1\" \/>\n<link rel=\"canonical\" href=\"https:\/\/www.noticiasradioreflejos.com.ar\/2021\/se-inicio-una-colecta-para-que-tomas-trivellini-llegue-al-sudamericano\/\" \/>\n<meta property=\"og:locale\" content=\"es_ES\" \/>\n<meta property=\"og:type\" content=\"article\" \/>\n<meta property=\"og:title\" content=\"Se inici\u00f3 una colecta para que Tom\u00e1s Trivellini llegue al Sudamericano - Noticias Radio Reflejos\" \/>\n<meta property=\"og:description\" content=\"El atleta de la comarca debe hacer frente a tres eventos en septiembre que le dar\u00e1n la clasificaci\u00f3n a Ecuador. \u201cEst\u00e1 muy cerca de obtener esa marca\u201d asegur\u00f3 su entrenador.\" \/>\n<meta property=\"og:url\" content=\"https:\/\/www.noticiasradioreflejos.com.ar\/2021\/se-inicio-una-colecta-para-que-tomas-trivellini-llegue-al-sudamericano\/\" \/>\n<meta property=\"og:site_name\" content=\"Noticias Radio Reflejos\" \/>\n<meta property=\"article:published_time\" content=\"2024-08-28T20:48:30+00:00\" \/>\n<meta property=\"article:modified_time\" content=\"2024-08-28T20:53:18+00:00\" \/>\n<meta property=\"og:image\" content=\"https:\/\/www.noticiasradioreflejos.com.ar\/2021\/wp-content\/uploads\/2024\/08\/Tomas-Trivellini-2.jpeg\" \/>\n\t<meta property=\"og:image:width\" content=\"720\" \/>\n\t<meta property=\"og:image:height\" content=\"441\" \/>\n\t<meta property=\"og:image:type\" content=\"image\/jpeg\" \/>\n<meta name=\"author\" content=\"Arnaldo Botto\" \/>\n<meta name=\"twitter:card\" content=\"summary_large_image\" \/>\n<script type=\"application\/ld+json\" class=\"yoast-schema-graph\">{\"@context\":\"https:\/\/schema.org\",\"@graph\":[{\"@type\":\"WebPage\",\"@id\":\"https:\/\/www.noticiasradioreflejos.com.ar\/2021\/se-inicio-una-colecta-para-que-tomas-trivellini-llegue-al-sudamericano\/\",\"url\":\"https:\/\/www.noticiasradioreflejos.com.ar\/2021\/se-inicio-una-colecta-para-que-tomas-trivellini-llegue-al-sudamericano\/\",\"name\":\"Se inici\u00f3 una colecta para que Tom\u00e1s Trivellini llegue al Sudamericano - Noticias Radio Reflejos\",\"isPartOf\":{\"@id\":\"https:\/\/www.noticiasradioreflejos.com.ar\/2021\/#website\"},\"primaryImageOfPage\":{\"@id\":\"https:\/\/www.noticiasradioreflejos.com.ar\/2021\/se-inicio-una-colecta-para-que-tomas-trivellini-llegue-al-sudamericano\/#primaryimage\"},\"image\":{\"@id\":\"https:\/\/www.noticiasradioreflejos.com.ar\/2021\/se-inicio-una-colecta-para-que-tomas-trivellini-llegue-al-sudamericano\/#primaryimage\"},\"thumbnailUrl\":\"https:\/\/www.noticiasradioreflejos.com.ar\/2021\/wp-content\/uploads\/2024\/08\/Tomas-Trivellini-2.jpeg\",\"datePublished\":\"2024-08-28T20:48:30+00:00\",\"dateModified\":\"2024-08-28T20:53:18+00:00\",\"author\":{\"@id\":\"https:\/\/www.noticiasradioreflejos.com.ar\/2021\/#\/schema\/person\/ad82545263dcc5ec0996818884fd5fb1\"},\"breadcrumb\":{\"@id\":\"https:\/\/www.noticiasradioreflejos.com.ar\/2021\/se-inicio-una-colecta-para-que-tomas-trivellini-llegue-al-sudamericano\/#breadcrumb\"},\"inLanguage\":\"es\",\"potentialAction\":[{\"@type\":\"ReadAction\",\"target\":[\"https:\/\/www.noticiasradioreflejos.com.ar\/2021\/se-inicio-una-colecta-para-que-tomas-trivellini-llegue-al-sudamericano\/\"]}]},{\"@type\":\"ImageObject\",\"inLanguage\":\"es\",\"@id\":\"https:\/\/www.noticiasradioreflejos.com.ar\/2021\/se-inicio-una-colecta-para-que-tomas-trivellini-llegue-al-sudamericano\/#primaryimage\",\"url\":\"https:\/\/www.noticiasradioreflejos.com.ar\/2021\/wp-content\/uploads\/2024\/08\/Tomas-Trivellini-2.jpeg\",\"contentUrl\":\"https:\/\/www.noticiasradioreflejos.com.ar\/2021\/wp-content\/uploads\/2024\/08\/Tomas-Trivellini-2.jpeg\",\"width\":720,\"height\":441},{\"@type\":\"BreadcrumbList\",\"@id\":\"https:\/\/www.noticiasradioreflejos.com.ar\/2021\/se-inicio-una-colecta-para-que-tomas-trivellini-llegue-al-sudamericano\/#breadcrumb\",\"itemListElement\":[{\"@type\":\"ListItem\",\"position\":1,\"name\":\"Portada\",\"item\":\"https:\/\/www.noticiasradioreflejos.com.ar\/2021\/\"},{\"@type\":\"ListItem\",\"position\":2,\"name\":\"Se inici\u00f3 una colecta para que Tom\u00e1s Trivellini llegue al Sudamericano\"}]},{\"@type\":\"WebSite\",\"@id\":\"https:\/\/www.noticiasradioreflejos.com.ar\/2021\/#website\",\"url\":\"https:\/\/www.noticiasradioreflejos.com.ar\/2021\/\",\"name\":\"Noticias Radio Reflejos\",\"description\":\"Las noticias de mi comarca\",\"potentialAction\":[{\"@type\":\"SearchAction\",\"target\":{\"@type\":\"EntryPoint\",\"urlTemplate\":\"https:\/\/www.noticiasradioreflejos.com.ar\/2021\/?s={search_term_string}\"},\"query-input\":{\"@type\":\"PropertyValueSpecification\",\"valueRequired\":true,\"valueName\":\"search_term_string\"}}],\"inLanguage\":\"es\"},{\"@type\":\"Person\",\"@id\":\"https:\/\/www.noticiasradioreflejos.com.ar\/2021\/#\/schema\/person\/ad82545263dcc5ec0996818884fd5fb1\",\"name\":\"Arnaldo Botto\",\"image\":{\"@type\":\"ImageObject\",\"inLanguage\":\"es\",\"@id\":\"https:\/\/www.noticiasradioreflejos.com.ar\/2021\/#\/schema\/person\/image\/\",\"url\":\"https:\/\/secure.gravatar.com\/avatar\/55cb5e37c1efa326397366e6974cb338056df65cb50e7d64d1cf314e87504837?s=96&d=mm&r=g\",\"contentUrl\":\"https:\/\/secure.gravatar.com\/avatar\/55cb5e37c1efa326397366e6974cb338056df65cb50e7d64d1cf314e87504837?s=96&d=mm&r=g\",\"caption\":\"Arnaldo Botto\"},\"url\":\"https:\/\/www.noticiasradioreflejos.com.ar\/2021\/author\/arnaldo\/\"}]}<\/script>\n<!-- \/ Yoast SEO plugin. -->","yoast_head_json":{"title":"Se inici\u00f3 una colecta para que Tom\u00e1s Trivellini llegue al Sudamericano - Noticias Radio Reflejos","robots":{"index":"index","follow":"follow","max-snippet":"max-snippet:-1","max-image-preview":"max-image-preview:large","max-video-preview":"max-video-preview:-1"},"canonical":"https:\/\/www.noticiasradioreflejos.com.ar\/2021\/se-inicio-una-colecta-para-que-tomas-trivellini-llegue-al-sudamericano\/","og_locale":"es_ES","og_type":"article","og_title":"Se inici\u00f3 una colecta para que Tom\u00e1s Trivellini llegue al Sudamericano - Noticias Radio Reflejos","og_description":"El atleta de la comarca debe hacer frente a tres eventos en septiembre que le dar\u00e1n la clasificaci\u00f3n a Ecuador. \u201cEst\u00e1 muy cerca de obtener esa marca\u201d asegur\u00f3 su entrenador.","og_url":"https:\/\/www.noticiasradioreflejos.com.ar\/2021\/se-inicio-una-colecta-para-que-tomas-trivellini-llegue-al-sudamericano\/","og_site_name":"Noticias Radio Reflejos","article_published_time":"2024-08-28T20:48:30+00:00","article_modified_time":"2024-08-28T20:53:18+00:00","og_image":[{"width":720,"height":441,"url":"https:\/\/www.noticiasradioreflejos.com.ar\/2021\/wp-content\/uploads\/2024\/08\/Tomas-Trivellini-2.jpeg","type":"image\/jpeg"}],"author":"Arnaldo Botto","twitter_card":"summary_large_image","schema":{"@context":"https:\/\/schema.org","@graph":[{"@type":"WebPage","@id":"https:\/\/www.noticiasradioreflejos.com.ar\/2021\/se-inicio-una-colecta-para-que-tomas-trivellini-llegue-al-sudamericano\/","url":"https:\/\/www.noticiasradioreflejos.com.ar\/2021\/se-inicio-una-colecta-para-que-tomas-trivellini-llegue-al-sudamericano\/","name":"Se inici\u00f3 una colecta para que Tom\u00e1s Trivellini llegue al Sudamericano - Noticias Radio Reflejos","isPartOf":{"@id":"https:\/\/www.noticiasradioreflejos.com.ar\/2021\/#website"},"primaryImageOfPage":{"@id":"https:\/\/www.noticiasradioreflejos.com.ar\/2021\/se-inicio-una-colecta-para-que-tomas-trivellini-llegue-al-sudamericano\/#primaryimage"},"image":{"@id":"https:\/\/www.noticiasradioreflejos.com.ar\/2021\/se-inicio-una-colecta-para-que-tomas-trivellini-llegue-al-sudamericano\/#primaryimage"},"thumbnailUrl":"https:\/\/www.noticiasradioreflejos.com.ar\/2021\/wp-content\/uploads\/2024\/08\/Tomas-Trivellini-2.jpeg","datePublished":"2024-08-28T20:48:30+00:00","dateModified":"2024-08-28T20:53:18+00:00","author":{"@id":"https:\/\/www.noticiasradioreflejos.com.ar\/2021\/#\/schema\/person\/ad82545263dcc5ec0996818884fd5fb1"},"breadcrumb":{"@id":"https:\/\/www.noticiasradioreflejos.com.ar\/2021\/se-inicio-una-colecta-para-que-tomas-trivellini-llegue-al-sudamericano\/#breadcrumb"},"inLanguage":"es","potentialAction":[{"@type":"ReadAction","target":["https:\/\/www.noticiasradioreflejos.com.ar\/2021\/se-inicio-una-colecta-para-que-tomas-trivellini-llegue-al-sudamericano\/"]}]},{"@type":"ImageObject","inLanguage":"es","@id":"https:\/\/www.noticiasradioreflejos.com.ar\/2021\/se-inicio-una-colecta-para-que-tomas-trivellini-llegue-al-sudamericano\/#primaryimage","url":"https:\/\/www.noticiasradioreflejos.com.ar\/2021\/wp-content\/uploads\/2024\/08\/Tomas-Trivellini-2.jpeg","contentUrl":"https:\/\/www.noticiasradioreflejos.com.ar\/2021\/wp-content\/uploads\/2024\/08\/Tomas-Trivellini-2.jpeg","width":720,"height":441},{"@type":"BreadcrumbList","@id":"https:\/\/www.noticiasradioreflejos.com.ar\/2021\/se-inicio-una-colecta-para-que-tomas-trivellini-llegue-al-sudamericano\/#breadcrumb","itemListElement":[{"@type":"ListItem","position":1,"name":"Portada","item":"https:\/\/www.noticiasradioreflejos.com.ar\/2021\/"},{"@type":"ListItem","position":2,"name":"Se inici\u00f3 una colecta para que Tom\u00e1s Trivellini llegue al Sudamericano"}]},{"@type":"WebSite","@id":"https:\/\/www.noticiasradioreflejos.com.ar\/2021\/#website","url":"https:\/\/www.noticiasradioreflejos.com.ar\/2021\/","name":"Noticias Radio Reflejos","description":"Las noticias de mi comarca","potentialAction":[{"@type":"SearchAction","target":{"@type":"EntryPoint","urlTemplate":"https:\/\/www.noticiasradioreflejos.com.ar\/2021\/?s={search_term_string}"},"query-input":{"@type":"PropertyValueSpecification","valueRequired":true,"valueName":"search_term_string"}}],"inLanguage":"es"},{"@type":"Person","@id":"https:\/\/www.noticiasradioreflejos.com.ar\/2021\/#\/schema\/person\/ad82545263dcc5ec0996818884fd5fb1","name":"Arnaldo Botto","image":{"@type":"ImageObject","inLanguage":"es","@id":"https:\/\/www.noticiasradioreflejos.com.ar\/2021\/#\/schema\/person\/image\/","url":"https:\/\/secure.gravatar.com\/avatar\/55cb5e37c1efa326397366e6974cb338056df65cb50e7d64d1cf314e87504837?s=96&d=mm&r=g","contentUrl":"https:\/\/secure.gravatar.com\/avatar\/55cb5e37c1efa326397366e6974cb338056df65cb50e7d64d1cf314e87504837?s=96&d=mm&r=g","caption":"Arnaldo Botto"},"url":"https:\/\/www.noticiasradioreflejos.com.ar\/2021\/author\/arnaldo\/"}]}},"_links":{"self":[{"href":"https:\/\/www.noticiasradioreflejos.com.ar\/2021\/wp-json\/wp\/v2\/posts\/106781","targetHints":{"allow":["GET"]}}],"collection":[{"href":"https:\/\/www.noticiasradioreflejos.com.ar\/2021\/wp-json\/wp\/v2\/posts"}],"about":[{"href":"https:\/\/www.noticiasradioreflejos.com.ar\/2021\/wp-json\/wp\/v2\/types\/post"}],"author":[{"embeddable":true,"href":"https:\/\/www.noticiasradioreflejos.com.ar\/2021\/wp-json\/wp\/v2\/users\/3"}],"replies":[{"embeddable":true,"href":"https:\/\/www.noticiasradioreflejos.com.ar\/2021\/wp-json\/wp\/v2\/comments?post=106781"}],"version-history":[{"count":5,"href":"https:\/\/www.noticiasradioreflejos.com.ar\/2021\/wp-json\/wp\/v2\/posts\/106781\/revisions"}],"predecessor-version":[{"id":106802,"href":"https:\/\/www.noticiasradioreflejos.com.ar\/2021\/wp-json\/wp\/v2\/posts\/106781\/revisions\/106802"}],"wp:featuredmedia":[{"embeddable":true,"href":"https:\/\/www.noticiasradioreflejos.com.ar\/2021\/wp-json\/wp\/v2\/media\/106801"}],"wp:attachment":[{"href":"https:\/\/www.noticiasradioreflejos.com.ar\/2021\/wp-json\/wp\/v2\/media?parent=106781"}],"wp:term":[{"taxonomy":"category","embeddable":true,"href":"https:\/\/www.noticiasradioreflejos.com.ar\/2021\/wp-json\/wp\/v2\/categories?post=106781"},{"taxonomy":"post_tag","embeddable":true,"href":"https:\/\/www.noticiasradioreflejos.com.ar\/2021\/wp-json\/wp\/v2\/tags?post=106781"}],"curies":[{"name":"wp","href":"https:\/\/api.w.org\/{rel}","templated":true}]}}