{"id":106670,"date":"2024-08-26T08:47:27","date_gmt":"2024-08-26T11:47:27","guid":{"rendered":"https:\/\/www.noticiasradioreflejos.com.ar\/2021\/?p=106670"},"modified":"2024-08-26T08:47:27","modified_gmt":"2024-08-26T11:47:27","slug":"feriados-en-septiembre-que-pasa-con-el-dia-del-maestro-y-el-dia-del-estudiante","status":"publish","type":"post","link":"https:\/\/www.noticiasradioreflejos.com.ar\/2021\/feriados-en-septiembre-que-pasa-con-el-dia-del-maestro-y-el-dia-del-estudiante\/","title":{"rendered":"Feriados en septiembre: \u00bfqu\u00e9 pasa con el D\u00eda del Maestro y el D\u00eda del Estudiante?"},"content":{"rendered":"<p>Son varios los argentinos que aguardan por el pr\u00f3ximo feriado y fin de semana largo. Qu\u00e9 d\u00edas de descanso hay en septiembre<!--more--><\/p>\n<div class=\"columns\" data-tadevel-template=\"web\/article-columns\">\n<div class=\"column-main\">\n<div class=\"article-body\" data-tadevel-template=\"web\/article-body\">\n<div class=\"article-body-content\">\n<p>Luego del reciente feriado de agosto, y a la\u00a0espera de un nuevo d\u00eda de descanso establecido por el calendario oficial, varios se preguntan si\u00a0<strong>septiembre<\/strong>\u00a0tiene\u00a0<strong>feriados<\/strong>\u00a0y qu\u00e9 pasa con dos fechas claves de este mes: el<strong>\u00a0<\/strong><strong>D\u00eda del Maestro<\/strong>\u00a0y el\u00a0<strong>D\u00eda del Estudiante<\/strong>.<\/p>\n<h3>Feriados en septiembre: \u00bfqu\u00e9 pasa con el D\u00eda del Maestro y el D\u00eda del Estudiante?<\/h3>\n<p>El\u00a0<strong>11 de<\/strong>\u00a0<strong>septiembre<\/strong>\u00a0se conmemora el\u00a0<strong>D\u00eda<\/strong>\u00a0<strong>del Maestro<\/strong>\u00a0por el fallecimiento de\u00a0<strong>Domingo Faustino Sarmiento.<\/strong>\u00a0Esta fecha,<strong>\u00a0<\/strong><strong>que este a\u00f1o cae mi\u00e9rcoles, es feriado solo para el sector educativo: no tienen clases los alumnos de escuelas en todos sus niveles ni tampoco trabajan docentes y personal del sector educativo.\u00a0<\/strong><\/p>\n<p>Del mismo modo, el\u00a0<strong>D\u00eda del<\/strong>\u00a0<strong>Estudiante,<\/strong>\u00a0que tambi\u00e9n coincide con el\u00a0<strong>D\u00eda de la Primavera,<\/strong>\u00a0suele ser una fecha festiva para todos los adolescentes y adultos tempranos ya que se celebra en plazas y espacios verdes del pa\u00eds para disfrutar este d\u00eda con amigos.\u00a0En este caso,<strong>\u00a0solo es feriado en las escuelas secundarias.<\/strong><\/p>\n<h3>\u00bfHay feriados en septiembre de 2023 en Argentina?<\/h3>\n<p>De acuerdo con el calendario oficial, y m\u00e1s all\u00e1 de las dos fechas mencionadas, septiembre\u00a0<strong>no tiene feriados nacionales<\/strong>.<\/p>\n<h3>Cu\u00e1ndo es el pr\u00f3ximo feriado nacional en Argentina<\/h3>\n<p>El pr\u00f3ximo\u00a0<strong>feriado nacional es el 12 de octubre<\/strong>,\u00a0D\u00eda del Respeto a la Diversidad Cultural, que tambi\u00e9n cae s\u00e1bado.<\/p>\n<p>Si bien se trata de un feriado trasladable,\u00a0en este caso,\u00a0<strong>el Gobierno decidi\u00f3 agregar el viernes 11 de octubre como feriado con fines tur\u00edsticos<\/strong>, por lo que habr\u00e1 fin de semana largo.<\/p>\n<h3>Calendario de feriados 2024 en Argentina<\/h3>\n<h4>Calendario 2024 en Argentina: feriados inamovibles<\/h4>\n<ul>\n<li>1 de enero: A\u00f1o Nuevo<\/li>\n<li>12 y 13 de febrero: Carnaval<\/li>\n<li>24 de marzo: D\u00eda Nacional de la Memoria por la Verdad y la Justicia<\/li>\n<li>29 de marzo: Viernes Santo<\/li>\n<li>2 de abril: D\u00eda del Veterano y de los Ca\u00eddos en la Guerra de Malvinas<\/li>\n<li>1 de mayo: D\u00eda del Trabajo<\/li>\n<li>25 de mayo: D\u00eda de la Revoluci\u00f3n de Mayo<\/li>\n<li>20 de junio: Paso a la Inmortalidad del General Don Manuel Belgrano<\/li>\n<li>9 de julio: D\u00eda de la Independencia<\/li>\n<li>8 de diciembre: D\u00eda de la Inmaculada Concepci\u00f3n de Mar\u00eda<\/li>\n<li>25 de diciembre: Navidad<\/li>\n<\/ul>\n<h4>Calendario 2024 en Argentina: feriados trasladables<\/h4>\n<ul>\n<li>17 de junio: Paso a la Inmortalidad del General Don Mart\u00edn Miguel de G\u00fcemes<\/li>\n<li>17 de agosto: Paso a la Inmortalidad del General Don Jos\u00e9 de San Mart\u00edn<\/li>\n<li>12 de octubre: D\u00eda del Respeto a la Diversidad Cultural<\/li>\n<li>20 de noviembre: D\u00eda de la Soberan\u00eda Nacional<\/li>\n<\/ul>\n<h4>Los fines de semana largos de 2024 en Argentina<\/h4>\n<ul>\n<li>Desde el 30 de diciembre de 2023 al 1 de enero de 2024: fin de semana largo de 3 d\u00edas.<\/li>\n<li>Desde el 10 de febrero al 13 de febrero:\u00a0fin de semana largo de 4 d\u00edas.<\/li>\n<li>Desde el 29 de marzo al 2 de abril :\u00a0fin de semana largo de 5 d\u00edas.<\/li>\n<li>Desde el 15 de junio al 17 de junio:\u00a0fin de semana largo de 3 d\u00edas.<\/li>\n<li>Desde el 20 de junio al 23 de junio:\u00a0fin de semana largo de 4 d\u00edas.<\/li>\n<li>Desde el 11 de octubre al 13 de octubre: fin de semana largo de 3 d\u00edas.<\/li>\n<li>Desde el 16 de noviembre al 18 de noviembre:\u00a0fin de semana largo de 3 d\u00edas.<\/li>\n<\/ul>\n<\/div>\n<\/div>\n<\/div>\n<\/div>\n","protected":false},"excerpt":{"rendered":"<p>Son varios los argentinos que aguardan por el pr\u00f3ximo feriado y fin de semana largo. Qu\u00e9 d\u00edas de descanso hay en septiembre<\/p>\n","protected":false},"author":3,"featured_media":106671,"comment_status":"closed","ping_status":"closed","sticky":false,"template":"","format":"standard","meta":{"footnotes":""},"categories":[26],"tags":[],"class_list":["post-106670","post","type-post","status-publish","format-standard","has-post-thumbnail","hentry","category-sociedad"],"yoast_head":"<!-- This site is optimized with the Yoast SEO plugin v25.9 - https:\/\/yoast.com\/wordpress\/plugins\/seo\/ -->\n<title>Feriados en septiembre: \u00bfqu\u00e9 pasa con el D\u00eda del Maestro y el D\u00eda del Estudiante? - Noticias Radio Reflejos<\/title>\n<meta name=\"robots\" content=\"index, follow, max-snippet:-1, max-image-preview:large, max-video-preview:-1\" \/>\n<link rel=\"canonical\" href=\"https:\/\/www.noticiasradioreflejos.com.ar\/2021\/feriados-en-septiembre-que-pasa-con-el-dia-del-maestro-y-el-dia-del-estudiante\/\" \/>\n<meta property=\"og:locale\" content=\"es_ES\" \/>\n<meta property=\"og:type\" content=\"article\" \/>\n<meta property=\"og:title\" content=\"Feriados en septiembre: \u00bfqu\u00e9 pasa con el D\u00eda del Maestro y el D\u00eda del Estudiante? - Noticias Radio Reflejos\" \/>\n<meta property=\"og:description\" content=\"Son varios los argentinos que aguardan por el pr\u00f3ximo feriado y fin de semana largo. Qu\u00e9 d\u00edas de descanso hay en septiembre\" \/>\n<meta property=\"og:url\" content=\"https:\/\/www.noticiasradioreflejos.com.ar\/2021\/feriados-en-septiembre-que-pasa-con-el-dia-del-maestro-y-el-dia-del-estudiante\/\" \/>\n<meta property=\"og:site_name\" content=\"Noticias Radio Reflejos\" \/>\n<meta property=\"article:published_time\" content=\"2024-08-26T11:47:27+00:00\" \/>\n<meta property=\"og:image\" content=\"https:\/\/www.noticiasradioreflejos.com.ar\/2021\/wp-content\/uploads\/2024\/08\/Feriado.jpg\" \/>\n\t<meta property=\"og:image:width\" content=\"640\" \/>\n\t<meta property=\"og:image:height\" content=\"360\" \/>\n\t<meta property=\"og:image:type\" content=\"image\/jpeg\" \/>\n<meta name=\"author\" content=\"Arnaldo Botto\" \/>\n<meta name=\"twitter:card\" content=\"summary_large_image\" \/>\n<script type=\"application\/ld+json\" class=\"yoast-schema-graph\">{\"@context\":\"https:\/\/schema.org\",\"@graph\":[{\"@type\":\"WebPage\",\"@id\":\"https:\/\/www.noticiasradioreflejos.com.ar\/2021\/feriados-en-septiembre-que-pasa-con-el-dia-del-maestro-y-el-dia-del-estudiante\/\",\"url\":\"https:\/\/www.noticiasradioreflejos.com.ar\/2021\/feriados-en-septiembre-que-pasa-con-el-dia-del-maestro-y-el-dia-del-estudiante\/\",\"name\":\"Feriados en septiembre: \u00bfqu\u00e9 pasa con el D\u00eda del Maestro y el D\u00eda del Estudiante? - Noticias Radio Reflejos\",\"isPartOf\":{\"@id\":\"https:\/\/www.noticiasradioreflejos.com.ar\/2021\/#website\"},\"primaryImageOfPage\":{\"@id\":\"https:\/\/www.noticiasradioreflejos.com.ar\/2021\/feriados-en-septiembre-que-pasa-con-el-dia-del-maestro-y-el-dia-del-estudiante\/#primaryimage\"},\"image\":{\"@id\":\"https:\/\/www.noticiasradioreflejos.com.ar\/2021\/feriados-en-septiembre-que-pasa-con-el-dia-del-maestro-y-el-dia-del-estudiante\/#primaryimage\"},\"thumbnailUrl\":\"https:\/\/www.noticiasradioreflejos.com.ar\/2021\/wp-content\/uploads\/2024\/08\/Feriado.jpg\",\"datePublished\":\"2024-08-26T11:47:27+00:00\",\"author\":{\"@id\":\"https:\/\/www.noticiasradioreflejos.com.ar\/2021\/#\/schema\/person\/ad82545263dcc5ec0996818884fd5fb1\"},\"breadcrumb\":{\"@id\":\"https:\/\/www.noticiasradioreflejos.com.ar\/2021\/feriados-en-septiembre-que-pasa-con-el-dia-del-maestro-y-el-dia-del-estudiante\/#breadcrumb\"},\"inLanguage\":\"es\",\"potentialAction\":[{\"@type\":\"ReadAction\",\"target\":[\"https:\/\/www.noticiasradioreflejos.com.ar\/2021\/feriados-en-septiembre-que-pasa-con-el-dia-del-maestro-y-el-dia-del-estudiante\/\"]}]},{\"@type\":\"ImageObject\",\"inLanguage\":\"es\",\"@id\":\"https:\/\/www.noticiasradioreflejos.com.ar\/2021\/feriados-en-septiembre-que-pasa-con-el-dia-del-maestro-y-el-dia-del-estudiante\/#primaryimage\",\"url\":\"https:\/\/www.noticiasradioreflejos.com.ar\/2021\/wp-content\/uploads\/2024\/08\/Feriado.jpg\",\"contentUrl\":\"https:\/\/www.noticiasradioreflejos.com.ar\/2021\/wp-content\/uploads\/2024\/08\/Feriado.jpg\",\"width\":640,\"height\":360},{\"@type\":\"BreadcrumbList\",\"@id\":\"https:\/\/www.noticiasradioreflejos.com.ar\/2021\/feriados-en-septiembre-que-pasa-con-el-dia-del-maestro-y-el-dia-del-estudiante\/#breadcrumb\",\"itemListElement\":[{\"@type\":\"ListItem\",\"position\":1,\"name\":\"Portada\",\"item\":\"https:\/\/www.noticiasradioreflejos.com.ar\/2021\/\"},{\"@type\":\"ListItem\",\"position\":2,\"name\":\"Feriados en septiembre: \u00bfqu\u00e9 pasa con el D\u00eda del Maestro y el D\u00eda del Estudiante?\"}]},{\"@type\":\"WebSite\",\"@id\":\"https:\/\/www.noticiasradioreflejos.com.ar\/2021\/#website\",\"url\":\"https:\/\/www.noticiasradioreflejos.com.ar\/2021\/\",\"name\":\"Noticias Radio Reflejos\",\"description\":\"Las noticias de mi comarca\",\"potentialAction\":[{\"@type\":\"SearchAction\",\"target\":{\"@type\":\"EntryPoint\",\"urlTemplate\":\"https:\/\/www.noticiasradioreflejos.com.ar\/2021\/?s={search_term_string}\"},\"query-input\":{\"@type\":\"PropertyValueSpecification\",\"valueRequired\":true,\"valueName\":\"search_term_string\"}}],\"inLanguage\":\"es\"},{\"@type\":\"Person\",\"@id\":\"https:\/\/www.noticiasradioreflejos.com.ar\/2021\/#\/schema\/person\/ad82545263dcc5ec0996818884fd5fb1\",\"name\":\"Arnaldo Botto\",\"image\":{\"@type\":\"ImageObject\",\"inLanguage\":\"es\",\"@id\":\"https:\/\/www.noticiasradioreflejos.com.ar\/2021\/#\/schema\/person\/image\/\",\"url\":\"https:\/\/secure.gravatar.com\/avatar\/55cb5e37c1efa326397366e6974cb338056df65cb50e7d64d1cf314e87504837?s=96&d=mm&r=g\",\"contentUrl\":\"https:\/\/secure.gravatar.com\/avatar\/55cb5e37c1efa326397366e6974cb338056df65cb50e7d64d1cf314e87504837?s=96&d=mm&r=g\",\"caption\":\"Arnaldo Botto\"},\"url\":\"https:\/\/www.noticiasradioreflejos.com.ar\/2021\/author\/arnaldo\/\"}]}<\/script>\n<!-- \/ Yoast SEO plugin. -->","yoast_head_json":{"title":"Feriados en septiembre: \u00bfqu\u00e9 pasa con el D\u00eda del Maestro y el D\u00eda del Estudiante? - Noticias Radio Reflejos","robots":{"index":"index","follow":"follow","max-snippet":"max-snippet:-1","max-image-preview":"max-image-preview:large","max-video-preview":"max-video-preview:-1"},"canonical":"https:\/\/www.noticiasradioreflejos.com.ar\/2021\/feriados-en-septiembre-que-pasa-con-el-dia-del-maestro-y-el-dia-del-estudiante\/","og_locale":"es_ES","og_type":"article","og_title":"Feriados en septiembre: \u00bfqu\u00e9 pasa con el D\u00eda del Maestro y el D\u00eda del Estudiante? - Noticias Radio Reflejos","og_description":"Son varios los argentinos que aguardan por el pr\u00f3ximo feriado y fin de semana largo. Qu\u00e9 d\u00edas de descanso hay en septiembre","og_url":"https:\/\/www.noticiasradioreflejos.com.ar\/2021\/feriados-en-septiembre-que-pasa-con-el-dia-del-maestro-y-el-dia-del-estudiante\/","og_site_name":"Noticias Radio Reflejos","article_published_time":"2024-08-26T11:47:27+00:00","og_image":[{"width":640,"height":360,"url":"https:\/\/www.noticiasradioreflejos.com.ar\/2021\/wp-content\/uploads\/2024\/08\/Feriado.jpg","type":"image\/jpeg"}],"author":"Arnaldo Botto","twitter_card":"summary_large_image","schema":{"@context":"https:\/\/schema.org","@graph":[{"@type":"WebPage","@id":"https:\/\/www.noticiasradioreflejos.com.ar\/2021\/feriados-en-septiembre-que-pasa-con-el-dia-del-maestro-y-el-dia-del-estudiante\/","url":"https:\/\/www.noticiasradioreflejos.com.ar\/2021\/feriados-en-septiembre-que-pasa-con-el-dia-del-maestro-y-el-dia-del-estudiante\/","name":"Feriados en septiembre: \u00bfqu\u00e9 pasa con el D\u00eda del Maestro y el D\u00eda del Estudiante? - Noticias Radio Reflejos","isPartOf":{"@id":"https:\/\/www.noticiasradioreflejos.com.ar\/2021\/#website"},"primaryImageOfPage":{"@id":"https:\/\/www.noticiasradioreflejos.com.ar\/2021\/feriados-en-septiembre-que-pasa-con-el-dia-del-maestro-y-el-dia-del-estudiante\/#primaryimage"},"image":{"@id":"https:\/\/www.noticiasradioreflejos.com.ar\/2021\/feriados-en-septiembre-que-pasa-con-el-dia-del-maestro-y-el-dia-del-estudiante\/#primaryimage"},"thumbnailUrl":"https:\/\/www.noticiasradioreflejos.com.ar\/2021\/wp-content\/uploads\/2024\/08\/Feriado.jpg","datePublished":"2024-08-26T11:47:27+00:00","author":{"@id":"https:\/\/www.noticiasradioreflejos.com.ar\/2021\/#\/schema\/person\/ad82545263dcc5ec0996818884fd5fb1"},"breadcrumb":{"@id":"https:\/\/www.noticiasradioreflejos.com.ar\/2021\/feriados-en-septiembre-que-pasa-con-el-dia-del-maestro-y-el-dia-del-estudiante\/#breadcrumb"},"inLanguage":"es","potentialAction":[{"@type":"ReadAction","target":["https:\/\/www.noticiasradioreflejos.com.ar\/2021\/feriados-en-septiembre-que-pasa-con-el-dia-del-maestro-y-el-dia-del-estudiante\/"]}]},{"@type":"ImageObject","inLanguage":"es","@id":"https:\/\/www.noticiasradioreflejos.com.ar\/2021\/feriados-en-septiembre-que-pasa-con-el-dia-del-maestro-y-el-dia-del-estudiante\/#primaryimage","url":"https:\/\/www.noticiasradioreflejos.com.ar\/2021\/wp-content\/uploads\/2024\/08\/Feriado.jpg","contentUrl":"https:\/\/www.noticiasradioreflejos.com.ar\/2021\/wp-content\/uploads\/2024\/08\/Feriado.jpg","width":640,"height":360},{"@type":"BreadcrumbList","@id":"https:\/\/www.noticiasradioreflejos.com.ar\/2021\/feriados-en-septiembre-que-pasa-con-el-dia-del-maestro-y-el-dia-del-estudiante\/#breadcrumb","itemListElement":[{"@type":"ListItem","position":1,"name":"Portada","item":"https:\/\/www.noticiasradioreflejos.com.ar\/2021\/"},{"@type":"ListItem","position":2,"name":"Feriados en septiembre: \u00bfqu\u00e9 pasa con el D\u00eda del Maestro y el D\u00eda del Estudiante?"}]},{"@type":"WebSite","@id":"https:\/\/www.noticiasradioreflejos.com.ar\/2021\/#website","url":"https:\/\/www.noticiasradioreflejos.com.ar\/2021\/","name":"Noticias Radio Reflejos","description":"Las noticias de mi comarca","potentialAction":[{"@type":"SearchAction","target":{"@type":"EntryPoint","urlTemplate":"https:\/\/www.noticiasradioreflejos.com.ar\/2021\/?s={search_term_string}"},"query-input":{"@type":"PropertyValueSpecification","valueRequired":true,"valueName":"search_term_string"}}],"inLanguage":"es"},{"@type":"Person","@id":"https:\/\/www.noticiasradioreflejos.com.ar\/2021\/#\/schema\/person\/ad82545263dcc5ec0996818884fd5fb1","name":"Arnaldo Botto","image":{"@type":"ImageObject","inLanguage":"es","@id":"https:\/\/www.noticiasradioreflejos.com.ar\/2021\/#\/schema\/person\/image\/","url":"https:\/\/secure.gravatar.com\/avatar\/55cb5e37c1efa326397366e6974cb338056df65cb50e7d64d1cf314e87504837?s=96&d=mm&r=g","contentUrl":"https:\/\/secure.gravatar.com\/avatar\/55cb5e37c1efa326397366e6974cb338056df65cb50e7d64d1cf314e87504837?s=96&d=mm&r=g","caption":"Arnaldo Botto"},"url":"https:\/\/www.noticiasradioreflejos.com.ar\/2021\/author\/arnaldo\/"}]}},"_links":{"self":[{"href":"https:\/\/www.noticiasradioreflejos.com.ar\/2021\/wp-json\/wp\/v2\/posts\/106670","targetHints":{"allow":["GET"]}}],"collection":[{"href":"https:\/\/www.noticiasradioreflejos.com.ar\/2021\/wp-json\/wp\/v2\/posts"}],"about":[{"href":"https:\/\/www.noticiasradioreflejos.com.ar\/2021\/wp-json\/wp\/v2\/types\/post"}],"author":[{"embeddable":true,"href":"https:\/\/www.noticiasradioreflejos.com.ar\/2021\/wp-json\/wp\/v2\/users\/3"}],"replies":[{"embeddable":true,"href":"https:\/\/www.noticiasradioreflejos.com.ar\/2021\/wp-json\/wp\/v2\/comments?post=106670"}],"version-history":[{"count":1,"href":"https:\/\/www.noticiasradioreflejos.com.ar\/2021\/wp-json\/wp\/v2\/posts\/106670\/revisions"}],"predecessor-version":[{"id":106672,"href":"https:\/\/www.noticiasradioreflejos.com.ar\/2021\/wp-json\/wp\/v2\/posts\/106670\/revisions\/106672"}],"wp:featuredmedia":[{"embeddable":true,"href":"https:\/\/www.noticiasradioreflejos.com.ar\/2021\/wp-json\/wp\/v2\/media\/106671"}],"wp:attachment":[{"href":"https:\/\/www.noticiasradioreflejos.com.ar\/2021\/wp-json\/wp\/v2\/media?parent=106670"}],"wp:term":[{"taxonomy":"category","embeddable":true,"href":"https:\/\/www.noticiasradioreflejos.com.ar\/2021\/wp-json\/wp\/v2\/categories?post=106670"},{"taxonomy":"post_tag","embeddable":true,"href":"https:\/\/www.noticiasradioreflejos.com.ar\/2021\/wp-json\/wp\/v2\/tags?post=106670"}],"curies":[{"name":"wp","href":"https:\/\/api.w.org\/{rel}","templated":true}]}}