{"id":106667,"date":"2024-08-26T08:20:46","date_gmt":"2024-08-26T11:20:46","guid":{"rendered":"https:\/\/www.noticiasradioreflejos.com.ar\/2021\/?p=106667"},"modified":"2024-08-26T08:20:46","modified_gmt":"2024-08-26T11:20:46","slug":"desempleo-en-la-argentina-la-perdida-de-142-000-puestos-de-trabajo-impacta-en-9-provincias-del-pais","status":"publish","type":"post","link":"https:\/\/www.noticiasradioreflejos.com.ar\/2021\/desempleo-en-la-argentina-la-perdida-de-142-000-puestos-de-trabajo-impacta-en-9-provincias-del-pais\/","title":{"rendered":"Desempleo en la Argentina: la perdida de 142.000 puestos de trabajo impacta en 9 provincias del pa\u00eds"},"content":{"rendered":"<p>Mientras que algunas regiones logran mantenerse a flote gracias a inversiones en sectores clave, otras se ven sumidas en una profunda crisis debido a la ca\u00edda del consumo.<!--more--><\/p>\n<div class=\"column-main\">\n<div class=\"article-body\" data-tadevel-template=\"web\/article-body\">\n<div class=\"article-body-content\">\n<p>Entre los sietes meses que comprenden de octubre de 2023 hasta mayo de 2024,\u00a0<strong>Argentina enfrent\u00f3 la p\u00e9rdida de 142.000 de empleos formales<\/strong>. Este fen\u00f3meno evidencia la gravedad de la recesi\u00f3n pero tambi\u00e9n la disparidad en la\u00a0<u>recuperaci\u00f3n econ\u00f3mica entre las diferentes provincias del pa\u00eds.<\/u><\/p>\n<p>Mientras que algunas regiones logran mantenerse a flote gracias a\u00a0<strong>inversiones en sectores clave,<\/strong>\u00a0otras se ven sumidas en una profunda crisis debido a la ca\u00edda del consumo. Seg\u00fan un informe de la consultora Econviews basado en datos del Sistema Integrado Previsional Argentino (SIPA),\u00a0<u>el sector privado fue el m\u00e1s afectado,<\/u>\u00a0con una p\u00e9rdida de 131.000 empleos.<\/p>\n<h3>\u00bfQu\u00e9 sectores son los m\u00e1s afectados y los m\u00e1s resilientes en la crisis?<\/h3>\n<p>Dentro de este sector, la\u00a0<strong>construcci\u00f3n<\/strong>\u00a0encabeza la lista de actividades m\u00e1s perjudicadas, con una reducci\u00f3n de 73.000 puestos formales: \u00abLa construcci\u00f3n, hist\u00f3ricamente pro-c\u00edclica, ha sido especialmente golpeada por la recesi\u00f3n, agravada por la paralizaci\u00f3n de la obra p\u00fablica\u00bb, destac\u00f3 el informe, que subraya una ca\u00edda del 31,4%, superada solo por la crisis de 2001-2002 y la pandemia.<\/p>\n<p>La\u00a0<strong>industria manufacturera<\/strong>\u00a0tambi\u00e9n sufri\u00f3 un golpe severo con la p\u00e9rdida de 25.000 empleos en el mismo per\u00edodo. Factores como la apreciaci\u00f3n cambiaria, la ca\u00edda del consumo y las modificaciones en el impuesto PAIS han contribuido a un panorama sombr\u00edo para este sector, donde la importaci\u00f3n de insumos y bienes terminados compite directamente con la producci\u00f3n local.<\/p>\n<p>A pesar de la crisis generalizada, algunos sectores lograron crear empleo, El\u00a0<strong>agro gener\u00f3 11.000 nuevos asalariados<\/strong>\u00a0desde octubre de 2023. La\u00a0<strong>miner\u00eda y el petr\u00f3leo\u00a0<\/strong>tambi\u00e9n muestran un crecimiento, aunque su participaci\u00f3n en el empleo total se mantiene limitada. Desde 2021, cuando las restricciones por la pandemia empezaron a ceder, estos sectores han aumentado un 12% en empleo, impulsados por inversiones clave.<\/p>\n<h3>Desigualdad regional: Estas son las provincias en recuperaci\u00f3n y en crisis<\/h3>\n<p>La din\u00e1mica del empleo var\u00eda considerablemente entre las provincias. Las que\u00a0<u>m\u00e1s empleos formales privados perdieron<\/u>\u00a0en los \u00faltimos seis meses fueron:<\/p>\n<ul>\n<li>Formosa: -11,4%<\/li>\n<li>Tierra del Fuego: -10,9%<\/li>\n<li>La Rioja: -9,1%<\/li>\n<li>Santa Cruz: -7,8%<\/li>\n<li>Buenos Aires: -2,5%<\/li>\n<li>Santa Fe: -2,5%<\/li>\n<li>C\u00f3rdoba: -1,7%<\/li>\n<li>CABA: -0,8%<\/li>\n<li>Mendoza: -0,3%<\/li>\n<\/ul>\n<p>En contraste, provincias como\u00a0<strong>Neuqu\u00e9n y Salta<\/strong>\u00a0registraron un leve crecimiento en la cantidad de puestos de trabajo, con un 0,2% y 1,6%, respectivamente. Adem\u00e1s, han vivido un aumento del 25,8% y 10,4% en empleo en los \u00faltimos cinco a\u00f1os, respectivamente, gracias a inversiones en los sectores de petr\u00f3leo, gas y miner\u00eda.<\/p>\n<p>Esta situaci\u00f3n esperan que se repita con la<strong>\u00a0implementaci\u00f3n del RIGI<\/strong>\u00a0en provincias del resto del pa\u00eds para atraer inversiones y fomentar el consumo interno, factores que definir\u00e1n el ritmo y la magnitud de la recuperaci\u00f3n del empleo en los pr\u00f3ximos a\u00f1os.<\/p>\n<\/div>\n<\/div>\n<\/div>\n<p>&nbsp;<\/p>\n<p><strong>Fuente NA<\/strong><\/p>\n","protected":false},"excerpt":{"rendered":"<p>Mientras que algunas regiones logran mantenerse a flote gracias a inversiones en sectores clave, otras se ven sumidas en una profunda crisis debido a la ca\u00edda del consumo.<\/p>\n","protected":false},"author":3,"featured_media":106668,"comment_status":"closed","ping_status":"closed","sticky":false,"template":"","format":"standard","meta":{"footnotes":""},"categories":[36],"tags":[],"class_list":["post-106667","post","type-post","status-publish","format-standard","has-post-thumbnail","hentry","category-economia"],"yoast_head":"<!-- This site is optimized with the Yoast SEO plugin v25.9 - https:\/\/yoast.com\/wordpress\/plugins\/seo\/ -->\n<title>Desempleo en la Argentina: la perdida de 142.000 puestos de trabajo impacta en 9 provincias del pa\u00eds - Noticias Radio Reflejos<\/title>\n<meta name=\"robots\" content=\"index, follow, max-snippet:-1, max-image-preview:large, max-video-preview:-1\" \/>\n<link rel=\"canonical\" href=\"https:\/\/www.noticiasradioreflejos.com.ar\/2021\/desempleo-en-la-argentina-la-perdida-de-142-000-puestos-de-trabajo-impacta-en-9-provincias-del-pais\/\" \/>\n<meta property=\"og:locale\" content=\"es_ES\" \/>\n<meta property=\"og:type\" content=\"article\" \/>\n<meta property=\"og:title\" content=\"Desempleo en la Argentina: la perdida de 142.000 puestos de trabajo impacta en 9 provincias del pa\u00eds - Noticias Radio Reflejos\" \/>\n<meta property=\"og:description\" content=\"Mientras que algunas regiones logran mantenerse a flote gracias a inversiones en sectores clave, otras se ven sumidas en una profunda crisis debido a la ca\u00edda del consumo.\" \/>\n<meta property=\"og:url\" content=\"https:\/\/www.noticiasradioreflejos.com.ar\/2021\/desempleo-en-la-argentina-la-perdida-de-142-000-puestos-de-trabajo-impacta-en-9-provincias-del-pais\/\" \/>\n<meta property=\"og:site_name\" content=\"Noticias Radio Reflejos\" \/>\n<meta property=\"article:published_time\" content=\"2024-08-26T11:20:46+00:00\" \/>\n<meta property=\"og:image\" content=\"https:\/\/www.noticiasradioreflejos.com.ar\/2021\/wp-content\/uploads\/2024\/08\/Empleo.jpg\" \/>\n\t<meta property=\"og:image:width\" content=\"640\" \/>\n\t<meta property=\"og:image:height\" content=\"360\" \/>\n\t<meta property=\"og:image:type\" content=\"image\/jpeg\" \/>\n<meta name=\"author\" content=\"Arnaldo Botto\" \/>\n<meta name=\"twitter:card\" content=\"summary_large_image\" \/>\n<script type=\"application\/ld+json\" class=\"yoast-schema-graph\">{\"@context\":\"https:\/\/schema.org\",\"@graph\":[{\"@type\":\"WebPage\",\"@id\":\"https:\/\/www.noticiasradioreflejos.com.ar\/2021\/desempleo-en-la-argentina-la-perdida-de-142-000-puestos-de-trabajo-impacta-en-9-provincias-del-pais\/\",\"url\":\"https:\/\/www.noticiasradioreflejos.com.ar\/2021\/desempleo-en-la-argentina-la-perdida-de-142-000-puestos-de-trabajo-impacta-en-9-provincias-del-pais\/\",\"name\":\"Desempleo en la Argentina: la perdida de 142.000 puestos de trabajo impacta en 9 provincias del pa\u00eds - Noticias Radio Reflejos\",\"isPartOf\":{\"@id\":\"https:\/\/www.noticiasradioreflejos.com.ar\/2021\/#website\"},\"primaryImageOfPage\":{\"@id\":\"https:\/\/www.noticiasradioreflejos.com.ar\/2021\/desempleo-en-la-argentina-la-perdida-de-142-000-puestos-de-trabajo-impacta-en-9-provincias-del-pais\/#primaryimage\"},\"image\":{\"@id\":\"https:\/\/www.noticiasradioreflejos.com.ar\/2021\/desempleo-en-la-argentina-la-perdida-de-142-000-puestos-de-trabajo-impacta-en-9-provincias-del-pais\/#primaryimage\"},\"thumbnailUrl\":\"https:\/\/www.noticiasradioreflejos.com.ar\/2021\/wp-content\/uploads\/2024\/08\/Empleo.jpg\",\"datePublished\":\"2024-08-26T11:20:46+00:00\",\"author\":{\"@id\":\"https:\/\/www.noticiasradioreflejos.com.ar\/2021\/#\/schema\/person\/ad82545263dcc5ec0996818884fd5fb1\"},\"breadcrumb\":{\"@id\":\"https:\/\/www.noticiasradioreflejos.com.ar\/2021\/desempleo-en-la-argentina-la-perdida-de-142-000-puestos-de-trabajo-impacta-en-9-provincias-del-pais\/#breadcrumb\"},\"inLanguage\":\"es\",\"potentialAction\":[{\"@type\":\"ReadAction\",\"target\":[\"https:\/\/www.noticiasradioreflejos.com.ar\/2021\/desempleo-en-la-argentina-la-perdida-de-142-000-puestos-de-trabajo-impacta-en-9-provincias-del-pais\/\"]}]},{\"@type\":\"ImageObject\",\"inLanguage\":\"es\",\"@id\":\"https:\/\/www.noticiasradioreflejos.com.ar\/2021\/desempleo-en-la-argentina-la-perdida-de-142-000-puestos-de-trabajo-impacta-en-9-provincias-del-pais\/#primaryimage\",\"url\":\"https:\/\/www.noticiasradioreflejos.com.ar\/2021\/wp-content\/uploads\/2024\/08\/Empleo.jpg\",\"contentUrl\":\"https:\/\/www.noticiasradioreflejos.com.ar\/2021\/wp-content\/uploads\/2024\/08\/Empleo.jpg\",\"width\":640,\"height\":360},{\"@type\":\"BreadcrumbList\",\"@id\":\"https:\/\/www.noticiasradioreflejos.com.ar\/2021\/desempleo-en-la-argentina-la-perdida-de-142-000-puestos-de-trabajo-impacta-en-9-provincias-del-pais\/#breadcrumb\",\"itemListElement\":[{\"@type\":\"ListItem\",\"position\":1,\"name\":\"Portada\",\"item\":\"https:\/\/www.noticiasradioreflejos.com.ar\/2021\/\"},{\"@type\":\"ListItem\",\"position\":2,\"name\":\"Desempleo en la Argentina: la perdida de 142.000 puestos de trabajo impacta en 9 provincias del pa\u00eds\"}]},{\"@type\":\"WebSite\",\"@id\":\"https:\/\/www.noticiasradioreflejos.com.ar\/2021\/#website\",\"url\":\"https:\/\/www.noticiasradioreflejos.com.ar\/2021\/\",\"name\":\"Noticias Radio Reflejos\",\"description\":\"Las noticias de mi comarca\",\"potentialAction\":[{\"@type\":\"SearchAction\",\"target\":{\"@type\":\"EntryPoint\",\"urlTemplate\":\"https:\/\/www.noticiasradioreflejos.com.ar\/2021\/?s={search_term_string}\"},\"query-input\":{\"@type\":\"PropertyValueSpecification\",\"valueRequired\":true,\"valueName\":\"search_term_string\"}}],\"inLanguage\":\"es\"},{\"@type\":\"Person\",\"@id\":\"https:\/\/www.noticiasradioreflejos.com.ar\/2021\/#\/schema\/person\/ad82545263dcc5ec0996818884fd5fb1\",\"name\":\"Arnaldo Botto\",\"image\":{\"@type\":\"ImageObject\",\"inLanguage\":\"es\",\"@id\":\"https:\/\/www.noticiasradioreflejos.com.ar\/2021\/#\/schema\/person\/image\/\",\"url\":\"https:\/\/secure.gravatar.com\/avatar\/55cb5e37c1efa326397366e6974cb338056df65cb50e7d64d1cf314e87504837?s=96&d=mm&r=g\",\"contentUrl\":\"https:\/\/secure.gravatar.com\/avatar\/55cb5e37c1efa326397366e6974cb338056df65cb50e7d64d1cf314e87504837?s=96&d=mm&r=g\",\"caption\":\"Arnaldo Botto\"},\"url\":\"https:\/\/www.noticiasradioreflejos.com.ar\/2021\/author\/arnaldo\/\"}]}<\/script>\n<!-- \/ Yoast SEO plugin. -->","yoast_head_json":{"title":"Desempleo en la Argentina: la perdida de 142.000 puestos de trabajo impacta en 9 provincias del pa\u00eds - Noticias Radio Reflejos","robots":{"index":"index","follow":"follow","max-snippet":"max-snippet:-1","max-image-preview":"max-image-preview:large","max-video-preview":"max-video-preview:-1"},"canonical":"https:\/\/www.noticiasradioreflejos.com.ar\/2021\/desempleo-en-la-argentina-la-perdida-de-142-000-puestos-de-trabajo-impacta-en-9-provincias-del-pais\/","og_locale":"es_ES","og_type":"article","og_title":"Desempleo en la Argentina: la perdida de 142.000 puestos de trabajo impacta en 9 provincias del pa\u00eds - Noticias Radio Reflejos","og_description":"Mientras que algunas regiones logran mantenerse a flote gracias a inversiones en sectores clave, otras se ven sumidas en una profunda crisis debido a la ca\u00edda del consumo.","og_url":"https:\/\/www.noticiasradioreflejos.com.ar\/2021\/desempleo-en-la-argentina-la-perdida-de-142-000-puestos-de-trabajo-impacta-en-9-provincias-del-pais\/","og_site_name":"Noticias Radio Reflejos","article_published_time":"2024-08-26T11:20:46+00:00","og_image":[{"width":640,"height":360,"url":"https:\/\/www.noticiasradioreflejos.com.ar\/2021\/wp-content\/uploads\/2024\/08\/Empleo.jpg","type":"image\/jpeg"}],"author":"Arnaldo Botto","twitter_card":"summary_large_image","schema":{"@context":"https:\/\/schema.org","@graph":[{"@type":"WebPage","@id":"https:\/\/www.noticiasradioreflejos.com.ar\/2021\/desempleo-en-la-argentina-la-perdida-de-142-000-puestos-de-trabajo-impacta-en-9-provincias-del-pais\/","url":"https:\/\/www.noticiasradioreflejos.com.ar\/2021\/desempleo-en-la-argentina-la-perdida-de-142-000-puestos-de-trabajo-impacta-en-9-provincias-del-pais\/","name":"Desempleo en la Argentina: la perdida de 142.000 puestos de trabajo impacta en 9 provincias del pa\u00eds - Noticias Radio Reflejos","isPartOf":{"@id":"https:\/\/www.noticiasradioreflejos.com.ar\/2021\/#website"},"primaryImageOfPage":{"@id":"https:\/\/www.noticiasradioreflejos.com.ar\/2021\/desempleo-en-la-argentina-la-perdida-de-142-000-puestos-de-trabajo-impacta-en-9-provincias-del-pais\/#primaryimage"},"image":{"@id":"https:\/\/www.noticiasradioreflejos.com.ar\/2021\/desempleo-en-la-argentina-la-perdida-de-142-000-puestos-de-trabajo-impacta-en-9-provincias-del-pais\/#primaryimage"},"thumbnailUrl":"https:\/\/www.noticiasradioreflejos.com.ar\/2021\/wp-content\/uploads\/2024\/08\/Empleo.jpg","datePublished":"2024-08-26T11:20:46+00:00","author":{"@id":"https:\/\/www.noticiasradioreflejos.com.ar\/2021\/#\/schema\/person\/ad82545263dcc5ec0996818884fd5fb1"},"breadcrumb":{"@id":"https:\/\/www.noticiasradioreflejos.com.ar\/2021\/desempleo-en-la-argentina-la-perdida-de-142-000-puestos-de-trabajo-impacta-en-9-provincias-del-pais\/#breadcrumb"},"inLanguage":"es","potentialAction":[{"@type":"ReadAction","target":["https:\/\/www.noticiasradioreflejos.com.ar\/2021\/desempleo-en-la-argentina-la-perdida-de-142-000-puestos-de-trabajo-impacta-en-9-provincias-del-pais\/"]}]},{"@type":"ImageObject","inLanguage":"es","@id":"https:\/\/www.noticiasradioreflejos.com.ar\/2021\/desempleo-en-la-argentina-la-perdida-de-142-000-puestos-de-trabajo-impacta-en-9-provincias-del-pais\/#primaryimage","url":"https:\/\/www.noticiasradioreflejos.com.ar\/2021\/wp-content\/uploads\/2024\/08\/Empleo.jpg","contentUrl":"https:\/\/www.noticiasradioreflejos.com.ar\/2021\/wp-content\/uploads\/2024\/08\/Empleo.jpg","width":640,"height":360},{"@type":"BreadcrumbList","@id":"https:\/\/www.noticiasradioreflejos.com.ar\/2021\/desempleo-en-la-argentina-la-perdida-de-142-000-puestos-de-trabajo-impacta-en-9-provincias-del-pais\/#breadcrumb","itemListElement":[{"@type":"ListItem","position":1,"name":"Portada","item":"https:\/\/www.noticiasradioreflejos.com.ar\/2021\/"},{"@type":"ListItem","position":2,"name":"Desempleo en la Argentina: la perdida de 142.000 puestos de trabajo impacta en 9 provincias del pa\u00eds"}]},{"@type":"WebSite","@id":"https:\/\/www.noticiasradioreflejos.com.ar\/2021\/#website","url":"https:\/\/www.noticiasradioreflejos.com.ar\/2021\/","name":"Noticias Radio Reflejos","description":"Las noticias de mi comarca","potentialAction":[{"@type":"SearchAction","target":{"@type":"EntryPoint","urlTemplate":"https:\/\/www.noticiasradioreflejos.com.ar\/2021\/?s={search_term_string}"},"query-input":{"@type":"PropertyValueSpecification","valueRequired":true,"valueName":"search_term_string"}}],"inLanguage":"es"},{"@type":"Person","@id":"https:\/\/www.noticiasradioreflejos.com.ar\/2021\/#\/schema\/person\/ad82545263dcc5ec0996818884fd5fb1","name":"Arnaldo Botto","image":{"@type":"ImageObject","inLanguage":"es","@id":"https:\/\/www.noticiasradioreflejos.com.ar\/2021\/#\/schema\/person\/image\/","url":"https:\/\/secure.gravatar.com\/avatar\/55cb5e37c1efa326397366e6974cb338056df65cb50e7d64d1cf314e87504837?s=96&d=mm&r=g","contentUrl":"https:\/\/secure.gravatar.com\/avatar\/55cb5e37c1efa326397366e6974cb338056df65cb50e7d64d1cf314e87504837?s=96&d=mm&r=g","caption":"Arnaldo Botto"},"url":"https:\/\/www.noticiasradioreflejos.com.ar\/2021\/author\/arnaldo\/"}]}},"_links":{"self":[{"href":"https:\/\/www.noticiasradioreflejos.com.ar\/2021\/wp-json\/wp\/v2\/posts\/106667","targetHints":{"allow":["GET"]}}],"collection":[{"href":"https:\/\/www.noticiasradioreflejos.com.ar\/2021\/wp-json\/wp\/v2\/posts"}],"about":[{"href":"https:\/\/www.noticiasradioreflejos.com.ar\/2021\/wp-json\/wp\/v2\/types\/post"}],"author":[{"embeddable":true,"href":"https:\/\/www.noticiasradioreflejos.com.ar\/2021\/wp-json\/wp\/v2\/users\/3"}],"replies":[{"embeddable":true,"href":"https:\/\/www.noticiasradioreflejos.com.ar\/2021\/wp-json\/wp\/v2\/comments?post=106667"}],"version-history":[{"count":1,"href":"https:\/\/www.noticiasradioreflejos.com.ar\/2021\/wp-json\/wp\/v2\/posts\/106667\/revisions"}],"predecessor-version":[{"id":106669,"href":"https:\/\/www.noticiasradioreflejos.com.ar\/2021\/wp-json\/wp\/v2\/posts\/106667\/revisions\/106669"}],"wp:featuredmedia":[{"embeddable":true,"href":"https:\/\/www.noticiasradioreflejos.com.ar\/2021\/wp-json\/wp\/v2\/media\/106668"}],"wp:attachment":[{"href":"https:\/\/www.noticiasradioreflejos.com.ar\/2021\/wp-json\/wp\/v2\/media?parent=106667"}],"wp:term":[{"taxonomy":"category","embeddable":true,"href":"https:\/\/www.noticiasradioreflejos.com.ar\/2021\/wp-json\/wp\/v2\/categories?post=106667"},{"taxonomy":"post_tag","embeddable":true,"href":"https:\/\/www.noticiasradioreflejos.com.ar\/2021\/wp-json\/wp\/v2\/tags?post=106667"}],"curies":[{"name":"wp","href":"https:\/\/api.w.org\/{rel}","templated":true}]}}