{"id":106565,"date":"2024-08-22T13:55:04","date_gmt":"2024-08-22T16:55:04","guid":{"rendered":"https:\/\/www.noticiasradioreflejos.com.ar\/2021\/?p=106565"},"modified":"2024-08-22T13:55:04","modified_gmt":"2024-08-22T16:55:04","slug":"con-lluvia-estar-alerta-disminuir-la-velocidad-y-aumentar-la-distancia-entre-vehiculos-salva-vidas","status":"publish","type":"post","link":"https:\/\/www.noticiasradioreflejos.com.ar\/2021\/con-lluvia-estar-alerta-disminuir-la-velocidad-y-aumentar-la-distancia-entre-vehiculos-salva-vidas\/","title":{"rendered":"Con lluvia: estar alerta, disminuir la velocidad  y aumentar la distancia entre veh\u00edculos salva vidas"},"content":{"rendered":"<p>Ayer por la ma\u00f1ana, en un d\u00eda fr\u00edo y lluvioso, dos choques de colectivos dejaron heridos y da\u00f1os en la Ciudad de Buenos Aires y lecciones para aprender. Un comunicado de Luchemos por la Vida.<!--more--><\/p>\n<p>En el cruce de la Av. Rivadavia y Albari\u00f1o, dos colectivos protagonizaron un violento choque: el 163 que circulaba por delante fren\u00f3 ante el sem\u00e1foro en rojo, el 182 que ven\u00eda detr\u00e1s no detuvo su marcha y lo choc\u00f3. Ocho pasajeros resultaron heridos y debieron ser hospitalizados. Un rato antes, en Av. Rivadavia y Cortina y a tan s\u00f3lo cuatro cuadras de este hecho vial, otro colectivo choc\u00f3 contra un \u00e1rbol, y afortunadamente no se registraron heridos. (Fuente e im\u00e1genes: Infobae)<\/p>\n<p>En el primer caso, las c\u00e1maras de la Ciudad grabaron el incidente y se ve con claridad, que el chofer del colectivo no reacciona a tiempo y no desacelera, al percibir tarde que el colectivo que iba adelante estaba disminuyendo la velocidad para frenar ante el veh\u00edculo que lo preced\u00eda y el sem\u00e1foro en rojo. No estaba atento.<\/p>\n<p>Estar alerta y atento todo el tiempo al tr\u00e1nsito, es una condici\u00f3n esencial para una conducci\u00f3n segura, pero m\u00e1s a\u00fan en condiciones clim\u00e1ticas adversas. La distracci\u00f3n al volante es causa de muchos siniestros en el tr\u00e1nsito y se ha incrementado en los \u00faltimos tiempos con el uso y abuso del tel\u00e9fono m\u00f3vil por parte de los conductores.<br \/>\nAdem\u00e1s, conducir seguro con lluvia requiere conductas diferentes al volante.<\/p>\n<p>&lt;a data-flickr-embed=\u00bbtrue\u00bb href=\u00bbhttps:\/\/www.flickr.com\/photos\/182279889@N02\/53940672009\/in\/dateposted-public\/\u00bb title=\u00bbunnamed\u00bb&gt;&lt;img src=\u00bbhttps:\/\/live.staticflickr.com\/65535\/53940672009_1e42f21724_o.jpg\u00bb width=\u00bb1080&#8243; height=\u00bb1445&#8243; alt=\u00bbunnamed\u00bb\/&gt;&lt;\/a&gt;&lt;script async src=\u00bb\/\/embedr.flickr.com\/assets\/client-code.js\u00bb charset=\u00bbutf-8&#8243;&gt;&lt;\/script&gt;<\/p>\n<p>&nbsp;<\/p>\n<p style=\"text-align: center;\"><strong>Conducir seguro con lluvia<\/strong><\/p>\n<p>Requiere cuidados especiales al volante al volante:<\/p>\n<p>Disminuir la velocidad, porque al hacerlo aumentar\u00e1 la superficie de contacto-fricci\u00f3n de las ruedas con el suelo mojado, el cual requerir\u00e1 m\u00e1s distancia para detener el veh\u00edculo.<br \/>\nAumentar la distancia entre veh\u00edculos, que pasar\u00e1 de 2 segundos a al menos 4 o 5 segundos.<br \/>\nManiobrar y frenar con suavidad.<br \/>\nMantener las luces bajas encendidas para aumentar la visibilidad.<br \/>\nPara saber m\u00e1s: Conducir con lluvia<br \/>\nFuente: Manual para la conducci\u00f3n segura. Mar\u00eda Cristina Isoba. Luchemos por la Vida.<\/p>\n","protected":false},"excerpt":{"rendered":"<p>Ayer por la ma\u00f1ana, en un d\u00eda fr\u00edo y lluvioso, dos choques de colectivos dejaron heridos y da\u00f1os en la Ciudad de Buenos Aires y lecciones para aprender. Un comunicado de Luchemos por la Vida.<\/p>\n","protected":false},"author":3,"featured_media":22542,"comment_status":"closed","ping_status":"closed","sticky":false,"template":"","format":"standard","meta":{"footnotes":""},"categories":[1],"tags":[],"class_list":["post-106565","post","type-post","status-publish","format-standard","has-post-thumbnail","hentry","category-sin-categoria"],"yoast_head":"<!-- This site is optimized with the Yoast SEO plugin v25.9 - https:\/\/yoast.com\/wordpress\/plugins\/seo\/ -->\n<title>Con lluvia: estar alerta, disminuir la velocidad y aumentar la distancia entre veh\u00edculos salva vidas - Noticias Radio Reflejos<\/title>\n<meta name=\"robots\" content=\"index, follow, max-snippet:-1, max-image-preview:large, max-video-preview:-1\" \/>\n<link rel=\"canonical\" href=\"https:\/\/www.noticiasradioreflejos.com.ar\/2021\/con-lluvia-estar-alerta-disminuir-la-velocidad-y-aumentar-la-distancia-entre-vehiculos-salva-vidas\/\" \/>\n<meta property=\"og:locale\" content=\"es_ES\" \/>\n<meta property=\"og:type\" content=\"article\" \/>\n<meta property=\"og:title\" content=\"Con lluvia: estar alerta, disminuir la velocidad y aumentar la distancia entre veh\u00edculos salva vidas - Noticias Radio Reflejos\" \/>\n<meta property=\"og:description\" content=\"Ayer por la ma\u00f1ana, en un d\u00eda fr\u00edo y lluvioso, dos choques de colectivos dejaron heridos y da\u00f1os en la Ciudad de Buenos Aires y lecciones para aprender. Un comunicado de Luchemos por la Vida.\" \/>\n<meta property=\"og:url\" content=\"https:\/\/www.noticiasradioreflejos.com.ar\/2021\/con-lluvia-estar-alerta-disminuir-la-velocidad-y-aumentar-la-distancia-entre-vehiculos-salva-vidas\/\" \/>\n<meta property=\"og:site_name\" content=\"Noticias Radio Reflejos\" \/>\n<meta property=\"article:published_time\" content=\"2024-08-22T16:55:04+00:00\" \/>\n<meta property=\"og:image\" content=\"https:\/\/www.noticiasradioreflejos.com.ar\/2021\/wp-content\/uploads\/2018\/06\/luchemos-por-la-vida.png\" \/>\n\t<meta property=\"og:image:width\" content=\"162\" \/>\n\t<meta property=\"og:image:height\" content=\"61\" \/>\n\t<meta property=\"og:image:type\" content=\"image\/png\" \/>\n<meta name=\"author\" content=\"Arnaldo Botto\" \/>\n<meta name=\"twitter:card\" content=\"summary_large_image\" \/>\n<script type=\"application\/ld+json\" class=\"yoast-schema-graph\">{\"@context\":\"https:\/\/schema.org\",\"@graph\":[{\"@type\":\"WebPage\",\"@id\":\"https:\/\/www.noticiasradioreflejos.com.ar\/2021\/con-lluvia-estar-alerta-disminuir-la-velocidad-y-aumentar-la-distancia-entre-vehiculos-salva-vidas\/\",\"url\":\"https:\/\/www.noticiasradioreflejos.com.ar\/2021\/con-lluvia-estar-alerta-disminuir-la-velocidad-y-aumentar-la-distancia-entre-vehiculos-salva-vidas\/\",\"name\":\"Con lluvia: estar alerta, disminuir la velocidad y aumentar la distancia entre veh\u00edculos salva vidas - Noticias Radio Reflejos\",\"isPartOf\":{\"@id\":\"https:\/\/www.noticiasradioreflejos.com.ar\/2021\/#website\"},\"primaryImageOfPage\":{\"@id\":\"https:\/\/www.noticiasradioreflejos.com.ar\/2021\/con-lluvia-estar-alerta-disminuir-la-velocidad-y-aumentar-la-distancia-entre-vehiculos-salva-vidas\/#primaryimage\"},\"image\":{\"@id\":\"https:\/\/www.noticiasradioreflejos.com.ar\/2021\/con-lluvia-estar-alerta-disminuir-la-velocidad-y-aumentar-la-distancia-entre-vehiculos-salva-vidas\/#primaryimage\"},\"thumbnailUrl\":\"https:\/\/www.noticiasradioreflejos.com.ar\/2021\/wp-content\/uploads\/2018\/06\/luchemos-por-la-vida.png\",\"datePublished\":\"2024-08-22T16:55:04+00:00\",\"author\":{\"@id\":\"https:\/\/www.noticiasradioreflejos.com.ar\/2021\/#\/schema\/person\/ad82545263dcc5ec0996818884fd5fb1\"},\"breadcrumb\":{\"@id\":\"https:\/\/www.noticiasradioreflejos.com.ar\/2021\/con-lluvia-estar-alerta-disminuir-la-velocidad-y-aumentar-la-distancia-entre-vehiculos-salva-vidas\/#breadcrumb\"},\"inLanguage\":\"es\",\"potentialAction\":[{\"@type\":\"ReadAction\",\"target\":[\"https:\/\/www.noticiasradioreflejos.com.ar\/2021\/con-lluvia-estar-alerta-disminuir-la-velocidad-y-aumentar-la-distancia-entre-vehiculos-salva-vidas\/\"]}]},{\"@type\":\"ImageObject\",\"inLanguage\":\"es\",\"@id\":\"https:\/\/www.noticiasradioreflejos.com.ar\/2021\/con-lluvia-estar-alerta-disminuir-la-velocidad-y-aumentar-la-distancia-entre-vehiculos-salva-vidas\/#primaryimage\",\"url\":\"https:\/\/www.noticiasradioreflejos.com.ar\/2021\/wp-content\/uploads\/2018\/06\/luchemos-por-la-vida.png\",\"contentUrl\":\"https:\/\/www.noticiasradioreflejos.com.ar\/2021\/wp-content\/uploads\/2018\/06\/luchemos-por-la-vida.png\",\"width\":162,\"height\":61},{\"@type\":\"BreadcrumbList\",\"@id\":\"https:\/\/www.noticiasradioreflejos.com.ar\/2021\/con-lluvia-estar-alerta-disminuir-la-velocidad-y-aumentar-la-distancia-entre-vehiculos-salva-vidas\/#breadcrumb\",\"itemListElement\":[{\"@type\":\"ListItem\",\"position\":1,\"name\":\"Portada\",\"item\":\"https:\/\/www.noticiasradioreflejos.com.ar\/2021\/\"},{\"@type\":\"ListItem\",\"position\":2,\"name\":\"Con lluvia: estar alerta, disminuir la velocidad y aumentar la distancia entre veh\u00edculos salva vidas\"}]},{\"@type\":\"WebSite\",\"@id\":\"https:\/\/www.noticiasradioreflejos.com.ar\/2021\/#website\",\"url\":\"https:\/\/www.noticiasradioreflejos.com.ar\/2021\/\",\"name\":\"Noticias Radio Reflejos\",\"description\":\"Las noticias de mi comarca\",\"potentialAction\":[{\"@type\":\"SearchAction\",\"target\":{\"@type\":\"EntryPoint\",\"urlTemplate\":\"https:\/\/www.noticiasradioreflejos.com.ar\/2021\/?s={search_term_string}\"},\"query-input\":{\"@type\":\"PropertyValueSpecification\",\"valueRequired\":true,\"valueName\":\"search_term_string\"}}],\"inLanguage\":\"es\"},{\"@type\":\"Person\",\"@id\":\"https:\/\/www.noticiasradioreflejos.com.ar\/2021\/#\/schema\/person\/ad82545263dcc5ec0996818884fd5fb1\",\"name\":\"Arnaldo Botto\",\"image\":{\"@type\":\"ImageObject\",\"inLanguage\":\"es\",\"@id\":\"https:\/\/www.noticiasradioreflejos.com.ar\/2021\/#\/schema\/person\/image\/\",\"url\":\"https:\/\/secure.gravatar.com\/avatar\/55cb5e37c1efa326397366e6974cb338056df65cb50e7d64d1cf314e87504837?s=96&d=mm&r=g\",\"contentUrl\":\"https:\/\/secure.gravatar.com\/avatar\/55cb5e37c1efa326397366e6974cb338056df65cb50e7d64d1cf314e87504837?s=96&d=mm&r=g\",\"caption\":\"Arnaldo Botto\"},\"url\":\"https:\/\/www.noticiasradioreflejos.com.ar\/2021\/author\/arnaldo\/\"}]}<\/script>\n<!-- \/ Yoast SEO plugin. -->","yoast_head_json":{"title":"Con lluvia: estar alerta, disminuir la velocidad y aumentar la distancia entre veh\u00edculos salva vidas - Noticias Radio Reflejos","robots":{"index":"index","follow":"follow","max-snippet":"max-snippet:-1","max-image-preview":"max-image-preview:large","max-video-preview":"max-video-preview:-1"},"canonical":"https:\/\/www.noticiasradioreflejos.com.ar\/2021\/con-lluvia-estar-alerta-disminuir-la-velocidad-y-aumentar-la-distancia-entre-vehiculos-salva-vidas\/","og_locale":"es_ES","og_type":"article","og_title":"Con lluvia: estar alerta, disminuir la velocidad y aumentar la distancia entre veh\u00edculos salva vidas - Noticias Radio Reflejos","og_description":"Ayer por la ma\u00f1ana, en un d\u00eda fr\u00edo y lluvioso, dos choques de colectivos dejaron heridos y da\u00f1os en la Ciudad de Buenos Aires y lecciones para aprender. Un comunicado de Luchemos por la Vida.","og_url":"https:\/\/www.noticiasradioreflejos.com.ar\/2021\/con-lluvia-estar-alerta-disminuir-la-velocidad-y-aumentar-la-distancia-entre-vehiculos-salva-vidas\/","og_site_name":"Noticias Radio Reflejos","article_published_time":"2024-08-22T16:55:04+00:00","og_image":[{"width":162,"height":61,"url":"https:\/\/www.noticiasradioreflejos.com.ar\/2021\/wp-content\/uploads\/2018\/06\/luchemos-por-la-vida.png","type":"image\/png"}],"author":"Arnaldo Botto","twitter_card":"summary_large_image","schema":{"@context":"https:\/\/schema.org","@graph":[{"@type":"WebPage","@id":"https:\/\/www.noticiasradioreflejos.com.ar\/2021\/con-lluvia-estar-alerta-disminuir-la-velocidad-y-aumentar-la-distancia-entre-vehiculos-salva-vidas\/","url":"https:\/\/www.noticiasradioreflejos.com.ar\/2021\/con-lluvia-estar-alerta-disminuir-la-velocidad-y-aumentar-la-distancia-entre-vehiculos-salva-vidas\/","name":"Con lluvia: estar alerta, disminuir la velocidad y aumentar la distancia entre veh\u00edculos salva vidas - Noticias Radio Reflejos","isPartOf":{"@id":"https:\/\/www.noticiasradioreflejos.com.ar\/2021\/#website"},"primaryImageOfPage":{"@id":"https:\/\/www.noticiasradioreflejos.com.ar\/2021\/con-lluvia-estar-alerta-disminuir-la-velocidad-y-aumentar-la-distancia-entre-vehiculos-salva-vidas\/#primaryimage"},"image":{"@id":"https:\/\/www.noticiasradioreflejos.com.ar\/2021\/con-lluvia-estar-alerta-disminuir-la-velocidad-y-aumentar-la-distancia-entre-vehiculos-salva-vidas\/#primaryimage"},"thumbnailUrl":"https:\/\/www.noticiasradioreflejos.com.ar\/2021\/wp-content\/uploads\/2018\/06\/luchemos-por-la-vida.png","datePublished":"2024-08-22T16:55:04+00:00","author":{"@id":"https:\/\/www.noticiasradioreflejos.com.ar\/2021\/#\/schema\/person\/ad82545263dcc5ec0996818884fd5fb1"},"breadcrumb":{"@id":"https:\/\/www.noticiasradioreflejos.com.ar\/2021\/con-lluvia-estar-alerta-disminuir-la-velocidad-y-aumentar-la-distancia-entre-vehiculos-salva-vidas\/#breadcrumb"},"inLanguage":"es","potentialAction":[{"@type":"ReadAction","target":["https:\/\/www.noticiasradioreflejos.com.ar\/2021\/con-lluvia-estar-alerta-disminuir-la-velocidad-y-aumentar-la-distancia-entre-vehiculos-salva-vidas\/"]}]},{"@type":"ImageObject","inLanguage":"es","@id":"https:\/\/www.noticiasradioreflejos.com.ar\/2021\/con-lluvia-estar-alerta-disminuir-la-velocidad-y-aumentar-la-distancia-entre-vehiculos-salva-vidas\/#primaryimage","url":"https:\/\/www.noticiasradioreflejos.com.ar\/2021\/wp-content\/uploads\/2018\/06\/luchemos-por-la-vida.png","contentUrl":"https:\/\/www.noticiasradioreflejos.com.ar\/2021\/wp-content\/uploads\/2018\/06\/luchemos-por-la-vida.png","width":162,"height":61},{"@type":"BreadcrumbList","@id":"https:\/\/www.noticiasradioreflejos.com.ar\/2021\/con-lluvia-estar-alerta-disminuir-la-velocidad-y-aumentar-la-distancia-entre-vehiculos-salva-vidas\/#breadcrumb","itemListElement":[{"@type":"ListItem","position":1,"name":"Portada","item":"https:\/\/www.noticiasradioreflejos.com.ar\/2021\/"},{"@type":"ListItem","position":2,"name":"Con lluvia: estar alerta, disminuir la velocidad y aumentar la distancia entre veh\u00edculos salva vidas"}]},{"@type":"WebSite","@id":"https:\/\/www.noticiasradioreflejos.com.ar\/2021\/#website","url":"https:\/\/www.noticiasradioreflejos.com.ar\/2021\/","name":"Noticias Radio Reflejos","description":"Las noticias de mi comarca","potentialAction":[{"@type":"SearchAction","target":{"@type":"EntryPoint","urlTemplate":"https:\/\/www.noticiasradioreflejos.com.ar\/2021\/?s={search_term_string}"},"query-input":{"@type":"PropertyValueSpecification","valueRequired":true,"valueName":"search_term_string"}}],"inLanguage":"es"},{"@type":"Person","@id":"https:\/\/www.noticiasradioreflejos.com.ar\/2021\/#\/schema\/person\/ad82545263dcc5ec0996818884fd5fb1","name":"Arnaldo Botto","image":{"@type":"ImageObject","inLanguage":"es","@id":"https:\/\/www.noticiasradioreflejos.com.ar\/2021\/#\/schema\/person\/image\/","url":"https:\/\/secure.gravatar.com\/avatar\/55cb5e37c1efa326397366e6974cb338056df65cb50e7d64d1cf314e87504837?s=96&d=mm&r=g","contentUrl":"https:\/\/secure.gravatar.com\/avatar\/55cb5e37c1efa326397366e6974cb338056df65cb50e7d64d1cf314e87504837?s=96&d=mm&r=g","caption":"Arnaldo Botto"},"url":"https:\/\/www.noticiasradioreflejos.com.ar\/2021\/author\/arnaldo\/"}]}},"_links":{"self":[{"href":"https:\/\/www.noticiasradioreflejos.com.ar\/2021\/wp-json\/wp\/v2\/posts\/106565","targetHints":{"allow":["GET"]}}],"collection":[{"href":"https:\/\/www.noticiasradioreflejos.com.ar\/2021\/wp-json\/wp\/v2\/posts"}],"about":[{"href":"https:\/\/www.noticiasradioreflejos.com.ar\/2021\/wp-json\/wp\/v2\/types\/post"}],"author":[{"embeddable":true,"href":"https:\/\/www.noticiasradioreflejos.com.ar\/2021\/wp-json\/wp\/v2\/users\/3"}],"replies":[{"embeddable":true,"href":"https:\/\/www.noticiasradioreflejos.com.ar\/2021\/wp-json\/wp\/v2\/comments?post=106565"}],"version-history":[{"count":1,"href":"https:\/\/www.noticiasradioreflejos.com.ar\/2021\/wp-json\/wp\/v2\/posts\/106565\/revisions"}],"predecessor-version":[{"id":106566,"href":"https:\/\/www.noticiasradioreflejos.com.ar\/2021\/wp-json\/wp\/v2\/posts\/106565\/revisions\/106566"}],"wp:featuredmedia":[{"embeddable":true,"href":"https:\/\/www.noticiasradioreflejos.com.ar\/2021\/wp-json\/wp\/v2\/media\/22542"}],"wp:attachment":[{"href":"https:\/\/www.noticiasradioreflejos.com.ar\/2021\/wp-json\/wp\/v2\/media?parent=106565"}],"wp:term":[{"taxonomy":"category","embeddable":true,"href":"https:\/\/www.noticiasradioreflejos.com.ar\/2021\/wp-json\/wp\/v2\/categories?post=106565"},{"taxonomy":"post_tag","embeddable":true,"href":"https:\/\/www.noticiasradioreflejos.com.ar\/2021\/wp-json\/wp\/v2\/tags?post=106565"}],"curies":[{"name":"wp","href":"https:\/\/api.w.org\/{rel}","templated":true}]}}