{"id":106479,"date":"2024-08-20T11:30:55","date_gmt":"2024-08-20T14:30:55","guid":{"rendered":"https:\/\/www.noticiasradioreflejos.com.ar\/2021\/?p=106479"},"modified":"2024-08-20T11:30:55","modified_gmt":"2024-08-20T14:30:55","slug":"en-medio-de-una-recesion-deliberada-cerraron-mas-de-10-mil-pymes-advierten-en-el-sector","status":"publish","type":"post","link":"https:\/\/www.noticiasradioreflejos.com.ar\/2021\/en-medio-de-una-recesion-deliberada-cerraron-mas-de-10-mil-pymes-advierten-en-el-sector\/","title":{"rendered":"En medio de una \u00abrecesi\u00f3n deliberada\u00bb cerraron m\u00e1s de 10 mil PyMEs, advierten en el sector"},"content":{"rendered":"<p>\u00abSe est\u00e1n llevando puestas empresas de manera brutal\u00bb, se\u00f1al\u00f3 el presidente de ENAC, Leo Bilanski.<!--more--><\/p>\n<div class=\"columns\" data-tadevel-template=\"web\/article-columns\">\n<div class=\"column-main\">\n<div class=\"article-body\" data-tadevel-template=\"web\/article-body\">\n<div class=\"article-body-content\">\n<p>M\u00e1s de 10.000 PyMEs cerraron los primeros ocho meses de gesti\u00f3n del presidente Javier Milei en un contexto de \u00abrecesi\u00f3n deliberada\u00bb aplicada por su gobierno,\u00a0advirti\u00f3 el presidente de la Asociaci\u00f3n de Empresarios y\u00a0Empresarias Nacionales (ENAC), Leo Bilanski.<\/p>\n<p>El dirigente se\u00f1al\u00f3 que \u00abcon el objetivo de bajar la\u00a0inflaci\u00f3n\u00bb, que el sector empresario comparte, \u00abse est\u00e1n llevando\u00a0puestas empresas PyMEs de manera brutal\u00bb.<\/p>\n<p><strong>\u00abEl ajuste parece que no lo est\u00e1 pagando la casta. Lo estamos\u00a0pagando los empresarios PyMEs que invertimos y pagamos impuestos,\u00a0adem\u00e1s de los trabajadores que se quedan en la calle y no tienen\u00a0un salario a fin de mes\u00bb,<\/strong>\u00a0expres\u00f3 Bilanski.<\/p>\n<p>La entidad realiz\u00f3 la semana pasada una manifestaci\u00f3n en Plaza\u00a0de Mayo para protestar contra la pol\u00edtica econ\u00f3mica aplicada por\u00a0el Gobierno Nacional con el lema \u00abM\u00e1s industria nacional y menos\u00a0motosierra\u00bb.<\/p>\n<p>Bilanski advirti\u00f3 que el cierre de empresas ya le hab\u00eda\u00a0ocurrido al Gobierno de Mauricio Macri, en su \u00faltima parte, cuando \u00a0tambi\u00e9n fue integrado por el actual ministro de Econom\u00eda, Luis<br \/>\nCaputo.<\/p>\n<p><strong>\u00abEstamos atravesando una recesi\u00f3n deliberada provocada por el\u00a0gobierno nacional y el ministro Caputo en funci\u00f3n de su pol\u00edtica\u00a0econ\u00f3mica. Con el objetivo de bajar la inflaci\u00f3n, con el que\u00a0estamos de acuerdo, se est\u00e1n llevando puestas a las empresas PyMEs\u00a0de manera brutal\u00bb<\/strong>, subray\u00f3 el dirigente empresario en\u00a0declaraciones a<i>\u00a0FM B\u00fanker<\/i>\u00a0de Merlo.<\/p>\n<p>Bilanski sostuvo que el Gobierno no est\u00e1 cumpliendo con la\u00a0promesa de bajar impuestos a las empresas.\u00a0 \u00a0\u00abDesde que asumi\u00f3 (Milei) no se baj\u00f3 ni un solo impuesto\u00bb,\u00a0se\u00f1al\u00f3 al respecto.<\/p>\n<p>Adem\u00e1s, marc\u00f3 que se incrementa la recaudaci\u00f3n de forma\u00a0indirecta a trav\u00e9s de la desregulaci\u00f3n de precios de empresas\u00a0estatales y monop\u00f3licas.<\/p>\n<p>\u00ab<strong>Las empresas de energ\u00eda, de gas, los combustibles, el sistema\u00a0de salud, todas han subido, y son todos costos asociados a tasas\u00a0impositivas. El Estado est\u00e1 permitiendo aumentos de precios con la\u00a0lapicera en forma deliberada, que despu\u00e9s se tornan en aumentos\u00a0confiscatorios y recaudatorios a favor de Caputo\u00bb<\/strong>, sintetiz\u00f3.<\/p>\n<p>Bilanski argument\u00f3 que con esos aumentos \u00abse destruye el\u00a0consumo y la demanda\u00bb a trav\u00e9s del aumento de precios regulados,\u00a0ya que \u00abal trabajador le queda poco margen para adquirir bienes<br \/>\ndurables e intermedios\u00bb.<\/p>\n<p>\u00abPerdemos clientes y todo se cae a pedazos, porque nosotros\u00a0tambi\u00e9n tenemos que pagar el gas y luz. El empresario, el\u00a0comerciante solo puede sostener con su propio bolsillo seis meses<br \/>\nest\u00e1 recesi\u00f3n, despu\u00e9s cierra y el trabajador queda en la calle.\u00a0Dos meses de recesi\u00f3n ya es depresi\u00f3n\u00bb, se\u00f1al\u00f3 Bilanski.<\/p>\n<p>&nbsp;<\/p>\n<\/div>\n<\/div>\n<p><em><strong>Fuente NA<\/strong><\/em><\/p>\n<\/div>\n<\/div>\n","protected":false},"excerpt":{"rendered":"<p>\u00abSe est\u00e1n llevando puestas empresas de manera brutal\u00bb, se\u00f1al\u00f3 el presidente de ENAC, Leo Bilanski.<\/p>\n","protected":false},"author":3,"featured_media":106480,"comment_status":"closed","ping_status":"closed","sticky":false,"template":"","format":"standard","meta":{"footnotes":""},"categories":[36],"tags":[48],"class_list":["post-106479","post","type-post","status-publish","format-standard","has-post-thumbnail","hentry","category-economia","tag-destacada"],"yoast_head":"<!-- This site is optimized with the Yoast SEO plugin v25.9 - https:\/\/yoast.com\/wordpress\/plugins\/seo\/ -->\n<title>En medio de una &quot;recesi\u00f3n deliberada&quot; cerraron m\u00e1s de 10 mil PyMEs, advierten en el sector - Noticias Radio Reflejos<\/title>\n<meta name=\"robots\" content=\"index, follow, max-snippet:-1, max-image-preview:large, max-video-preview:-1\" \/>\n<link rel=\"canonical\" href=\"https:\/\/www.noticiasradioreflejos.com.ar\/2021\/en-medio-de-una-recesion-deliberada-cerraron-mas-de-10-mil-pymes-advierten-en-el-sector\/\" \/>\n<meta property=\"og:locale\" content=\"es_ES\" \/>\n<meta property=\"og:type\" content=\"article\" \/>\n<meta property=\"og:title\" content=\"En medio de una &quot;recesi\u00f3n deliberada&quot; cerraron m\u00e1s de 10 mil PyMEs, advierten en el sector - Noticias Radio Reflejos\" \/>\n<meta property=\"og:description\" content=\"\u00abSe est\u00e1n llevando puestas empresas de manera brutal\u00bb, se\u00f1al\u00f3 el presidente de ENAC, Leo Bilanski.\" \/>\n<meta property=\"og:url\" content=\"https:\/\/www.noticiasradioreflejos.com.ar\/2021\/en-medio-de-una-recesion-deliberada-cerraron-mas-de-10-mil-pymes-advierten-en-el-sector\/\" \/>\n<meta property=\"og:site_name\" content=\"Noticias Radio Reflejos\" \/>\n<meta property=\"article:published_time\" content=\"2024-08-20T14:30:55+00:00\" \/>\n<meta property=\"og:image\" content=\"https:\/\/www.noticiasradioreflejos.com.ar\/2021\/wp-content\/uploads\/2024\/08\/Pyme-cierra.jpg\" \/>\n\t<meta property=\"og:image:width\" content=\"1117\" \/>\n\t<meta property=\"og:image:height\" content=\"720\" \/>\n\t<meta property=\"og:image:type\" content=\"image\/jpeg\" \/>\n<meta name=\"author\" content=\"Arnaldo Botto\" \/>\n<meta name=\"twitter:card\" content=\"summary_large_image\" \/>\n<script type=\"application\/ld+json\" class=\"yoast-schema-graph\">{\"@context\":\"https:\/\/schema.org\",\"@graph\":[{\"@type\":\"WebPage\",\"@id\":\"https:\/\/www.noticiasradioreflejos.com.ar\/2021\/en-medio-de-una-recesion-deliberada-cerraron-mas-de-10-mil-pymes-advierten-en-el-sector\/\",\"url\":\"https:\/\/www.noticiasradioreflejos.com.ar\/2021\/en-medio-de-una-recesion-deliberada-cerraron-mas-de-10-mil-pymes-advierten-en-el-sector\/\",\"name\":\"En medio de una \\\"recesi\u00f3n deliberada\\\" cerraron m\u00e1s de 10 mil PyMEs, advierten en el sector - Noticias Radio Reflejos\",\"isPartOf\":{\"@id\":\"https:\/\/www.noticiasradioreflejos.com.ar\/2021\/#website\"},\"primaryImageOfPage\":{\"@id\":\"https:\/\/www.noticiasradioreflejos.com.ar\/2021\/en-medio-de-una-recesion-deliberada-cerraron-mas-de-10-mil-pymes-advierten-en-el-sector\/#primaryimage\"},\"image\":{\"@id\":\"https:\/\/www.noticiasradioreflejos.com.ar\/2021\/en-medio-de-una-recesion-deliberada-cerraron-mas-de-10-mil-pymes-advierten-en-el-sector\/#primaryimage\"},\"thumbnailUrl\":\"https:\/\/www.noticiasradioreflejos.com.ar\/2021\/wp-content\/uploads\/2024\/08\/Pyme-cierra.jpg\",\"datePublished\":\"2024-08-20T14:30:55+00:00\",\"author\":{\"@id\":\"https:\/\/www.noticiasradioreflejos.com.ar\/2021\/#\/schema\/person\/ad82545263dcc5ec0996818884fd5fb1\"},\"breadcrumb\":{\"@id\":\"https:\/\/www.noticiasradioreflejos.com.ar\/2021\/en-medio-de-una-recesion-deliberada-cerraron-mas-de-10-mil-pymes-advierten-en-el-sector\/#breadcrumb\"},\"inLanguage\":\"es\",\"potentialAction\":[{\"@type\":\"ReadAction\",\"target\":[\"https:\/\/www.noticiasradioreflejos.com.ar\/2021\/en-medio-de-una-recesion-deliberada-cerraron-mas-de-10-mil-pymes-advierten-en-el-sector\/\"]}]},{\"@type\":\"ImageObject\",\"inLanguage\":\"es\",\"@id\":\"https:\/\/www.noticiasradioreflejos.com.ar\/2021\/en-medio-de-una-recesion-deliberada-cerraron-mas-de-10-mil-pymes-advierten-en-el-sector\/#primaryimage\",\"url\":\"https:\/\/www.noticiasradioreflejos.com.ar\/2021\/wp-content\/uploads\/2024\/08\/Pyme-cierra.jpg\",\"contentUrl\":\"https:\/\/www.noticiasradioreflejos.com.ar\/2021\/wp-content\/uploads\/2024\/08\/Pyme-cierra.jpg\",\"width\":1117,\"height\":720},{\"@type\":\"BreadcrumbList\",\"@id\":\"https:\/\/www.noticiasradioreflejos.com.ar\/2021\/en-medio-de-una-recesion-deliberada-cerraron-mas-de-10-mil-pymes-advierten-en-el-sector\/#breadcrumb\",\"itemListElement\":[{\"@type\":\"ListItem\",\"position\":1,\"name\":\"Portada\",\"item\":\"https:\/\/www.noticiasradioreflejos.com.ar\/2021\/\"},{\"@type\":\"ListItem\",\"position\":2,\"name\":\"En medio de una \u00abrecesi\u00f3n deliberada\u00bb cerraron m\u00e1s de 10 mil PyMEs, advierten en el sector\"}]},{\"@type\":\"WebSite\",\"@id\":\"https:\/\/www.noticiasradioreflejos.com.ar\/2021\/#website\",\"url\":\"https:\/\/www.noticiasradioreflejos.com.ar\/2021\/\",\"name\":\"Noticias Radio Reflejos\",\"description\":\"Las noticias de mi comarca\",\"potentialAction\":[{\"@type\":\"SearchAction\",\"target\":{\"@type\":\"EntryPoint\",\"urlTemplate\":\"https:\/\/www.noticiasradioreflejos.com.ar\/2021\/?s={search_term_string}\"},\"query-input\":{\"@type\":\"PropertyValueSpecification\",\"valueRequired\":true,\"valueName\":\"search_term_string\"}}],\"inLanguage\":\"es\"},{\"@type\":\"Person\",\"@id\":\"https:\/\/www.noticiasradioreflejos.com.ar\/2021\/#\/schema\/person\/ad82545263dcc5ec0996818884fd5fb1\",\"name\":\"Arnaldo Botto\",\"image\":{\"@type\":\"ImageObject\",\"inLanguage\":\"es\",\"@id\":\"https:\/\/www.noticiasradioreflejos.com.ar\/2021\/#\/schema\/person\/image\/\",\"url\":\"https:\/\/secure.gravatar.com\/avatar\/55cb5e37c1efa326397366e6974cb338056df65cb50e7d64d1cf314e87504837?s=96&d=mm&r=g\",\"contentUrl\":\"https:\/\/secure.gravatar.com\/avatar\/55cb5e37c1efa326397366e6974cb338056df65cb50e7d64d1cf314e87504837?s=96&d=mm&r=g\",\"caption\":\"Arnaldo Botto\"},\"url\":\"https:\/\/www.noticiasradioreflejos.com.ar\/2021\/author\/arnaldo\/\"}]}<\/script>\n<!-- \/ Yoast SEO plugin. -->","yoast_head_json":{"title":"En medio de una \"recesi\u00f3n deliberada\" cerraron m\u00e1s de 10 mil PyMEs, advierten en el sector - Noticias Radio Reflejos","robots":{"index":"index","follow":"follow","max-snippet":"max-snippet:-1","max-image-preview":"max-image-preview:large","max-video-preview":"max-video-preview:-1"},"canonical":"https:\/\/www.noticiasradioreflejos.com.ar\/2021\/en-medio-de-una-recesion-deliberada-cerraron-mas-de-10-mil-pymes-advierten-en-el-sector\/","og_locale":"es_ES","og_type":"article","og_title":"En medio de una \"recesi\u00f3n deliberada\" cerraron m\u00e1s de 10 mil PyMEs, advierten en el sector - Noticias Radio Reflejos","og_description":"\u00abSe est\u00e1n llevando puestas empresas de manera brutal\u00bb, se\u00f1al\u00f3 el presidente de ENAC, Leo Bilanski.","og_url":"https:\/\/www.noticiasradioreflejos.com.ar\/2021\/en-medio-de-una-recesion-deliberada-cerraron-mas-de-10-mil-pymes-advierten-en-el-sector\/","og_site_name":"Noticias Radio Reflejos","article_published_time":"2024-08-20T14:30:55+00:00","og_image":[{"width":1117,"height":720,"url":"https:\/\/www.noticiasradioreflejos.com.ar\/2021\/wp-content\/uploads\/2024\/08\/Pyme-cierra.jpg","type":"image\/jpeg"}],"author":"Arnaldo Botto","twitter_card":"summary_large_image","schema":{"@context":"https:\/\/schema.org","@graph":[{"@type":"WebPage","@id":"https:\/\/www.noticiasradioreflejos.com.ar\/2021\/en-medio-de-una-recesion-deliberada-cerraron-mas-de-10-mil-pymes-advierten-en-el-sector\/","url":"https:\/\/www.noticiasradioreflejos.com.ar\/2021\/en-medio-de-una-recesion-deliberada-cerraron-mas-de-10-mil-pymes-advierten-en-el-sector\/","name":"En medio de una \"recesi\u00f3n deliberada\" cerraron m\u00e1s de 10 mil PyMEs, advierten en el sector - Noticias Radio Reflejos","isPartOf":{"@id":"https:\/\/www.noticiasradioreflejos.com.ar\/2021\/#website"},"primaryImageOfPage":{"@id":"https:\/\/www.noticiasradioreflejos.com.ar\/2021\/en-medio-de-una-recesion-deliberada-cerraron-mas-de-10-mil-pymes-advierten-en-el-sector\/#primaryimage"},"image":{"@id":"https:\/\/www.noticiasradioreflejos.com.ar\/2021\/en-medio-de-una-recesion-deliberada-cerraron-mas-de-10-mil-pymes-advierten-en-el-sector\/#primaryimage"},"thumbnailUrl":"https:\/\/www.noticiasradioreflejos.com.ar\/2021\/wp-content\/uploads\/2024\/08\/Pyme-cierra.jpg","datePublished":"2024-08-20T14:30:55+00:00","author":{"@id":"https:\/\/www.noticiasradioreflejos.com.ar\/2021\/#\/schema\/person\/ad82545263dcc5ec0996818884fd5fb1"},"breadcrumb":{"@id":"https:\/\/www.noticiasradioreflejos.com.ar\/2021\/en-medio-de-una-recesion-deliberada-cerraron-mas-de-10-mil-pymes-advierten-en-el-sector\/#breadcrumb"},"inLanguage":"es","potentialAction":[{"@type":"ReadAction","target":["https:\/\/www.noticiasradioreflejos.com.ar\/2021\/en-medio-de-una-recesion-deliberada-cerraron-mas-de-10-mil-pymes-advierten-en-el-sector\/"]}]},{"@type":"ImageObject","inLanguage":"es","@id":"https:\/\/www.noticiasradioreflejos.com.ar\/2021\/en-medio-de-una-recesion-deliberada-cerraron-mas-de-10-mil-pymes-advierten-en-el-sector\/#primaryimage","url":"https:\/\/www.noticiasradioreflejos.com.ar\/2021\/wp-content\/uploads\/2024\/08\/Pyme-cierra.jpg","contentUrl":"https:\/\/www.noticiasradioreflejos.com.ar\/2021\/wp-content\/uploads\/2024\/08\/Pyme-cierra.jpg","width":1117,"height":720},{"@type":"BreadcrumbList","@id":"https:\/\/www.noticiasradioreflejos.com.ar\/2021\/en-medio-de-una-recesion-deliberada-cerraron-mas-de-10-mil-pymes-advierten-en-el-sector\/#breadcrumb","itemListElement":[{"@type":"ListItem","position":1,"name":"Portada","item":"https:\/\/www.noticiasradioreflejos.com.ar\/2021\/"},{"@type":"ListItem","position":2,"name":"En medio de una \u00abrecesi\u00f3n deliberada\u00bb cerraron m\u00e1s de 10 mil PyMEs, advierten en el sector"}]},{"@type":"WebSite","@id":"https:\/\/www.noticiasradioreflejos.com.ar\/2021\/#website","url":"https:\/\/www.noticiasradioreflejos.com.ar\/2021\/","name":"Noticias Radio Reflejos","description":"Las noticias de mi comarca","potentialAction":[{"@type":"SearchAction","target":{"@type":"EntryPoint","urlTemplate":"https:\/\/www.noticiasradioreflejos.com.ar\/2021\/?s={search_term_string}"},"query-input":{"@type":"PropertyValueSpecification","valueRequired":true,"valueName":"search_term_string"}}],"inLanguage":"es"},{"@type":"Person","@id":"https:\/\/www.noticiasradioreflejos.com.ar\/2021\/#\/schema\/person\/ad82545263dcc5ec0996818884fd5fb1","name":"Arnaldo Botto","image":{"@type":"ImageObject","inLanguage":"es","@id":"https:\/\/www.noticiasradioreflejos.com.ar\/2021\/#\/schema\/person\/image\/","url":"https:\/\/secure.gravatar.com\/avatar\/55cb5e37c1efa326397366e6974cb338056df65cb50e7d64d1cf314e87504837?s=96&d=mm&r=g","contentUrl":"https:\/\/secure.gravatar.com\/avatar\/55cb5e37c1efa326397366e6974cb338056df65cb50e7d64d1cf314e87504837?s=96&d=mm&r=g","caption":"Arnaldo Botto"},"url":"https:\/\/www.noticiasradioreflejos.com.ar\/2021\/author\/arnaldo\/"}]}},"_links":{"self":[{"href":"https:\/\/www.noticiasradioreflejos.com.ar\/2021\/wp-json\/wp\/v2\/posts\/106479","targetHints":{"allow":["GET"]}}],"collection":[{"href":"https:\/\/www.noticiasradioreflejos.com.ar\/2021\/wp-json\/wp\/v2\/posts"}],"about":[{"href":"https:\/\/www.noticiasradioreflejos.com.ar\/2021\/wp-json\/wp\/v2\/types\/post"}],"author":[{"embeddable":true,"href":"https:\/\/www.noticiasradioreflejos.com.ar\/2021\/wp-json\/wp\/v2\/users\/3"}],"replies":[{"embeddable":true,"href":"https:\/\/www.noticiasradioreflejos.com.ar\/2021\/wp-json\/wp\/v2\/comments?post=106479"}],"version-history":[{"count":1,"href":"https:\/\/www.noticiasradioreflejos.com.ar\/2021\/wp-json\/wp\/v2\/posts\/106479\/revisions"}],"predecessor-version":[{"id":106481,"href":"https:\/\/www.noticiasradioreflejos.com.ar\/2021\/wp-json\/wp\/v2\/posts\/106479\/revisions\/106481"}],"wp:featuredmedia":[{"embeddable":true,"href":"https:\/\/www.noticiasradioreflejos.com.ar\/2021\/wp-json\/wp\/v2\/media\/106480"}],"wp:attachment":[{"href":"https:\/\/www.noticiasradioreflejos.com.ar\/2021\/wp-json\/wp\/v2\/media?parent=106479"}],"wp:term":[{"taxonomy":"category","embeddable":true,"href":"https:\/\/www.noticiasradioreflejos.com.ar\/2021\/wp-json\/wp\/v2\/categories?post=106479"},{"taxonomy":"post_tag","embeddable":true,"href":"https:\/\/www.noticiasradioreflejos.com.ar\/2021\/wp-json\/wp\/v2\/tags?post=106479"}],"curies":[{"name":"wp","href":"https:\/\/api.w.org\/{rel}","templated":true}]}}