{"id":106471,"date":"2024-08-20T08:52:08","date_gmt":"2024-08-20T11:52:08","guid":{"rendered":"https:\/\/www.noticiasradioreflejos.com.ar\/2021\/?p=106471"},"modified":"2024-08-20T08:52:08","modified_gmt":"2024-08-20T11:52:08","slug":"la-provincia-acordo-un-nuevo-aumento-salarial-con-trabajadores-estatales","status":"publish","type":"post","link":"https:\/\/www.noticiasradioreflejos.com.ar\/2021\/la-provincia-acordo-un-nuevo-aumento-salarial-con-trabajadores-estatales\/","title":{"rendered":"La Provincia acord\u00f3 un nuevo aumento salarial con trabajadores estatales"},"content":{"rendered":"<p>El anuncio fue oficializado durante la conferencia de prensa encabezada por los ministros Carlos Bianco, Pablo L\u00f3pez y Nicol\u00e1s Kreplak. Se trata de un tramo de aumento del 4,5% para agosto y del 4% para septiembre.<!--more--><\/p>\n<div class=\"field field-name-field-imagen-gobierno field-type-image field-label-hidden\">\n<div class=\"field-items\">\n<div class=\"field-item even\"><\/div>\n<\/div>\n<\/div>\n<div class=\"field field-name-field-epigrafe-img-noticia field-type-text field-label-hidden\">\n<div class=\"field-items\">\n<div class=\"field-item even\">El ministro de Gobierno bonaerense, Carlos Bianco, brind\u00f3 este lunes una nueva conferencia de prensa en el Sal\u00f3n Dorado de la Gobernaci\u00f3n junto a los ministros de Econom\u00eda, Pablo L\u00f3pez, y de Salud, Nicol\u00e1s Kreplak. Entre otros anuncios, los funcionarios dieron a conocer los detalles del acuerdo paritario alcanzado con los gremios estatales de la provincia de Buenos Aires y presentaron medidas de asistencia y fortalecimiento en materia sanitaria.<\/div>\n<\/div>\n<\/div>\n<div class=\"field field-name-body field-type-text-with-summary field-label-hidden\">\n<div class=\"field-items\">\n<div class=\"field-item even\">\n<p>En su presentaci\u00f3n, L\u00f3pez explic\u00f3 que el nuevo acuerdo salarial corresponde a los meses de agosto y septiembre, con un 4,5% y un 4% de incremento respectivamente. La medida alcanza a todas las y los trabajadores de la Administraci\u00f3n P\u00fablica Provincial, incluidas las fuerzas de seguridad y el Servicio Penitenciario Bonaerense.<\/p>\n<p>Al respecto, el Ministro asegur\u00f3: \u201cEste nuevo acuerdo salarial alcanzado en el \u00e1mbito paritario con los representantes gremiales es fundamental, ya que son las y los trabajadores de la Provincia quienes constituyen y construyen el Estado presente que necesitamos\u201d. Asimismo, L\u00f3pez agreg\u00f3: \u201cMientras el Gobierno nacional, a trav\u00e9s de sus pol\u00edticas econ\u00f3micas, genera una brutal recesi\u00f3n, ca\u00edda de ingresos, desempleo y, en definitiva, angustia en la poblaci\u00f3n, desde el Gobierno de la Provincia, con mucho esfuerzo y gracias a una administraci\u00f3n fiscal y financiera responsable, llevamos adelante la instrucci\u00f3n de nuestro gobernador Axel Kicillof de cumplir con todas las obligaciones del Estado provincial, en especial la de proteger y dar las respuestas que las y los bonaerenses necesitan\u201d.<\/p>\n<p>Por su parte, Bianco repas\u00f3 las actividades desarrolladas por el gobernador Axel Kicillof durante la semana pasada y se refiri\u00f3 a las declaraciones del jefe de Gobierno de la Ciudad de Buenos Aires, Jorge Macri, quien cuestion\u00f3 el \u201ccompromiso\u201d del Gobierno bonaerense con la seguridad de la provincia: \u201cCon gusto podemos explicarle al Jefe de Gobierno, o a cualquier funcionario que \u00e9l determine, todas las pol\u00edticas de seguridad que hemos implementado durante nuestra gesti\u00f3n y que han llevado a una reducci\u00f3n de los \u00edndices de delito en los \u00faltimos cuatro a\u00f1os y medio\u201d. \u201cSi hay algo que no le falta a la provincia de Buenos Aires es compromiso en materia de seguridad\u201d, remarc\u00f3 el Ministro de Gobierno.<\/p>\n<p>A su turno, Kreplak comunic\u00f3 nuevas medidas para el fortalecimiento del sistema de salud provincial, tanto en materia de asistencia a la ciudadan\u00eda como de formaci\u00f3n profesional: \u201cSeguimos ampliando el sistema, con m\u00e1s acceso y calidad. Por eso, sumamos el servicio telef\u00f3nico de informaci\u00f3n y asesoramiento confidencial y seguro sobre m\u00e9todos anticonceptivos y acceso a la interrupci\u00f3n del embarazo, entre otras consultas de salud sexual y reproductiva, a trav\u00e9s de la L\u00ednea 148\u201d. La l\u00ednea funcionar\u00e1 de 9 a 17 hs. y es un desarrollo conjunto del Ministerio de Salud y la Subsecretar\u00eda de Gobierno Digital del Ministerio de Gobierno. Adem\u00e1s, el ministro de Salud inform\u00f3 que a partir de septiembre habr\u00e1 un aumento significativo de los aportes que ejecuta el IOMA por la realizaci\u00f3n de cirug\u00edas, consultas m\u00e9dicas y guardias.<\/p>\n<p>Asimismo, y frente a la propuesta impulsada por algunos sectores de arancelar la atenci\u00f3n sanitaria a personas extranjeras no residentes, Kreplak present\u00f3 un informe que indica que el uso de los servicios de salud por parte de esta poblaci\u00f3n se encuentra en todos los registros por debajo del 1%.<\/p>\n<p>\u201cLa gratuidad y el acceso universal al sistema de salud es un valor central para nuestra poblaci\u00f3n. La idea de ponerlo en discusi\u00f3n debe venir acompa\u00f1ada de un an\u00e1lisis muy riguroso y de una discusi\u00f3n social de cara a la poblaci\u00f3n que sea veraz y que permita realizar un an\u00e1lisis para tomar una decisi\u00f3n tan profunda como pueblo, entre todos; no puede basarse en mentiras, fake news o redes sociales\u201d, concluy\u00f3 el Ministro.<\/p>\n<\/div>\n<\/div>\n<\/div>\n<div class=\"social-share clearfix\"><\/div>\n","protected":false},"excerpt":{"rendered":"<p>El anuncio fue oficializado durante la conferencia de prensa encabezada por los ministros Carlos Bianco, Pablo L\u00f3pez y Nicol\u00e1s Kreplak. Se trata de un tramo de aumento del 4,5% para agosto y del 4% para septiembre.<\/p>\n","protected":false},"author":3,"featured_media":106472,"comment_status":"closed","ping_status":"closed","sticky":false,"template":"","format":"standard","meta":{"footnotes":""},"categories":[58],"tags":[],"class_list":["post-106471","post","type-post","status-publish","format-standard","has-post-thumbnail","hentry","category-gobierno"],"yoast_head":"<!-- This site is optimized with the Yoast SEO plugin v25.9 - https:\/\/yoast.com\/wordpress\/plugins\/seo\/ -->\n<title>La Provincia acord\u00f3 un nuevo aumento salarial con trabajadores estatales - Noticias Radio Reflejos<\/title>\n<meta name=\"robots\" content=\"index, follow, max-snippet:-1, max-image-preview:large, max-video-preview:-1\" \/>\n<link rel=\"canonical\" href=\"https:\/\/www.noticiasradioreflejos.com.ar\/2021\/la-provincia-acordo-un-nuevo-aumento-salarial-con-trabajadores-estatales\/\" \/>\n<meta property=\"og:locale\" content=\"es_ES\" \/>\n<meta property=\"og:type\" content=\"article\" \/>\n<meta property=\"og:title\" content=\"La Provincia acord\u00f3 un nuevo aumento salarial con trabajadores estatales - Noticias Radio Reflejos\" \/>\n<meta property=\"og:description\" content=\"El anuncio fue oficializado durante la conferencia de prensa encabezada por los ministros Carlos Bianco, Pablo L\u00f3pez y Nicol\u00e1s Kreplak. Se trata de un tramo de aumento del 4,5% para agosto y del 4% para septiembre.\" \/>\n<meta property=\"og:url\" content=\"https:\/\/www.noticiasradioreflejos.com.ar\/2021\/la-provincia-acordo-un-nuevo-aumento-salarial-con-trabajadores-estatales\/\" \/>\n<meta property=\"og:site_name\" content=\"Noticias Radio Reflejos\" \/>\n<meta property=\"article:published_time\" content=\"2024-08-20T11:52:08+00:00\" \/>\n<meta property=\"og:image\" content=\"https:\/\/www.noticiasradioreflejos.com.ar\/2021\/wp-content\/uploads\/2024\/08\/Gobierno-Ba-As.jpeg\" \/>\n\t<meta property=\"og:image:width\" content=\"743\" \/>\n\t<meta property=\"og:image:height\" content=\"530\" \/>\n\t<meta property=\"og:image:type\" content=\"image\/jpeg\" \/>\n<meta name=\"author\" content=\"Arnaldo Botto\" \/>\n<meta name=\"twitter:card\" content=\"summary_large_image\" \/>\n<script type=\"application\/ld+json\" class=\"yoast-schema-graph\">{\"@context\":\"https:\/\/schema.org\",\"@graph\":[{\"@type\":\"WebPage\",\"@id\":\"https:\/\/www.noticiasradioreflejos.com.ar\/2021\/la-provincia-acordo-un-nuevo-aumento-salarial-con-trabajadores-estatales\/\",\"url\":\"https:\/\/www.noticiasradioreflejos.com.ar\/2021\/la-provincia-acordo-un-nuevo-aumento-salarial-con-trabajadores-estatales\/\",\"name\":\"La Provincia acord\u00f3 un nuevo aumento salarial con trabajadores estatales - Noticias Radio Reflejos\",\"isPartOf\":{\"@id\":\"https:\/\/www.noticiasradioreflejos.com.ar\/2021\/#website\"},\"primaryImageOfPage\":{\"@id\":\"https:\/\/www.noticiasradioreflejos.com.ar\/2021\/la-provincia-acordo-un-nuevo-aumento-salarial-con-trabajadores-estatales\/#primaryimage\"},\"image\":{\"@id\":\"https:\/\/www.noticiasradioreflejos.com.ar\/2021\/la-provincia-acordo-un-nuevo-aumento-salarial-con-trabajadores-estatales\/#primaryimage\"},\"thumbnailUrl\":\"https:\/\/www.noticiasradioreflejos.com.ar\/2021\/wp-content\/uploads\/2024\/08\/Gobierno-Ba-As.jpeg\",\"datePublished\":\"2024-08-20T11:52:08+00:00\",\"author\":{\"@id\":\"https:\/\/www.noticiasradioreflejos.com.ar\/2021\/#\/schema\/person\/ad82545263dcc5ec0996818884fd5fb1\"},\"breadcrumb\":{\"@id\":\"https:\/\/www.noticiasradioreflejos.com.ar\/2021\/la-provincia-acordo-un-nuevo-aumento-salarial-con-trabajadores-estatales\/#breadcrumb\"},\"inLanguage\":\"es\",\"potentialAction\":[{\"@type\":\"ReadAction\",\"target\":[\"https:\/\/www.noticiasradioreflejos.com.ar\/2021\/la-provincia-acordo-un-nuevo-aumento-salarial-con-trabajadores-estatales\/\"]}]},{\"@type\":\"ImageObject\",\"inLanguage\":\"es\",\"@id\":\"https:\/\/www.noticiasradioreflejos.com.ar\/2021\/la-provincia-acordo-un-nuevo-aumento-salarial-con-trabajadores-estatales\/#primaryimage\",\"url\":\"https:\/\/www.noticiasradioreflejos.com.ar\/2021\/wp-content\/uploads\/2024\/08\/Gobierno-Ba-As.jpeg\",\"contentUrl\":\"https:\/\/www.noticiasradioreflejos.com.ar\/2021\/wp-content\/uploads\/2024\/08\/Gobierno-Ba-As.jpeg\",\"width\":743,\"height\":530},{\"@type\":\"BreadcrumbList\",\"@id\":\"https:\/\/www.noticiasradioreflejos.com.ar\/2021\/la-provincia-acordo-un-nuevo-aumento-salarial-con-trabajadores-estatales\/#breadcrumb\",\"itemListElement\":[{\"@type\":\"ListItem\",\"position\":1,\"name\":\"Portada\",\"item\":\"https:\/\/www.noticiasradioreflejos.com.ar\/2021\/\"},{\"@type\":\"ListItem\",\"position\":2,\"name\":\"La Provincia acord\u00f3 un nuevo aumento salarial con trabajadores estatales\"}]},{\"@type\":\"WebSite\",\"@id\":\"https:\/\/www.noticiasradioreflejos.com.ar\/2021\/#website\",\"url\":\"https:\/\/www.noticiasradioreflejos.com.ar\/2021\/\",\"name\":\"Noticias Radio Reflejos\",\"description\":\"Las noticias de mi comarca\",\"potentialAction\":[{\"@type\":\"SearchAction\",\"target\":{\"@type\":\"EntryPoint\",\"urlTemplate\":\"https:\/\/www.noticiasradioreflejos.com.ar\/2021\/?s={search_term_string}\"},\"query-input\":{\"@type\":\"PropertyValueSpecification\",\"valueRequired\":true,\"valueName\":\"search_term_string\"}}],\"inLanguage\":\"es\"},{\"@type\":\"Person\",\"@id\":\"https:\/\/www.noticiasradioreflejos.com.ar\/2021\/#\/schema\/person\/ad82545263dcc5ec0996818884fd5fb1\",\"name\":\"Arnaldo Botto\",\"image\":{\"@type\":\"ImageObject\",\"inLanguage\":\"es\",\"@id\":\"https:\/\/www.noticiasradioreflejos.com.ar\/2021\/#\/schema\/person\/image\/\",\"url\":\"https:\/\/secure.gravatar.com\/avatar\/55cb5e37c1efa326397366e6974cb338056df65cb50e7d64d1cf314e87504837?s=96&d=mm&r=g\",\"contentUrl\":\"https:\/\/secure.gravatar.com\/avatar\/55cb5e37c1efa326397366e6974cb338056df65cb50e7d64d1cf314e87504837?s=96&d=mm&r=g\",\"caption\":\"Arnaldo Botto\"},\"url\":\"https:\/\/www.noticiasradioreflejos.com.ar\/2021\/author\/arnaldo\/\"}]}<\/script>\n<!-- \/ Yoast SEO plugin. -->","yoast_head_json":{"title":"La Provincia acord\u00f3 un nuevo aumento salarial con trabajadores estatales - Noticias Radio Reflejos","robots":{"index":"index","follow":"follow","max-snippet":"max-snippet:-1","max-image-preview":"max-image-preview:large","max-video-preview":"max-video-preview:-1"},"canonical":"https:\/\/www.noticiasradioreflejos.com.ar\/2021\/la-provincia-acordo-un-nuevo-aumento-salarial-con-trabajadores-estatales\/","og_locale":"es_ES","og_type":"article","og_title":"La Provincia acord\u00f3 un nuevo aumento salarial con trabajadores estatales - Noticias Radio Reflejos","og_description":"El anuncio fue oficializado durante la conferencia de prensa encabezada por los ministros Carlos Bianco, Pablo L\u00f3pez y Nicol\u00e1s Kreplak. Se trata de un tramo de aumento del 4,5% para agosto y del 4% para septiembre.","og_url":"https:\/\/www.noticiasradioreflejos.com.ar\/2021\/la-provincia-acordo-un-nuevo-aumento-salarial-con-trabajadores-estatales\/","og_site_name":"Noticias Radio Reflejos","article_published_time":"2024-08-20T11:52:08+00:00","og_image":[{"width":743,"height":530,"url":"https:\/\/www.noticiasradioreflejos.com.ar\/2021\/wp-content\/uploads\/2024\/08\/Gobierno-Ba-As.jpeg","type":"image\/jpeg"}],"author":"Arnaldo Botto","twitter_card":"summary_large_image","schema":{"@context":"https:\/\/schema.org","@graph":[{"@type":"WebPage","@id":"https:\/\/www.noticiasradioreflejos.com.ar\/2021\/la-provincia-acordo-un-nuevo-aumento-salarial-con-trabajadores-estatales\/","url":"https:\/\/www.noticiasradioreflejos.com.ar\/2021\/la-provincia-acordo-un-nuevo-aumento-salarial-con-trabajadores-estatales\/","name":"La Provincia acord\u00f3 un nuevo aumento salarial con trabajadores estatales - Noticias Radio Reflejos","isPartOf":{"@id":"https:\/\/www.noticiasradioreflejos.com.ar\/2021\/#website"},"primaryImageOfPage":{"@id":"https:\/\/www.noticiasradioreflejos.com.ar\/2021\/la-provincia-acordo-un-nuevo-aumento-salarial-con-trabajadores-estatales\/#primaryimage"},"image":{"@id":"https:\/\/www.noticiasradioreflejos.com.ar\/2021\/la-provincia-acordo-un-nuevo-aumento-salarial-con-trabajadores-estatales\/#primaryimage"},"thumbnailUrl":"https:\/\/www.noticiasradioreflejos.com.ar\/2021\/wp-content\/uploads\/2024\/08\/Gobierno-Ba-As.jpeg","datePublished":"2024-08-20T11:52:08+00:00","author":{"@id":"https:\/\/www.noticiasradioreflejos.com.ar\/2021\/#\/schema\/person\/ad82545263dcc5ec0996818884fd5fb1"},"breadcrumb":{"@id":"https:\/\/www.noticiasradioreflejos.com.ar\/2021\/la-provincia-acordo-un-nuevo-aumento-salarial-con-trabajadores-estatales\/#breadcrumb"},"inLanguage":"es","potentialAction":[{"@type":"ReadAction","target":["https:\/\/www.noticiasradioreflejos.com.ar\/2021\/la-provincia-acordo-un-nuevo-aumento-salarial-con-trabajadores-estatales\/"]}]},{"@type":"ImageObject","inLanguage":"es","@id":"https:\/\/www.noticiasradioreflejos.com.ar\/2021\/la-provincia-acordo-un-nuevo-aumento-salarial-con-trabajadores-estatales\/#primaryimage","url":"https:\/\/www.noticiasradioreflejos.com.ar\/2021\/wp-content\/uploads\/2024\/08\/Gobierno-Ba-As.jpeg","contentUrl":"https:\/\/www.noticiasradioreflejos.com.ar\/2021\/wp-content\/uploads\/2024\/08\/Gobierno-Ba-As.jpeg","width":743,"height":530},{"@type":"BreadcrumbList","@id":"https:\/\/www.noticiasradioreflejos.com.ar\/2021\/la-provincia-acordo-un-nuevo-aumento-salarial-con-trabajadores-estatales\/#breadcrumb","itemListElement":[{"@type":"ListItem","position":1,"name":"Portada","item":"https:\/\/www.noticiasradioreflejos.com.ar\/2021\/"},{"@type":"ListItem","position":2,"name":"La Provincia acord\u00f3 un nuevo aumento salarial con trabajadores estatales"}]},{"@type":"WebSite","@id":"https:\/\/www.noticiasradioreflejos.com.ar\/2021\/#website","url":"https:\/\/www.noticiasradioreflejos.com.ar\/2021\/","name":"Noticias Radio Reflejos","description":"Las noticias de mi comarca","potentialAction":[{"@type":"SearchAction","target":{"@type":"EntryPoint","urlTemplate":"https:\/\/www.noticiasradioreflejos.com.ar\/2021\/?s={search_term_string}"},"query-input":{"@type":"PropertyValueSpecification","valueRequired":true,"valueName":"search_term_string"}}],"inLanguage":"es"},{"@type":"Person","@id":"https:\/\/www.noticiasradioreflejos.com.ar\/2021\/#\/schema\/person\/ad82545263dcc5ec0996818884fd5fb1","name":"Arnaldo Botto","image":{"@type":"ImageObject","inLanguage":"es","@id":"https:\/\/www.noticiasradioreflejos.com.ar\/2021\/#\/schema\/person\/image\/","url":"https:\/\/secure.gravatar.com\/avatar\/55cb5e37c1efa326397366e6974cb338056df65cb50e7d64d1cf314e87504837?s=96&d=mm&r=g","contentUrl":"https:\/\/secure.gravatar.com\/avatar\/55cb5e37c1efa326397366e6974cb338056df65cb50e7d64d1cf314e87504837?s=96&d=mm&r=g","caption":"Arnaldo Botto"},"url":"https:\/\/www.noticiasradioreflejos.com.ar\/2021\/author\/arnaldo\/"}]}},"_links":{"self":[{"href":"https:\/\/www.noticiasradioreflejos.com.ar\/2021\/wp-json\/wp\/v2\/posts\/106471","targetHints":{"allow":["GET"]}}],"collection":[{"href":"https:\/\/www.noticiasradioreflejos.com.ar\/2021\/wp-json\/wp\/v2\/posts"}],"about":[{"href":"https:\/\/www.noticiasradioreflejos.com.ar\/2021\/wp-json\/wp\/v2\/types\/post"}],"author":[{"embeddable":true,"href":"https:\/\/www.noticiasradioreflejos.com.ar\/2021\/wp-json\/wp\/v2\/users\/3"}],"replies":[{"embeddable":true,"href":"https:\/\/www.noticiasradioreflejos.com.ar\/2021\/wp-json\/wp\/v2\/comments?post=106471"}],"version-history":[{"count":1,"href":"https:\/\/www.noticiasradioreflejos.com.ar\/2021\/wp-json\/wp\/v2\/posts\/106471\/revisions"}],"predecessor-version":[{"id":106473,"href":"https:\/\/www.noticiasradioreflejos.com.ar\/2021\/wp-json\/wp\/v2\/posts\/106471\/revisions\/106473"}],"wp:featuredmedia":[{"embeddable":true,"href":"https:\/\/www.noticiasradioreflejos.com.ar\/2021\/wp-json\/wp\/v2\/media\/106472"}],"wp:attachment":[{"href":"https:\/\/www.noticiasradioreflejos.com.ar\/2021\/wp-json\/wp\/v2\/media?parent=106471"}],"wp:term":[{"taxonomy":"category","embeddable":true,"href":"https:\/\/www.noticiasradioreflejos.com.ar\/2021\/wp-json\/wp\/v2\/categories?post=106471"},{"taxonomy":"post_tag","embeddable":true,"href":"https:\/\/www.noticiasradioreflejos.com.ar\/2021\/wp-json\/wp\/v2\/tags?post=106471"}],"curies":[{"name":"wp","href":"https:\/\/api.w.org\/{rel}","templated":true}]}}