{"id":106468,"date":"2024-08-20T08:38:49","date_gmt":"2024-08-20T11:38:49","guid":{"rendered":"https:\/\/www.noticiasradioreflejos.com.ar\/2021\/?p=106468"},"modified":"2024-08-20T08:38:49","modified_gmt":"2024-08-20T11:38:49","slug":"el-gobierno-amplio-la-firma-digital-se-podran-formalizar-contratos-y-tramites-en-forma-remota","status":"publish","type":"post","link":"https:\/\/www.noticiasradioreflejos.com.ar\/2021\/el-gobierno-amplio-la-firma-digital-se-podran-formalizar-contratos-y-tramites-en-forma-remota\/","title":{"rendered":"El Gobierno ampli\u00f3 la firma digital: se podr\u00e1n formalizar contratos y tr\u00e1mites en forma remota"},"content":{"rendered":"<p>La medida forma parte del proceso de modernizaci\u00f3n tecnol\u00f3gica de la Administraci\u00f3n P\u00fablica.<!--more--><\/p>\n<div class=\"column-main\">\n<div class=\"article-body\" data-tadevel-template=\"web\/article-body\">\n<div class=\"article-body-content\">\n<p>El Gobierno\u00a0<strong>modific\u00f3 el sistema de firma digital<\/strong>, ampliando su alcance para que se puedan formalizar tr\u00e1mites y contratos de manera remota, mediante el Decreto 743\/2024 publicado este martes en el Bolet\u00edn Oficial.<\/p>\n<p>La normativa<strong>\u00a0habilita la posibilidad de que la verificaci\u00f3n de identidad pueda realizarse de manera virtual<\/strong>, sin la necesidad de realizar ning\u00fan tr\u00e1mite presencial, como estaba estipulado hasta ahora. La validaci\u00f3n se realizar\u00e1 en tiempo real confrontando los datos del Registro Nacional de las Personas (RENAPER).<\/p>\n<p>Adem\u00e1s, tambi\u00e9n introdujo modificaciones en el r\u00e9gimen de Certificadores Licenciados,\u00a0<strong>permitiendo delegar en \u201cautoridades de registro\u201d las funciones de validaci\u00f3n de identidad<\/strong>\u00a0y otros datos de los suscriptores de certificados y de registro de las presentaciones y tr\u00e1mites que les sean formuladas;\u00a0<strong>y eliminando el requisito de presencialidad<\/strong>, ya que hasta el momento estaban obligados a comprobar la identidad y cualquier otro dato de los solicitantes considerado relevante de manera presencial.<\/p>\n<p>Al respecto, el texto oficial puntualiz\u00f3 que \u201cla presencia f\u00edsica del solicitante o suscriptor ante el Certificador Licenciado o sus Autoridades de Registro no ser\u00e1 condici\u00f3n ineludible para el cumplimiento de los tr\u00e1mites necesarios para la emisi\u00f3n, renovaci\u00f3n o revocaci\u00f3n del correspondiente certificado digital\u201d.<\/p>\n<p>Al explicar la implementaci\u00f3n de la medida, el Decreto que lleva las firmas del presidente Javier Milei, el jefe de Gabinete Guillermo Francos y el ministro de Desregulaci\u00f3n y Transformaci\u00f3n del Estado, Federico Sturzenegger, indic\u00f3 que la misma forma parte del proceso de modernizaci\u00f3n tecnol\u00f3gica en el que est\u00e1 inmersa la Administraci\u00f3n P\u00fablica.<\/p>\n<p>En ese marco, se consider\u00f3 que \u201cen esta instancia del proceso de profundizaci\u00f3n de la modernizaci\u00f3n de la Administraci\u00f3n P\u00fablica Nacional resulta oportuno instrumentar medidas que propicien\u00a0<strong>incrementar la relaci\u00f3n directa de la administraci\u00f3n con los ciudadanos\u201d.<\/strong><\/p>\n<p>De esta manera, la iniciativa se suma a las diferentes medidas implementadas tras la aprobaci\u00f3n del Plan de Modernizaci\u00f3n del Estado durante la presidencia de Mauricio Macri, con el objetivo de \u201cfacilitar el acceso del administrado a los organismos del Estado, agilizando sus tr\u00e1mites administrativos, incrementando la transparencia y accesibilidad, mediante el uso de herramientas tecnol\u00f3gicas que posibiliten un acceso remoto y el ejercicio de un seguimiento efectivo sobre la actividad administrativa\u201d.<\/p>\n<\/div>\n<\/div>\n<p><em><strong>fuente NA<\/strong><\/em><\/p>\n<\/div>\n","protected":false},"excerpt":{"rendered":"<p>La medida forma parte del proceso de modernizaci\u00f3n tecnol\u00f3gica de la Administraci\u00f3n P\u00fablica.<\/p>\n","protected":false},"author":3,"featured_media":106469,"comment_status":"closed","ping_status":"closed","sticky":false,"template":"","format":"standard","meta":{"footnotes":""},"categories":[24],"tags":[],"class_list":["post-106468","post","type-post","status-publish","format-standard","has-post-thumbnail","hentry","category-politica"],"yoast_head":"<!-- This site is optimized with the Yoast SEO plugin v25.9 - https:\/\/yoast.com\/wordpress\/plugins\/seo\/ -->\n<title>El Gobierno ampli\u00f3 la firma digital: se podr\u00e1n formalizar contratos y tr\u00e1mites en forma remota - Noticias Radio Reflejos<\/title>\n<meta name=\"robots\" content=\"index, follow, max-snippet:-1, max-image-preview:large, max-video-preview:-1\" \/>\n<link rel=\"canonical\" href=\"https:\/\/www.noticiasradioreflejos.com.ar\/2021\/el-gobierno-amplio-la-firma-digital-se-podran-formalizar-contratos-y-tramites-en-forma-remota\/\" \/>\n<meta property=\"og:locale\" content=\"es_ES\" \/>\n<meta property=\"og:type\" content=\"article\" \/>\n<meta property=\"og:title\" content=\"El Gobierno ampli\u00f3 la firma digital: se podr\u00e1n formalizar contratos y tr\u00e1mites en forma remota - Noticias Radio Reflejos\" \/>\n<meta property=\"og:description\" content=\"La medida forma parte del proceso de modernizaci\u00f3n tecnol\u00f3gica de la Administraci\u00f3n P\u00fablica.\" \/>\n<meta property=\"og:url\" content=\"https:\/\/www.noticiasradioreflejos.com.ar\/2021\/el-gobierno-amplio-la-firma-digital-se-podran-formalizar-contratos-y-tramites-en-forma-remota\/\" \/>\n<meta property=\"og:site_name\" content=\"Noticias Radio Reflejos\" \/>\n<meta property=\"article:published_time\" content=\"2024-08-20T11:38:49+00:00\" \/>\n<meta property=\"og:image\" content=\"https:\/\/www.noticiasradioreflejos.com.ar\/2021\/wp-content\/uploads\/2024\/08\/Firma-Digital.jpg\" \/>\n\t<meta property=\"og:image:width\" content=\"640\" \/>\n\t<meta property=\"og:image:height\" content=\"337\" \/>\n\t<meta property=\"og:image:type\" content=\"image\/jpeg\" \/>\n<meta name=\"author\" content=\"Arnaldo Botto\" \/>\n<meta name=\"twitter:card\" content=\"summary_large_image\" \/>\n<script type=\"application\/ld+json\" class=\"yoast-schema-graph\">{\"@context\":\"https:\/\/schema.org\",\"@graph\":[{\"@type\":\"WebPage\",\"@id\":\"https:\/\/www.noticiasradioreflejos.com.ar\/2021\/el-gobierno-amplio-la-firma-digital-se-podran-formalizar-contratos-y-tramites-en-forma-remota\/\",\"url\":\"https:\/\/www.noticiasradioreflejos.com.ar\/2021\/el-gobierno-amplio-la-firma-digital-se-podran-formalizar-contratos-y-tramites-en-forma-remota\/\",\"name\":\"El Gobierno ampli\u00f3 la firma digital: se podr\u00e1n formalizar contratos y tr\u00e1mites en forma remota - Noticias Radio Reflejos\",\"isPartOf\":{\"@id\":\"https:\/\/www.noticiasradioreflejos.com.ar\/2021\/#website\"},\"primaryImageOfPage\":{\"@id\":\"https:\/\/www.noticiasradioreflejos.com.ar\/2021\/el-gobierno-amplio-la-firma-digital-se-podran-formalizar-contratos-y-tramites-en-forma-remota\/#primaryimage\"},\"image\":{\"@id\":\"https:\/\/www.noticiasradioreflejos.com.ar\/2021\/el-gobierno-amplio-la-firma-digital-se-podran-formalizar-contratos-y-tramites-en-forma-remota\/#primaryimage\"},\"thumbnailUrl\":\"https:\/\/www.noticiasradioreflejos.com.ar\/2021\/wp-content\/uploads\/2024\/08\/Firma-Digital.jpg\",\"datePublished\":\"2024-08-20T11:38:49+00:00\",\"author\":{\"@id\":\"https:\/\/www.noticiasradioreflejos.com.ar\/2021\/#\/schema\/person\/ad82545263dcc5ec0996818884fd5fb1\"},\"breadcrumb\":{\"@id\":\"https:\/\/www.noticiasradioreflejos.com.ar\/2021\/el-gobierno-amplio-la-firma-digital-se-podran-formalizar-contratos-y-tramites-en-forma-remota\/#breadcrumb\"},\"inLanguage\":\"es\",\"potentialAction\":[{\"@type\":\"ReadAction\",\"target\":[\"https:\/\/www.noticiasradioreflejos.com.ar\/2021\/el-gobierno-amplio-la-firma-digital-se-podran-formalizar-contratos-y-tramites-en-forma-remota\/\"]}]},{\"@type\":\"ImageObject\",\"inLanguage\":\"es\",\"@id\":\"https:\/\/www.noticiasradioreflejos.com.ar\/2021\/el-gobierno-amplio-la-firma-digital-se-podran-formalizar-contratos-y-tramites-en-forma-remota\/#primaryimage\",\"url\":\"https:\/\/www.noticiasradioreflejos.com.ar\/2021\/wp-content\/uploads\/2024\/08\/Firma-Digital.jpg\",\"contentUrl\":\"https:\/\/www.noticiasradioreflejos.com.ar\/2021\/wp-content\/uploads\/2024\/08\/Firma-Digital.jpg\",\"width\":640,\"height\":337},{\"@type\":\"BreadcrumbList\",\"@id\":\"https:\/\/www.noticiasradioreflejos.com.ar\/2021\/el-gobierno-amplio-la-firma-digital-se-podran-formalizar-contratos-y-tramites-en-forma-remota\/#breadcrumb\",\"itemListElement\":[{\"@type\":\"ListItem\",\"position\":1,\"name\":\"Portada\",\"item\":\"https:\/\/www.noticiasradioreflejos.com.ar\/2021\/\"},{\"@type\":\"ListItem\",\"position\":2,\"name\":\"El Gobierno ampli\u00f3 la firma digital: se podr\u00e1n formalizar contratos y tr\u00e1mites en forma remota\"}]},{\"@type\":\"WebSite\",\"@id\":\"https:\/\/www.noticiasradioreflejos.com.ar\/2021\/#website\",\"url\":\"https:\/\/www.noticiasradioreflejos.com.ar\/2021\/\",\"name\":\"Noticias Radio Reflejos\",\"description\":\"Las noticias de mi comarca\",\"potentialAction\":[{\"@type\":\"SearchAction\",\"target\":{\"@type\":\"EntryPoint\",\"urlTemplate\":\"https:\/\/www.noticiasradioreflejos.com.ar\/2021\/?s={search_term_string}\"},\"query-input\":{\"@type\":\"PropertyValueSpecification\",\"valueRequired\":true,\"valueName\":\"search_term_string\"}}],\"inLanguage\":\"es\"},{\"@type\":\"Person\",\"@id\":\"https:\/\/www.noticiasradioreflejos.com.ar\/2021\/#\/schema\/person\/ad82545263dcc5ec0996818884fd5fb1\",\"name\":\"Arnaldo Botto\",\"image\":{\"@type\":\"ImageObject\",\"inLanguage\":\"es\",\"@id\":\"https:\/\/www.noticiasradioreflejos.com.ar\/2021\/#\/schema\/person\/image\/\",\"url\":\"https:\/\/secure.gravatar.com\/avatar\/55cb5e37c1efa326397366e6974cb338056df65cb50e7d64d1cf314e87504837?s=96&d=mm&r=g\",\"contentUrl\":\"https:\/\/secure.gravatar.com\/avatar\/55cb5e37c1efa326397366e6974cb338056df65cb50e7d64d1cf314e87504837?s=96&d=mm&r=g\",\"caption\":\"Arnaldo Botto\"},\"url\":\"https:\/\/www.noticiasradioreflejos.com.ar\/2021\/author\/arnaldo\/\"}]}<\/script>\n<!-- \/ Yoast SEO plugin. -->","yoast_head_json":{"title":"El Gobierno ampli\u00f3 la firma digital: se podr\u00e1n formalizar contratos y tr\u00e1mites en forma remota - Noticias Radio Reflejos","robots":{"index":"index","follow":"follow","max-snippet":"max-snippet:-1","max-image-preview":"max-image-preview:large","max-video-preview":"max-video-preview:-1"},"canonical":"https:\/\/www.noticiasradioreflejos.com.ar\/2021\/el-gobierno-amplio-la-firma-digital-se-podran-formalizar-contratos-y-tramites-en-forma-remota\/","og_locale":"es_ES","og_type":"article","og_title":"El Gobierno ampli\u00f3 la firma digital: se podr\u00e1n formalizar contratos y tr\u00e1mites en forma remota - Noticias Radio Reflejos","og_description":"La medida forma parte del proceso de modernizaci\u00f3n tecnol\u00f3gica de la Administraci\u00f3n P\u00fablica.","og_url":"https:\/\/www.noticiasradioreflejos.com.ar\/2021\/el-gobierno-amplio-la-firma-digital-se-podran-formalizar-contratos-y-tramites-en-forma-remota\/","og_site_name":"Noticias Radio Reflejos","article_published_time":"2024-08-20T11:38:49+00:00","og_image":[{"width":640,"height":337,"url":"https:\/\/www.noticiasradioreflejos.com.ar\/2021\/wp-content\/uploads\/2024\/08\/Firma-Digital.jpg","type":"image\/jpeg"}],"author":"Arnaldo Botto","twitter_card":"summary_large_image","schema":{"@context":"https:\/\/schema.org","@graph":[{"@type":"WebPage","@id":"https:\/\/www.noticiasradioreflejos.com.ar\/2021\/el-gobierno-amplio-la-firma-digital-se-podran-formalizar-contratos-y-tramites-en-forma-remota\/","url":"https:\/\/www.noticiasradioreflejos.com.ar\/2021\/el-gobierno-amplio-la-firma-digital-se-podran-formalizar-contratos-y-tramites-en-forma-remota\/","name":"El Gobierno ampli\u00f3 la firma digital: se podr\u00e1n formalizar contratos y tr\u00e1mites en forma remota - Noticias Radio Reflejos","isPartOf":{"@id":"https:\/\/www.noticiasradioreflejos.com.ar\/2021\/#website"},"primaryImageOfPage":{"@id":"https:\/\/www.noticiasradioreflejos.com.ar\/2021\/el-gobierno-amplio-la-firma-digital-se-podran-formalizar-contratos-y-tramites-en-forma-remota\/#primaryimage"},"image":{"@id":"https:\/\/www.noticiasradioreflejos.com.ar\/2021\/el-gobierno-amplio-la-firma-digital-se-podran-formalizar-contratos-y-tramites-en-forma-remota\/#primaryimage"},"thumbnailUrl":"https:\/\/www.noticiasradioreflejos.com.ar\/2021\/wp-content\/uploads\/2024\/08\/Firma-Digital.jpg","datePublished":"2024-08-20T11:38:49+00:00","author":{"@id":"https:\/\/www.noticiasradioreflejos.com.ar\/2021\/#\/schema\/person\/ad82545263dcc5ec0996818884fd5fb1"},"breadcrumb":{"@id":"https:\/\/www.noticiasradioreflejos.com.ar\/2021\/el-gobierno-amplio-la-firma-digital-se-podran-formalizar-contratos-y-tramites-en-forma-remota\/#breadcrumb"},"inLanguage":"es","potentialAction":[{"@type":"ReadAction","target":["https:\/\/www.noticiasradioreflejos.com.ar\/2021\/el-gobierno-amplio-la-firma-digital-se-podran-formalizar-contratos-y-tramites-en-forma-remota\/"]}]},{"@type":"ImageObject","inLanguage":"es","@id":"https:\/\/www.noticiasradioreflejos.com.ar\/2021\/el-gobierno-amplio-la-firma-digital-se-podran-formalizar-contratos-y-tramites-en-forma-remota\/#primaryimage","url":"https:\/\/www.noticiasradioreflejos.com.ar\/2021\/wp-content\/uploads\/2024\/08\/Firma-Digital.jpg","contentUrl":"https:\/\/www.noticiasradioreflejos.com.ar\/2021\/wp-content\/uploads\/2024\/08\/Firma-Digital.jpg","width":640,"height":337},{"@type":"BreadcrumbList","@id":"https:\/\/www.noticiasradioreflejos.com.ar\/2021\/el-gobierno-amplio-la-firma-digital-se-podran-formalizar-contratos-y-tramites-en-forma-remota\/#breadcrumb","itemListElement":[{"@type":"ListItem","position":1,"name":"Portada","item":"https:\/\/www.noticiasradioreflejos.com.ar\/2021\/"},{"@type":"ListItem","position":2,"name":"El Gobierno ampli\u00f3 la firma digital: se podr\u00e1n formalizar contratos y tr\u00e1mites en forma remota"}]},{"@type":"WebSite","@id":"https:\/\/www.noticiasradioreflejos.com.ar\/2021\/#website","url":"https:\/\/www.noticiasradioreflejos.com.ar\/2021\/","name":"Noticias Radio Reflejos","description":"Las noticias de mi comarca","potentialAction":[{"@type":"SearchAction","target":{"@type":"EntryPoint","urlTemplate":"https:\/\/www.noticiasradioreflejos.com.ar\/2021\/?s={search_term_string}"},"query-input":{"@type":"PropertyValueSpecification","valueRequired":true,"valueName":"search_term_string"}}],"inLanguage":"es"},{"@type":"Person","@id":"https:\/\/www.noticiasradioreflejos.com.ar\/2021\/#\/schema\/person\/ad82545263dcc5ec0996818884fd5fb1","name":"Arnaldo Botto","image":{"@type":"ImageObject","inLanguage":"es","@id":"https:\/\/www.noticiasradioreflejos.com.ar\/2021\/#\/schema\/person\/image\/","url":"https:\/\/secure.gravatar.com\/avatar\/55cb5e37c1efa326397366e6974cb338056df65cb50e7d64d1cf314e87504837?s=96&d=mm&r=g","contentUrl":"https:\/\/secure.gravatar.com\/avatar\/55cb5e37c1efa326397366e6974cb338056df65cb50e7d64d1cf314e87504837?s=96&d=mm&r=g","caption":"Arnaldo Botto"},"url":"https:\/\/www.noticiasradioreflejos.com.ar\/2021\/author\/arnaldo\/"}]}},"_links":{"self":[{"href":"https:\/\/www.noticiasradioreflejos.com.ar\/2021\/wp-json\/wp\/v2\/posts\/106468","targetHints":{"allow":["GET"]}}],"collection":[{"href":"https:\/\/www.noticiasradioreflejos.com.ar\/2021\/wp-json\/wp\/v2\/posts"}],"about":[{"href":"https:\/\/www.noticiasradioreflejos.com.ar\/2021\/wp-json\/wp\/v2\/types\/post"}],"author":[{"embeddable":true,"href":"https:\/\/www.noticiasradioreflejos.com.ar\/2021\/wp-json\/wp\/v2\/users\/3"}],"replies":[{"embeddable":true,"href":"https:\/\/www.noticiasradioreflejos.com.ar\/2021\/wp-json\/wp\/v2\/comments?post=106468"}],"version-history":[{"count":1,"href":"https:\/\/www.noticiasradioreflejos.com.ar\/2021\/wp-json\/wp\/v2\/posts\/106468\/revisions"}],"predecessor-version":[{"id":106470,"href":"https:\/\/www.noticiasradioreflejos.com.ar\/2021\/wp-json\/wp\/v2\/posts\/106468\/revisions\/106470"}],"wp:featuredmedia":[{"embeddable":true,"href":"https:\/\/www.noticiasradioreflejos.com.ar\/2021\/wp-json\/wp\/v2\/media\/106469"}],"wp:attachment":[{"href":"https:\/\/www.noticiasradioreflejos.com.ar\/2021\/wp-json\/wp\/v2\/media?parent=106468"}],"wp:term":[{"taxonomy":"category","embeddable":true,"href":"https:\/\/www.noticiasradioreflejos.com.ar\/2021\/wp-json\/wp\/v2\/categories?post=106468"},{"taxonomy":"post_tag","embeddable":true,"href":"https:\/\/www.noticiasradioreflejos.com.ar\/2021\/wp-json\/wp\/v2\/tags?post=106468"}],"curies":[{"name":"wp","href":"https:\/\/api.w.org\/{rel}","templated":true}]}}