{"id":106465,"date":"2024-08-20T08:33:38","date_gmt":"2024-08-20T11:33:38","guid":{"rendered":"https:\/\/www.noticiasradioreflejos.com.ar\/2021\/?p=106465"},"modified":"2024-08-20T08:33:38","modified_gmt":"2024-08-20T11:33:38","slug":"6ta-charla-de-prestadores-turisticos-en-el-centro-cultural-estancia-funke","status":"publish","type":"post","link":"https:\/\/www.noticiasradioreflejos.com.ar\/2021\/6ta-charla-de-prestadores-turisticos-en-el-centro-cultural-estancia-funke\/","title":{"rendered":"6ta Charla de prestadores Tur\u00edsticos en el Centro Cultural &#8211; Estancia Funke"},"content":{"rendered":"<p>El lunes 19 de agosto, se celebr\u00f3 una nueva charla del ciclo de encuentros formativos e informativos de Prestadores Tur\u00edsticas organizada por CAMCOTISAS.<!--more--><\/p>\n<p>El objetivo de este ciclo es dar a conocer los prestadores y organizaciones que brindan servicios tur\u00edsticos sobre los principales atractivos de la comarca, destinado a todas las personas que trabajan en turismo o est\u00e1n en contacto con el visitante.<\/p>\n<p>El evento tuvo lugar en el Centro Cultural y cont\u00f3 con la participaci\u00f3n del equipo de la Estancia Funke, representado por Nicol\u00e1s Becher y Gonzalo Rodr\u00edguez, quienes expusieron ante un sal\u00f3n repleto con m\u00e1s de 40 asistentes, adem\u00e1s de una transmisi\u00f3n en vivo por redes sociales. Durante la charla, se presentaron las diversas opciones de caminatas de monta\u00f1a y trekking que se pueden realizar en la estancia, destac\u00e1ndose entre ellas el Cerro Tres Picos, la Olla del Napost\u00e1, la Cueva de los Guanacos y el Cerro Napost\u00e1.<\/p>\n<p><a title=\"CAMCOTISAS (3)\" href=\"https:\/\/www.flickr.com\/photos\/182279889@N02\/53935655818\/in\/dateposted-public\/\" data-flickr-embed=\"true\" data-header=\"true\"><img loading=\"lazy\" decoding=\"async\" class=\"aligncenter\" src=\"https:\/\/live.staticflickr.com\/65535\/53935655818_3351a165ce_z.jpg\" alt=\"CAMCOTISAS (3)\" width=\"640\" height=\"480\" \/><\/a><\/p>\n<p>Se subray\u00f3 la importancia de que los visitantes se informen adecuadamente antes de realizar estas actividades, ya que los senderos son autoguiados y presentan diferentes niveles de dificultad. Es esencial registrarse online previamente, llevar el equipamiento adecuado y respetar los horarios establecidos para iniciar las caminatas.<\/p>\n<p>Adem\u00e1s de las caminatas, la estancia ofrece opciones de acampe en la base o en determinados puntos de los senderos, as\u00ed como un refugio de monta\u00f1a denominado Napost\u00e1, ideal para grupos o turistas independientes durante los fines de semana largos. La estancia est\u00e1 abierta al p\u00fablico de jueves a domingos, y la disponibilidad de actividades depende de las condiciones clim\u00e1ticas.<\/p>\n<p>Otra alternativa para realizar los trekkings es contar con un gu\u00eda privado. En este sentido, tambi\u00e9n disertaron los gu\u00edas referentes de Alto Andino y Eukel, quienes ofrecen excursiones personalizadas en Funke para grupos o turistas individuales. Se recomend\u00f3 realizar reservas con antelaci\u00f3n, aunque algunas actividades ya est\u00e1n programadas. Entrar con gu\u00eda permite el acceso a Funke todos los d\u00edas de la semana y abre la posibilidad de acampar en los cerros.<\/p>\n<p>&nbsp;<br \/>\n<a data-flickr-embed=\"true\" data-header=\"true\" href=\"https:\/\/www.flickr.com\/photos\/182279889@N02\/53935862535\/in\/dateposted-public\/\" title=\"CAMCOTISAS  (1)\"><img loading=\"lazy\" decoding=\"async\" src=\"https:\/\/live.staticflickr.com\/65535\/53935862535_1d162fb4c2_c.jpg\" width=\"800\" height=\"600\" alt=\"CAMCOTISAS  (1)\"\/><\/a><script async src=\"\/\/embedr.flickr.com\/assets\/client-code.js\" charset=\"utf-8\"><\/script><br \/>\n&nbsp;<\/p>\n<p>CAMCOTISAS agradece a todos los expositores por sus valiosas disertaciones y a los asistentes por su participaci\u00f3n e inter\u00e9s. Este ciclo de charlas busca convocar a todos aquellos que est\u00e1n en contacto con turistas y visitantes, sean o no socios, para que juntos seamos mejores anfitriones en nuestro destino. Contar con informaci\u00f3n actualizada sobre las excursiones y productos que se ofrecen en la comarca es fundamental, independientemente del tiempo que se haya vivido en la zona.<\/p>\n<p>&nbsp;<\/p>\n<p>Los invitamos a la pr\u00f3xima charla el 2 de septiembre a las 14:30 hs en el Centro Cultural de Sierra de la Ventana, donde se abordar\u00e1 el tema \u00abAves end\u00e9micas de Ventania. Gaucho Serrano\u00bb a cargo del COA.<\/p>\n<p>&nbsp;<\/p>\n<p><em><strong>19 de Agosto de 2024.<\/strong><\/em><\/p>\n<p><em><strong>CAMCOTISAS \/ Camara de Comercio, Turismo e Industria de Sierra de la Ventana, Villa la Arcadia y Saldungaray.\u00a0\u00a0\u00a0\u00a0\u00a0\u00a0\u00a0\u00a0\u00a0\u00a0<\/strong><\/em><\/p>\n<p>&nbsp;<\/p>\n","protected":false},"excerpt":{"rendered":"<p>El lunes 19 de agosto, se celebr\u00f3 una nueva charla del ciclo de encuentros formativos e informativos de Prestadores Tur\u00edsticas organizada por CAMCOTISAS.<\/p>\n","protected":false},"author":3,"featured_media":0,"comment_status":"closed","ping_status":"closed","sticky":false,"template":"","format":"standard","meta":{"footnotes":""},"categories":[33],"tags":[],"class_list":["post-106465","post","type-post","status-publish","format-standard","hentry","category-turismo"],"yoast_head":"<!-- This site is optimized with the Yoast SEO plugin v25.9 - https:\/\/yoast.com\/wordpress\/plugins\/seo\/ -->\n<title>6ta Charla de prestadores Tur\u00edsticos en el Centro Cultural - Estancia Funke - Noticias Radio Reflejos<\/title>\n<meta name=\"robots\" content=\"index, follow, max-snippet:-1, max-image-preview:large, max-video-preview:-1\" \/>\n<link rel=\"canonical\" href=\"https:\/\/www.noticiasradioreflejos.com.ar\/2021\/6ta-charla-de-prestadores-turisticos-en-el-centro-cultural-estancia-funke\/\" \/>\n<meta property=\"og:locale\" content=\"es_ES\" \/>\n<meta property=\"og:type\" content=\"article\" \/>\n<meta property=\"og:title\" content=\"6ta Charla de prestadores Tur\u00edsticos en el Centro Cultural - Estancia Funke - Noticias Radio Reflejos\" \/>\n<meta property=\"og:description\" content=\"El lunes 19 de agosto, se celebr\u00f3 una nueva charla del ciclo de encuentros formativos e informativos de Prestadores Tur\u00edsticas organizada por CAMCOTISAS.\" \/>\n<meta property=\"og:url\" content=\"https:\/\/www.noticiasradioreflejos.com.ar\/2021\/6ta-charla-de-prestadores-turisticos-en-el-centro-cultural-estancia-funke\/\" \/>\n<meta property=\"og:site_name\" content=\"Noticias Radio Reflejos\" \/>\n<meta property=\"article:published_time\" content=\"2024-08-20T11:33:38+00:00\" \/>\n<meta property=\"og:image\" content=\"https:\/\/www.noticiasradioreflejos.com.ar\/2021\/wp-content\/uploads\/2024\/08\/CAMCOTISAS-2.jpeg\" \/>\n\t<meta property=\"og:image:width\" content=\"1600\" \/>\n\t<meta property=\"og:image:height\" content=\"1200\" \/>\n\t<meta property=\"og:image:type\" content=\"image\/jpeg\" \/>\n<meta name=\"author\" content=\"Arnaldo Botto\" \/>\n<meta name=\"twitter:card\" content=\"summary_large_image\" \/>\n<script type=\"application\/ld+json\" class=\"yoast-schema-graph\">{\"@context\":\"https:\/\/schema.org\",\"@graph\":[{\"@type\":\"WebPage\",\"@id\":\"https:\/\/www.noticiasradioreflejos.com.ar\/2021\/6ta-charla-de-prestadores-turisticos-en-el-centro-cultural-estancia-funke\/\",\"url\":\"https:\/\/www.noticiasradioreflejos.com.ar\/2021\/6ta-charla-de-prestadores-turisticos-en-el-centro-cultural-estancia-funke\/\",\"name\":\"6ta Charla de prestadores Tur\u00edsticos en el Centro Cultural - Estancia Funke - Noticias Radio Reflejos\",\"isPartOf\":{\"@id\":\"https:\/\/www.noticiasradioreflejos.com.ar\/2021\/#website\"},\"primaryImageOfPage\":{\"@id\":\"https:\/\/www.noticiasradioreflejos.com.ar\/2021\/6ta-charla-de-prestadores-turisticos-en-el-centro-cultural-estancia-funke\/#primaryimage\"},\"image\":{\"@id\":\"https:\/\/www.noticiasradioreflejos.com.ar\/2021\/6ta-charla-de-prestadores-turisticos-en-el-centro-cultural-estancia-funke\/#primaryimage\"},\"thumbnailUrl\":\"https:\/\/live.staticflickr.com\/65535\/53935655818_3351a165ce_z.jpg\",\"datePublished\":\"2024-08-20T11:33:38+00:00\",\"author\":{\"@id\":\"https:\/\/www.noticiasradioreflejos.com.ar\/2021\/#\/schema\/person\/ad82545263dcc5ec0996818884fd5fb1\"},\"breadcrumb\":{\"@id\":\"https:\/\/www.noticiasradioreflejos.com.ar\/2021\/6ta-charla-de-prestadores-turisticos-en-el-centro-cultural-estancia-funke\/#breadcrumb\"},\"inLanguage\":\"es\",\"potentialAction\":[{\"@type\":\"ReadAction\",\"target\":[\"https:\/\/www.noticiasradioreflejos.com.ar\/2021\/6ta-charla-de-prestadores-turisticos-en-el-centro-cultural-estancia-funke\/\"]}]},{\"@type\":\"ImageObject\",\"inLanguage\":\"es\",\"@id\":\"https:\/\/www.noticiasradioreflejos.com.ar\/2021\/6ta-charla-de-prestadores-turisticos-en-el-centro-cultural-estancia-funke\/#primaryimage\",\"url\":\"https:\/\/live.staticflickr.com\/65535\/53935655818_3351a165ce_z.jpg\",\"contentUrl\":\"https:\/\/live.staticflickr.com\/65535\/53935655818_3351a165ce_z.jpg\"},{\"@type\":\"BreadcrumbList\",\"@id\":\"https:\/\/www.noticiasradioreflejos.com.ar\/2021\/6ta-charla-de-prestadores-turisticos-en-el-centro-cultural-estancia-funke\/#breadcrumb\",\"itemListElement\":[{\"@type\":\"ListItem\",\"position\":1,\"name\":\"Portada\",\"item\":\"https:\/\/www.noticiasradioreflejos.com.ar\/2021\/\"},{\"@type\":\"ListItem\",\"position\":2,\"name\":\"6ta Charla de prestadores Tur\u00edsticos en el Centro Cultural &#8211; Estancia Funke\"}]},{\"@type\":\"WebSite\",\"@id\":\"https:\/\/www.noticiasradioreflejos.com.ar\/2021\/#website\",\"url\":\"https:\/\/www.noticiasradioreflejos.com.ar\/2021\/\",\"name\":\"Noticias Radio Reflejos\",\"description\":\"Las noticias de mi comarca\",\"potentialAction\":[{\"@type\":\"SearchAction\",\"target\":{\"@type\":\"EntryPoint\",\"urlTemplate\":\"https:\/\/www.noticiasradioreflejos.com.ar\/2021\/?s={search_term_string}\"},\"query-input\":{\"@type\":\"PropertyValueSpecification\",\"valueRequired\":true,\"valueName\":\"search_term_string\"}}],\"inLanguage\":\"es\"},{\"@type\":\"Person\",\"@id\":\"https:\/\/www.noticiasradioreflejos.com.ar\/2021\/#\/schema\/person\/ad82545263dcc5ec0996818884fd5fb1\",\"name\":\"Arnaldo Botto\",\"image\":{\"@type\":\"ImageObject\",\"inLanguage\":\"es\",\"@id\":\"https:\/\/www.noticiasradioreflejos.com.ar\/2021\/#\/schema\/person\/image\/\",\"url\":\"https:\/\/secure.gravatar.com\/avatar\/55cb5e37c1efa326397366e6974cb338056df65cb50e7d64d1cf314e87504837?s=96&d=mm&r=g\",\"contentUrl\":\"https:\/\/secure.gravatar.com\/avatar\/55cb5e37c1efa326397366e6974cb338056df65cb50e7d64d1cf314e87504837?s=96&d=mm&r=g\",\"caption\":\"Arnaldo Botto\"},\"url\":\"https:\/\/www.noticiasradioreflejos.com.ar\/2021\/author\/arnaldo\/\"}]}<\/script>\n<!-- \/ Yoast SEO plugin. -->","yoast_head_json":{"title":"6ta Charla de prestadores Tur\u00edsticos en el Centro Cultural - Estancia Funke - Noticias Radio Reflejos","robots":{"index":"index","follow":"follow","max-snippet":"max-snippet:-1","max-image-preview":"max-image-preview:large","max-video-preview":"max-video-preview:-1"},"canonical":"https:\/\/www.noticiasradioreflejos.com.ar\/2021\/6ta-charla-de-prestadores-turisticos-en-el-centro-cultural-estancia-funke\/","og_locale":"es_ES","og_type":"article","og_title":"6ta Charla de prestadores Tur\u00edsticos en el Centro Cultural - Estancia Funke - Noticias Radio Reflejos","og_description":"El lunes 19 de agosto, se celebr\u00f3 una nueva charla del ciclo de encuentros formativos e informativos de Prestadores Tur\u00edsticas organizada por CAMCOTISAS.","og_url":"https:\/\/www.noticiasradioreflejos.com.ar\/2021\/6ta-charla-de-prestadores-turisticos-en-el-centro-cultural-estancia-funke\/","og_site_name":"Noticias Radio Reflejos","article_published_time":"2024-08-20T11:33:38+00:00","og_image":[{"width":1600,"height":1200,"url":"https:\/\/www.noticiasradioreflejos.com.ar\/2021\/wp-content\/uploads\/2024\/08\/CAMCOTISAS-2.jpeg","type":"image\/jpeg"}],"author":"Arnaldo Botto","twitter_card":"summary_large_image","schema":{"@context":"https:\/\/schema.org","@graph":[{"@type":"WebPage","@id":"https:\/\/www.noticiasradioreflejos.com.ar\/2021\/6ta-charla-de-prestadores-turisticos-en-el-centro-cultural-estancia-funke\/","url":"https:\/\/www.noticiasradioreflejos.com.ar\/2021\/6ta-charla-de-prestadores-turisticos-en-el-centro-cultural-estancia-funke\/","name":"6ta Charla de prestadores Tur\u00edsticos en el Centro Cultural - Estancia Funke - Noticias Radio Reflejos","isPartOf":{"@id":"https:\/\/www.noticiasradioreflejos.com.ar\/2021\/#website"},"primaryImageOfPage":{"@id":"https:\/\/www.noticiasradioreflejos.com.ar\/2021\/6ta-charla-de-prestadores-turisticos-en-el-centro-cultural-estancia-funke\/#primaryimage"},"image":{"@id":"https:\/\/www.noticiasradioreflejos.com.ar\/2021\/6ta-charla-de-prestadores-turisticos-en-el-centro-cultural-estancia-funke\/#primaryimage"},"thumbnailUrl":"https:\/\/live.staticflickr.com\/65535\/53935655818_3351a165ce_z.jpg","datePublished":"2024-08-20T11:33:38+00:00","author":{"@id":"https:\/\/www.noticiasradioreflejos.com.ar\/2021\/#\/schema\/person\/ad82545263dcc5ec0996818884fd5fb1"},"breadcrumb":{"@id":"https:\/\/www.noticiasradioreflejos.com.ar\/2021\/6ta-charla-de-prestadores-turisticos-en-el-centro-cultural-estancia-funke\/#breadcrumb"},"inLanguage":"es","potentialAction":[{"@type":"ReadAction","target":["https:\/\/www.noticiasradioreflejos.com.ar\/2021\/6ta-charla-de-prestadores-turisticos-en-el-centro-cultural-estancia-funke\/"]}]},{"@type":"ImageObject","inLanguage":"es","@id":"https:\/\/www.noticiasradioreflejos.com.ar\/2021\/6ta-charla-de-prestadores-turisticos-en-el-centro-cultural-estancia-funke\/#primaryimage","url":"https:\/\/live.staticflickr.com\/65535\/53935655818_3351a165ce_z.jpg","contentUrl":"https:\/\/live.staticflickr.com\/65535\/53935655818_3351a165ce_z.jpg"},{"@type":"BreadcrumbList","@id":"https:\/\/www.noticiasradioreflejos.com.ar\/2021\/6ta-charla-de-prestadores-turisticos-en-el-centro-cultural-estancia-funke\/#breadcrumb","itemListElement":[{"@type":"ListItem","position":1,"name":"Portada","item":"https:\/\/www.noticiasradioreflejos.com.ar\/2021\/"},{"@type":"ListItem","position":2,"name":"6ta Charla de prestadores Tur\u00edsticos en el Centro Cultural &#8211; Estancia Funke"}]},{"@type":"WebSite","@id":"https:\/\/www.noticiasradioreflejos.com.ar\/2021\/#website","url":"https:\/\/www.noticiasradioreflejos.com.ar\/2021\/","name":"Noticias Radio Reflejos","description":"Las noticias de mi comarca","potentialAction":[{"@type":"SearchAction","target":{"@type":"EntryPoint","urlTemplate":"https:\/\/www.noticiasradioreflejos.com.ar\/2021\/?s={search_term_string}"},"query-input":{"@type":"PropertyValueSpecification","valueRequired":true,"valueName":"search_term_string"}}],"inLanguage":"es"},{"@type":"Person","@id":"https:\/\/www.noticiasradioreflejos.com.ar\/2021\/#\/schema\/person\/ad82545263dcc5ec0996818884fd5fb1","name":"Arnaldo Botto","image":{"@type":"ImageObject","inLanguage":"es","@id":"https:\/\/www.noticiasradioreflejos.com.ar\/2021\/#\/schema\/person\/image\/","url":"https:\/\/secure.gravatar.com\/avatar\/55cb5e37c1efa326397366e6974cb338056df65cb50e7d64d1cf314e87504837?s=96&d=mm&r=g","contentUrl":"https:\/\/secure.gravatar.com\/avatar\/55cb5e37c1efa326397366e6974cb338056df65cb50e7d64d1cf314e87504837?s=96&d=mm&r=g","caption":"Arnaldo Botto"},"url":"https:\/\/www.noticiasradioreflejos.com.ar\/2021\/author\/arnaldo\/"}]}},"_links":{"self":[{"href":"https:\/\/www.noticiasradioreflejos.com.ar\/2021\/wp-json\/wp\/v2\/posts\/106465","targetHints":{"allow":["GET"]}}],"collection":[{"href":"https:\/\/www.noticiasradioreflejos.com.ar\/2021\/wp-json\/wp\/v2\/posts"}],"about":[{"href":"https:\/\/www.noticiasradioreflejos.com.ar\/2021\/wp-json\/wp\/v2\/types\/post"}],"author":[{"embeddable":true,"href":"https:\/\/www.noticiasradioreflejos.com.ar\/2021\/wp-json\/wp\/v2\/users\/3"}],"replies":[{"embeddable":true,"href":"https:\/\/www.noticiasradioreflejos.com.ar\/2021\/wp-json\/wp\/v2\/comments?post=106465"}],"version-history":[{"count":1,"href":"https:\/\/www.noticiasradioreflejos.com.ar\/2021\/wp-json\/wp\/v2\/posts\/106465\/revisions"}],"predecessor-version":[{"id":106467,"href":"https:\/\/www.noticiasradioreflejos.com.ar\/2021\/wp-json\/wp\/v2\/posts\/106465\/revisions\/106467"}],"wp:attachment":[{"href":"https:\/\/www.noticiasradioreflejos.com.ar\/2021\/wp-json\/wp\/v2\/media?parent=106465"}],"wp:term":[{"taxonomy":"category","embeddable":true,"href":"https:\/\/www.noticiasradioreflejos.com.ar\/2021\/wp-json\/wp\/v2\/categories?post=106465"},{"taxonomy":"post_tag","embeddable":true,"href":"https:\/\/www.noticiasradioreflejos.com.ar\/2021\/wp-json\/wp\/v2\/tags?post=106465"}],"curies":[{"name":"wp","href":"https:\/\/api.w.org\/{rel}","templated":true}]}}