{"id":106374,"date":"2024-08-17T08:45:00","date_gmt":"2024-08-17T11:45:00","guid":{"rendered":"https:\/\/www.noticiasradioreflejos.com.ar\/2021\/?p=106374"},"modified":"2024-08-17T09:07:16","modified_gmt":"2024-08-17T12:07:16","slug":"se-llevo-a-cabo-el-taller-del-plan-de-manejo-del-fuego-en-nuestro-distrito","status":"publish","type":"post","link":"https:\/\/www.noticiasradioreflejos.com.ar\/2021\/se-llevo-a-cabo-el-taller-del-plan-de-manejo-del-fuego-en-nuestro-distrito\/","title":{"rendered":"Se llev\u00f3 a cabo el Taller del Plan de Manejo del Fuego en nuestro distrito"},"content":{"rendered":"<p>A trav\u00e9s de una iniciativa de la Direcci\u00f3n Provincial de Defensa Civil del Ministerio de Seguridad de la Provincia de Buenos Aires, se llev\u00f3 a cabo el Taller del Plan de Manejo de Fuego, con el objetivo de fortalecer y mejorar la respuesta ante la situaciones de emergencia en nuestro territorio.<!--more--><\/p>\n<p>El intendente Sergio Bordoni,\u00a0 el Subsecretario de Fiscalizaci\u00f3n y Control Policial de la Provincia de Buenos Aires, Federico Montero, \u00a0y el Secretario de Gobierno y Gesti\u00f3n P\u00fablica, Bruno Zacconi, estuvieron a cargo de la apertura de las dos jornadas intensivas que tuvieron como sede el Parque Provincial E. Tornquist en primer lugar, y el Centro Cultural de Sierra de la Ventana.<\/p>\n<p><a title=\"planmanejofuego5\" href=\"https:\/\/www.flickr.com\/photos\/182279889@N02\/53928658388\/in\/dateposted-public\/\" data-flickr-embed=\"true\" data-header=\"true\"><img loading=\"lazy\" decoding=\"async\" src=\"https:\/\/live.staticflickr.com\/65535\/53928658388_f36eb2e4a0_c.jpg\" alt=\"planmanejofuego5\" width=\"800\" height=\"600\" \/><\/a><br \/>\nEl evento cont\u00f3 con la participaci\u00f3n de personal de los servicios de emergencias locales y de la regi\u00f3n, y autoridades municipales, quienes trabajaron en la actualizaci\u00f3n y coordinaci\u00f3n de estrategias para la gesti\u00f3n de incendios.<\/p>\n<p>Durante el taller, se abordaron tem\u00e1ticas clave para la prevenci\u00f3n, control y mitigaci\u00f3n de incendios, as\u00ed como la importancia de la colaboraci\u00f3n entre las distintas instituciones involucradas. La capacitaci\u00f3n incluy\u00f3 simulaciones pr\u00e1cticas y an\u00e1lisis de casos reales, lo que permiti\u00f3 a los asistentes fortalecer sus habilidades y conocimientos en la materia.<\/p>\n<p>El jefe comunal expres\u00f3 su satisfacci\u00f3n por el compromiso de la gesti\u00f3n provincial en la capacitaci\u00f3n constante del personal y la participaci\u00f3n activa de todos los servidores p\u00fablicos, destacando la importancia de este tipo de jornadas para garantizar la seguridad de la comunidad.<\/p>\n<p>El Taller del Plan de Manejo de Fuego marca un paso significativo hacia la consolidaci\u00f3n de un sistema de respuesta eficiente y coordinado ante emergencias, reafirmando el compromiso de la protecci\u00f3n y la seguridad ciudadana.<\/p>\n<p>&nbsp;<br \/>\n<a data-flickr-embed=\"true\" data-header=\"true\" href=\"https:\/\/www.flickr.com\/photos\/182279889@N02\/53928658513\/in\/dateposted-public\/\" title=\"planmanejofuego2\"><img loading=\"lazy\" decoding=\"async\" src=\"https:\/\/live.staticflickr.com\/65535\/53928658513_d8fcea4362_c.jpg\" width=\"800\" height=\"533\" alt=\"planmanejofuego2\"\/><\/a><script async src=\"\/\/embedr.flickr.com\/assets\/client-code.js\" charset=\"utf-8\"><\/script><br \/>\n&nbsp;<\/p>\n","protected":false},"excerpt":{"rendered":"<p>A trav\u00e9s de una iniciativa de la Direcci\u00f3n Provincial de Defensa Civil del Ministerio de Seguridad de la Provincia de Buenos Aires, se llev\u00f3 a cabo el Taller del Plan de Manejo de Fuego, con el objetivo de fortalecer y mejorar la respuesta ante la situaciones de emergencia en nuestro territorio.<\/p>\n","protected":false},"author":3,"featured_media":106375,"comment_status":"closed","ping_status":"closed","sticky":false,"template":"","format":"standard","meta":{"footnotes":""},"categories":[28],"tags":[48],"class_list":["post-106374","post","type-post","status-publish","format-standard","has-post-thumbnail","hentry","category-municipales","tag-destacada"],"yoast_head":"<!-- This site is optimized with the Yoast SEO plugin v25.9 - https:\/\/yoast.com\/wordpress\/plugins\/seo\/ -->\n<title>Se llev\u00f3 a cabo el Taller del Plan de Manejo del Fuego en nuestro distrito - Noticias Radio Reflejos<\/title>\n<meta name=\"robots\" content=\"index, follow, max-snippet:-1, max-image-preview:large, max-video-preview:-1\" \/>\n<link rel=\"canonical\" href=\"https:\/\/www.noticiasradioreflejos.com.ar\/2021\/se-llevo-a-cabo-el-taller-del-plan-de-manejo-del-fuego-en-nuestro-distrito\/\" \/>\n<meta property=\"og:locale\" content=\"es_ES\" \/>\n<meta property=\"og:type\" content=\"article\" \/>\n<meta property=\"og:title\" content=\"Se llev\u00f3 a cabo el Taller del Plan de Manejo del Fuego en nuestro distrito - Noticias Radio Reflejos\" \/>\n<meta property=\"og:description\" content=\"A trav\u00e9s de una iniciativa de la Direcci\u00f3n Provincial de Defensa Civil del Ministerio de Seguridad de la Provincia de Buenos Aires, se llev\u00f3 a cabo el Taller del Plan de Manejo de Fuego, con el objetivo de fortalecer y mejorar la respuesta ante la situaciones de emergencia en nuestro territorio.\" \/>\n<meta property=\"og:url\" content=\"https:\/\/www.noticiasradioreflejos.com.ar\/2021\/se-llevo-a-cabo-el-taller-del-plan-de-manejo-del-fuego-en-nuestro-distrito\/\" \/>\n<meta property=\"og:site_name\" content=\"Noticias Radio Reflejos\" \/>\n<meta property=\"article:published_time\" content=\"2024-08-17T11:45:00+00:00\" \/>\n<meta property=\"article:modified_time\" content=\"2024-08-17T12:07:16+00:00\" \/>\n<meta property=\"og:image\" content=\"https:\/\/www.noticiasradioreflejos.com.ar\/2021\/wp-content\/uploads\/2024\/08\/NIK_4799-Mejorado-NR-scaled.jpeg\" \/>\n\t<meta property=\"og:image:width\" content=\"2560\" \/>\n\t<meta property=\"og:image:height\" content=\"1748\" \/>\n\t<meta property=\"og:image:type\" content=\"image\/jpeg\" \/>\n<meta name=\"author\" content=\"Arnaldo Botto\" \/>\n<meta name=\"twitter:card\" content=\"summary_large_image\" \/>\n<script type=\"application\/ld+json\" class=\"yoast-schema-graph\">{\"@context\":\"https:\/\/schema.org\",\"@graph\":[{\"@type\":\"WebPage\",\"@id\":\"https:\/\/www.noticiasradioreflejos.com.ar\/2021\/se-llevo-a-cabo-el-taller-del-plan-de-manejo-del-fuego-en-nuestro-distrito\/\",\"url\":\"https:\/\/www.noticiasradioreflejos.com.ar\/2021\/se-llevo-a-cabo-el-taller-del-plan-de-manejo-del-fuego-en-nuestro-distrito\/\",\"name\":\"Se llev\u00f3 a cabo el Taller del Plan de Manejo del Fuego en nuestro distrito - Noticias Radio Reflejos\",\"isPartOf\":{\"@id\":\"https:\/\/www.noticiasradioreflejos.com.ar\/2021\/#website\"},\"primaryImageOfPage\":{\"@id\":\"https:\/\/www.noticiasradioreflejos.com.ar\/2021\/se-llevo-a-cabo-el-taller-del-plan-de-manejo-del-fuego-en-nuestro-distrito\/#primaryimage\"},\"image\":{\"@id\":\"https:\/\/www.noticiasradioreflejos.com.ar\/2021\/se-llevo-a-cabo-el-taller-del-plan-de-manejo-del-fuego-en-nuestro-distrito\/#primaryimage\"},\"thumbnailUrl\":\"https:\/\/www.noticiasradioreflejos.com.ar\/2021\/wp-content\/uploads\/2024\/08\/NIK_4799-Mejorado-NR-scaled.jpeg\",\"datePublished\":\"2024-08-17T11:45:00+00:00\",\"dateModified\":\"2024-08-17T12:07:16+00:00\",\"author\":{\"@id\":\"https:\/\/www.noticiasradioreflejos.com.ar\/2021\/#\/schema\/person\/ad82545263dcc5ec0996818884fd5fb1\"},\"breadcrumb\":{\"@id\":\"https:\/\/www.noticiasradioreflejos.com.ar\/2021\/se-llevo-a-cabo-el-taller-del-plan-de-manejo-del-fuego-en-nuestro-distrito\/#breadcrumb\"},\"inLanguage\":\"es\",\"potentialAction\":[{\"@type\":\"ReadAction\",\"target\":[\"https:\/\/www.noticiasradioreflejos.com.ar\/2021\/se-llevo-a-cabo-el-taller-del-plan-de-manejo-del-fuego-en-nuestro-distrito\/\"]}]},{\"@type\":\"ImageObject\",\"inLanguage\":\"es\",\"@id\":\"https:\/\/www.noticiasradioreflejos.com.ar\/2021\/se-llevo-a-cabo-el-taller-del-plan-de-manejo-del-fuego-en-nuestro-distrito\/#primaryimage\",\"url\":\"https:\/\/www.noticiasradioreflejos.com.ar\/2021\/wp-content\/uploads\/2024\/08\/NIK_4799-Mejorado-NR-scaled.jpeg\",\"contentUrl\":\"https:\/\/www.noticiasradioreflejos.com.ar\/2021\/wp-content\/uploads\/2024\/08\/NIK_4799-Mejorado-NR-scaled.jpeg\",\"width\":2560,\"height\":1748},{\"@type\":\"BreadcrumbList\",\"@id\":\"https:\/\/www.noticiasradioreflejos.com.ar\/2021\/se-llevo-a-cabo-el-taller-del-plan-de-manejo-del-fuego-en-nuestro-distrito\/#breadcrumb\",\"itemListElement\":[{\"@type\":\"ListItem\",\"position\":1,\"name\":\"Portada\",\"item\":\"https:\/\/www.noticiasradioreflejos.com.ar\/2021\/\"},{\"@type\":\"ListItem\",\"position\":2,\"name\":\"Se llev\u00f3 a cabo el Taller del Plan de Manejo del Fuego en nuestro distrito\"}]},{\"@type\":\"WebSite\",\"@id\":\"https:\/\/www.noticiasradioreflejos.com.ar\/2021\/#website\",\"url\":\"https:\/\/www.noticiasradioreflejos.com.ar\/2021\/\",\"name\":\"Noticias Radio Reflejos\",\"description\":\"Las noticias de mi comarca\",\"potentialAction\":[{\"@type\":\"SearchAction\",\"target\":{\"@type\":\"EntryPoint\",\"urlTemplate\":\"https:\/\/www.noticiasradioreflejos.com.ar\/2021\/?s={search_term_string}\"},\"query-input\":{\"@type\":\"PropertyValueSpecification\",\"valueRequired\":true,\"valueName\":\"search_term_string\"}}],\"inLanguage\":\"es\"},{\"@type\":\"Person\",\"@id\":\"https:\/\/www.noticiasradioreflejos.com.ar\/2021\/#\/schema\/person\/ad82545263dcc5ec0996818884fd5fb1\",\"name\":\"Arnaldo Botto\",\"image\":{\"@type\":\"ImageObject\",\"inLanguage\":\"es\",\"@id\":\"https:\/\/www.noticiasradioreflejos.com.ar\/2021\/#\/schema\/person\/image\/\",\"url\":\"https:\/\/secure.gravatar.com\/avatar\/55cb5e37c1efa326397366e6974cb338056df65cb50e7d64d1cf314e87504837?s=96&d=mm&r=g\",\"contentUrl\":\"https:\/\/secure.gravatar.com\/avatar\/55cb5e37c1efa326397366e6974cb338056df65cb50e7d64d1cf314e87504837?s=96&d=mm&r=g\",\"caption\":\"Arnaldo Botto\"},\"url\":\"https:\/\/www.noticiasradioreflejos.com.ar\/2021\/author\/arnaldo\/\"}]}<\/script>\n<!-- \/ Yoast SEO plugin. -->","yoast_head_json":{"title":"Se llev\u00f3 a cabo el Taller del Plan de Manejo del Fuego en nuestro distrito - Noticias Radio Reflejos","robots":{"index":"index","follow":"follow","max-snippet":"max-snippet:-1","max-image-preview":"max-image-preview:large","max-video-preview":"max-video-preview:-1"},"canonical":"https:\/\/www.noticiasradioreflejos.com.ar\/2021\/se-llevo-a-cabo-el-taller-del-plan-de-manejo-del-fuego-en-nuestro-distrito\/","og_locale":"es_ES","og_type":"article","og_title":"Se llev\u00f3 a cabo el Taller del Plan de Manejo del Fuego en nuestro distrito - Noticias Radio Reflejos","og_description":"A trav\u00e9s de una iniciativa de la Direcci\u00f3n Provincial de Defensa Civil del Ministerio de Seguridad de la Provincia de Buenos Aires, se llev\u00f3 a cabo el Taller del Plan de Manejo de Fuego, con el objetivo de fortalecer y mejorar la respuesta ante la situaciones de emergencia en nuestro territorio.","og_url":"https:\/\/www.noticiasradioreflejos.com.ar\/2021\/se-llevo-a-cabo-el-taller-del-plan-de-manejo-del-fuego-en-nuestro-distrito\/","og_site_name":"Noticias Radio Reflejos","article_published_time":"2024-08-17T11:45:00+00:00","article_modified_time":"2024-08-17T12:07:16+00:00","og_image":[{"width":2560,"height":1748,"url":"https:\/\/www.noticiasradioreflejos.com.ar\/2021\/wp-content\/uploads\/2024\/08\/NIK_4799-Mejorado-NR-scaled.jpeg","type":"image\/jpeg"}],"author":"Arnaldo Botto","twitter_card":"summary_large_image","schema":{"@context":"https:\/\/schema.org","@graph":[{"@type":"WebPage","@id":"https:\/\/www.noticiasradioreflejos.com.ar\/2021\/se-llevo-a-cabo-el-taller-del-plan-de-manejo-del-fuego-en-nuestro-distrito\/","url":"https:\/\/www.noticiasradioreflejos.com.ar\/2021\/se-llevo-a-cabo-el-taller-del-plan-de-manejo-del-fuego-en-nuestro-distrito\/","name":"Se llev\u00f3 a cabo el Taller del Plan de Manejo del Fuego en nuestro distrito - Noticias Radio Reflejos","isPartOf":{"@id":"https:\/\/www.noticiasradioreflejos.com.ar\/2021\/#website"},"primaryImageOfPage":{"@id":"https:\/\/www.noticiasradioreflejos.com.ar\/2021\/se-llevo-a-cabo-el-taller-del-plan-de-manejo-del-fuego-en-nuestro-distrito\/#primaryimage"},"image":{"@id":"https:\/\/www.noticiasradioreflejos.com.ar\/2021\/se-llevo-a-cabo-el-taller-del-plan-de-manejo-del-fuego-en-nuestro-distrito\/#primaryimage"},"thumbnailUrl":"https:\/\/www.noticiasradioreflejos.com.ar\/2021\/wp-content\/uploads\/2024\/08\/NIK_4799-Mejorado-NR-scaled.jpeg","datePublished":"2024-08-17T11:45:00+00:00","dateModified":"2024-08-17T12:07:16+00:00","author":{"@id":"https:\/\/www.noticiasradioreflejos.com.ar\/2021\/#\/schema\/person\/ad82545263dcc5ec0996818884fd5fb1"},"breadcrumb":{"@id":"https:\/\/www.noticiasradioreflejos.com.ar\/2021\/se-llevo-a-cabo-el-taller-del-plan-de-manejo-del-fuego-en-nuestro-distrito\/#breadcrumb"},"inLanguage":"es","potentialAction":[{"@type":"ReadAction","target":["https:\/\/www.noticiasradioreflejos.com.ar\/2021\/se-llevo-a-cabo-el-taller-del-plan-de-manejo-del-fuego-en-nuestro-distrito\/"]}]},{"@type":"ImageObject","inLanguage":"es","@id":"https:\/\/www.noticiasradioreflejos.com.ar\/2021\/se-llevo-a-cabo-el-taller-del-plan-de-manejo-del-fuego-en-nuestro-distrito\/#primaryimage","url":"https:\/\/www.noticiasradioreflejos.com.ar\/2021\/wp-content\/uploads\/2024\/08\/NIK_4799-Mejorado-NR-scaled.jpeg","contentUrl":"https:\/\/www.noticiasradioreflejos.com.ar\/2021\/wp-content\/uploads\/2024\/08\/NIK_4799-Mejorado-NR-scaled.jpeg","width":2560,"height":1748},{"@type":"BreadcrumbList","@id":"https:\/\/www.noticiasradioreflejos.com.ar\/2021\/se-llevo-a-cabo-el-taller-del-plan-de-manejo-del-fuego-en-nuestro-distrito\/#breadcrumb","itemListElement":[{"@type":"ListItem","position":1,"name":"Portada","item":"https:\/\/www.noticiasradioreflejos.com.ar\/2021\/"},{"@type":"ListItem","position":2,"name":"Se llev\u00f3 a cabo el Taller del Plan de Manejo del Fuego en nuestro distrito"}]},{"@type":"WebSite","@id":"https:\/\/www.noticiasradioreflejos.com.ar\/2021\/#website","url":"https:\/\/www.noticiasradioreflejos.com.ar\/2021\/","name":"Noticias Radio Reflejos","description":"Las noticias de mi comarca","potentialAction":[{"@type":"SearchAction","target":{"@type":"EntryPoint","urlTemplate":"https:\/\/www.noticiasradioreflejos.com.ar\/2021\/?s={search_term_string}"},"query-input":{"@type":"PropertyValueSpecification","valueRequired":true,"valueName":"search_term_string"}}],"inLanguage":"es"},{"@type":"Person","@id":"https:\/\/www.noticiasradioreflejos.com.ar\/2021\/#\/schema\/person\/ad82545263dcc5ec0996818884fd5fb1","name":"Arnaldo Botto","image":{"@type":"ImageObject","inLanguage":"es","@id":"https:\/\/www.noticiasradioreflejos.com.ar\/2021\/#\/schema\/person\/image\/","url":"https:\/\/secure.gravatar.com\/avatar\/55cb5e37c1efa326397366e6974cb338056df65cb50e7d64d1cf314e87504837?s=96&d=mm&r=g","contentUrl":"https:\/\/secure.gravatar.com\/avatar\/55cb5e37c1efa326397366e6974cb338056df65cb50e7d64d1cf314e87504837?s=96&d=mm&r=g","caption":"Arnaldo Botto"},"url":"https:\/\/www.noticiasradioreflejos.com.ar\/2021\/author\/arnaldo\/"}]}},"_links":{"self":[{"href":"https:\/\/www.noticiasradioreflejos.com.ar\/2021\/wp-json\/wp\/v2\/posts\/106374","targetHints":{"allow":["GET"]}}],"collection":[{"href":"https:\/\/www.noticiasradioreflejos.com.ar\/2021\/wp-json\/wp\/v2\/posts"}],"about":[{"href":"https:\/\/www.noticiasradioreflejos.com.ar\/2021\/wp-json\/wp\/v2\/types\/post"}],"author":[{"embeddable":true,"href":"https:\/\/www.noticiasradioreflejos.com.ar\/2021\/wp-json\/wp\/v2\/users\/3"}],"replies":[{"embeddable":true,"href":"https:\/\/www.noticiasradioreflejos.com.ar\/2021\/wp-json\/wp\/v2\/comments?post=106374"}],"version-history":[{"count":2,"href":"https:\/\/www.noticiasradioreflejos.com.ar\/2021\/wp-json\/wp\/v2\/posts\/106374\/revisions"}],"predecessor-version":[{"id":106387,"href":"https:\/\/www.noticiasradioreflejos.com.ar\/2021\/wp-json\/wp\/v2\/posts\/106374\/revisions\/106387"}],"wp:featuredmedia":[{"embeddable":true,"href":"https:\/\/www.noticiasradioreflejos.com.ar\/2021\/wp-json\/wp\/v2\/media\/106375"}],"wp:attachment":[{"href":"https:\/\/www.noticiasradioreflejos.com.ar\/2021\/wp-json\/wp\/v2\/media?parent=106374"}],"wp:term":[{"taxonomy":"category","embeddable":true,"href":"https:\/\/www.noticiasradioreflejos.com.ar\/2021\/wp-json\/wp\/v2\/categories?post=106374"},{"taxonomy":"post_tag","embeddable":true,"href":"https:\/\/www.noticiasradioreflejos.com.ar\/2021\/wp-json\/wp\/v2\/tags?post=106374"}],"curies":[{"name":"wp","href":"https:\/\/api.w.org\/{rel}","templated":true}]}}