{"id":106340,"date":"2024-08-16T08:27:13","date_gmt":"2024-08-16T11:27:13","guid":{"rendered":"https:\/\/www.noticiasradioreflejos.com.ar\/2021\/?p=106340"},"modified":"2024-08-16T08:27:13","modified_gmt":"2024-08-16T11:27:13","slug":"viernes-agradable-y-fresco-desde-manana-inestable-frio-heladas-y-posibles-nevadas-en-la-zona-serrana","status":"publish","type":"post","link":"https:\/\/www.noticiasradioreflejos.com.ar\/2021\/viernes-agradable-y-fresco-desde-manana-inestable-frio-heladas-y-posibles-nevadas-en-la-zona-serrana\/","title":{"rendered":"Viernes agradable y fresco . Desde ma\u00f1ana, inestable, fr\u00edo, heladas y posibles nevadas en la zona serrana"},"content":{"rendered":"<p>El Servicio Meteorol\u00f3gico Nacional (SMN) inform\u00f3 de esta forma que se prev\u00e9 un viernes con cielo mayormente nublado en el d\u00eda y nublado en la noche.<!--more--><\/p>\n<p>En cuanto a las temperaturas, se esperan marcas de entre 4 grados de m\u00ednima y 12 de m\u00e1xima.<\/p>\n<p>&nbsp;<\/p>\n<h4>C\u00f3mo sigue el tiempo en la Ciudad y alrededores<\/h4>\n<p>El s\u00e1bado se prev\u00e9 con cielo mayormente nublado a cubierto\u00a0 durante toda la jornada, mientras que las temperaturas comenzar\u00e1n a descender y rondar\u00e1n entre 2 y 10 grados. Se presentar\u00e1n lloviznas y chaparrones para la tarde y noche<\/p>\n<p>Para el domingo del D\u00eda del Ni\u00f1o se espera una jornada con cielo cubierto durante todo el d\u00eda, y marcas t\u00e9rmicas con muy poca amplitud entre los 6 y 10 grados y lluvias aisladas para la tarde y noche<\/p>\n<p>A partir del lunes se presentar\u00e1 un tiempo muy fr\u00edo en toda la zona sudoeste bonaerense, con temperaturas que apenas alcanzar\u00edan los 5 a 6 grados de m\u00e1xima, m\u00ednimas entre 0 y -1\u00b0, lloviznas y chaparrones en forma diaria hasta el s\u00e1bado 24, lo que contempla tambien heladas matinales y posibles nevadas en las zonas altas de las sierras.<\/p>\n","protected":false},"excerpt":{"rendered":"<p>El Servicio Meteorol\u00f3gico Nacional (SMN) inform\u00f3 de esta forma que se prev\u00e9 un viernes con cielo mayormente nublado en el d\u00eda y nublado en la noche.<\/p>\n","protected":false},"author":3,"featured_media":105979,"comment_status":"closed","ping_status":"closed","sticky":false,"template":"","format":"standard","meta":{"footnotes":""},"categories":[46],"tags":[48],"class_list":["post-106340","post","type-post","status-publish","format-standard","has-post-thumbnail","hentry","category-ciencia-y-tecnologia","tag-destacada"],"yoast_head":"<!-- This site is optimized with the Yoast SEO plugin v25.9 - https:\/\/yoast.com\/wordpress\/plugins\/seo\/ -->\n<title>Viernes agradable y fresco . Desde ma\u00f1ana, inestable, fr\u00edo, heladas y posibles nevadas en la zona serrana - Noticias Radio Reflejos<\/title>\n<meta name=\"robots\" content=\"index, follow, max-snippet:-1, max-image-preview:large, max-video-preview:-1\" \/>\n<link rel=\"canonical\" href=\"https:\/\/www.noticiasradioreflejos.com.ar\/2021\/viernes-agradable-y-fresco-desde-manana-inestable-frio-heladas-y-posibles-nevadas-en-la-zona-serrana\/\" \/>\n<meta property=\"og:locale\" content=\"es_ES\" \/>\n<meta property=\"og:type\" content=\"article\" \/>\n<meta property=\"og:title\" content=\"Viernes agradable y fresco . Desde ma\u00f1ana, inestable, fr\u00edo, heladas y posibles nevadas en la zona serrana - Noticias Radio Reflejos\" \/>\n<meta property=\"og:description\" content=\"El Servicio Meteorol\u00f3gico Nacional (SMN) inform\u00f3 de esta forma que se prev\u00e9 un viernes con cielo mayormente nublado en el d\u00eda y nublado en la noche.\" \/>\n<meta property=\"og:url\" content=\"https:\/\/www.noticiasradioreflejos.com.ar\/2021\/viernes-agradable-y-fresco-desde-manana-inestable-frio-heladas-y-posibles-nevadas-en-la-zona-serrana\/\" \/>\n<meta property=\"og:site_name\" content=\"Noticias Radio Reflejos\" \/>\n<meta property=\"article:published_time\" content=\"2024-08-16T11:27:13+00:00\" \/>\n<meta property=\"og:image\" content=\"https:\/\/www.noticiasradioreflejos.com.ar\/2021\/wp-content\/uploads\/2024\/08\/Sierra-Agosto-Tormenta.jpeg\" \/>\n\t<meta property=\"og:image:width\" content=\"1600\" \/>\n\t<meta property=\"og:image:height\" content=\"900\" \/>\n\t<meta property=\"og:image:type\" content=\"image\/jpeg\" \/>\n<meta name=\"author\" content=\"Arnaldo Botto\" \/>\n<meta name=\"twitter:card\" content=\"summary_large_image\" \/>\n<script type=\"application\/ld+json\" class=\"yoast-schema-graph\">{\"@context\":\"https:\/\/schema.org\",\"@graph\":[{\"@type\":\"WebPage\",\"@id\":\"https:\/\/www.noticiasradioreflejos.com.ar\/2021\/viernes-agradable-y-fresco-desde-manana-inestable-frio-heladas-y-posibles-nevadas-en-la-zona-serrana\/\",\"url\":\"https:\/\/www.noticiasradioreflejos.com.ar\/2021\/viernes-agradable-y-fresco-desde-manana-inestable-frio-heladas-y-posibles-nevadas-en-la-zona-serrana\/\",\"name\":\"Viernes agradable y fresco . Desde ma\u00f1ana, inestable, fr\u00edo, heladas y posibles nevadas en la zona serrana - Noticias Radio Reflejos\",\"isPartOf\":{\"@id\":\"https:\/\/www.noticiasradioreflejos.com.ar\/2021\/#website\"},\"primaryImageOfPage\":{\"@id\":\"https:\/\/www.noticiasradioreflejos.com.ar\/2021\/viernes-agradable-y-fresco-desde-manana-inestable-frio-heladas-y-posibles-nevadas-en-la-zona-serrana\/#primaryimage\"},\"image\":{\"@id\":\"https:\/\/www.noticiasradioreflejos.com.ar\/2021\/viernes-agradable-y-fresco-desde-manana-inestable-frio-heladas-y-posibles-nevadas-en-la-zona-serrana\/#primaryimage\"},\"thumbnailUrl\":\"https:\/\/www.noticiasradioreflejos.com.ar\/2021\/wp-content\/uploads\/2024\/08\/Sierra-Agosto-Tormenta.jpeg\",\"datePublished\":\"2024-08-16T11:27:13+00:00\",\"author\":{\"@id\":\"https:\/\/www.noticiasradioreflejos.com.ar\/2021\/#\/schema\/person\/ad82545263dcc5ec0996818884fd5fb1\"},\"breadcrumb\":{\"@id\":\"https:\/\/www.noticiasradioreflejos.com.ar\/2021\/viernes-agradable-y-fresco-desde-manana-inestable-frio-heladas-y-posibles-nevadas-en-la-zona-serrana\/#breadcrumb\"},\"inLanguage\":\"es\",\"potentialAction\":[{\"@type\":\"ReadAction\",\"target\":[\"https:\/\/www.noticiasradioreflejos.com.ar\/2021\/viernes-agradable-y-fresco-desde-manana-inestable-frio-heladas-y-posibles-nevadas-en-la-zona-serrana\/\"]}]},{\"@type\":\"ImageObject\",\"inLanguage\":\"es\",\"@id\":\"https:\/\/www.noticiasradioreflejos.com.ar\/2021\/viernes-agradable-y-fresco-desde-manana-inestable-frio-heladas-y-posibles-nevadas-en-la-zona-serrana\/#primaryimage\",\"url\":\"https:\/\/www.noticiasradioreflejos.com.ar\/2021\/wp-content\/uploads\/2024\/08\/Sierra-Agosto-Tormenta.jpeg\",\"contentUrl\":\"https:\/\/www.noticiasradioreflejos.com.ar\/2021\/wp-content\/uploads\/2024\/08\/Sierra-Agosto-Tormenta.jpeg\",\"width\":1600,\"height\":900},{\"@type\":\"BreadcrumbList\",\"@id\":\"https:\/\/www.noticiasradioreflejos.com.ar\/2021\/viernes-agradable-y-fresco-desde-manana-inestable-frio-heladas-y-posibles-nevadas-en-la-zona-serrana\/#breadcrumb\",\"itemListElement\":[{\"@type\":\"ListItem\",\"position\":1,\"name\":\"Portada\",\"item\":\"https:\/\/www.noticiasradioreflejos.com.ar\/2021\/\"},{\"@type\":\"ListItem\",\"position\":2,\"name\":\"Viernes agradable y fresco . Desde ma\u00f1ana, inestable, fr\u00edo, heladas y posibles nevadas en la zona serrana\"}]},{\"@type\":\"WebSite\",\"@id\":\"https:\/\/www.noticiasradioreflejos.com.ar\/2021\/#website\",\"url\":\"https:\/\/www.noticiasradioreflejos.com.ar\/2021\/\",\"name\":\"Noticias Radio Reflejos\",\"description\":\"Las noticias de mi comarca\",\"potentialAction\":[{\"@type\":\"SearchAction\",\"target\":{\"@type\":\"EntryPoint\",\"urlTemplate\":\"https:\/\/www.noticiasradioreflejos.com.ar\/2021\/?s={search_term_string}\"},\"query-input\":{\"@type\":\"PropertyValueSpecification\",\"valueRequired\":true,\"valueName\":\"search_term_string\"}}],\"inLanguage\":\"es\"},{\"@type\":\"Person\",\"@id\":\"https:\/\/www.noticiasradioreflejos.com.ar\/2021\/#\/schema\/person\/ad82545263dcc5ec0996818884fd5fb1\",\"name\":\"Arnaldo Botto\",\"image\":{\"@type\":\"ImageObject\",\"inLanguage\":\"es\",\"@id\":\"https:\/\/www.noticiasradioreflejos.com.ar\/2021\/#\/schema\/person\/image\/\",\"url\":\"https:\/\/secure.gravatar.com\/avatar\/55cb5e37c1efa326397366e6974cb338056df65cb50e7d64d1cf314e87504837?s=96&d=mm&r=g\",\"contentUrl\":\"https:\/\/secure.gravatar.com\/avatar\/55cb5e37c1efa326397366e6974cb338056df65cb50e7d64d1cf314e87504837?s=96&d=mm&r=g\",\"caption\":\"Arnaldo Botto\"},\"url\":\"https:\/\/www.noticiasradioreflejos.com.ar\/2021\/author\/arnaldo\/\"}]}<\/script>\n<!-- \/ Yoast SEO plugin. -->","yoast_head_json":{"title":"Viernes agradable y fresco . Desde ma\u00f1ana, inestable, fr\u00edo, heladas y posibles nevadas en la zona serrana - Noticias Radio Reflejos","robots":{"index":"index","follow":"follow","max-snippet":"max-snippet:-1","max-image-preview":"max-image-preview:large","max-video-preview":"max-video-preview:-1"},"canonical":"https:\/\/www.noticiasradioreflejos.com.ar\/2021\/viernes-agradable-y-fresco-desde-manana-inestable-frio-heladas-y-posibles-nevadas-en-la-zona-serrana\/","og_locale":"es_ES","og_type":"article","og_title":"Viernes agradable y fresco . Desde ma\u00f1ana, inestable, fr\u00edo, heladas y posibles nevadas en la zona serrana - Noticias Radio Reflejos","og_description":"El Servicio Meteorol\u00f3gico Nacional (SMN) inform\u00f3 de esta forma que se prev\u00e9 un viernes con cielo mayormente nublado en el d\u00eda y nublado en la noche.","og_url":"https:\/\/www.noticiasradioreflejos.com.ar\/2021\/viernes-agradable-y-fresco-desde-manana-inestable-frio-heladas-y-posibles-nevadas-en-la-zona-serrana\/","og_site_name":"Noticias Radio Reflejos","article_published_time":"2024-08-16T11:27:13+00:00","og_image":[{"width":1600,"height":900,"url":"https:\/\/www.noticiasradioreflejos.com.ar\/2021\/wp-content\/uploads\/2024\/08\/Sierra-Agosto-Tormenta.jpeg","type":"image\/jpeg"}],"author":"Arnaldo Botto","twitter_card":"summary_large_image","schema":{"@context":"https:\/\/schema.org","@graph":[{"@type":"WebPage","@id":"https:\/\/www.noticiasradioreflejos.com.ar\/2021\/viernes-agradable-y-fresco-desde-manana-inestable-frio-heladas-y-posibles-nevadas-en-la-zona-serrana\/","url":"https:\/\/www.noticiasradioreflejos.com.ar\/2021\/viernes-agradable-y-fresco-desde-manana-inestable-frio-heladas-y-posibles-nevadas-en-la-zona-serrana\/","name":"Viernes agradable y fresco . Desde ma\u00f1ana, inestable, fr\u00edo, heladas y posibles nevadas en la zona serrana - Noticias Radio Reflejos","isPartOf":{"@id":"https:\/\/www.noticiasradioreflejos.com.ar\/2021\/#website"},"primaryImageOfPage":{"@id":"https:\/\/www.noticiasradioreflejos.com.ar\/2021\/viernes-agradable-y-fresco-desde-manana-inestable-frio-heladas-y-posibles-nevadas-en-la-zona-serrana\/#primaryimage"},"image":{"@id":"https:\/\/www.noticiasradioreflejos.com.ar\/2021\/viernes-agradable-y-fresco-desde-manana-inestable-frio-heladas-y-posibles-nevadas-en-la-zona-serrana\/#primaryimage"},"thumbnailUrl":"https:\/\/www.noticiasradioreflejos.com.ar\/2021\/wp-content\/uploads\/2024\/08\/Sierra-Agosto-Tormenta.jpeg","datePublished":"2024-08-16T11:27:13+00:00","author":{"@id":"https:\/\/www.noticiasradioreflejos.com.ar\/2021\/#\/schema\/person\/ad82545263dcc5ec0996818884fd5fb1"},"breadcrumb":{"@id":"https:\/\/www.noticiasradioreflejos.com.ar\/2021\/viernes-agradable-y-fresco-desde-manana-inestable-frio-heladas-y-posibles-nevadas-en-la-zona-serrana\/#breadcrumb"},"inLanguage":"es","potentialAction":[{"@type":"ReadAction","target":["https:\/\/www.noticiasradioreflejos.com.ar\/2021\/viernes-agradable-y-fresco-desde-manana-inestable-frio-heladas-y-posibles-nevadas-en-la-zona-serrana\/"]}]},{"@type":"ImageObject","inLanguage":"es","@id":"https:\/\/www.noticiasradioreflejos.com.ar\/2021\/viernes-agradable-y-fresco-desde-manana-inestable-frio-heladas-y-posibles-nevadas-en-la-zona-serrana\/#primaryimage","url":"https:\/\/www.noticiasradioreflejos.com.ar\/2021\/wp-content\/uploads\/2024\/08\/Sierra-Agosto-Tormenta.jpeg","contentUrl":"https:\/\/www.noticiasradioreflejos.com.ar\/2021\/wp-content\/uploads\/2024\/08\/Sierra-Agosto-Tormenta.jpeg","width":1600,"height":900},{"@type":"BreadcrumbList","@id":"https:\/\/www.noticiasradioreflejos.com.ar\/2021\/viernes-agradable-y-fresco-desde-manana-inestable-frio-heladas-y-posibles-nevadas-en-la-zona-serrana\/#breadcrumb","itemListElement":[{"@type":"ListItem","position":1,"name":"Portada","item":"https:\/\/www.noticiasradioreflejos.com.ar\/2021\/"},{"@type":"ListItem","position":2,"name":"Viernes agradable y fresco . Desde ma\u00f1ana, inestable, fr\u00edo, heladas y posibles nevadas en la zona serrana"}]},{"@type":"WebSite","@id":"https:\/\/www.noticiasradioreflejos.com.ar\/2021\/#website","url":"https:\/\/www.noticiasradioreflejos.com.ar\/2021\/","name":"Noticias Radio Reflejos","description":"Las noticias de mi comarca","potentialAction":[{"@type":"SearchAction","target":{"@type":"EntryPoint","urlTemplate":"https:\/\/www.noticiasradioreflejos.com.ar\/2021\/?s={search_term_string}"},"query-input":{"@type":"PropertyValueSpecification","valueRequired":true,"valueName":"search_term_string"}}],"inLanguage":"es"},{"@type":"Person","@id":"https:\/\/www.noticiasradioreflejos.com.ar\/2021\/#\/schema\/person\/ad82545263dcc5ec0996818884fd5fb1","name":"Arnaldo Botto","image":{"@type":"ImageObject","inLanguage":"es","@id":"https:\/\/www.noticiasradioreflejos.com.ar\/2021\/#\/schema\/person\/image\/","url":"https:\/\/secure.gravatar.com\/avatar\/55cb5e37c1efa326397366e6974cb338056df65cb50e7d64d1cf314e87504837?s=96&d=mm&r=g","contentUrl":"https:\/\/secure.gravatar.com\/avatar\/55cb5e37c1efa326397366e6974cb338056df65cb50e7d64d1cf314e87504837?s=96&d=mm&r=g","caption":"Arnaldo Botto"},"url":"https:\/\/www.noticiasradioreflejos.com.ar\/2021\/author\/arnaldo\/"}]}},"_links":{"self":[{"href":"https:\/\/www.noticiasradioreflejos.com.ar\/2021\/wp-json\/wp\/v2\/posts\/106340","targetHints":{"allow":["GET"]}}],"collection":[{"href":"https:\/\/www.noticiasradioreflejos.com.ar\/2021\/wp-json\/wp\/v2\/posts"}],"about":[{"href":"https:\/\/www.noticiasradioreflejos.com.ar\/2021\/wp-json\/wp\/v2\/types\/post"}],"author":[{"embeddable":true,"href":"https:\/\/www.noticiasradioreflejos.com.ar\/2021\/wp-json\/wp\/v2\/users\/3"}],"replies":[{"embeddable":true,"href":"https:\/\/www.noticiasradioreflejos.com.ar\/2021\/wp-json\/wp\/v2\/comments?post=106340"}],"version-history":[{"count":1,"href":"https:\/\/www.noticiasradioreflejos.com.ar\/2021\/wp-json\/wp\/v2\/posts\/106340\/revisions"}],"predecessor-version":[{"id":106341,"href":"https:\/\/www.noticiasradioreflejos.com.ar\/2021\/wp-json\/wp\/v2\/posts\/106340\/revisions\/106341"}],"wp:featuredmedia":[{"embeddable":true,"href":"https:\/\/www.noticiasradioreflejos.com.ar\/2021\/wp-json\/wp\/v2\/media\/105979"}],"wp:attachment":[{"href":"https:\/\/www.noticiasradioreflejos.com.ar\/2021\/wp-json\/wp\/v2\/media?parent=106340"}],"wp:term":[{"taxonomy":"category","embeddable":true,"href":"https:\/\/www.noticiasradioreflejos.com.ar\/2021\/wp-json\/wp\/v2\/categories?post=106340"},{"taxonomy":"post_tag","embeddable":true,"href":"https:\/\/www.noticiasradioreflejos.com.ar\/2021\/wp-json\/wp\/v2\/tags?post=106340"}],"curies":[{"name":"wp","href":"https:\/\/api.w.org\/{rel}","templated":true}]}}