{"id":106336,"date":"2024-08-16T07:51:37","date_gmt":"2024-08-16T10:51:37","guid":{"rendered":"https:\/\/www.noticiasradioreflejos.com.ar\/2021\/?p=106336"},"modified":"2024-08-16T07:52:05","modified_gmt":"2024-08-16T10:52:05","slug":"la-esencialidad-educativa-volvio-a-dividir-al-bloque-radical-que-sufre-la-falta-de-organicidad-interna","status":"publish","type":"post","link":"https:\/\/www.noticiasradioreflejos.com.ar\/2021\/la-esencialidad-educativa-volvio-a-dividir-al-bloque-radical-que-sufre-la-falta-de-organicidad-interna\/","title":{"rendered":"La esencialidad educativa volvi\u00f3 a dividir al bloque radical, que sufre la falta de organicidad interna"},"content":{"rendered":"<p>El tratamiento del decreto que ampli\u00f3 los fondos para la SIDE es otro de los temas que astilla la interna radical. Encuentro Federal qued\u00f3 herido despu\u00e9s de la sesi\u00f3n y est\u00e1 inc\u00f3modo en el escenario actual.<!--more--><\/p>\n<div class=\"columns\" data-tadevel-template=\"web\/article-columns\">\n<div class=\"column-main\">\n<div class=\"article-body\" data-tadevel-template=\"web\/article-body\">\n<div class=\"article-body-content\">\n<p><strong>La votaci\u00f3n en el recinto del proyecto para declarar a la educaci\u00f3n como \u201cservicio estrat\u00e9gico esencial\u201d, imponiendo l\u00edmites al derecho a huelga docente, volvi\u00f3 a marcar diferencias dentro del bloque radical de la C\u00e1mara de Diputados.<\/strong><\/p>\n<p>Se ratifican as\u00ed las dificultades para lograr cohesi\u00f3n interna y disciplina partidaria, a falta de un comando unificado de conducci\u00f3n.<\/p>\n<p>Quienes se opusieron a levantar la mano a favor de la iniciativa que pone en jaque el derecho a huelga fueron\u00a0<strong>Facundo Manes, Pablo Juliano, Marcela Coli y Roxana Reyes.<\/strong><\/p>\n<p>Adem\u00e1s se abstuvo\u00a0<strong>Fernando Carbajal,<\/strong>\u00a0quien tambi\u00e9n mostr\u00f3 sus reparos al hecho de limitar los paros docentes para exigir mejores condiciones laborales.<\/p>\n<p>Estos diputados y un pu\u00f1ado m\u00e1s (<strong>Manuel Aguirre, Jorge Rizzotti y Pedro Galimberti)<\/strong>\u00a0son los que hicieron rancho aparte la semana pasada para firmar un pedido de convocatoria a sesi\u00f3n especial junto a Encuentro Federal y la Coalici\u00f3n C\u00edvica para derogar la ampliaci\u00f3n presupuestaria para los fondos reservados de la SIDE.<\/p>\n<p>Este proyecto no tiene dictamen, y por ende requerir\u00eda de una mayor\u00eda especial imposible de lograr para tratarlo en el recinto, pero al menos sirve para poner el tema sobre la palestra.<\/p>\n<p>Este es indudablemente otro de los temas que tensiona la interna radical. El presidente de la bancada, Rodrigo De Loredo, y muchos de quienes lo siguen en el bloque prefieren no agitar olas en el recinto para no seguir astillando la relaci\u00f3n con el oficialismo y que la cuesti\u00f3n se trate en la comisi\u00f3n Bicameral\u00a0de Fiscalizaci\u00f3n de los Organismos y Actividades de Inteligencia.<\/p>\n<p>Este cuerpo estaba paralizado por la falta de acuerdos en torno a su integraci\u00f3n, pero finalmente se citar\u00e1 el martes que viene a las 16.<\/p>\n<p>La decisi\u00f3n de activar esta c\u00e9lula dormida tiene que ver quitarle quitarle argumentos a quienes desean apurar el tratamiento en el recinto.<\/p>\n<p>Se sabe que el oficialismo quiere evitar a toda costa que la oposici\u00f3n convoque a sesiones sin su consentimiento y con agendas que molestan o tocan los intereses del Poder Ejecutivo.<\/p>\n<p>De Loredo todav\u00eda se cuida de no herir por dem\u00e1s la susceptibilidad del Gobierno y por eso contiene lo m\u00e1s que puede las presiones de autonom\u00eda de algunos de sus miembros.<\/p>\n<p>Si rompe con el oficialismo y empieza a actuar en el Congreso sin importarle lo que se espera del radicalismo desde la Casa Rosada, no van a faltar quienes los acusen de ser funcionales al kirchnerismo, la supuesta mancha venenosa. Es un precio muy alto a pagar para el cordob\u00e9s, que siempre tiene un ojo puesto en lo que espera su electorado.<\/p>\n<p>El tratamiento del tema SIDE en la bicameral de Inteligencia, sin embargo, tiene tiempos bastante m\u00e1s dilatados de los deseables en t\u00e9rminos de poder dejar el proyecto en la rampa de entrada al recinto.<\/p>\n<p>Esto conspira contra la suma urgencia que tiene el asunto, toda vez que tom\u00f3 estado p\u00fablico que ya se \u00abpatin\u00f3\u00bb el 80% de los m\u00e1s de 100.000 mil millones de pesos de presupuesto para la nueva estructura de la SIDE.<\/p>\n<p>La olla fue destapada por el diputado de la Coalici\u00f3n C\u00edvica\u00a0<strong>Maximiliano Ferraro<\/strong>, en un tuit muy comentado en el mundo de la pol\u00edtica.<\/p>\n<p>\u00abPara operaciones de la SIDE, &#8216;s\u00ed hay plata'\u00bb. Ya se ejecutaron 80 mil millones\u00bb, denunci\u00f3 el legislador.<\/p>\n<p>Y ampli\u00f3: \u00ab<strong>En s\u00f3lo tres semanas, se ejecut\u00f3 el 80% de los 100 mil millones de pesos<\/strong>\u00a0asignados a gastos reservados y secretos de la Secretar\u00eda de Inteligencia, fondos que el Gobierno se autoasign\u00f3 a trav\u00e9s de un DNU.\u00a0<strong>Estos fondos se est\u00e1n utilizando sin control ni justificaci\u00f3n legal alguna, con absoluta discrecionalidad. Est\u00e1n dilapidando 3 millones de d\u00f3lares por d\u00eda en espionaje<\/strong>. Esto, adem\u00e1s de peligroso, es profundamente inmoral\u00bb.<\/p>\n<h3>En Encuentro Federal tambi\u00e9n hay tensiones e incomodidad creciente<\/h3>\n<p>El bloque que preside\u00a0<strong>Miguel Pichetto<\/strong>\u00a0no est\u00e1 exento de tensiones. Este bloque jug\u00f3 una carta fuerte al convocar a una sesi\u00f3n especial para este mismo jueves con el tema, pero perdi\u00f3 la apuesta. Nicol\u00e1s Massot, uno de los referentes de la bancada, plante\u00f3 en la noche del mi\u00e9rcoles una moci\u00f3n para ir a un cuarto intermedio y retomar la sesi\u00f3n del oficialismo la semana que viene.<\/p>\n<p>De votarse afirmativamente, le habr\u00eda dado la oportunidad de sesionar el jueves en torno a los fondos para inteligencia. Pero no dieron los votos y tuvieron que reprogramar el pedido de sesi\u00f3n para el mi\u00e9rcoles pr\u00f3ximo, un d\u00eda despu\u00e9s de que se re\u00fana la bicameral de Inteligencia.<\/p>\n<p>El bloque ya hab\u00eda intentado sabotear el qu\u00f3rum de la sesi\u00f3n del mi\u00e9rcoles, pero a diferencia de la semana anterior no lo logr\u00f3. Aquella vez hab\u00edan sacado pecho y le recomendaron al oficialismo que dejara de subestimarlos por ser una bancada de 16 integrantes. El argumento, razonable en ese momento, se desinfl\u00f3 ayer luego de que La Libertad Avanza pudiera lograr el qu\u00f3rum sin Pichetto.<\/p>\n<p>El rionegrino ten\u00eda una fuerte influencia sobre el bloque Innovaci\u00f3n Federal de ocho integrantes que preside Pamela Calletti, e incluso hasta hace pocas semanas hab\u00edan gestiones muy avanzadas para integrarse en un interbloque.<\/p>\n<p>El acuerdo perdi\u00f3 fuerza a medida que Innovaci\u00f3n Federal acentu\u00f3 su rol de aliado colaborador del Gobierno, mientras que por el contrario Encuentro Federal acentu\u00f3 su impronta de confrontaci\u00f3n opositora.<\/p>\n<p>No pas\u00f3 desapercibido, por ejemplo, que Massot votara junto al kirchnerismo en la bicameral de Tr\u00e1mite Legislativo sobre el DNU de la SIDE. Y tambi\u00e9n la jugada de Encuentro Federal para dejar sin qu\u00f3rum las \u00faltimas dos convocatorias del oficialismo (la primera con \u00e9xito y la segunda sin).<\/p>\n<p>El bloque de Pichetto tambi\u00e9n parece haber perdido influencia sobre la Coalici\u00f3n C\u00edvica, que funcionaba hasta hace poco como prima menor.<\/p>\n<p>La bancada referenciada en Elisa Carri\u00f3 era parte de Hacemos Coalici\u00f3n Federal pero tom\u00f3 un rumbo independentista para sincerando las diferencias con el pichettismo.<\/p>\n<p>A\u00fan as\u00ed, persist\u00edan modus operandi similares y puentes de coordinaci\u00f3n, especialmente en la forma de relacionarse con el oficialismo.<\/p>\n<p>Esta supuesta coordinaci\u00f3n entre ambos bloques qued\u00f3 definitivamente desmentida en la \u00faltima sesi\u00f3n, cuando la Coalici\u00f3n C\u00edvica no pesta\u00f1e\u00f3 en la decisi\u00f3n de aportar al qu\u00f3rum.<\/p>\n<p>A Encuentro Federal se lo observ\u00f3 inc\u00f3modo desde el comienzo de una sesi\u00f3n que para empezar quiso que no se llevara a cabo, y luego intent\u00f3 sin \u00e9xito interrumpirla con un cuarto intermedio.<\/p>\n<p>Pero adem\u00e1s sus miembros se dividieron a la hora de votar la esencialidad educativa. Mientras que un sector acompa\u00f1\u00f3 la medida, diputados como Margarita Stolbizer, Natalia de la Sota, M\u00f3nica Fein y Esteban Paul\u00f3n votaron en contra por entender que se estaban cercenando derechos laborales de los docentes.<\/p>\n<\/div>\n<\/div>\n<\/div>\n<\/div>\n<p>&nbsp;<\/p>\n<div class=\"imgwrap\"><img loading=\"lazy\" decoding=\"async\" src=\"https:\/\/alpha-assets.tadevel-cdn.com\/66575bc654e0941f35ea4637\/t256.jpeg\" alt=\"Sebasti\u00e1n Hadida\" width=\"64\" height=\"64\" \/><\/div>\n<div class=\"textwrap\">\n<div class=\"name\"><em><strong>Sebasti\u00e1n Hadida . CN<\/strong><\/em><\/div>\n<div class=\"bio\"><\/div>\n<\/div>\n<div class=\"columns\" data-tadevel-template=\"web\/article-columns\">\n<div class=\"column-main\">\n<figure class=\"multimedia\" data-type=\"photo\" data-tadevel-template=\"web\/multimedia\">\n<div class=\"content\">\n<div class=\"sizer\" data-sizer=\"aspect-ratio\" data-tadevel-template=\"web\/aspect-ratio\">\n<div class=\"backdrop\" data-tadevel-template=\"web\/picture\"><\/div>\n<picture data-tadevel-template=\"web\/picture\"><source srcset=\"https:\/\/alpha-assets.tadevel-cdn.com\/66be7d6633d5e7b7e73321d4\/180.webp 320w, https:\/\/alpha-assets.tadevel-cdn.com\/66be7d6633d5e7b7e73321d4\/360.webp 640w, https:\/\/alpha-assets.tadevel-cdn.com\/66be7d6633d5e7b7e73321d4\/720.webp 1280w\" type=\"image\/webp\" sizes=\"(min-device-width: 768px) 768px, 200px\" \/><source srcset=\"https:\/\/alpha-assets.tadevel-cdn.com\/66be7d6633d5e7b7e73321d4\/720.jpeg 1280w\" type=\"image\/jpeg\" sizes=\"(min-device-width: 768px) 768px, 200px\" \/><\/picture>\n<div class=\"overlay\"><\/div>\n<\/div>\n<\/div>\n<\/figure>\n<\/div>\n<\/div>\n","protected":false},"excerpt":{"rendered":"<p>El tratamiento del decreto que ampli\u00f3 los fondos para la SIDE es otro de los temas que astilla la interna radical. Encuentro Federal qued\u00f3 herido despu\u00e9s de la sesi\u00f3n y est\u00e1 inc\u00f3modo en el escenario actual.<\/p>\n","protected":false},"author":3,"featured_media":92507,"comment_status":"closed","ping_status":"closed","sticky":false,"template":"","format":"standard","meta":{"footnotes":""},"categories":[24],"tags":[],"class_list":["post-106336","post","type-post","status-publish","format-standard","has-post-thumbnail","hentry","category-politica"],"yoast_head":"<!-- This site is optimized with the Yoast SEO plugin v25.9 - https:\/\/yoast.com\/wordpress\/plugins\/seo\/ -->\n<title>La esencialidad educativa volvi\u00f3 a dividir al bloque radical, que sufre la falta de organicidad interna - Noticias Radio Reflejos<\/title>\n<meta name=\"robots\" content=\"index, follow, max-snippet:-1, max-image-preview:large, max-video-preview:-1\" \/>\n<link rel=\"canonical\" href=\"https:\/\/www.noticiasradioreflejos.com.ar\/2021\/la-esencialidad-educativa-volvio-a-dividir-al-bloque-radical-que-sufre-la-falta-de-organicidad-interna\/\" \/>\n<meta property=\"og:locale\" content=\"es_ES\" \/>\n<meta property=\"og:type\" content=\"article\" \/>\n<meta property=\"og:title\" content=\"La esencialidad educativa volvi\u00f3 a dividir al bloque radical, que sufre la falta de organicidad interna - Noticias Radio Reflejos\" \/>\n<meta property=\"og:description\" content=\"El tratamiento del decreto que ampli\u00f3 los fondos para la SIDE es otro de los temas que astilla la interna radical. Encuentro Federal qued\u00f3 herido despu\u00e9s de la sesi\u00f3n y est\u00e1 inc\u00f3modo en el escenario actual.\" \/>\n<meta property=\"og:url\" content=\"https:\/\/www.noticiasradioreflejos.com.ar\/2021\/la-esencialidad-educativa-volvio-a-dividir-al-bloque-radical-que-sufre-la-falta-de-organicidad-interna\/\" \/>\n<meta property=\"og:site_name\" content=\"Noticias Radio Reflejos\" \/>\n<meta property=\"article:published_time\" content=\"2024-08-16T10:51:37+00:00\" \/>\n<meta property=\"article:modified_time\" content=\"2024-08-16T10:52:05+00:00\" \/>\n<meta property=\"og:image\" content=\"https:\/\/www.noticiasradioreflejos.com.ar\/2021\/wp-content\/uploads\/2023\/09\/manes.jpg\" \/>\n\t<meta property=\"og:image:width\" content=\"1257\" \/>\n\t<meta property=\"og:image:height\" content=\"716\" \/>\n\t<meta property=\"og:image:type\" content=\"image\/jpeg\" \/>\n<meta name=\"author\" content=\"Arnaldo Botto\" \/>\n<meta name=\"twitter:card\" content=\"summary_large_image\" \/>\n<script type=\"application\/ld+json\" class=\"yoast-schema-graph\">{\"@context\":\"https:\/\/schema.org\",\"@graph\":[{\"@type\":\"WebPage\",\"@id\":\"https:\/\/www.noticiasradioreflejos.com.ar\/2021\/la-esencialidad-educativa-volvio-a-dividir-al-bloque-radical-que-sufre-la-falta-de-organicidad-interna\/\",\"url\":\"https:\/\/www.noticiasradioreflejos.com.ar\/2021\/la-esencialidad-educativa-volvio-a-dividir-al-bloque-radical-que-sufre-la-falta-de-organicidad-interna\/\",\"name\":\"La esencialidad educativa volvi\u00f3 a dividir al bloque radical, que sufre la falta de organicidad interna - Noticias Radio Reflejos\",\"isPartOf\":{\"@id\":\"https:\/\/www.noticiasradioreflejos.com.ar\/2021\/#website\"},\"primaryImageOfPage\":{\"@id\":\"https:\/\/www.noticiasradioreflejos.com.ar\/2021\/la-esencialidad-educativa-volvio-a-dividir-al-bloque-radical-que-sufre-la-falta-de-organicidad-interna\/#primaryimage\"},\"image\":{\"@id\":\"https:\/\/www.noticiasradioreflejos.com.ar\/2021\/la-esencialidad-educativa-volvio-a-dividir-al-bloque-radical-que-sufre-la-falta-de-organicidad-interna\/#primaryimage\"},\"thumbnailUrl\":\"https:\/\/www.noticiasradioreflejos.com.ar\/2021\/wp-content\/uploads\/2023\/09\/manes.jpg\",\"datePublished\":\"2024-08-16T10:51:37+00:00\",\"dateModified\":\"2024-08-16T10:52:05+00:00\",\"author\":{\"@id\":\"https:\/\/www.noticiasradioreflejos.com.ar\/2021\/#\/schema\/person\/ad82545263dcc5ec0996818884fd5fb1\"},\"breadcrumb\":{\"@id\":\"https:\/\/www.noticiasradioreflejos.com.ar\/2021\/la-esencialidad-educativa-volvio-a-dividir-al-bloque-radical-que-sufre-la-falta-de-organicidad-interna\/#breadcrumb\"},\"inLanguage\":\"es\",\"potentialAction\":[{\"@type\":\"ReadAction\",\"target\":[\"https:\/\/www.noticiasradioreflejos.com.ar\/2021\/la-esencialidad-educativa-volvio-a-dividir-al-bloque-radical-que-sufre-la-falta-de-organicidad-interna\/\"]}]},{\"@type\":\"ImageObject\",\"inLanguage\":\"es\",\"@id\":\"https:\/\/www.noticiasradioreflejos.com.ar\/2021\/la-esencialidad-educativa-volvio-a-dividir-al-bloque-radical-que-sufre-la-falta-de-organicidad-interna\/#primaryimage\",\"url\":\"https:\/\/www.noticiasradioreflejos.com.ar\/2021\/wp-content\/uploads\/2023\/09\/manes.jpg\",\"contentUrl\":\"https:\/\/www.noticiasradioreflejos.com.ar\/2021\/wp-content\/uploads\/2023\/09\/manes.jpg\",\"width\":1257,\"height\":716},{\"@type\":\"BreadcrumbList\",\"@id\":\"https:\/\/www.noticiasradioreflejos.com.ar\/2021\/la-esencialidad-educativa-volvio-a-dividir-al-bloque-radical-que-sufre-la-falta-de-organicidad-interna\/#breadcrumb\",\"itemListElement\":[{\"@type\":\"ListItem\",\"position\":1,\"name\":\"Portada\",\"item\":\"https:\/\/www.noticiasradioreflejos.com.ar\/2021\/\"},{\"@type\":\"ListItem\",\"position\":2,\"name\":\"La esencialidad educativa volvi\u00f3 a dividir al bloque radical, que sufre la falta de organicidad interna\"}]},{\"@type\":\"WebSite\",\"@id\":\"https:\/\/www.noticiasradioreflejos.com.ar\/2021\/#website\",\"url\":\"https:\/\/www.noticiasradioreflejos.com.ar\/2021\/\",\"name\":\"Noticias Radio Reflejos\",\"description\":\"Las noticias de mi comarca\",\"potentialAction\":[{\"@type\":\"SearchAction\",\"target\":{\"@type\":\"EntryPoint\",\"urlTemplate\":\"https:\/\/www.noticiasradioreflejos.com.ar\/2021\/?s={search_term_string}\"},\"query-input\":{\"@type\":\"PropertyValueSpecification\",\"valueRequired\":true,\"valueName\":\"search_term_string\"}}],\"inLanguage\":\"es\"},{\"@type\":\"Person\",\"@id\":\"https:\/\/www.noticiasradioreflejos.com.ar\/2021\/#\/schema\/person\/ad82545263dcc5ec0996818884fd5fb1\",\"name\":\"Arnaldo Botto\",\"image\":{\"@type\":\"ImageObject\",\"inLanguage\":\"es\",\"@id\":\"https:\/\/www.noticiasradioreflejos.com.ar\/2021\/#\/schema\/person\/image\/\",\"url\":\"https:\/\/secure.gravatar.com\/avatar\/55cb5e37c1efa326397366e6974cb338056df65cb50e7d64d1cf314e87504837?s=96&d=mm&r=g\",\"contentUrl\":\"https:\/\/secure.gravatar.com\/avatar\/55cb5e37c1efa326397366e6974cb338056df65cb50e7d64d1cf314e87504837?s=96&d=mm&r=g\",\"caption\":\"Arnaldo Botto\"},\"url\":\"https:\/\/www.noticiasradioreflejos.com.ar\/2021\/author\/arnaldo\/\"}]}<\/script>\n<!-- \/ Yoast SEO plugin. -->","yoast_head_json":{"title":"La esencialidad educativa volvi\u00f3 a dividir al bloque radical, que sufre la falta de organicidad interna - Noticias Radio Reflejos","robots":{"index":"index","follow":"follow","max-snippet":"max-snippet:-1","max-image-preview":"max-image-preview:large","max-video-preview":"max-video-preview:-1"},"canonical":"https:\/\/www.noticiasradioreflejos.com.ar\/2021\/la-esencialidad-educativa-volvio-a-dividir-al-bloque-radical-que-sufre-la-falta-de-organicidad-interna\/","og_locale":"es_ES","og_type":"article","og_title":"La esencialidad educativa volvi\u00f3 a dividir al bloque radical, que sufre la falta de organicidad interna - Noticias Radio Reflejos","og_description":"El tratamiento del decreto que ampli\u00f3 los fondos para la SIDE es otro de los temas que astilla la interna radical. Encuentro Federal qued\u00f3 herido despu\u00e9s de la sesi\u00f3n y est\u00e1 inc\u00f3modo en el escenario actual.","og_url":"https:\/\/www.noticiasradioreflejos.com.ar\/2021\/la-esencialidad-educativa-volvio-a-dividir-al-bloque-radical-que-sufre-la-falta-de-organicidad-interna\/","og_site_name":"Noticias Radio Reflejos","article_published_time":"2024-08-16T10:51:37+00:00","article_modified_time":"2024-08-16T10:52:05+00:00","og_image":[{"width":1257,"height":716,"url":"https:\/\/www.noticiasradioreflejos.com.ar\/2021\/wp-content\/uploads\/2023\/09\/manes.jpg","type":"image\/jpeg"}],"author":"Arnaldo Botto","twitter_card":"summary_large_image","schema":{"@context":"https:\/\/schema.org","@graph":[{"@type":"WebPage","@id":"https:\/\/www.noticiasradioreflejos.com.ar\/2021\/la-esencialidad-educativa-volvio-a-dividir-al-bloque-radical-que-sufre-la-falta-de-organicidad-interna\/","url":"https:\/\/www.noticiasradioreflejos.com.ar\/2021\/la-esencialidad-educativa-volvio-a-dividir-al-bloque-radical-que-sufre-la-falta-de-organicidad-interna\/","name":"La esencialidad educativa volvi\u00f3 a dividir al bloque radical, que sufre la falta de organicidad interna - Noticias Radio Reflejos","isPartOf":{"@id":"https:\/\/www.noticiasradioreflejos.com.ar\/2021\/#website"},"primaryImageOfPage":{"@id":"https:\/\/www.noticiasradioreflejos.com.ar\/2021\/la-esencialidad-educativa-volvio-a-dividir-al-bloque-radical-que-sufre-la-falta-de-organicidad-interna\/#primaryimage"},"image":{"@id":"https:\/\/www.noticiasradioreflejos.com.ar\/2021\/la-esencialidad-educativa-volvio-a-dividir-al-bloque-radical-que-sufre-la-falta-de-organicidad-interna\/#primaryimage"},"thumbnailUrl":"https:\/\/www.noticiasradioreflejos.com.ar\/2021\/wp-content\/uploads\/2023\/09\/manes.jpg","datePublished":"2024-08-16T10:51:37+00:00","dateModified":"2024-08-16T10:52:05+00:00","author":{"@id":"https:\/\/www.noticiasradioreflejos.com.ar\/2021\/#\/schema\/person\/ad82545263dcc5ec0996818884fd5fb1"},"breadcrumb":{"@id":"https:\/\/www.noticiasradioreflejos.com.ar\/2021\/la-esencialidad-educativa-volvio-a-dividir-al-bloque-radical-que-sufre-la-falta-de-organicidad-interna\/#breadcrumb"},"inLanguage":"es","potentialAction":[{"@type":"ReadAction","target":["https:\/\/www.noticiasradioreflejos.com.ar\/2021\/la-esencialidad-educativa-volvio-a-dividir-al-bloque-radical-que-sufre-la-falta-de-organicidad-interna\/"]}]},{"@type":"ImageObject","inLanguage":"es","@id":"https:\/\/www.noticiasradioreflejos.com.ar\/2021\/la-esencialidad-educativa-volvio-a-dividir-al-bloque-radical-que-sufre-la-falta-de-organicidad-interna\/#primaryimage","url":"https:\/\/www.noticiasradioreflejos.com.ar\/2021\/wp-content\/uploads\/2023\/09\/manes.jpg","contentUrl":"https:\/\/www.noticiasradioreflejos.com.ar\/2021\/wp-content\/uploads\/2023\/09\/manes.jpg","width":1257,"height":716},{"@type":"BreadcrumbList","@id":"https:\/\/www.noticiasradioreflejos.com.ar\/2021\/la-esencialidad-educativa-volvio-a-dividir-al-bloque-radical-que-sufre-la-falta-de-organicidad-interna\/#breadcrumb","itemListElement":[{"@type":"ListItem","position":1,"name":"Portada","item":"https:\/\/www.noticiasradioreflejos.com.ar\/2021\/"},{"@type":"ListItem","position":2,"name":"La esencialidad educativa volvi\u00f3 a dividir al bloque radical, que sufre la falta de organicidad interna"}]},{"@type":"WebSite","@id":"https:\/\/www.noticiasradioreflejos.com.ar\/2021\/#website","url":"https:\/\/www.noticiasradioreflejos.com.ar\/2021\/","name":"Noticias Radio Reflejos","description":"Las noticias de mi comarca","potentialAction":[{"@type":"SearchAction","target":{"@type":"EntryPoint","urlTemplate":"https:\/\/www.noticiasradioreflejos.com.ar\/2021\/?s={search_term_string}"},"query-input":{"@type":"PropertyValueSpecification","valueRequired":true,"valueName":"search_term_string"}}],"inLanguage":"es"},{"@type":"Person","@id":"https:\/\/www.noticiasradioreflejos.com.ar\/2021\/#\/schema\/person\/ad82545263dcc5ec0996818884fd5fb1","name":"Arnaldo Botto","image":{"@type":"ImageObject","inLanguage":"es","@id":"https:\/\/www.noticiasradioreflejos.com.ar\/2021\/#\/schema\/person\/image\/","url":"https:\/\/secure.gravatar.com\/avatar\/55cb5e37c1efa326397366e6974cb338056df65cb50e7d64d1cf314e87504837?s=96&d=mm&r=g","contentUrl":"https:\/\/secure.gravatar.com\/avatar\/55cb5e37c1efa326397366e6974cb338056df65cb50e7d64d1cf314e87504837?s=96&d=mm&r=g","caption":"Arnaldo Botto"},"url":"https:\/\/www.noticiasradioreflejos.com.ar\/2021\/author\/arnaldo\/"}]}},"_links":{"self":[{"href":"https:\/\/www.noticiasradioreflejos.com.ar\/2021\/wp-json\/wp\/v2\/posts\/106336","targetHints":{"allow":["GET"]}}],"collection":[{"href":"https:\/\/www.noticiasradioreflejos.com.ar\/2021\/wp-json\/wp\/v2\/posts"}],"about":[{"href":"https:\/\/www.noticiasradioreflejos.com.ar\/2021\/wp-json\/wp\/v2\/types\/post"}],"author":[{"embeddable":true,"href":"https:\/\/www.noticiasradioreflejos.com.ar\/2021\/wp-json\/wp\/v2\/users\/3"}],"replies":[{"embeddable":true,"href":"https:\/\/www.noticiasradioreflejos.com.ar\/2021\/wp-json\/wp\/v2\/comments?post=106336"}],"version-history":[{"count":1,"href":"https:\/\/www.noticiasradioreflejos.com.ar\/2021\/wp-json\/wp\/v2\/posts\/106336\/revisions"}],"predecessor-version":[{"id":106337,"href":"https:\/\/www.noticiasradioreflejos.com.ar\/2021\/wp-json\/wp\/v2\/posts\/106336\/revisions\/106337"}],"wp:featuredmedia":[{"embeddable":true,"href":"https:\/\/www.noticiasradioreflejos.com.ar\/2021\/wp-json\/wp\/v2\/media\/92507"}],"wp:attachment":[{"href":"https:\/\/www.noticiasradioreflejos.com.ar\/2021\/wp-json\/wp\/v2\/media?parent=106336"}],"wp:term":[{"taxonomy":"category","embeddable":true,"href":"https:\/\/www.noticiasradioreflejos.com.ar\/2021\/wp-json\/wp\/v2\/categories?post=106336"},{"taxonomy":"post_tag","embeddable":true,"href":"https:\/\/www.noticiasradioreflejos.com.ar\/2021\/wp-json\/wp\/v2\/tags?post=106336"}],"curies":[{"name":"wp","href":"https:\/\/api.w.org\/{rel}","templated":true}]}}