{"id":106333,"date":"2024-08-16T07:48:31","date_gmt":"2024-08-16T10:48:31","guid":{"rendered":"https:\/\/www.noticiasradioreflejos.com.ar\/2021\/?p=106333"},"modified":"2024-08-16T09:30:38","modified_gmt":"2024-08-16T12:30:38","slug":"no-hay-plata-pero-javier-milei-gastara-27-millones-de-pesos-en-comprar-gaseosas-para-la-quinta-de-olivos-la-casa-rosada-y-la-residencia-de-chapadmalal","status":"publish","type":"post","link":"https:\/\/www.noticiasradioreflejos.com.ar\/2021\/no-hay-plata-pero-javier-milei-gastara-27-millones-de-pesos-en-comprar-gaseosas-para-la-quinta-de-olivos-la-casa-rosada-y-la-residencia-de-chapadmalal\/","title":{"rendered":"\u201cNo hay plata\u201d, pero Javier Milei gastar\u00e1 27 millones de pesos en comprar gaseosas para la Quinta de Olivos, la Casa Rosada y la residencia de Chapadmalal"},"content":{"rendered":"<p>El Gobierno nacional abri\u00f3 una licitaci\u00f3n que incluye la provisi\u00f3n de 42.714 unidades de bebidas carbonatadas y agua mineral para los mencionados edificios oficiales.<!--more-->El presidente de la Argentina, <a href=\"https:\/\/noticiasargentinas.com\/politica\/milei-le-ofrecio-a-alberto-fernandez-adoptar-a-su-perro-dylan-_a66bddd4233d5e7b7e723e2a4\"><strong>Javier Milei<\/strong><\/a>,\u00a0<strong>gastar\u00e1 hasta 27 millones de pesos en comprar gaseosas<\/strong>, agua mineral y jugos que ser\u00e1n destinados a la\u00a0<strong>Quinta de Olivos<\/strong>, l<strong>a Casa Rosada\u00a0<\/strong>y la residencia presidencial de\u00a0<strong>Chapadmalal<\/strong>.<\/p>\n<div class=\"columns\" data-tadevel-template=\"web\/article-columns\">\n<div class=\"column-main\">\n<div class=\"article-body\" data-tadevel-template=\"web\/article-body\">\n<div class=\"article-body-content\">\n<p>La informaci\u00f3n se desprende de un\u00a0<strong>pedido de apertura de licitaci\u00f3n<\/strong>\u00a0para adquirir estos productos que fue\u00a0<strong>publicada hoy en el\u00a0<\/strong><a href=\"https:\/\/noticiasargentinas.com\/politica\/avanza-la-licitacion-de-la-hidrovia-parana-paraguay_a66be076433d5e7b7e7283755\"><strong>Bolet\u00edn Oficial de la Rep\u00fablica Argentina<\/strong><\/a>\u00a0a trav\u00e9s de la Secretar\u00eda General que encabeza por\u00a0<strong>Karina Milei<\/strong>, hermana del primer mandatario y mujer fuerte del Gobierno nacional.<\/p>\n<p><strong>El contrato incluye la provisi\u00f3n de 42.714 unidades de gaseosas, agua mineral y jugos naturales<\/strong>, mientras que en el detalle se distinguen los siguientes productos que fueron descritos en el pliego de licitaci\u00f3n.<\/p>\n<ul>\n<li>Agua mineral gasificada x 500 cm3<\/li>\n<li>Agua mineral gasificada x 1.500 cm3<\/li>\n<li>Agua mineral sin gasificar x 500 cm3<\/li>\n<li>Agua mineral sin gasificar x 1.500 cm3<\/li>\n<li>Jugo natural envase tetrafilm x 1L<\/li>\n<li>Gaseosas envase lata x 354 cm3<\/li>\n<li>Gaseosa envase pl\u00e1stico x 500 cm3<\/li>\n<li>Gaseosa envase pl\u00e1stico x 1.500 cm3<\/li>\n<li>Gaseosas envase pl\u00e1stico x 2.250 cm3<\/li>\n<\/ul>\n<figure class=\"multimedia\" data-type=\"rich\" data-html=\"\" data-url=\"https:\/\/noticiasargentinas.com\/politica\/milei-acuso-a-fernandez-de-cometer--delitos-aberrantes--y-se-mostro-orgulloso-de-haber-eliminado-el-ministerio-de-mujeres_a66be774133d5e7b7e732794a\" data-tadevel-template=\"web\/multimedia\">\n<div class=\"content\"><\/div><figcaption class=\"caption\"><\/figcaption><\/figure>\n<h3>Lo que establece la el pliego de licitaci\u00f3n<\/h3>\n<p>En uno de los pasajes de la apertura de licitaci\u00f3n se desprende el siguiente texto: \u201c<i>No ser\u00e1 necesario presentar esta garant\u00eda cuando el monto de la oferta no supere la cantidad que represente UN MIL (1.000) m\u00f3dulos, de acuerdo a lo dispuesto en el inciso c) del art\u00edculo 80, del Anexo I del Decreto N\u00b0 1.030\/16, sus modificatorios y complementarios<\/i>\u201d.<\/p>\n<p>\u201c<i>A los efectos de lo dispuesto en este presente Pliego y en el reglamento del R\u00e9gimen de Contrataciones de la Administraci\u00f3n Nacional, aprobado por el Decreto N\u00b0 1.030\/16, sus modificatorios y sus complementos, el valor del m\u00f3dulo ser\u00e1 de PESOS VEINTISIETE MIL 00\/100 ($27.000)<\/i>\u201d.<\/p>\n<p>Algunas voces opositoras destacaron que esta medida traer\u00e1 pol\u00e9mica teniendo en cuenta que llega en un \u201c<i>momento de crisis econ\u00f3mica<\/i>\u201d y en el que \u201c<a href=\"https:\/\/noticiasargentinas.com\/economia\/un-informe-revela-que-6-de-cada-10-ninos-y-adolescentes-viven-en-la-pobreza-en-argentina_a66be146a33d5e7b7e72950b2\"><strong>uno de cada dos chicos es pobre en la Argentina<\/strong><\/a>\u201d, adem\u00e1s de que estos ni\u00f1os \u201cenfrentan dificultades para acceder a alimentos b\u00e1sicos\u201d.<\/p>\n<figure class=\"multimedia\" data-type=\"photo\" data-tadevel-template=\"web\/multimedia\">\n<div class=\"content\">\n<div class=\"sizer\" data-sizer=\"aspect-ratio\" data-tadevel-template=\"web\/aspect-ratio\"><\/div>\n<\/div>\n<\/figure>\n<figure class=\"multimedia\" data-type=\"photo\" data-tadevel-template=\"web\/multimedia\">\n<div class=\"content\">\n<div class=\"sizer\" data-sizer=\"aspect-ratio\" data-tadevel-template=\"web\/aspect-ratio\">\n<div class=\"backdrop\" data-tadevel-template=\"web\/picture\"><\/div>\n<picture data-tadevel-template=\"web\/picture\"><source srcset=\"https:\/\/alpha-assets.tadevel-cdn.com\/66be854233d5e7b7e733d77d\/180.webp 320w, https:\/\/alpha-assets.tadevel-cdn.com\/66be854233d5e7b7e733d77d\/360.webp 640w, https:\/\/alpha-assets.tadevel-cdn.com\/66be854233d5e7b7e733d77d\/720.webp 1280w\" type=\"image\/webp\" sizes=\"(min-device-width: 768px) 768px, 200px\" \/><source srcset=\"https:\/\/alpha-assets.tadevel-cdn.com\/66be854233d5e7b7e733d77d\/720.jpeg 1280w\" type=\"image\/jpeg\" sizes=\"(min-device-width: 768px) 768px, 200px\" \/><\/picture>\n<p><a title=\"DE\" href=\"https:\/\/www.flickr.com\/photos\/182279889@N02\/53926401811\/in\/dateposted-public\/\" data-flickr-embed=\"true\" data-header=\"true\"><img loading=\"lazy\" decoding=\"async\" src=\"https:\/\/live.staticflickr.com\/65535\/53926401811_62981b5e4c_c.jpg\" alt=\"DE\" width=\"336\" height=\"720\" \/><\/a><script async src=\"\/\/embedr.flickr.com\/assets\/client-code.js\" charset=\"utf-8\"><\/script><\/p>\n<p><a title=\"DE 1\" href=\"https:\/\/www.flickr.com\/photos\/182279889@N02\/53926856885\/in\/dateposted-public\/\" data-flickr-embed=\"true\" data-header=\"true\"><img loading=\"lazy\" decoding=\"async\" src=\"https:\/\/live.staticflickr.com\/65535\/53926856885_35947e6951_c.jpg\" alt=\"DE 1\" width=\"336\" height=\"720\" \/><\/a><script async src=\"\/\/embedr.flickr.com\/assets\/client-code.js\" charset=\"utf-8\"><\/script><\/p>\n<p><a title=\"DE 2\" href=\"https:\/\/www.flickr.com\/photos\/182279889@N02\/53926401816\/in\/dateposted-public\/\" data-flickr-embed=\"true\" data-header=\"true\"><img loading=\"lazy\" decoding=\"async\" src=\"https:\/\/live.staticflickr.com\/65535\/53926401816_0bc20ee769_c.jpg\" alt=\"DE 2\" width=\"336\" height=\"720\" \/><\/a><script async src=\"\/\/embedr.flickr.com\/assets\/client-code.js\" charset=\"utf-8\"><\/script><\/p>\n<p><a title=\"DE 3\" href=\"https:\/\/www.flickr.com\/photos\/182279889@N02\/53926856895\/in\/dateposted-public\/\" data-flickr-embed=\"true\" data-header=\"true\"><img loading=\"lazy\" decoding=\"async\" src=\"https:\/\/live.staticflickr.com\/65535\/53926856895_4117a6b069_c.jpg\" alt=\"DE 3\" width=\"336\" height=\"720\" \/><\/a><script async src=\"\/\/embedr.flickr.com\/assets\/client-code.js\" charset=\"utf-8\"><\/script><\/p>\n<\/div>\n<\/div>\n<\/figure>\n<\/div>\n<\/div>\n<\/div>\n<\/div>\n","protected":false},"excerpt":{"rendered":"<p>El Gobierno nacional abri\u00f3 una licitaci\u00f3n que incluye la provisi\u00f3n de 42.714 unidades de bebidas carbonatadas y agua mineral para los mencionados edificios oficiales.<\/p>\n","protected":false},"author":3,"featured_media":106334,"comment_status":"closed","ping_status":"closed","sticky":false,"template":"","format":"standard","meta":{"footnotes":""},"categories":[58,24],"tags":[],"class_list":["post-106333","post","type-post","status-publish","format-standard","has-post-thumbnail","hentry","category-gobierno","category-politica"],"yoast_head":"<!-- This site is optimized with the Yoast SEO plugin v25.9 - https:\/\/yoast.com\/wordpress\/plugins\/seo\/ -->\n<title>\u201cNo hay plata\u201d, pero Javier Milei gastar\u00e1 27 millones de pesos en comprar gaseosas para la Quinta de Olivos, la Casa Rosada y la residencia de Chapadmalal - Noticias Radio Reflejos<\/title>\n<meta name=\"robots\" content=\"index, follow, max-snippet:-1, max-image-preview:large, max-video-preview:-1\" \/>\n<link rel=\"canonical\" href=\"https:\/\/www.noticiasradioreflejos.com.ar\/2021\/no-hay-plata-pero-javier-milei-gastara-27-millones-de-pesos-en-comprar-gaseosas-para-la-quinta-de-olivos-la-casa-rosada-y-la-residencia-de-chapadmalal\/\" \/>\n<meta property=\"og:locale\" content=\"es_ES\" \/>\n<meta property=\"og:type\" content=\"article\" \/>\n<meta property=\"og:title\" content=\"\u201cNo hay plata\u201d, pero Javier Milei gastar\u00e1 27 millones de pesos en comprar gaseosas para la Quinta de Olivos, la Casa Rosada y la residencia de Chapadmalal - Noticias Radio Reflejos\" \/>\n<meta property=\"og:description\" content=\"El Gobierno nacional abri\u00f3 una licitaci\u00f3n que incluye la provisi\u00f3n de 42.714 unidades de bebidas carbonatadas y agua mineral para los mencionados edificios oficiales.\" \/>\n<meta property=\"og:url\" content=\"https:\/\/www.noticiasradioreflejos.com.ar\/2021\/no-hay-plata-pero-javier-milei-gastara-27-millones-de-pesos-en-comprar-gaseosas-para-la-quinta-de-olivos-la-casa-rosada-y-la-residencia-de-chapadmalal\/\" \/>\n<meta property=\"og:site_name\" content=\"Noticias Radio Reflejos\" \/>\n<meta property=\"article:published_time\" content=\"2024-08-16T10:48:31+00:00\" \/>\n<meta property=\"article:modified_time\" content=\"2024-08-16T12:30:38+00:00\" \/>\n<meta property=\"og:image\" content=\"https:\/\/www.noticiasradioreflejos.com.ar\/2021\/wp-content\/uploads\/2024\/08\/Gaseosa.jpg\" \/>\n\t<meta property=\"og:image:width\" content=\"640\" \/>\n\t<meta property=\"og:image:height\" content=\"360\" \/>\n\t<meta property=\"og:image:type\" content=\"image\/jpeg\" \/>\n<meta name=\"author\" content=\"Arnaldo Botto\" \/>\n<meta name=\"twitter:card\" content=\"summary_large_image\" \/>\n<script type=\"application\/ld+json\" class=\"yoast-schema-graph\">{\"@context\":\"https:\/\/schema.org\",\"@graph\":[{\"@type\":\"WebPage\",\"@id\":\"https:\/\/www.noticiasradioreflejos.com.ar\/2021\/no-hay-plata-pero-javier-milei-gastara-27-millones-de-pesos-en-comprar-gaseosas-para-la-quinta-de-olivos-la-casa-rosada-y-la-residencia-de-chapadmalal\/\",\"url\":\"https:\/\/www.noticiasradioreflejos.com.ar\/2021\/no-hay-plata-pero-javier-milei-gastara-27-millones-de-pesos-en-comprar-gaseosas-para-la-quinta-de-olivos-la-casa-rosada-y-la-residencia-de-chapadmalal\/\",\"name\":\"\u201cNo hay plata\u201d, pero Javier Milei gastar\u00e1 27 millones de pesos en comprar gaseosas para la Quinta de Olivos, la Casa Rosada y la residencia de Chapadmalal - Noticias Radio Reflejos\",\"isPartOf\":{\"@id\":\"https:\/\/www.noticiasradioreflejos.com.ar\/2021\/#website\"},\"primaryImageOfPage\":{\"@id\":\"https:\/\/www.noticiasradioreflejos.com.ar\/2021\/no-hay-plata-pero-javier-milei-gastara-27-millones-de-pesos-en-comprar-gaseosas-para-la-quinta-de-olivos-la-casa-rosada-y-la-residencia-de-chapadmalal\/#primaryimage\"},\"image\":{\"@id\":\"https:\/\/www.noticiasradioreflejos.com.ar\/2021\/no-hay-plata-pero-javier-milei-gastara-27-millones-de-pesos-en-comprar-gaseosas-para-la-quinta-de-olivos-la-casa-rosada-y-la-residencia-de-chapadmalal\/#primaryimage\"},\"thumbnailUrl\":\"https:\/\/www.noticiasradioreflejos.com.ar\/2021\/wp-content\/uploads\/2024\/08\/Gaseosa.jpg\",\"datePublished\":\"2024-08-16T10:48:31+00:00\",\"dateModified\":\"2024-08-16T12:30:38+00:00\",\"author\":{\"@id\":\"https:\/\/www.noticiasradioreflejos.com.ar\/2021\/#\/schema\/person\/ad82545263dcc5ec0996818884fd5fb1\"},\"breadcrumb\":{\"@id\":\"https:\/\/www.noticiasradioreflejos.com.ar\/2021\/no-hay-plata-pero-javier-milei-gastara-27-millones-de-pesos-en-comprar-gaseosas-para-la-quinta-de-olivos-la-casa-rosada-y-la-residencia-de-chapadmalal\/#breadcrumb\"},\"inLanguage\":\"es\",\"potentialAction\":[{\"@type\":\"ReadAction\",\"target\":[\"https:\/\/www.noticiasradioreflejos.com.ar\/2021\/no-hay-plata-pero-javier-milei-gastara-27-millones-de-pesos-en-comprar-gaseosas-para-la-quinta-de-olivos-la-casa-rosada-y-la-residencia-de-chapadmalal\/\"]}]},{\"@type\":\"ImageObject\",\"inLanguage\":\"es\",\"@id\":\"https:\/\/www.noticiasradioreflejos.com.ar\/2021\/no-hay-plata-pero-javier-milei-gastara-27-millones-de-pesos-en-comprar-gaseosas-para-la-quinta-de-olivos-la-casa-rosada-y-la-residencia-de-chapadmalal\/#primaryimage\",\"url\":\"https:\/\/www.noticiasradioreflejos.com.ar\/2021\/wp-content\/uploads\/2024\/08\/Gaseosa.jpg\",\"contentUrl\":\"https:\/\/www.noticiasradioreflejos.com.ar\/2021\/wp-content\/uploads\/2024\/08\/Gaseosa.jpg\",\"width\":640,\"height\":360},{\"@type\":\"BreadcrumbList\",\"@id\":\"https:\/\/www.noticiasradioreflejos.com.ar\/2021\/no-hay-plata-pero-javier-milei-gastara-27-millones-de-pesos-en-comprar-gaseosas-para-la-quinta-de-olivos-la-casa-rosada-y-la-residencia-de-chapadmalal\/#breadcrumb\",\"itemListElement\":[{\"@type\":\"ListItem\",\"position\":1,\"name\":\"Portada\",\"item\":\"https:\/\/www.noticiasradioreflejos.com.ar\/2021\/\"},{\"@type\":\"ListItem\",\"position\":2,\"name\":\"\u201cNo hay plata\u201d, pero Javier Milei gastar\u00e1 27 millones de pesos en comprar gaseosas para la Quinta de Olivos, la Casa Rosada y la residencia de Chapadmalal\"}]},{\"@type\":\"WebSite\",\"@id\":\"https:\/\/www.noticiasradioreflejos.com.ar\/2021\/#website\",\"url\":\"https:\/\/www.noticiasradioreflejos.com.ar\/2021\/\",\"name\":\"Noticias Radio Reflejos\",\"description\":\"Las noticias de mi comarca\",\"potentialAction\":[{\"@type\":\"SearchAction\",\"target\":{\"@type\":\"EntryPoint\",\"urlTemplate\":\"https:\/\/www.noticiasradioreflejos.com.ar\/2021\/?s={search_term_string}\"},\"query-input\":{\"@type\":\"PropertyValueSpecification\",\"valueRequired\":true,\"valueName\":\"search_term_string\"}}],\"inLanguage\":\"es\"},{\"@type\":\"Person\",\"@id\":\"https:\/\/www.noticiasradioreflejos.com.ar\/2021\/#\/schema\/person\/ad82545263dcc5ec0996818884fd5fb1\",\"name\":\"Arnaldo Botto\",\"image\":{\"@type\":\"ImageObject\",\"inLanguage\":\"es\",\"@id\":\"https:\/\/www.noticiasradioreflejos.com.ar\/2021\/#\/schema\/person\/image\/\",\"url\":\"https:\/\/secure.gravatar.com\/avatar\/55cb5e37c1efa326397366e6974cb338056df65cb50e7d64d1cf314e87504837?s=96&d=mm&r=g\",\"contentUrl\":\"https:\/\/secure.gravatar.com\/avatar\/55cb5e37c1efa326397366e6974cb338056df65cb50e7d64d1cf314e87504837?s=96&d=mm&r=g\",\"caption\":\"Arnaldo Botto\"},\"url\":\"https:\/\/www.noticiasradioreflejos.com.ar\/2021\/author\/arnaldo\/\"}]}<\/script>\n<!-- \/ Yoast SEO plugin. -->","yoast_head_json":{"title":"\u201cNo hay plata\u201d, pero Javier Milei gastar\u00e1 27 millones de pesos en comprar gaseosas para la Quinta de Olivos, la Casa Rosada y la residencia de Chapadmalal - Noticias Radio Reflejos","robots":{"index":"index","follow":"follow","max-snippet":"max-snippet:-1","max-image-preview":"max-image-preview:large","max-video-preview":"max-video-preview:-1"},"canonical":"https:\/\/www.noticiasradioreflejos.com.ar\/2021\/no-hay-plata-pero-javier-milei-gastara-27-millones-de-pesos-en-comprar-gaseosas-para-la-quinta-de-olivos-la-casa-rosada-y-la-residencia-de-chapadmalal\/","og_locale":"es_ES","og_type":"article","og_title":"\u201cNo hay plata\u201d, pero Javier Milei gastar\u00e1 27 millones de pesos en comprar gaseosas para la Quinta de Olivos, la Casa Rosada y la residencia de Chapadmalal - Noticias Radio Reflejos","og_description":"El Gobierno nacional abri\u00f3 una licitaci\u00f3n que incluye la provisi\u00f3n de 42.714 unidades de bebidas carbonatadas y agua mineral para los mencionados edificios oficiales.","og_url":"https:\/\/www.noticiasradioreflejos.com.ar\/2021\/no-hay-plata-pero-javier-milei-gastara-27-millones-de-pesos-en-comprar-gaseosas-para-la-quinta-de-olivos-la-casa-rosada-y-la-residencia-de-chapadmalal\/","og_site_name":"Noticias Radio Reflejos","article_published_time":"2024-08-16T10:48:31+00:00","article_modified_time":"2024-08-16T12:30:38+00:00","og_image":[{"width":640,"height":360,"url":"https:\/\/www.noticiasradioreflejos.com.ar\/2021\/wp-content\/uploads\/2024\/08\/Gaseosa.jpg","type":"image\/jpeg"}],"author":"Arnaldo Botto","twitter_card":"summary_large_image","schema":{"@context":"https:\/\/schema.org","@graph":[{"@type":"WebPage","@id":"https:\/\/www.noticiasradioreflejos.com.ar\/2021\/no-hay-plata-pero-javier-milei-gastara-27-millones-de-pesos-en-comprar-gaseosas-para-la-quinta-de-olivos-la-casa-rosada-y-la-residencia-de-chapadmalal\/","url":"https:\/\/www.noticiasradioreflejos.com.ar\/2021\/no-hay-plata-pero-javier-milei-gastara-27-millones-de-pesos-en-comprar-gaseosas-para-la-quinta-de-olivos-la-casa-rosada-y-la-residencia-de-chapadmalal\/","name":"\u201cNo hay plata\u201d, pero Javier Milei gastar\u00e1 27 millones de pesos en comprar gaseosas para la Quinta de Olivos, la Casa Rosada y la residencia de Chapadmalal - Noticias Radio Reflejos","isPartOf":{"@id":"https:\/\/www.noticiasradioreflejos.com.ar\/2021\/#website"},"primaryImageOfPage":{"@id":"https:\/\/www.noticiasradioreflejos.com.ar\/2021\/no-hay-plata-pero-javier-milei-gastara-27-millones-de-pesos-en-comprar-gaseosas-para-la-quinta-de-olivos-la-casa-rosada-y-la-residencia-de-chapadmalal\/#primaryimage"},"image":{"@id":"https:\/\/www.noticiasradioreflejos.com.ar\/2021\/no-hay-plata-pero-javier-milei-gastara-27-millones-de-pesos-en-comprar-gaseosas-para-la-quinta-de-olivos-la-casa-rosada-y-la-residencia-de-chapadmalal\/#primaryimage"},"thumbnailUrl":"https:\/\/www.noticiasradioreflejos.com.ar\/2021\/wp-content\/uploads\/2024\/08\/Gaseosa.jpg","datePublished":"2024-08-16T10:48:31+00:00","dateModified":"2024-08-16T12:30:38+00:00","author":{"@id":"https:\/\/www.noticiasradioreflejos.com.ar\/2021\/#\/schema\/person\/ad82545263dcc5ec0996818884fd5fb1"},"breadcrumb":{"@id":"https:\/\/www.noticiasradioreflejos.com.ar\/2021\/no-hay-plata-pero-javier-milei-gastara-27-millones-de-pesos-en-comprar-gaseosas-para-la-quinta-de-olivos-la-casa-rosada-y-la-residencia-de-chapadmalal\/#breadcrumb"},"inLanguage":"es","potentialAction":[{"@type":"ReadAction","target":["https:\/\/www.noticiasradioreflejos.com.ar\/2021\/no-hay-plata-pero-javier-milei-gastara-27-millones-de-pesos-en-comprar-gaseosas-para-la-quinta-de-olivos-la-casa-rosada-y-la-residencia-de-chapadmalal\/"]}]},{"@type":"ImageObject","inLanguage":"es","@id":"https:\/\/www.noticiasradioreflejos.com.ar\/2021\/no-hay-plata-pero-javier-milei-gastara-27-millones-de-pesos-en-comprar-gaseosas-para-la-quinta-de-olivos-la-casa-rosada-y-la-residencia-de-chapadmalal\/#primaryimage","url":"https:\/\/www.noticiasradioreflejos.com.ar\/2021\/wp-content\/uploads\/2024\/08\/Gaseosa.jpg","contentUrl":"https:\/\/www.noticiasradioreflejos.com.ar\/2021\/wp-content\/uploads\/2024\/08\/Gaseosa.jpg","width":640,"height":360},{"@type":"BreadcrumbList","@id":"https:\/\/www.noticiasradioreflejos.com.ar\/2021\/no-hay-plata-pero-javier-milei-gastara-27-millones-de-pesos-en-comprar-gaseosas-para-la-quinta-de-olivos-la-casa-rosada-y-la-residencia-de-chapadmalal\/#breadcrumb","itemListElement":[{"@type":"ListItem","position":1,"name":"Portada","item":"https:\/\/www.noticiasradioreflejos.com.ar\/2021\/"},{"@type":"ListItem","position":2,"name":"\u201cNo hay plata\u201d, pero Javier Milei gastar\u00e1 27 millones de pesos en comprar gaseosas para la Quinta de Olivos, la Casa Rosada y la residencia de Chapadmalal"}]},{"@type":"WebSite","@id":"https:\/\/www.noticiasradioreflejos.com.ar\/2021\/#website","url":"https:\/\/www.noticiasradioreflejos.com.ar\/2021\/","name":"Noticias Radio Reflejos","description":"Las noticias de mi comarca","potentialAction":[{"@type":"SearchAction","target":{"@type":"EntryPoint","urlTemplate":"https:\/\/www.noticiasradioreflejos.com.ar\/2021\/?s={search_term_string}"},"query-input":{"@type":"PropertyValueSpecification","valueRequired":true,"valueName":"search_term_string"}}],"inLanguage":"es"},{"@type":"Person","@id":"https:\/\/www.noticiasradioreflejos.com.ar\/2021\/#\/schema\/person\/ad82545263dcc5ec0996818884fd5fb1","name":"Arnaldo Botto","image":{"@type":"ImageObject","inLanguage":"es","@id":"https:\/\/www.noticiasradioreflejos.com.ar\/2021\/#\/schema\/person\/image\/","url":"https:\/\/secure.gravatar.com\/avatar\/55cb5e37c1efa326397366e6974cb338056df65cb50e7d64d1cf314e87504837?s=96&d=mm&r=g","contentUrl":"https:\/\/secure.gravatar.com\/avatar\/55cb5e37c1efa326397366e6974cb338056df65cb50e7d64d1cf314e87504837?s=96&d=mm&r=g","caption":"Arnaldo Botto"},"url":"https:\/\/www.noticiasradioreflejos.com.ar\/2021\/author\/arnaldo\/"}]}},"_links":{"self":[{"href":"https:\/\/www.noticiasradioreflejos.com.ar\/2021\/wp-json\/wp\/v2\/posts\/106333","targetHints":{"allow":["GET"]}}],"collection":[{"href":"https:\/\/www.noticiasradioreflejos.com.ar\/2021\/wp-json\/wp\/v2\/posts"}],"about":[{"href":"https:\/\/www.noticiasradioreflejos.com.ar\/2021\/wp-json\/wp\/v2\/types\/post"}],"author":[{"embeddable":true,"href":"https:\/\/www.noticiasradioreflejos.com.ar\/2021\/wp-json\/wp\/v2\/users\/3"}],"replies":[{"embeddable":true,"href":"https:\/\/www.noticiasradioreflejos.com.ar\/2021\/wp-json\/wp\/v2\/comments?post=106333"}],"version-history":[{"count":1,"href":"https:\/\/www.noticiasradioreflejos.com.ar\/2021\/wp-json\/wp\/v2\/posts\/106333\/revisions"}],"predecessor-version":[{"id":106335,"href":"https:\/\/www.noticiasradioreflejos.com.ar\/2021\/wp-json\/wp\/v2\/posts\/106333\/revisions\/106335"}],"wp:featuredmedia":[{"embeddable":true,"href":"https:\/\/www.noticiasradioreflejos.com.ar\/2021\/wp-json\/wp\/v2\/media\/106334"}],"wp:attachment":[{"href":"https:\/\/www.noticiasradioreflejos.com.ar\/2021\/wp-json\/wp\/v2\/media?parent=106333"}],"wp:term":[{"taxonomy":"category","embeddable":true,"href":"https:\/\/www.noticiasradioreflejos.com.ar\/2021\/wp-json\/wp\/v2\/categories?post=106333"},{"taxonomy":"post_tag","embeddable":true,"href":"https:\/\/www.noticiasradioreflejos.com.ar\/2021\/wp-json\/wp\/v2\/tags?post=106333"}],"curies":[{"name":"wp","href":"https:\/\/api.w.org\/{rel}","templated":true}]}}