{"id":106325,"date":"2024-08-15T16:54:08","date_gmt":"2024-08-15T19:54:08","guid":{"rendered":"https:\/\/www.noticiasradioreflejos.com.ar\/2021\/?p=106325"},"modified":"2024-08-15T16:54:08","modified_gmt":"2024-08-15T19:54:08","slug":"cinco-casos-de-viruela-del-mono-en-argentina-ninguno-de-la-nueva-variante-en-lo-que-va-del-ano","status":"publish","type":"post","link":"https:\/\/www.noticiasradioreflejos.com.ar\/2021\/cinco-casos-de-viruela-del-mono-en-argentina-ninguno-de-la-nueva-variante-en-lo-que-va-del-ano\/","title":{"rendered":"Cinco casos de viruela del mono en Argentina, ninguno de la nueva variante, en lo que va del a\u00f1o"},"content":{"rendered":"<p>El Bolet\u00edn Epidemiol\u00f3gico Nacional, emitido por el Ministerio de Salud, report\u00f3 hasta el momento <strong>5 casos de\u00a0<\/strong><a href=\"https:\/\/noticiasargentinas.com\/internacionales\/la-oms-declaro-emergencia-internacional-por-el-brote-de-viruela-simica-en-africa_a66bcf9b333d5e7b7e716c23c\"><strong>viruela del mono<\/strong><\/a><strong>\u00a0en lo que va del a\u00f1o<\/strong>,\u00a0<strong>pero ninguno corresponde a la nueva variante que se desat\u00f3 en la Rep\u00fablica Democr\u00e1tica del Congo.<\/strong><\/p>\n<p><!--more--><\/p>\n<div class=\"article-body\" data-tadevel-template=\"web\/article-body\">\n<div class=\"article-body-content\">\n<p>El primer contagio registrado en el continente africano provoc\u00f3 que la Organizaci\u00f3n Mundial de la Salud (OMS) declare la emergencia mundial.<\/p>\n<p>El informe de la cartera nacional, a cargo del ministro Mario Russo, afirm\u00f3 que desde la Semana Epidemiol\u00f3gica 1 (SE) a la 31 de 2024\u00a0<strong>hubo 5 casos de un total de 39 casos notificados (24 casos fueron descartados y 10 permanecen en estudio)<\/strong>. En este sentido, el Bolet\u00edn indic\u00f3 que en el transcurso del a\u00f1o no se reportaron muertes.<\/p>\n<p>Adem\u00e1s, en las \u00faltimas 4 semanas se confirmaron\u00a0<strong>3 contagios<\/strong>, todos pertenecientes a las SE 30 Y 31. El promedio del rango etario es de\u00a0<strong>34 a\u00f1os con un m\u00ednimo de 23 y un m\u00e1ximo de 38.<\/strong><\/p>\n<p>De las 5 infecciones, 4 corresponden a hombres y tienen residencia en las provincias de\u00a0<strong>Buenos Aires (1)<\/strong>,\u00a0<strong>Capital Federal (2)<\/strong>,<strong>\u00a0Santa Fe (1) y<\/strong>\u00a0<strong>R\u00edo Negro (1)<\/strong>, al tiempo que<strong>\u00a03 de los contagios presentan antecedentes de viaje o contacto con viajeros.\u00a0<\/strong><\/p>\n<p>Por su parte, otro caso no presenta las caracter\u00edsticas anteriormente mencionadas y el restante est\u00e1 en etapa de investigaci\u00f3n cient\u00edfica.<\/p>\n<p>En 2022, se report\u00f3 el primer caso y hubo un total de<strong>\u00a01.025 contagiados<\/strong>. Sin embargo, al a\u00f1o siguiente, la situaci\u00f3n mejor\u00f3 y se confirmaron\u00a0<strong>124. \u00a0<\/strong><\/p>\n<p>Los especialistas m\u00e9dicos observaron niveles de riesgo y de contagio diferentes, mientras que hace dos a\u00f1os la transmisi\u00f3n era casi exclusivamente por v\u00eda sexual.<\/p>\n<p>La OMS declar\u00f3 esta emergencia ya que los brotes no son consecuencia de la circulaci\u00f3n de una misma variante del virus, sino de m\u00e1s de una, seg\u00fan informaciones de la agencia de noticias Xinhua.<\/p>\n<\/div>\n<\/div>\n","protected":false},"excerpt":{"rendered":"<p>El Bolet\u00edn Epidemiol\u00f3gico Nacional, emitido por el Ministerio de Salud, report\u00f3 hasta el momento 5 casos de\u00a0viruela del mono\u00a0en lo que va del a\u00f1o,\u00a0pero ninguno corresponde a la nueva variante que se desat\u00f3 en la Rep\u00fablica Democr\u00e1tica del Congo.<\/p>\n","protected":false},"author":3,"featured_media":0,"comment_status":"closed","ping_status":"closed","sticky":false,"template":"","format":"standard","meta":{"footnotes":""},"categories":[30],"tags":[48],"class_list":["post-106325","post","type-post","status-publish","format-standard","hentry","category-salud","tag-destacada"],"yoast_head":"<!-- This site is optimized with the Yoast SEO plugin v25.9 - https:\/\/yoast.com\/wordpress\/plugins\/seo\/ -->\n<title>Cinco casos de viruela del mono en Argentina, ninguno de la nueva variante, en lo que va del a\u00f1o - Noticias Radio Reflejos<\/title>\n<meta name=\"robots\" content=\"index, follow, max-snippet:-1, max-image-preview:large, max-video-preview:-1\" \/>\n<link rel=\"canonical\" href=\"https:\/\/www.noticiasradioreflejos.com.ar\/2021\/cinco-casos-de-viruela-del-mono-en-argentina-ninguno-de-la-nueva-variante-en-lo-que-va-del-ano\/\" \/>\n<meta property=\"og:locale\" content=\"es_ES\" \/>\n<meta property=\"og:type\" content=\"article\" \/>\n<meta property=\"og:title\" content=\"Cinco casos de viruela del mono en Argentina, ninguno de la nueva variante, en lo que va del a\u00f1o - Noticias Radio Reflejos\" \/>\n<meta property=\"og:description\" content=\"El Bolet\u00edn Epidemiol\u00f3gico Nacional, emitido por el Ministerio de Salud, report\u00f3 hasta el momento 5 casos de\u00a0viruela del mono\u00a0en lo que va del a\u00f1o,\u00a0pero ninguno corresponde a la nueva variante que se desat\u00f3 en la Rep\u00fablica Democr\u00e1tica del Congo.\" \/>\n<meta property=\"og:url\" content=\"https:\/\/www.noticiasradioreflejos.com.ar\/2021\/cinco-casos-de-viruela-del-mono-en-argentina-ninguno-de-la-nueva-variante-en-lo-que-va-del-ano\/\" \/>\n<meta property=\"og:site_name\" content=\"Noticias Radio Reflejos\" \/>\n<meta property=\"article:published_time\" content=\"2024-08-15T19:54:08+00:00\" \/>\n<meta property=\"og:image\" content=\"https:\/\/www.noticiasradioreflejos.com.ar\/2021\/wp-content\/uploads\/2024\/08\/Viruela-del-mono.jpg\" \/>\n\t<meta property=\"og:image:width\" content=\"640\" \/>\n\t<meta property=\"og:image:height\" content=\"360\" \/>\n\t<meta property=\"og:image:type\" content=\"image\/jpeg\" \/>\n<meta name=\"author\" content=\"Arnaldo Botto\" \/>\n<meta name=\"twitter:card\" content=\"summary_large_image\" \/>\n<script type=\"application\/ld+json\" class=\"yoast-schema-graph\">{\"@context\":\"https:\/\/schema.org\",\"@graph\":[{\"@type\":\"WebPage\",\"@id\":\"https:\/\/www.noticiasradioreflejos.com.ar\/2021\/cinco-casos-de-viruela-del-mono-en-argentina-ninguno-de-la-nueva-variante-en-lo-que-va-del-ano\/\",\"url\":\"https:\/\/www.noticiasradioreflejos.com.ar\/2021\/cinco-casos-de-viruela-del-mono-en-argentina-ninguno-de-la-nueva-variante-en-lo-que-va-del-ano\/\",\"name\":\"Cinco casos de viruela del mono en Argentina, ninguno de la nueva variante, en lo que va del a\u00f1o - Noticias Radio Reflejos\",\"isPartOf\":{\"@id\":\"https:\/\/www.noticiasradioreflejos.com.ar\/2021\/#website\"},\"datePublished\":\"2024-08-15T19:54:08+00:00\",\"author\":{\"@id\":\"https:\/\/www.noticiasradioreflejos.com.ar\/2021\/#\/schema\/person\/ad82545263dcc5ec0996818884fd5fb1\"},\"breadcrumb\":{\"@id\":\"https:\/\/www.noticiasradioreflejos.com.ar\/2021\/cinco-casos-de-viruela-del-mono-en-argentina-ninguno-de-la-nueva-variante-en-lo-que-va-del-ano\/#breadcrumb\"},\"inLanguage\":\"es\",\"potentialAction\":[{\"@type\":\"ReadAction\",\"target\":[\"https:\/\/www.noticiasradioreflejos.com.ar\/2021\/cinco-casos-de-viruela-del-mono-en-argentina-ninguno-de-la-nueva-variante-en-lo-que-va-del-ano\/\"]}]},{\"@type\":\"BreadcrumbList\",\"@id\":\"https:\/\/www.noticiasradioreflejos.com.ar\/2021\/cinco-casos-de-viruela-del-mono-en-argentina-ninguno-de-la-nueva-variante-en-lo-que-va-del-ano\/#breadcrumb\",\"itemListElement\":[{\"@type\":\"ListItem\",\"position\":1,\"name\":\"Portada\",\"item\":\"https:\/\/www.noticiasradioreflejos.com.ar\/2021\/\"},{\"@type\":\"ListItem\",\"position\":2,\"name\":\"Cinco casos de viruela del mono en Argentina, ninguno de la nueva variante, en lo que va del a\u00f1o\"}]},{\"@type\":\"WebSite\",\"@id\":\"https:\/\/www.noticiasradioreflejos.com.ar\/2021\/#website\",\"url\":\"https:\/\/www.noticiasradioreflejos.com.ar\/2021\/\",\"name\":\"Noticias Radio Reflejos\",\"description\":\"Las noticias de mi comarca\",\"potentialAction\":[{\"@type\":\"SearchAction\",\"target\":{\"@type\":\"EntryPoint\",\"urlTemplate\":\"https:\/\/www.noticiasradioreflejos.com.ar\/2021\/?s={search_term_string}\"},\"query-input\":{\"@type\":\"PropertyValueSpecification\",\"valueRequired\":true,\"valueName\":\"search_term_string\"}}],\"inLanguage\":\"es\"},{\"@type\":\"Person\",\"@id\":\"https:\/\/www.noticiasradioreflejos.com.ar\/2021\/#\/schema\/person\/ad82545263dcc5ec0996818884fd5fb1\",\"name\":\"Arnaldo Botto\",\"image\":{\"@type\":\"ImageObject\",\"inLanguage\":\"es\",\"@id\":\"https:\/\/www.noticiasradioreflejos.com.ar\/2021\/#\/schema\/person\/image\/\",\"url\":\"https:\/\/secure.gravatar.com\/avatar\/55cb5e37c1efa326397366e6974cb338056df65cb50e7d64d1cf314e87504837?s=96&d=mm&r=g\",\"contentUrl\":\"https:\/\/secure.gravatar.com\/avatar\/55cb5e37c1efa326397366e6974cb338056df65cb50e7d64d1cf314e87504837?s=96&d=mm&r=g\",\"caption\":\"Arnaldo Botto\"},\"url\":\"https:\/\/www.noticiasradioreflejos.com.ar\/2021\/author\/arnaldo\/\"}]}<\/script>\n<!-- \/ Yoast SEO plugin. -->","yoast_head_json":{"title":"Cinco casos de viruela del mono en Argentina, ninguno de la nueva variante, en lo que va del a\u00f1o - Noticias Radio Reflejos","robots":{"index":"index","follow":"follow","max-snippet":"max-snippet:-1","max-image-preview":"max-image-preview:large","max-video-preview":"max-video-preview:-1"},"canonical":"https:\/\/www.noticiasradioreflejos.com.ar\/2021\/cinco-casos-de-viruela-del-mono-en-argentina-ninguno-de-la-nueva-variante-en-lo-que-va-del-ano\/","og_locale":"es_ES","og_type":"article","og_title":"Cinco casos de viruela del mono en Argentina, ninguno de la nueva variante, en lo que va del a\u00f1o - Noticias Radio Reflejos","og_description":"El Bolet\u00edn Epidemiol\u00f3gico Nacional, emitido por el Ministerio de Salud, report\u00f3 hasta el momento 5 casos de\u00a0viruela del mono\u00a0en lo que va del a\u00f1o,\u00a0pero ninguno corresponde a la nueva variante que se desat\u00f3 en la Rep\u00fablica Democr\u00e1tica del Congo.","og_url":"https:\/\/www.noticiasradioreflejos.com.ar\/2021\/cinco-casos-de-viruela-del-mono-en-argentina-ninguno-de-la-nueva-variante-en-lo-que-va-del-ano\/","og_site_name":"Noticias Radio Reflejos","article_published_time":"2024-08-15T19:54:08+00:00","og_image":[{"width":640,"height":360,"url":"https:\/\/www.noticiasradioreflejos.com.ar\/2021\/wp-content\/uploads\/2024\/08\/Viruela-del-mono.jpg","type":"image\/jpeg"}],"author":"Arnaldo Botto","twitter_card":"summary_large_image","schema":{"@context":"https:\/\/schema.org","@graph":[{"@type":"WebPage","@id":"https:\/\/www.noticiasradioreflejos.com.ar\/2021\/cinco-casos-de-viruela-del-mono-en-argentina-ninguno-de-la-nueva-variante-en-lo-que-va-del-ano\/","url":"https:\/\/www.noticiasradioreflejos.com.ar\/2021\/cinco-casos-de-viruela-del-mono-en-argentina-ninguno-de-la-nueva-variante-en-lo-que-va-del-ano\/","name":"Cinco casos de viruela del mono en Argentina, ninguno de la nueva variante, en lo que va del a\u00f1o - Noticias Radio Reflejos","isPartOf":{"@id":"https:\/\/www.noticiasradioreflejos.com.ar\/2021\/#website"},"datePublished":"2024-08-15T19:54:08+00:00","author":{"@id":"https:\/\/www.noticiasradioreflejos.com.ar\/2021\/#\/schema\/person\/ad82545263dcc5ec0996818884fd5fb1"},"breadcrumb":{"@id":"https:\/\/www.noticiasradioreflejos.com.ar\/2021\/cinco-casos-de-viruela-del-mono-en-argentina-ninguno-de-la-nueva-variante-en-lo-que-va-del-ano\/#breadcrumb"},"inLanguage":"es","potentialAction":[{"@type":"ReadAction","target":["https:\/\/www.noticiasradioreflejos.com.ar\/2021\/cinco-casos-de-viruela-del-mono-en-argentina-ninguno-de-la-nueva-variante-en-lo-que-va-del-ano\/"]}]},{"@type":"BreadcrumbList","@id":"https:\/\/www.noticiasradioreflejos.com.ar\/2021\/cinco-casos-de-viruela-del-mono-en-argentina-ninguno-de-la-nueva-variante-en-lo-que-va-del-ano\/#breadcrumb","itemListElement":[{"@type":"ListItem","position":1,"name":"Portada","item":"https:\/\/www.noticiasradioreflejos.com.ar\/2021\/"},{"@type":"ListItem","position":2,"name":"Cinco casos de viruela del mono en Argentina, ninguno de la nueva variante, en lo que va del a\u00f1o"}]},{"@type":"WebSite","@id":"https:\/\/www.noticiasradioreflejos.com.ar\/2021\/#website","url":"https:\/\/www.noticiasradioreflejos.com.ar\/2021\/","name":"Noticias Radio Reflejos","description":"Las noticias de mi comarca","potentialAction":[{"@type":"SearchAction","target":{"@type":"EntryPoint","urlTemplate":"https:\/\/www.noticiasradioreflejos.com.ar\/2021\/?s={search_term_string}"},"query-input":{"@type":"PropertyValueSpecification","valueRequired":true,"valueName":"search_term_string"}}],"inLanguage":"es"},{"@type":"Person","@id":"https:\/\/www.noticiasradioreflejos.com.ar\/2021\/#\/schema\/person\/ad82545263dcc5ec0996818884fd5fb1","name":"Arnaldo Botto","image":{"@type":"ImageObject","inLanguage":"es","@id":"https:\/\/www.noticiasradioreflejos.com.ar\/2021\/#\/schema\/person\/image\/","url":"https:\/\/secure.gravatar.com\/avatar\/55cb5e37c1efa326397366e6974cb338056df65cb50e7d64d1cf314e87504837?s=96&d=mm&r=g","contentUrl":"https:\/\/secure.gravatar.com\/avatar\/55cb5e37c1efa326397366e6974cb338056df65cb50e7d64d1cf314e87504837?s=96&d=mm&r=g","caption":"Arnaldo Botto"},"url":"https:\/\/www.noticiasradioreflejos.com.ar\/2021\/author\/arnaldo\/"}]}},"_links":{"self":[{"href":"https:\/\/www.noticiasradioreflejos.com.ar\/2021\/wp-json\/wp\/v2\/posts\/106325","targetHints":{"allow":["GET"]}}],"collection":[{"href":"https:\/\/www.noticiasradioreflejos.com.ar\/2021\/wp-json\/wp\/v2\/posts"}],"about":[{"href":"https:\/\/www.noticiasradioreflejos.com.ar\/2021\/wp-json\/wp\/v2\/types\/post"}],"author":[{"embeddable":true,"href":"https:\/\/www.noticiasradioreflejos.com.ar\/2021\/wp-json\/wp\/v2\/users\/3"}],"replies":[{"embeddable":true,"href":"https:\/\/www.noticiasradioreflejos.com.ar\/2021\/wp-json\/wp\/v2\/comments?post=106325"}],"version-history":[{"count":1,"href":"https:\/\/www.noticiasradioreflejos.com.ar\/2021\/wp-json\/wp\/v2\/posts\/106325\/revisions"}],"predecessor-version":[{"id":106327,"href":"https:\/\/www.noticiasradioreflejos.com.ar\/2021\/wp-json\/wp\/v2\/posts\/106325\/revisions\/106327"}],"wp:attachment":[{"href":"https:\/\/www.noticiasradioreflejos.com.ar\/2021\/wp-json\/wp\/v2\/media?parent=106325"}],"wp:term":[{"taxonomy":"category","embeddable":true,"href":"https:\/\/www.noticiasradioreflejos.com.ar\/2021\/wp-json\/wp\/v2\/categories?post=106325"},{"taxonomy":"post_tag","embeddable":true,"href":"https:\/\/www.noticiasradioreflejos.com.ar\/2021\/wp-json\/wp\/v2\/tags?post=106325"}],"curies":[{"name":"wp","href":"https:\/\/api.w.org\/{rel}","templated":true}]}}