{"id":106322,"date":"2024-08-15T16:51:03","date_gmt":"2024-08-15T19:51:03","guid":{"rendered":"https:\/\/www.noticiasradioreflejos.com.ar\/2021\/?p=106322"},"modified":"2024-08-16T12:36:06","modified_gmt":"2024-08-16T15:36:06","slug":"cordoba-en-llamas-alerta-por-incendio-en-ascochinga-y-en-toda-la-provincia","status":"publish","type":"post","link":"https:\/\/www.noticiasradioreflejos.com.ar\/2021\/cordoba-en-llamas-alerta-por-incendio-en-ascochinga-y-en-toda-la-provincia\/","title":{"rendered":"C\u00f3rdoba en llamas: alerta por incendio en Ascochinga y en toda la provincia"},"content":{"rendered":"<p>Los bomberos y aviones hidrantes trabajan para combatir las llamas de la zona de Ascochinga\u00a0que contin\u00faa activo por segundo d\u00eda consecutivo, actualmente es el \u00fanico foco en toda la provincia.<!--more--><\/p>\n<p><strong>El hecho comenz\u00f3 este mi\u00e9rcoles por la tarde en la zona de Estancia La Paz<\/strong>, a unos 70 kil\u00f3metros al norte de la ciudad de C\u00f3rdoba. All\u00ed se encuentra todo el equipo provincial de\u00a0<strong>bomberos, los agentes del Equipo T\u00e9cnico de Acci\u00f3n ante Cat\u00e1strofes (Etac), personal del Plan Provincial de Manejo del Fuego y aviones hidrantes\u00a0<\/strong>para apaciguar la situaci\u00f3n.<\/p>\n<p>Por otro lado,\u00a0<strong>Roberto Schreiner, vocero de la Secretar\u00eda de Gesti\u00f3n de Riesgo Clim\u00e1tico\u00a0<\/strong>de la Provincia, explic\u00f3 que el lugar del fuego es de muy dif\u00edcil acceso y confirm\u00f3 que el resto de los focos ya est\u00e1n controlados.<\/p>\n<p>Asimismo, aunque haya un solo foco activo, la provincia completa se mantiene bajo un alerta extrema por riesgo de incendios hasta que se controle por completo la situaci\u00f3n.<\/p>\n<p>Como consecuencia,\u00a0<strong>las altas temperaturas que hubo en la semana, sumado a las grandes velocidades del viento norte, la imperante sequ\u00eda y la baja humedad, fomentan la posibilidad de incendios y acrecienta los focos \u00edgneos ya detectados<\/strong>.<\/p>\n<p>Por \u00faltimo, las autoridades provinciales solicitaron que se tomen medidas de precauci\u00f3n a la poblaci\u00f3n, teniendo en cuenta que estas condiciones meteorol\u00f3gicas persistir\u00e1n al menos hasta la pr\u00f3xima semana.<\/p>\n","protected":false},"excerpt":{"rendered":"<p>Los bomberos y aviones hidrantes trabajan para combatir las llamas de la zona de Ascochinga\u00a0que contin\u00faa activo por segundo d\u00eda consecutivo, actualmente es el \u00fanico foco en toda la provincia.<\/p>\n","protected":false},"author":3,"featured_media":106323,"comment_status":"closed","ping_status":"closed","sticky":false,"template":"","format":"standard","meta":{"footnotes":""},"categories":[26],"tags":[],"class_list":["post-106322","post","type-post","status-publish","format-standard","has-post-thumbnail","hentry","category-sociedad"],"yoast_head":"<!-- This site is optimized with the Yoast SEO plugin v25.9 - https:\/\/yoast.com\/wordpress\/plugins\/seo\/ -->\n<title>C\u00f3rdoba en llamas: alerta por incendio en Ascochinga y en toda la provincia - Noticias Radio Reflejos<\/title>\n<meta name=\"robots\" content=\"index, follow, max-snippet:-1, max-image-preview:large, max-video-preview:-1\" \/>\n<link rel=\"canonical\" href=\"https:\/\/www.noticiasradioreflejos.com.ar\/2021\/cordoba-en-llamas-alerta-por-incendio-en-ascochinga-y-en-toda-la-provincia\/\" \/>\n<meta property=\"og:locale\" content=\"es_ES\" \/>\n<meta property=\"og:type\" content=\"article\" \/>\n<meta property=\"og:title\" content=\"C\u00f3rdoba en llamas: alerta por incendio en Ascochinga y en toda la provincia - Noticias Radio Reflejos\" \/>\n<meta property=\"og:description\" content=\"Los bomberos y aviones hidrantes trabajan para combatir las llamas de la zona de Ascochinga\u00a0que contin\u00faa activo por segundo d\u00eda consecutivo, actualmente es el \u00fanico foco en toda la provincia.\" \/>\n<meta property=\"og:url\" content=\"https:\/\/www.noticiasradioreflejos.com.ar\/2021\/cordoba-en-llamas-alerta-por-incendio-en-ascochinga-y-en-toda-la-provincia\/\" \/>\n<meta property=\"og:site_name\" content=\"Noticias Radio Reflejos\" \/>\n<meta property=\"article:published_time\" content=\"2024-08-15T19:51:03+00:00\" \/>\n<meta property=\"article:modified_time\" content=\"2024-08-16T15:36:06+00:00\" \/>\n<meta property=\"og:image\" content=\"https:\/\/www.noticiasradioreflejos.com.ar\/2021\/wp-content\/uploads\/2024\/08\/Fuego-cordoba.jpg\" \/>\n\t<meta property=\"og:image:width\" content=\"640\" \/>\n\t<meta property=\"og:image:height\" content=\"355\" \/>\n\t<meta property=\"og:image:type\" content=\"image\/jpeg\" \/>\n<meta name=\"author\" content=\"Arnaldo Botto\" \/>\n<meta name=\"twitter:card\" content=\"summary_large_image\" \/>\n<script type=\"application\/ld+json\" class=\"yoast-schema-graph\">{\"@context\":\"https:\/\/schema.org\",\"@graph\":[{\"@type\":\"WebPage\",\"@id\":\"https:\/\/www.noticiasradioreflejos.com.ar\/2021\/cordoba-en-llamas-alerta-por-incendio-en-ascochinga-y-en-toda-la-provincia\/\",\"url\":\"https:\/\/www.noticiasradioreflejos.com.ar\/2021\/cordoba-en-llamas-alerta-por-incendio-en-ascochinga-y-en-toda-la-provincia\/\",\"name\":\"C\u00f3rdoba en llamas: alerta por incendio en Ascochinga y en toda la provincia - Noticias Radio Reflejos\",\"isPartOf\":{\"@id\":\"https:\/\/www.noticiasradioreflejos.com.ar\/2021\/#website\"},\"primaryImageOfPage\":{\"@id\":\"https:\/\/www.noticiasradioreflejos.com.ar\/2021\/cordoba-en-llamas-alerta-por-incendio-en-ascochinga-y-en-toda-la-provincia\/#primaryimage\"},\"image\":{\"@id\":\"https:\/\/www.noticiasradioreflejos.com.ar\/2021\/cordoba-en-llamas-alerta-por-incendio-en-ascochinga-y-en-toda-la-provincia\/#primaryimage\"},\"thumbnailUrl\":\"https:\/\/www.noticiasradioreflejos.com.ar\/2021\/wp-content\/uploads\/2024\/08\/Fuego-cordoba.jpg\",\"datePublished\":\"2024-08-15T19:51:03+00:00\",\"dateModified\":\"2024-08-16T15:36:06+00:00\",\"author\":{\"@id\":\"https:\/\/www.noticiasradioreflejos.com.ar\/2021\/#\/schema\/person\/ad82545263dcc5ec0996818884fd5fb1\"},\"breadcrumb\":{\"@id\":\"https:\/\/www.noticiasradioreflejos.com.ar\/2021\/cordoba-en-llamas-alerta-por-incendio-en-ascochinga-y-en-toda-la-provincia\/#breadcrumb\"},\"inLanguage\":\"es\",\"potentialAction\":[{\"@type\":\"ReadAction\",\"target\":[\"https:\/\/www.noticiasradioreflejos.com.ar\/2021\/cordoba-en-llamas-alerta-por-incendio-en-ascochinga-y-en-toda-la-provincia\/\"]}]},{\"@type\":\"ImageObject\",\"inLanguage\":\"es\",\"@id\":\"https:\/\/www.noticiasradioreflejos.com.ar\/2021\/cordoba-en-llamas-alerta-por-incendio-en-ascochinga-y-en-toda-la-provincia\/#primaryimage\",\"url\":\"https:\/\/www.noticiasradioreflejos.com.ar\/2021\/wp-content\/uploads\/2024\/08\/Fuego-cordoba.jpg\",\"contentUrl\":\"https:\/\/www.noticiasradioreflejos.com.ar\/2021\/wp-content\/uploads\/2024\/08\/Fuego-cordoba.jpg\",\"width\":640,\"height\":355},{\"@type\":\"BreadcrumbList\",\"@id\":\"https:\/\/www.noticiasradioreflejos.com.ar\/2021\/cordoba-en-llamas-alerta-por-incendio-en-ascochinga-y-en-toda-la-provincia\/#breadcrumb\",\"itemListElement\":[{\"@type\":\"ListItem\",\"position\":1,\"name\":\"Portada\",\"item\":\"https:\/\/www.noticiasradioreflejos.com.ar\/2021\/\"},{\"@type\":\"ListItem\",\"position\":2,\"name\":\"C\u00f3rdoba en llamas: alerta por incendio en Ascochinga y en toda la provincia\"}]},{\"@type\":\"WebSite\",\"@id\":\"https:\/\/www.noticiasradioreflejos.com.ar\/2021\/#website\",\"url\":\"https:\/\/www.noticiasradioreflejos.com.ar\/2021\/\",\"name\":\"Noticias Radio Reflejos\",\"description\":\"Las noticias de mi comarca\",\"potentialAction\":[{\"@type\":\"SearchAction\",\"target\":{\"@type\":\"EntryPoint\",\"urlTemplate\":\"https:\/\/www.noticiasradioreflejos.com.ar\/2021\/?s={search_term_string}\"},\"query-input\":{\"@type\":\"PropertyValueSpecification\",\"valueRequired\":true,\"valueName\":\"search_term_string\"}}],\"inLanguage\":\"es\"},{\"@type\":\"Person\",\"@id\":\"https:\/\/www.noticiasradioreflejos.com.ar\/2021\/#\/schema\/person\/ad82545263dcc5ec0996818884fd5fb1\",\"name\":\"Arnaldo Botto\",\"image\":{\"@type\":\"ImageObject\",\"inLanguage\":\"es\",\"@id\":\"https:\/\/www.noticiasradioreflejos.com.ar\/2021\/#\/schema\/person\/image\/\",\"url\":\"https:\/\/secure.gravatar.com\/avatar\/55cb5e37c1efa326397366e6974cb338056df65cb50e7d64d1cf314e87504837?s=96&d=mm&r=g\",\"contentUrl\":\"https:\/\/secure.gravatar.com\/avatar\/55cb5e37c1efa326397366e6974cb338056df65cb50e7d64d1cf314e87504837?s=96&d=mm&r=g\",\"caption\":\"Arnaldo Botto\"},\"url\":\"https:\/\/www.noticiasradioreflejos.com.ar\/2021\/author\/arnaldo\/\"}]}<\/script>\n<!-- \/ Yoast SEO plugin. -->","yoast_head_json":{"title":"C\u00f3rdoba en llamas: alerta por incendio en Ascochinga y en toda la provincia - Noticias Radio Reflejos","robots":{"index":"index","follow":"follow","max-snippet":"max-snippet:-1","max-image-preview":"max-image-preview:large","max-video-preview":"max-video-preview:-1"},"canonical":"https:\/\/www.noticiasradioreflejos.com.ar\/2021\/cordoba-en-llamas-alerta-por-incendio-en-ascochinga-y-en-toda-la-provincia\/","og_locale":"es_ES","og_type":"article","og_title":"C\u00f3rdoba en llamas: alerta por incendio en Ascochinga y en toda la provincia - Noticias Radio Reflejos","og_description":"Los bomberos y aviones hidrantes trabajan para combatir las llamas de la zona de Ascochinga\u00a0que contin\u00faa activo por segundo d\u00eda consecutivo, actualmente es el \u00fanico foco en toda la provincia.","og_url":"https:\/\/www.noticiasradioreflejos.com.ar\/2021\/cordoba-en-llamas-alerta-por-incendio-en-ascochinga-y-en-toda-la-provincia\/","og_site_name":"Noticias Radio Reflejos","article_published_time":"2024-08-15T19:51:03+00:00","article_modified_time":"2024-08-16T15:36:06+00:00","og_image":[{"width":640,"height":355,"url":"https:\/\/www.noticiasradioreflejos.com.ar\/2021\/wp-content\/uploads\/2024\/08\/Fuego-cordoba.jpg","type":"image\/jpeg"}],"author":"Arnaldo Botto","twitter_card":"summary_large_image","schema":{"@context":"https:\/\/schema.org","@graph":[{"@type":"WebPage","@id":"https:\/\/www.noticiasradioreflejos.com.ar\/2021\/cordoba-en-llamas-alerta-por-incendio-en-ascochinga-y-en-toda-la-provincia\/","url":"https:\/\/www.noticiasradioreflejos.com.ar\/2021\/cordoba-en-llamas-alerta-por-incendio-en-ascochinga-y-en-toda-la-provincia\/","name":"C\u00f3rdoba en llamas: alerta por incendio en Ascochinga y en toda la provincia - Noticias Radio Reflejos","isPartOf":{"@id":"https:\/\/www.noticiasradioreflejos.com.ar\/2021\/#website"},"primaryImageOfPage":{"@id":"https:\/\/www.noticiasradioreflejos.com.ar\/2021\/cordoba-en-llamas-alerta-por-incendio-en-ascochinga-y-en-toda-la-provincia\/#primaryimage"},"image":{"@id":"https:\/\/www.noticiasradioreflejos.com.ar\/2021\/cordoba-en-llamas-alerta-por-incendio-en-ascochinga-y-en-toda-la-provincia\/#primaryimage"},"thumbnailUrl":"https:\/\/www.noticiasradioreflejos.com.ar\/2021\/wp-content\/uploads\/2024\/08\/Fuego-cordoba.jpg","datePublished":"2024-08-15T19:51:03+00:00","dateModified":"2024-08-16T15:36:06+00:00","author":{"@id":"https:\/\/www.noticiasradioreflejos.com.ar\/2021\/#\/schema\/person\/ad82545263dcc5ec0996818884fd5fb1"},"breadcrumb":{"@id":"https:\/\/www.noticiasradioreflejos.com.ar\/2021\/cordoba-en-llamas-alerta-por-incendio-en-ascochinga-y-en-toda-la-provincia\/#breadcrumb"},"inLanguage":"es","potentialAction":[{"@type":"ReadAction","target":["https:\/\/www.noticiasradioreflejos.com.ar\/2021\/cordoba-en-llamas-alerta-por-incendio-en-ascochinga-y-en-toda-la-provincia\/"]}]},{"@type":"ImageObject","inLanguage":"es","@id":"https:\/\/www.noticiasradioreflejos.com.ar\/2021\/cordoba-en-llamas-alerta-por-incendio-en-ascochinga-y-en-toda-la-provincia\/#primaryimage","url":"https:\/\/www.noticiasradioreflejos.com.ar\/2021\/wp-content\/uploads\/2024\/08\/Fuego-cordoba.jpg","contentUrl":"https:\/\/www.noticiasradioreflejos.com.ar\/2021\/wp-content\/uploads\/2024\/08\/Fuego-cordoba.jpg","width":640,"height":355},{"@type":"BreadcrumbList","@id":"https:\/\/www.noticiasradioreflejos.com.ar\/2021\/cordoba-en-llamas-alerta-por-incendio-en-ascochinga-y-en-toda-la-provincia\/#breadcrumb","itemListElement":[{"@type":"ListItem","position":1,"name":"Portada","item":"https:\/\/www.noticiasradioreflejos.com.ar\/2021\/"},{"@type":"ListItem","position":2,"name":"C\u00f3rdoba en llamas: alerta por incendio en Ascochinga y en toda la provincia"}]},{"@type":"WebSite","@id":"https:\/\/www.noticiasradioreflejos.com.ar\/2021\/#website","url":"https:\/\/www.noticiasradioreflejos.com.ar\/2021\/","name":"Noticias Radio Reflejos","description":"Las noticias de mi comarca","potentialAction":[{"@type":"SearchAction","target":{"@type":"EntryPoint","urlTemplate":"https:\/\/www.noticiasradioreflejos.com.ar\/2021\/?s={search_term_string}"},"query-input":{"@type":"PropertyValueSpecification","valueRequired":true,"valueName":"search_term_string"}}],"inLanguage":"es"},{"@type":"Person","@id":"https:\/\/www.noticiasradioreflejos.com.ar\/2021\/#\/schema\/person\/ad82545263dcc5ec0996818884fd5fb1","name":"Arnaldo Botto","image":{"@type":"ImageObject","inLanguage":"es","@id":"https:\/\/www.noticiasradioreflejos.com.ar\/2021\/#\/schema\/person\/image\/","url":"https:\/\/secure.gravatar.com\/avatar\/55cb5e37c1efa326397366e6974cb338056df65cb50e7d64d1cf314e87504837?s=96&d=mm&r=g","contentUrl":"https:\/\/secure.gravatar.com\/avatar\/55cb5e37c1efa326397366e6974cb338056df65cb50e7d64d1cf314e87504837?s=96&d=mm&r=g","caption":"Arnaldo Botto"},"url":"https:\/\/www.noticiasradioreflejos.com.ar\/2021\/author\/arnaldo\/"}]}},"_links":{"self":[{"href":"https:\/\/www.noticiasradioreflejos.com.ar\/2021\/wp-json\/wp\/v2\/posts\/106322","targetHints":{"allow":["GET"]}}],"collection":[{"href":"https:\/\/www.noticiasradioreflejos.com.ar\/2021\/wp-json\/wp\/v2\/posts"}],"about":[{"href":"https:\/\/www.noticiasradioreflejos.com.ar\/2021\/wp-json\/wp\/v2\/types\/post"}],"author":[{"embeddable":true,"href":"https:\/\/www.noticiasradioreflejos.com.ar\/2021\/wp-json\/wp\/v2\/users\/3"}],"replies":[{"embeddable":true,"href":"https:\/\/www.noticiasradioreflejos.com.ar\/2021\/wp-json\/wp\/v2\/comments?post=106322"}],"version-history":[{"count":1,"href":"https:\/\/www.noticiasradioreflejos.com.ar\/2021\/wp-json\/wp\/v2\/posts\/106322\/revisions"}],"predecessor-version":[{"id":106324,"href":"https:\/\/www.noticiasradioreflejos.com.ar\/2021\/wp-json\/wp\/v2\/posts\/106322\/revisions\/106324"}],"wp:featuredmedia":[{"embeddable":true,"href":"https:\/\/www.noticiasradioreflejos.com.ar\/2021\/wp-json\/wp\/v2\/media\/106323"}],"wp:attachment":[{"href":"https:\/\/www.noticiasradioreflejos.com.ar\/2021\/wp-json\/wp\/v2\/media?parent=106322"}],"wp:term":[{"taxonomy":"category","embeddable":true,"href":"https:\/\/www.noticiasradioreflejos.com.ar\/2021\/wp-json\/wp\/v2\/categories?post=106322"},{"taxonomy":"post_tag","embeddable":true,"href":"https:\/\/www.noticiasradioreflejos.com.ar\/2021\/wp-json\/wp\/v2\/tags?post=106322"}],"curies":[{"name":"wp","href":"https:\/\/api.w.org\/{rel}","templated":true}]}}