{"id":106306,"date":"2024-08-15T16:41:26","date_gmt":"2024-08-15T19:41:26","guid":{"rendered":"https:\/\/www.noticiasradioreflejos.com.ar\/2021\/?p=106306"},"modified":"2024-08-15T16:41:26","modified_gmt":"2024-08-15T19:41:26","slug":"castro-respondio-uno-siempre-da-la-cara-pero-en-el-marco-del-respeto","status":"publish","type":"post","link":"https:\/\/www.noticiasradioreflejos.com.ar\/2021\/castro-respondio-uno-siempre-da-la-cara-pero-en-el-marco-del-respeto\/","title":{"rendered":"Castro respondi\u00f3: \u201cUno siempre da la cara pero en el marco del respeto\u201d"},"content":{"rendered":"<p>El presidente de la UCR Tornquist, Manuel Castro, sali\u00f3 al cruce de las cr\u00edticas que dej\u00f3 su entrevista de ayer.<!--more--><\/p>\n<p>En ese sentido asegur\u00f3 que \u201cescuch\u00e9 los mensajes de vecinos que no se identifican. Estamos en democracia as\u00ed que no habr\u00eda problemas por dar nombres. Una cr\u00edtica en el marco del respeto es bien recibida, no as\u00ed los agravios\u201d.<\/p>\n<p>Haciendo hincapi\u00e9 en eso, subray\u00f3 que \u201cnosotros estamos abiertos a la cr\u00edtica, a responder las consultas, expresamos lo que pensamos y hacemos, pero insisto, siempre en el marco del respeto\u201d.<\/p>\n<p>A lo largo de la entrevista en FM Reflejos fue recibiendo distintos mensajes de los oyentes, a los cuales les fue respondiendo dando su punto de vista.<\/p>\n<p>De igual manera y sobre el debate en Diputados, Castro aclar\u00f3 que \u201cel radicalismo lo que no acompa\u00f1\u00f3 fue una moci\u00f3n del justicialismo que pretend\u00eda expulsar a los diputados que visitaron a genocidas. Hay que dejar en claro que el partido no est\u00e1 de acuerdo con la visita a los genocidas, lejos de eso, pero lo de la expulsi\u00f3n no estaba bien\u201d.<\/p>\n<p>En tanto que consultado a los n\u00fameros de UNICEF, reconoci\u00f3 que \u201ccon respecto a los chicos que se van a dormir sin cenar no podemos hacer demagogia pero s\u00ed hacernos cargo. Estar\u00eda bueno que el justicialismo exprese su postura ya que ellos gobernaron la mayor\u00eda de los a\u00f1os\u201d.<\/p>\n<p>&nbsp;<\/p>\n<p><iframe loading=\"lazy\" width=\"100%\" height=\"166\" scrolling=\"no\" frameborder=\"no\" allow=\"autoplay\" src=\"https:\/\/w.soundcloud.com\/player\/?url=https%3A\/\/api.soundcloud.com\/tracks\/1897728045&#038;color=%23ff5500&#038;auto_play=false&#038;hide_related=false&#038;show_comments=true&#038;show_user=true&#038;show_reposts=false&#038;show_teaser=true\"><\/iframe><\/p>\n<div style=\"font-size: 10px; color: #cccccc;line-break: anywhere;word-break: normal;overflow: hidden;white-space: nowrap;text-overflow: ellipsis; font-family: Interstate,Lucida Grande,Lucida Sans Unicode,Lucida Sans,Garuda,Verdana,Tahoma,sans-serif;font-weight: 100;\"><a href=\"https:\/\/soundcloud.com\/fmreflejos-103-7\" title=\"fmreflejos 103.7\" target=\"_blank\" style=\"color: #cccccc; text-decoration: none;\" rel=\"noopener\">fmreflejos 103.7<\/a> \u00b7 <a href=\"https:\/\/soundcloud.com\/fmreflejos-103-7\/manuel-castro-15-8\" title=\"Manuel Castro 15 - 8\" target=\"_blank\" style=\"color: #cccccc; text-decoration: none;\" rel=\"noopener\">Manuel Castro 15 &#8211; 8<\/a><\/div>\n","protected":false},"excerpt":{"rendered":"<p>El presidente de la UCR Tornquist, Manuel Castro, sali\u00f3 al cruce de las cr\u00edticas que dej\u00f3 su entrevista de ayer.<\/p>\n","protected":false},"author":3,"featured_media":106313,"comment_status":"closed","ping_status":"closed","sticky":false,"template":"","format":"standard","meta":{"footnotes":""},"categories":[24],"tags":[48],"class_list":["post-106306","post","type-post","status-publish","format-standard","has-post-thumbnail","hentry","category-politica","tag-destacada"],"yoast_head":"<!-- This site is optimized with the Yoast SEO plugin v25.9 - https:\/\/yoast.com\/wordpress\/plugins\/seo\/ -->\n<title>Castro respondi\u00f3: \u201cUno siempre da la cara pero en el marco del respeto\u201d - Noticias Radio Reflejos<\/title>\n<meta name=\"robots\" content=\"index, follow, max-snippet:-1, max-image-preview:large, max-video-preview:-1\" \/>\n<link rel=\"canonical\" href=\"https:\/\/www.noticiasradioreflejos.com.ar\/2021\/castro-respondio-uno-siempre-da-la-cara-pero-en-el-marco-del-respeto\/\" \/>\n<meta property=\"og:locale\" content=\"es_ES\" \/>\n<meta property=\"og:type\" content=\"article\" \/>\n<meta property=\"og:title\" content=\"Castro respondi\u00f3: \u201cUno siempre da la cara pero en el marco del respeto\u201d - Noticias Radio Reflejos\" \/>\n<meta property=\"og:description\" content=\"El presidente de la UCR Tornquist, Manuel Castro, sali\u00f3 al cruce de las cr\u00edticas que dej\u00f3 su entrevista de ayer.\" \/>\n<meta property=\"og:url\" content=\"https:\/\/www.noticiasradioreflejos.com.ar\/2021\/castro-respondio-uno-siempre-da-la-cara-pero-en-el-marco-del-respeto\/\" \/>\n<meta property=\"og:site_name\" content=\"Noticias Radio Reflejos\" \/>\n<meta property=\"article:published_time\" content=\"2024-08-15T19:41:26+00:00\" \/>\n<meta property=\"og:image\" content=\"https:\/\/www.noticiasradioreflejos.com.ar\/2021\/wp-content\/uploads\/2024\/08\/Manuel-1.jpeg\" \/>\n\t<meta property=\"og:image:width\" content=\"950\" \/>\n\t<meta property=\"og:image:height\" content=\"949\" \/>\n\t<meta property=\"og:image:type\" content=\"image\/jpeg\" \/>\n<meta name=\"author\" content=\"Arnaldo Botto\" \/>\n<meta name=\"twitter:card\" content=\"summary_large_image\" \/>\n<script type=\"application\/ld+json\" class=\"yoast-schema-graph\">{\"@context\":\"https:\/\/schema.org\",\"@graph\":[{\"@type\":\"WebPage\",\"@id\":\"https:\/\/www.noticiasradioreflejos.com.ar\/2021\/castro-respondio-uno-siempre-da-la-cara-pero-en-el-marco-del-respeto\/\",\"url\":\"https:\/\/www.noticiasradioreflejos.com.ar\/2021\/castro-respondio-uno-siempre-da-la-cara-pero-en-el-marco-del-respeto\/\",\"name\":\"Castro respondi\u00f3: \u201cUno siempre da la cara pero en el marco del respeto\u201d - Noticias Radio Reflejos\",\"isPartOf\":{\"@id\":\"https:\/\/www.noticiasradioreflejos.com.ar\/2021\/#website\"},\"primaryImageOfPage\":{\"@id\":\"https:\/\/www.noticiasradioreflejos.com.ar\/2021\/castro-respondio-uno-siempre-da-la-cara-pero-en-el-marco-del-respeto\/#primaryimage\"},\"image\":{\"@id\":\"https:\/\/www.noticiasradioreflejos.com.ar\/2021\/castro-respondio-uno-siempre-da-la-cara-pero-en-el-marco-del-respeto\/#primaryimage\"},\"thumbnailUrl\":\"https:\/\/www.noticiasradioreflejos.com.ar\/2021\/wp-content\/uploads\/2024\/08\/Manuel-1.jpeg\",\"datePublished\":\"2024-08-15T19:41:26+00:00\",\"author\":{\"@id\":\"https:\/\/www.noticiasradioreflejos.com.ar\/2021\/#\/schema\/person\/ad82545263dcc5ec0996818884fd5fb1\"},\"breadcrumb\":{\"@id\":\"https:\/\/www.noticiasradioreflejos.com.ar\/2021\/castro-respondio-uno-siempre-da-la-cara-pero-en-el-marco-del-respeto\/#breadcrumb\"},\"inLanguage\":\"es\",\"potentialAction\":[{\"@type\":\"ReadAction\",\"target\":[\"https:\/\/www.noticiasradioreflejos.com.ar\/2021\/castro-respondio-uno-siempre-da-la-cara-pero-en-el-marco-del-respeto\/\"]}]},{\"@type\":\"ImageObject\",\"inLanguage\":\"es\",\"@id\":\"https:\/\/www.noticiasradioreflejos.com.ar\/2021\/castro-respondio-uno-siempre-da-la-cara-pero-en-el-marco-del-respeto\/#primaryimage\",\"url\":\"https:\/\/www.noticiasradioreflejos.com.ar\/2021\/wp-content\/uploads\/2024\/08\/Manuel-1.jpeg\",\"contentUrl\":\"https:\/\/www.noticiasradioreflejos.com.ar\/2021\/wp-content\/uploads\/2024\/08\/Manuel-1.jpeg\",\"width\":950,\"height\":949},{\"@type\":\"BreadcrumbList\",\"@id\":\"https:\/\/www.noticiasradioreflejos.com.ar\/2021\/castro-respondio-uno-siempre-da-la-cara-pero-en-el-marco-del-respeto\/#breadcrumb\",\"itemListElement\":[{\"@type\":\"ListItem\",\"position\":1,\"name\":\"Portada\",\"item\":\"https:\/\/www.noticiasradioreflejos.com.ar\/2021\/\"},{\"@type\":\"ListItem\",\"position\":2,\"name\":\"Castro respondi\u00f3: \u201cUno siempre da la cara pero en el marco del respeto\u201d\"}]},{\"@type\":\"WebSite\",\"@id\":\"https:\/\/www.noticiasradioreflejos.com.ar\/2021\/#website\",\"url\":\"https:\/\/www.noticiasradioreflejos.com.ar\/2021\/\",\"name\":\"Noticias Radio Reflejos\",\"description\":\"Las noticias de mi comarca\",\"potentialAction\":[{\"@type\":\"SearchAction\",\"target\":{\"@type\":\"EntryPoint\",\"urlTemplate\":\"https:\/\/www.noticiasradioreflejos.com.ar\/2021\/?s={search_term_string}\"},\"query-input\":{\"@type\":\"PropertyValueSpecification\",\"valueRequired\":true,\"valueName\":\"search_term_string\"}}],\"inLanguage\":\"es\"},{\"@type\":\"Person\",\"@id\":\"https:\/\/www.noticiasradioreflejos.com.ar\/2021\/#\/schema\/person\/ad82545263dcc5ec0996818884fd5fb1\",\"name\":\"Arnaldo Botto\",\"image\":{\"@type\":\"ImageObject\",\"inLanguage\":\"es\",\"@id\":\"https:\/\/www.noticiasradioreflejos.com.ar\/2021\/#\/schema\/person\/image\/\",\"url\":\"https:\/\/secure.gravatar.com\/avatar\/55cb5e37c1efa326397366e6974cb338056df65cb50e7d64d1cf314e87504837?s=96&d=mm&r=g\",\"contentUrl\":\"https:\/\/secure.gravatar.com\/avatar\/55cb5e37c1efa326397366e6974cb338056df65cb50e7d64d1cf314e87504837?s=96&d=mm&r=g\",\"caption\":\"Arnaldo Botto\"},\"url\":\"https:\/\/www.noticiasradioreflejos.com.ar\/2021\/author\/arnaldo\/\"}]}<\/script>\n<!-- \/ Yoast SEO plugin. -->","yoast_head_json":{"title":"Castro respondi\u00f3: \u201cUno siempre da la cara pero en el marco del respeto\u201d - Noticias Radio Reflejos","robots":{"index":"index","follow":"follow","max-snippet":"max-snippet:-1","max-image-preview":"max-image-preview:large","max-video-preview":"max-video-preview:-1"},"canonical":"https:\/\/www.noticiasradioreflejos.com.ar\/2021\/castro-respondio-uno-siempre-da-la-cara-pero-en-el-marco-del-respeto\/","og_locale":"es_ES","og_type":"article","og_title":"Castro respondi\u00f3: \u201cUno siempre da la cara pero en el marco del respeto\u201d - Noticias Radio Reflejos","og_description":"El presidente de la UCR Tornquist, Manuel Castro, sali\u00f3 al cruce de las cr\u00edticas que dej\u00f3 su entrevista de ayer.","og_url":"https:\/\/www.noticiasradioreflejos.com.ar\/2021\/castro-respondio-uno-siempre-da-la-cara-pero-en-el-marco-del-respeto\/","og_site_name":"Noticias Radio Reflejos","article_published_time":"2024-08-15T19:41:26+00:00","og_image":[{"width":950,"height":949,"url":"https:\/\/www.noticiasradioreflejos.com.ar\/2021\/wp-content\/uploads\/2024\/08\/Manuel-1.jpeg","type":"image\/jpeg"}],"author":"Arnaldo Botto","twitter_card":"summary_large_image","schema":{"@context":"https:\/\/schema.org","@graph":[{"@type":"WebPage","@id":"https:\/\/www.noticiasradioreflejos.com.ar\/2021\/castro-respondio-uno-siempre-da-la-cara-pero-en-el-marco-del-respeto\/","url":"https:\/\/www.noticiasradioreflejos.com.ar\/2021\/castro-respondio-uno-siempre-da-la-cara-pero-en-el-marco-del-respeto\/","name":"Castro respondi\u00f3: \u201cUno siempre da la cara pero en el marco del respeto\u201d - Noticias Radio Reflejos","isPartOf":{"@id":"https:\/\/www.noticiasradioreflejos.com.ar\/2021\/#website"},"primaryImageOfPage":{"@id":"https:\/\/www.noticiasradioreflejos.com.ar\/2021\/castro-respondio-uno-siempre-da-la-cara-pero-en-el-marco-del-respeto\/#primaryimage"},"image":{"@id":"https:\/\/www.noticiasradioreflejos.com.ar\/2021\/castro-respondio-uno-siempre-da-la-cara-pero-en-el-marco-del-respeto\/#primaryimage"},"thumbnailUrl":"https:\/\/www.noticiasradioreflejos.com.ar\/2021\/wp-content\/uploads\/2024\/08\/Manuel-1.jpeg","datePublished":"2024-08-15T19:41:26+00:00","author":{"@id":"https:\/\/www.noticiasradioreflejos.com.ar\/2021\/#\/schema\/person\/ad82545263dcc5ec0996818884fd5fb1"},"breadcrumb":{"@id":"https:\/\/www.noticiasradioreflejos.com.ar\/2021\/castro-respondio-uno-siempre-da-la-cara-pero-en-el-marco-del-respeto\/#breadcrumb"},"inLanguage":"es","potentialAction":[{"@type":"ReadAction","target":["https:\/\/www.noticiasradioreflejos.com.ar\/2021\/castro-respondio-uno-siempre-da-la-cara-pero-en-el-marco-del-respeto\/"]}]},{"@type":"ImageObject","inLanguage":"es","@id":"https:\/\/www.noticiasradioreflejos.com.ar\/2021\/castro-respondio-uno-siempre-da-la-cara-pero-en-el-marco-del-respeto\/#primaryimage","url":"https:\/\/www.noticiasradioreflejos.com.ar\/2021\/wp-content\/uploads\/2024\/08\/Manuel-1.jpeg","contentUrl":"https:\/\/www.noticiasradioreflejos.com.ar\/2021\/wp-content\/uploads\/2024\/08\/Manuel-1.jpeg","width":950,"height":949},{"@type":"BreadcrumbList","@id":"https:\/\/www.noticiasradioreflejos.com.ar\/2021\/castro-respondio-uno-siempre-da-la-cara-pero-en-el-marco-del-respeto\/#breadcrumb","itemListElement":[{"@type":"ListItem","position":1,"name":"Portada","item":"https:\/\/www.noticiasradioreflejos.com.ar\/2021\/"},{"@type":"ListItem","position":2,"name":"Castro respondi\u00f3: \u201cUno siempre da la cara pero en el marco del respeto\u201d"}]},{"@type":"WebSite","@id":"https:\/\/www.noticiasradioreflejos.com.ar\/2021\/#website","url":"https:\/\/www.noticiasradioreflejos.com.ar\/2021\/","name":"Noticias Radio Reflejos","description":"Las noticias de mi comarca","potentialAction":[{"@type":"SearchAction","target":{"@type":"EntryPoint","urlTemplate":"https:\/\/www.noticiasradioreflejos.com.ar\/2021\/?s={search_term_string}"},"query-input":{"@type":"PropertyValueSpecification","valueRequired":true,"valueName":"search_term_string"}}],"inLanguage":"es"},{"@type":"Person","@id":"https:\/\/www.noticiasradioreflejos.com.ar\/2021\/#\/schema\/person\/ad82545263dcc5ec0996818884fd5fb1","name":"Arnaldo Botto","image":{"@type":"ImageObject","inLanguage":"es","@id":"https:\/\/www.noticiasradioreflejos.com.ar\/2021\/#\/schema\/person\/image\/","url":"https:\/\/secure.gravatar.com\/avatar\/55cb5e37c1efa326397366e6974cb338056df65cb50e7d64d1cf314e87504837?s=96&d=mm&r=g","contentUrl":"https:\/\/secure.gravatar.com\/avatar\/55cb5e37c1efa326397366e6974cb338056df65cb50e7d64d1cf314e87504837?s=96&d=mm&r=g","caption":"Arnaldo Botto"},"url":"https:\/\/www.noticiasradioreflejos.com.ar\/2021\/author\/arnaldo\/"}]}},"_links":{"self":[{"href":"https:\/\/www.noticiasradioreflejos.com.ar\/2021\/wp-json\/wp\/v2\/posts\/106306","targetHints":{"allow":["GET"]}}],"collection":[{"href":"https:\/\/www.noticiasradioreflejos.com.ar\/2021\/wp-json\/wp\/v2\/posts"}],"about":[{"href":"https:\/\/www.noticiasradioreflejos.com.ar\/2021\/wp-json\/wp\/v2\/types\/post"}],"author":[{"embeddable":true,"href":"https:\/\/www.noticiasradioreflejos.com.ar\/2021\/wp-json\/wp\/v2\/users\/3"}],"replies":[{"embeddable":true,"href":"https:\/\/www.noticiasradioreflejos.com.ar\/2021\/wp-json\/wp\/v2\/comments?post=106306"}],"version-history":[{"count":2,"href":"https:\/\/www.noticiasradioreflejos.com.ar\/2021\/wp-json\/wp\/v2\/posts\/106306\/revisions"}],"predecessor-version":[{"id":106318,"href":"https:\/\/www.noticiasradioreflejos.com.ar\/2021\/wp-json\/wp\/v2\/posts\/106306\/revisions\/106318"}],"wp:featuredmedia":[{"embeddable":true,"href":"https:\/\/www.noticiasradioreflejos.com.ar\/2021\/wp-json\/wp\/v2\/media\/106313"}],"wp:attachment":[{"href":"https:\/\/www.noticiasradioreflejos.com.ar\/2021\/wp-json\/wp\/v2\/media?parent=106306"}],"wp:term":[{"taxonomy":"category","embeddable":true,"href":"https:\/\/www.noticiasradioreflejos.com.ar\/2021\/wp-json\/wp\/v2\/categories?post=106306"},{"taxonomy":"post_tag","embeddable":true,"href":"https:\/\/www.noticiasradioreflejos.com.ar\/2021\/wp-json\/wp\/v2\/tags?post=106306"}],"curies":[{"name":"wp","href":"https:\/\/api.w.org\/{rel}","templated":true}]}}