{"id":106304,"date":"2024-08-15T16:27:12","date_gmt":"2024-08-15T19:27:12","guid":{"rendered":"https:\/\/www.noticiasradioreflejos.com.ar\/2021\/?p=106304"},"modified":"2024-08-15T16:31:29","modified_gmt":"2024-08-15T19:31:29","slug":"norma-vega-y-ser-pioneras-en-el-cooperativismo-artesanal-rosarino","status":"publish","type":"post","link":"https:\/\/www.noticiasradioreflejos.com.ar\/2021\/norma-vega-y-ser-pioneras-en-el-cooperativismo-artesanal-rosarino\/","title":{"rendered":"Norma Vega y ser pioneras en el cooperativismo artesanal rosarino"},"content":{"rendered":"<p><strong>La Cooperativa de Trabajo Encuentro Limitada<\/strong> marc\u00f3 el camino para muchas otras que hace 20 a\u00f1os les siguen los pasos en el litoral argentino.<!--more--><\/p>\n<p>Al respecto, la presidenta de esta entidad, Norma Vega, explic\u00f3 que \u201cnosotras empezamos en la crisis del 2001, ven\u00edamos de organizaciones sociales barriales trabajando con C\u00e1ritas y ah\u00ed se fortaleci\u00f3 m\u00e1s la producci\u00f3n artesanal en los saberes que ten\u00edamos cada una, adem\u00e1s de lo que fuimos aprendiendo\u201d.<\/p>\n<p>En ese sentido asegur\u00f3 que \u201cfuimos una de las pioneras en cuento a cooperativas y producci\u00f3n artesanal en Rosario, En 2006 ya tuvimos el n\u00famero de cooperativa. El municipio nos hizo unos stand para productores y ese fue nuestro primer local\u201d.<\/p>\n<p><a title=\"cooperativa Encuentro (2)\" href=\"https:\/\/www.flickr.com\/photos\/182279889@N02\/53925521743\/in\/dateposted-public\/\" data-flickr-embed=\"true\" data-header=\"true\"><img loading=\"lazy\" decoding=\"async\" class=\"aligncenter\" src=\"https:\/\/live.staticflickr.com\/65535\/53925521743_aed5e9508a_c.jpg\" alt=\"cooperativa Encuentro (2)\" width=\"600\" height=\"800\" \/><\/a><\/p>\n<p>Continuando con su relato explic\u00f3 que \u201cen 2009 decidimos mudarnos y pasamos a un local mucho m\u00e1s grande, donde en el primer piso ten\u00edamos un hostel. De manera inaugural fuimos 23 mujeres\u201d.<\/p>\n<p>Viniendo a la actualidad sostuvo que \u201clo que tiene esta cooperativa es que algunos productos son asociativos y otros individuales, pero la venta es colectiva; todas vendemos todo. Todas tenemos un turno y ah\u00ed vendemos todo\u201d.<\/p>\n<p>Sobre ese punto explic\u00f3 que \u201cen 2010 tuvimos una capacitaci\u00f3n de seis meses, en donde aprendimos todo de todas, entonces podemos vender como si lo hici\u00e9semos nosotros. Cada producto tiene su caja, pero para vender todas sabemos acerca de los productos\u201d.<\/p>\n<p>Por \u00faltimo acot\u00f3 que \u201cdesde hace 9 a\u00f1os estamos en Presidente Roca y el r\u00edo junto con otras cooperativas y emprendedores de Rosario. Tambi\u00e9n tenemos un local frente al monumento de la bandera vendiendo prendas de algod\u00f3n, que ese algod\u00f3n tambi\u00e9n se lo compramos a una cooperativa de Chaco\u201d.<\/p>\n<p>\u201cActualmente tenemos licores artesanales y curtidos, hacemos chocolates, alfajores, hay textiles y despu\u00e9s yerbas org\u00e1nicas\u201d concluy\u00f3.<\/p>\n<p>&nbsp;<\/p>\n<p><iframe loading=\"lazy\" src=\"https:\/\/w.soundcloud.com\/player\/?url=https%3A\/\/api.soundcloud.com\/tracks\/1897727103&amp;color=%23ff5500&amp;auto_play=false&amp;hide_related=false&amp;show_comments=true&amp;show_user=true&amp;show_reposts=false&amp;show_teaser=true\" width=\"100%\" height=\"166\" frameborder=\"no\" scrolling=\"no\"><\/iframe><\/p>\n<div style=\"font-size: 10px; color: #cccccc; line-break: anywhere; word-break: normal; overflow: hidden; white-space: nowrap; text-overflow: ellipsis; font-family: Interstate,Lucida Grande,Lucida Sans Unicode,Lucida Sans,Garuda,Verdana,Tahoma,sans-serif; font-weight: 100;\"><a style=\"color: #cccccc; text-decoration: none;\" title=\"fmreflejos 103.7\" href=\"https:\/\/soundcloud.com\/fmreflejos-103-7\" target=\"_blank\" rel=\"noopener\">fmreflejos 103.7<\/a> \u00b7 <a style=\"color: #cccccc; text-decoration: none;\" title=\"Norma Vega 15 - 8\" href=\"https:\/\/soundcloud.com\/fmreflejos-103-7\/norma-vega-15-8\" target=\"_blank\" rel=\"noopener\">Norma Vega 15 &#8211; 8<\/a><\/div>\n","protected":false},"excerpt":{"rendered":"<p>La Cooperativa de Trabajo Encuentro Limitada marc\u00f3 el camino para muchas otras que hace 20 a\u00f1os les siguen los pasos en el litoral argentino.<\/p>\n","protected":false},"author":3,"featured_media":0,"comment_status":"closed","ping_status":"closed","sticky":false,"template":"","format":"standard","meta":{"footnotes":""},"categories":[36,24,26],"tags":[48],"class_list":["post-106304","post","type-post","status-publish","format-standard","hentry","category-economia","category-politica","category-sociedad","tag-destacada"],"yoast_head":"<!-- This site is optimized with the Yoast SEO plugin v25.9 - https:\/\/yoast.com\/wordpress\/plugins\/seo\/ -->\n<title>Norma Vega y ser pioneras en el cooperativismo artesanal rosarino - Noticias Radio Reflejos<\/title>\n<meta name=\"robots\" content=\"index, follow, max-snippet:-1, max-image-preview:large, max-video-preview:-1\" \/>\n<link rel=\"canonical\" href=\"https:\/\/www.noticiasradioreflejos.com.ar\/2021\/norma-vega-y-ser-pioneras-en-el-cooperativismo-artesanal-rosarino\/\" \/>\n<meta property=\"og:locale\" content=\"es_ES\" \/>\n<meta property=\"og:type\" content=\"article\" \/>\n<meta property=\"og:title\" content=\"Norma Vega y ser pioneras en el cooperativismo artesanal rosarino - Noticias Radio Reflejos\" \/>\n<meta property=\"og:description\" content=\"La Cooperativa de Trabajo Encuentro Limitada marc\u00f3 el camino para muchas otras que hace 20 a\u00f1os les siguen los pasos en el litoral argentino.\" \/>\n<meta property=\"og:url\" content=\"https:\/\/www.noticiasradioreflejos.com.ar\/2021\/norma-vega-y-ser-pioneras-en-el-cooperativismo-artesanal-rosarino\/\" \/>\n<meta property=\"og:site_name\" content=\"Noticias Radio Reflejos\" \/>\n<meta property=\"article:published_time\" content=\"2024-08-15T19:27:12+00:00\" \/>\n<meta property=\"article:modified_time\" content=\"2024-08-15T19:31:29+00:00\" \/>\n<meta property=\"og:image\" content=\"https:\/\/live.staticflickr.com\/65535\/53925521743_aed5e9508a_c.jpg\" \/>\n<meta name=\"author\" content=\"Arnaldo Botto\" \/>\n<meta name=\"twitter:card\" content=\"summary_large_image\" \/>\n<script type=\"application\/ld+json\" class=\"yoast-schema-graph\">{\"@context\":\"https:\/\/schema.org\",\"@graph\":[{\"@type\":\"WebPage\",\"@id\":\"https:\/\/www.noticiasradioreflejos.com.ar\/2021\/norma-vega-y-ser-pioneras-en-el-cooperativismo-artesanal-rosarino\/\",\"url\":\"https:\/\/www.noticiasradioreflejos.com.ar\/2021\/norma-vega-y-ser-pioneras-en-el-cooperativismo-artesanal-rosarino\/\",\"name\":\"Norma Vega y ser pioneras en el cooperativismo artesanal rosarino - Noticias Radio Reflejos\",\"isPartOf\":{\"@id\":\"https:\/\/www.noticiasradioreflejos.com.ar\/2021\/#website\"},\"primaryImageOfPage\":{\"@id\":\"https:\/\/www.noticiasradioreflejos.com.ar\/2021\/norma-vega-y-ser-pioneras-en-el-cooperativismo-artesanal-rosarino\/#primaryimage\"},\"image\":{\"@id\":\"https:\/\/www.noticiasradioreflejos.com.ar\/2021\/norma-vega-y-ser-pioneras-en-el-cooperativismo-artesanal-rosarino\/#primaryimage\"},\"thumbnailUrl\":\"https:\/\/live.staticflickr.com\/65535\/53925521743_aed5e9508a_c.jpg\",\"datePublished\":\"2024-08-15T19:27:12+00:00\",\"dateModified\":\"2024-08-15T19:31:29+00:00\",\"author\":{\"@id\":\"https:\/\/www.noticiasradioreflejos.com.ar\/2021\/#\/schema\/person\/ad82545263dcc5ec0996818884fd5fb1\"},\"breadcrumb\":{\"@id\":\"https:\/\/www.noticiasradioreflejos.com.ar\/2021\/norma-vega-y-ser-pioneras-en-el-cooperativismo-artesanal-rosarino\/#breadcrumb\"},\"inLanguage\":\"es\",\"potentialAction\":[{\"@type\":\"ReadAction\",\"target\":[\"https:\/\/www.noticiasradioreflejos.com.ar\/2021\/norma-vega-y-ser-pioneras-en-el-cooperativismo-artesanal-rosarino\/\"]}]},{\"@type\":\"ImageObject\",\"inLanguage\":\"es\",\"@id\":\"https:\/\/www.noticiasradioreflejos.com.ar\/2021\/norma-vega-y-ser-pioneras-en-el-cooperativismo-artesanal-rosarino\/#primaryimage\",\"url\":\"https:\/\/live.staticflickr.com\/65535\/53925521743_aed5e9508a_c.jpg\",\"contentUrl\":\"https:\/\/live.staticflickr.com\/65535\/53925521743_aed5e9508a_c.jpg\"},{\"@type\":\"BreadcrumbList\",\"@id\":\"https:\/\/www.noticiasradioreflejos.com.ar\/2021\/norma-vega-y-ser-pioneras-en-el-cooperativismo-artesanal-rosarino\/#breadcrumb\",\"itemListElement\":[{\"@type\":\"ListItem\",\"position\":1,\"name\":\"Portada\",\"item\":\"https:\/\/www.noticiasradioreflejos.com.ar\/2021\/\"},{\"@type\":\"ListItem\",\"position\":2,\"name\":\"Norma Vega y ser pioneras en el cooperativismo artesanal rosarino\"}]},{\"@type\":\"WebSite\",\"@id\":\"https:\/\/www.noticiasradioreflejos.com.ar\/2021\/#website\",\"url\":\"https:\/\/www.noticiasradioreflejos.com.ar\/2021\/\",\"name\":\"Noticias Radio Reflejos\",\"description\":\"Las noticias de mi comarca\",\"potentialAction\":[{\"@type\":\"SearchAction\",\"target\":{\"@type\":\"EntryPoint\",\"urlTemplate\":\"https:\/\/www.noticiasradioreflejos.com.ar\/2021\/?s={search_term_string}\"},\"query-input\":{\"@type\":\"PropertyValueSpecification\",\"valueRequired\":true,\"valueName\":\"search_term_string\"}}],\"inLanguage\":\"es\"},{\"@type\":\"Person\",\"@id\":\"https:\/\/www.noticiasradioreflejos.com.ar\/2021\/#\/schema\/person\/ad82545263dcc5ec0996818884fd5fb1\",\"name\":\"Arnaldo Botto\",\"image\":{\"@type\":\"ImageObject\",\"inLanguage\":\"es\",\"@id\":\"https:\/\/www.noticiasradioreflejos.com.ar\/2021\/#\/schema\/person\/image\/\",\"url\":\"https:\/\/secure.gravatar.com\/avatar\/55cb5e37c1efa326397366e6974cb338056df65cb50e7d64d1cf314e87504837?s=96&d=mm&r=g\",\"contentUrl\":\"https:\/\/secure.gravatar.com\/avatar\/55cb5e37c1efa326397366e6974cb338056df65cb50e7d64d1cf314e87504837?s=96&d=mm&r=g\",\"caption\":\"Arnaldo Botto\"},\"url\":\"https:\/\/www.noticiasradioreflejos.com.ar\/2021\/author\/arnaldo\/\"}]}<\/script>\n<!-- \/ Yoast SEO plugin. -->","yoast_head_json":{"title":"Norma Vega y ser pioneras en el cooperativismo artesanal rosarino - Noticias Radio Reflejos","robots":{"index":"index","follow":"follow","max-snippet":"max-snippet:-1","max-image-preview":"max-image-preview:large","max-video-preview":"max-video-preview:-1"},"canonical":"https:\/\/www.noticiasradioreflejos.com.ar\/2021\/norma-vega-y-ser-pioneras-en-el-cooperativismo-artesanal-rosarino\/","og_locale":"es_ES","og_type":"article","og_title":"Norma Vega y ser pioneras en el cooperativismo artesanal rosarino - Noticias Radio Reflejos","og_description":"La Cooperativa de Trabajo Encuentro Limitada marc\u00f3 el camino para muchas otras que hace 20 a\u00f1os les siguen los pasos en el litoral argentino.","og_url":"https:\/\/www.noticiasradioreflejos.com.ar\/2021\/norma-vega-y-ser-pioneras-en-el-cooperativismo-artesanal-rosarino\/","og_site_name":"Noticias Radio Reflejos","article_published_time":"2024-08-15T19:27:12+00:00","article_modified_time":"2024-08-15T19:31:29+00:00","og_image":[{"url":"https:\/\/live.staticflickr.com\/65535\/53925521743_aed5e9508a_c.jpg","type":"","width":"","height":""}],"author":"Arnaldo Botto","twitter_card":"summary_large_image","schema":{"@context":"https:\/\/schema.org","@graph":[{"@type":"WebPage","@id":"https:\/\/www.noticiasradioreflejos.com.ar\/2021\/norma-vega-y-ser-pioneras-en-el-cooperativismo-artesanal-rosarino\/","url":"https:\/\/www.noticiasradioreflejos.com.ar\/2021\/norma-vega-y-ser-pioneras-en-el-cooperativismo-artesanal-rosarino\/","name":"Norma Vega y ser pioneras en el cooperativismo artesanal rosarino - Noticias Radio Reflejos","isPartOf":{"@id":"https:\/\/www.noticiasradioreflejos.com.ar\/2021\/#website"},"primaryImageOfPage":{"@id":"https:\/\/www.noticiasradioreflejos.com.ar\/2021\/norma-vega-y-ser-pioneras-en-el-cooperativismo-artesanal-rosarino\/#primaryimage"},"image":{"@id":"https:\/\/www.noticiasradioreflejos.com.ar\/2021\/norma-vega-y-ser-pioneras-en-el-cooperativismo-artesanal-rosarino\/#primaryimage"},"thumbnailUrl":"https:\/\/live.staticflickr.com\/65535\/53925521743_aed5e9508a_c.jpg","datePublished":"2024-08-15T19:27:12+00:00","dateModified":"2024-08-15T19:31:29+00:00","author":{"@id":"https:\/\/www.noticiasradioreflejos.com.ar\/2021\/#\/schema\/person\/ad82545263dcc5ec0996818884fd5fb1"},"breadcrumb":{"@id":"https:\/\/www.noticiasradioreflejos.com.ar\/2021\/norma-vega-y-ser-pioneras-en-el-cooperativismo-artesanal-rosarino\/#breadcrumb"},"inLanguage":"es","potentialAction":[{"@type":"ReadAction","target":["https:\/\/www.noticiasradioreflejos.com.ar\/2021\/norma-vega-y-ser-pioneras-en-el-cooperativismo-artesanal-rosarino\/"]}]},{"@type":"ImageObject","inLanguage":"es","@id":"https:\/\/www.noticiasradioreflejos.com.ar\/2021\/norma-vega-y-ser-pioneras-en-el-cooperativismo-artesanal-rosarino\/#primaryimage","url":"https:\/\/live.staticflickr.com\/65535\/53925521743_aed5e9508a_c.jpg","contentUrl":"https:\/\/live.staticflickr.com\/65535\/53925521743_aed5e9508a_c.jpg"},{"@type":"BreadcrumbList","@id":"https:\/\/www.noticiasradioreflejos.com.ar\/2021\/norma-vega-y-ser-pioneras-en-el-cooperativismo-artesanal-rosarino\/#breadcrumb","itemListElement":[{"@type":"ListItem","position":1,"name":"Portada","item":"https:\/\/www.noticiasradioreflejos.com.ar\/2021\/"},{"@type":"ListItem","position":2,"name":"Norma Vega y ser pioneras en el cooperativismo artesanal rosarino"}]},{"@type":"WebSite","@id":"https:\/\/www.noticiasradioreflejos.com.ar\/2021\/#website","url":"https:\/\/www.noticiasradioreflejos.com.ar\/2021\/","name":"Noticias Radio Reflejos","description":"Las noticias de mi comarca","potentialAction":[{"@type":"SearchAction","target":{"@type":"EntryPoint","urlTemplate":"https:\/\/www.noticiasradioreflejos.com.ar\/2021\/?s={search_term_string}"},"query-input":{"@type":"PropertyValueSpecification","valueRequired":true,"valueName":"search_term_string"}}],"inLanguage":"es"},{"@type":"Person","@id":"https:\/\/www.noticiasradioreflejos.com.ar\/2021\/#\/schema\/person\/ad82545263dcc5ec0996818884fd5fb1","name":"Arnaldo Botto","image":{"@type":"ImageObject","inLanguage":"es","@id":"https:\/\/www.noticiasradioreflejos.com.ar\/2021\/#\/schema\/person\/image\/","url":"https:\/\/secure.gravatar.com\/avatar\/55cb5e37c1efa326397366e6974cb338056df65cb50e7d64d1cf314e87504837?s=96&d=mm&r=g","contentUrl":"https:\/\/secure.gravatar.com\/avatar\/55cb5e37c1efa326397366e6974cb338056df65cb50e7d64d1cf314e87504837?s=96&d=mm&r=g","caption":"Arnaldo Botto"},"url":"https:\/\/www.noticiasradioreflejos.com.ar\/2021\/author\/arnaldo\/"}]}},"_links":{"self":[{"href":"https:\/\/www.noticiasradioreflejos.com.ar\/2021\/wp-json\/wp\/v2\/posts\/106304","targetHints":{"allow":["GET"]}}],"collection":[{"href":"https:\/\/www.noticiasradioreflejos.com.ar\/2021\/wp-json\/wp\/v2\/posts"}],"about":[{"href":"https:\/\/www.noticiasradioreflejos.com.ar\/2021\/wp-json\/wp\/v2\/types\/post"}],"author":[{"embeddable":true,"href":"https:\/\/www.noticiasradioreflejos.com.ar\/2021\/wp-json\/wp\/v2\/users\/3"}],"replies":[{"embeddable":true,"href":"https:\/\/www.noticiasradioreflejos.com.ar\/2021\/wp-json\/wp\/v2\/comments?post=106304"}],"version-history":[{"count":5,"href":"https:\/\/www.noticiasradioreflejos.com.ar\/2021\/wp-json\/wp\/v2\/posts\/106304\/revisions"}],"predecessor-version":[{"id":106312,"href":"https:\/\/www.noticiasradioreflejos.com.ar\/2021\/wp-json\/wp\/v2\/posts\/106304\/revisions\/106312"}],"wp:attachment":[{"href":"https:\/\/www.noticiasradioreflejos.com.ar\/2021\/wp-json\/wp\/v2\/media?parent=106304"}],"wp:term":[{"taxonomy":"category","embeddable":true,"href":"https:\/\/www.noticiasradioreflejos.com.ar\/2021\/wp-json\/wp\/v2\/categories?post=106304"},{"taxonomy":"post_tag","embeddable":true,"href":"https:\/\/www.noticiasradioreflejos.com.ar\/2021\/wp-json\/wp\/v2\/tags?post=106304"}],"curies":[{"name":"wp","href":"https:\/\/api.w.org\/{rel}","templated":true}]}}