{"id":106237,"date":"2024-08-14T14:07:56","date_gmt":"2024-08-14T17:07:56","guid":{"rendered":"https:\/\/www.noticiasradioreflejos.com.ar\/2021\/?p=106237"},"modified":"2024-08-14T14:07:56","modified_gmt":"2024-08-14T17:07:56","slug":"brindaran-una-capacitacion-sobre-educacion-financiera-este-jueves-en-saldungaray","status":"publish","type":"post","link":"https:\/\/www.noticiasradioreflejos.com.ar\/2021\/brindaran-una-capacitacion-sobre-educacion-financiera-este-jueves-en-saldungaray\/","title":{"rendered":"Brindar\u00e1n una capacitaci\u00f3n sobre educaci\u00f3n financiera este jueves en Saldungaray"},"content":{"rendered":"<p>Impulsada por la Universidad Provincial del Sudoeste (UPSO) y la Secretar\u00eda de Ambiente y Desarrollo Productivo, este jueves se dictar\u00e1 en Saldungaray una nueva capacitaci\u00f3n gratuita sobre educaci\u00f3n financiera.<!--more--><\/p>\n<p>La actividad estar\u00e1 a cargo del Lic. Pablo Obreque y el objetivo es generar un espacio de ense\u00f1anza de conceptos financieros b\u00e1sicos y habilidades pr\u00e1cticas relacionadas con la gesti\u00f3n del dinero dentro del contexto del hogar y la vida diaria. <\/p>\n<p>Jueves 15 de agosto \u2013 17.30 hs;<\/p>\n<p>Lugar: Centro de Interpretaci\u00f3n Salomone (Av. Corrales y Pav\u00f3n)<\/p>\n<p>Link de inscripci\u00f3n: <a href=\"https:\/\/docs.google.com\/forms\/d\/e\/1FAIpQLSccDEcT_AJn7-x-AHzR6UyYm8DeJ8CIETf-dAJYWQTG8jXcMQ\/viewform?usp=sharing\" rel=\"noopener\" target=\"_blank\">https:\/\/docs.google.com\/forms\/d\/e\/1FAIpQLSccDEcT_AJn7-x-AHzR6UyYm8DeJ8CIETf-dAJYWQTG8jXcMQ\/viewform?usp=sharing<\/a>.<\/p>\n<p>Contacto: tornquistproduccion@gmail.com<\/p>\n<p><a data-flickr-embed=\"true\" href=\"https:\/\/www.flickr.com\/photos\/182279889@N02\/53923267244\/in\/dateposted-public\/\" title=\"Capacit financiera Saldunga\"><img loading=\"lazy\" decoding=\"async\" src=\"https:\/\/live.staticflickr.com\/65535\/53923267244_521272b4f0_o.jpg\" width=\"1600\" height=\"1600\" alt=\"Capacit financiera Saldunga\"\/><\/a><script async src=\"\/\/embedr.flickr.com\/assets\/client-code.js\" charset=\"utf-8\"><\/script><\/p>\n","protected":false},"excerpt":{"rendered":"<p>Impulsada por la Universidad Provincial del Sudoeste (UPSO) y la Secretar\u00eda de Ambiente y Desarrollo Productivo, este jueves se dictar\u00e1 en Saldungaray una nueva capacitaci\u00f3n gratuita sobre educaci\u00f3n financiera.<\/p>\n","protected":false},"author":3,"featured_media":0,"comment_status":"closed","ping_status":"closed","sticky":false,"template":"","format":"standard","meta":{"footnotes":""},"categories":[28],"tags":[],"class_list":["post-106237","post","type-post","status-publish","format-standard","hentry","category-municipales"],"yoast_head":"<!-- This site is optimized with the Yoast SEO plugin v25.9 - https:\/\/yoast.com\/wordpress\/plugins\/seo\/ -->\n<title>Brindar\u00e1n una capacitaci\u00f3n sobre educaci\u00f3n financiera este jueves en Saldungaray - Noticias Radio Reflejos<\/title>\n<meta name=\"robots\" content=\"index, follow, max-snippet:-1, max-image-preview:large, max-video-preview:-1\" \/>\n<link rel=\"canonical\" href=\"https:\/\/www.noticiasradioreflejos.com.ar\/2021\/brindaran-una-capacitacion-sobre-educacion-financiera-este-jueves-en-saldungaray\/\" \/>\n<meta property=\"og:locale\" content=\"es_ES\" \/>\n<meta property=\"og:type\" content=\"article\" \/>\n<meta property=\"og:title\" content=\"Brindar\u00e1n una capacitaci\u00f3n sobre educaci\u00f3n financiera este jueves en Saldungaray - Noticias Radio Reflejos\" \/>\n<meta property=\"og:description\" content=\"Impulsada por la Universidad Provincial del Sudoeste (UPSO) y la Secretar\u00eda de Ambiente y Desarrollo Productivo, este jueves se dictar\u00e1 en Saldungaray una nueva capacitaci\u00f3n gratuita sobre educaci\u00f3n financiera.\" \/>\n<meta property=\"og:url\" content=\"https:\/\/www.noticiasradioreflejos.com.ar\/2021\/brindaran-una-capacitacion-sobre-educacion-financiera-este-jueves-en-saldungaray\/\" \/>\n<meta property=\"og:site_name\" content=\"Noticias Radio Reflejos\" \/>\n<meta property=\"article:published_time\" content=\"2024-08-14T17:07:56+00:00\" \/>\n<meta property=\"og:image\" content=\"https:\/\/www.noticiasradioreflejos.com.ar\/2021\/wp-content\/uploads\/2024\/08\/Capacit-financiera-Saldunga.jpeg\" \/>\n\t<meta property=\"og:image:width\" content=\"1600\" \/>\n\t<meta property=\"og:image:height\" content=\"1600\" \/>\n\t<meta property=\"og:image:type\" content=\"image\/jpeg\" \/>\n<meta name=\"author\" content=\"Arnaldo Botto\" \/>\n<meta name=\"twitter:card\" content=\"summary_large_image\" \/>\n<script type=\"application\/ld+json\" class=\"yoast-schema-graph\">{\"@context\":\"https:\/\/schema.org\",\"@graph\":[{\"@type\":\"WebPage\",\"@id\":\"https:\/\/www.noticiasradioreflejos.com.ar\/2021\/brindaran-una-capacitacion-sobre-educacion-financiera-este-jueves-en-saldungaray\/\",\"url\":\"https:\/\/www.noticiasradioreflejos.com.ar\/2021\/brindaran-una-capacitacion-sobre-educacion-financiera-este-jueves-en-saldungaray\/\",\"name\":\"Brindar\u00e1n una capacitaci\u00f3n sobre educaci\u00f3n financiera este jueves en Saldungaray - Noticias Radio Reflejos\",\"isPartOf\":{\"@id\":\"https:\/\/www.noticiasradioreflejos.com.ar\/2021\/#website\"},\"primaryImageOfPage\":{\"@id\":\"https:\/\/www.noticiasradioreflejos.com.ar\/2021\/brindaran-una-capacitacion-sobre-educacion-financiera-este-jueves-en-saldungaray\/#primaryimage\"},\"image\":{\"@id\":\"https:\/\/www.noticiasradioreflejos.com.ar\/2021\/brindaran-una-capacitacion-sobre-educacion-financiera-este-jueves-en-saldungaray\/#primaryimage\"},\"thumbnailUrl\":\"https:\/\/live.staticflickr.com\/65535\/53923267244_521272b4f0_o.jpg\",\"datePublished\":\"2024-08-14T17:07:56+00:00\",\"author\":{\"@id\":\"https:\/\/www.noticiasradioreflejos.com.ar\/2021\/#\/schema\/person\/ad82545263dcc5ec0996818884fd5fb1\"},\"breadcrumb\":{\"@id\":\"https:\/\/www.noticiasradioreflejos.com.ar\/2021\/brindaran-una-capacitacion-sobre-educacion-financiera-este-jueves-en-saldungaray\/#breadcrumb\"},\"inLanguage\":\"es\",\"potentialAction\":[{\"@type\":\"ReadAction\",\"target\":[\"https:\/\/www.noticiasradioreflejos.com.ar\/2021\/brindaran-una-capacitacion-sobre-educacion-financiera-este-jueves-en-saldungaray\/\"]}]},{\"@type\":\"ImageObject\",\"inLanguage\":\"es\",\"@id\":\"https:\/\/www.noticiasradioreflejos.com.ar\/2021\/brindaran-una-capacitacion-sobre-educacion-financiera-este-jueves-en-saldungaray\/#primaryimage\",\"url\":\"https:\/\/live.staticflickr.com\/65535\/53923267244_521272b4f0_o.jpg\",\"contentUrl\":\"https:\/\/live.staticflickr.com\/65535\/53923267244_521272b4f0_o.jpg\"},{\"@type\":\"BreadcrumbList\",\"@id\":\"https:\/\/www.noticiasradioreflejos.com.ar\/2021\/brindaran-una-capacitacion-sobre-educacion-financiera-este-jueves-en-saldungaray\/#breadcrumb\",\"itemListElement\":[{\"@type\":\"ListItem\",\"position\":1,\"name\":\"Portada\",\"item\":\"https:\/\/www.noticiasradioreflejos.com.ar\/2021\/\"},{\"@type\":\"ListItem\",\"position\":2,\"name\":\"Brindar\u00e1n una capacitaci\u00f3n sobre educaci\u00f3n financiera este jueves en Saldungaray\"}]},{\"@type\":\"WebSite\",\"@id\":\"https:\/\/www.noticiasradioreflejos.com.ar\/2021\/#website\",\"url\":\"https:\/\/www.noticiasradioreflejos.com.ar\/2021\/\",\"name\":\"Noticias Radio Reflejos\",\"description\":\"Las noticias de mi comarca\",\"potentialAction\":[{\"@type\":\"SearchAction\",\"target\":{\"@type\":\"EntryPoint\",\"urlTemplate\":\"https:\/\/www.noticiasradioreflejos.com.ar\/2021\/?s={search_term_string}\"},\"query-input\":{\"@type\":\"PropertyValueSpecification\",\"valueRequired\":true,\"valueName\":\"search_term_string\"}}],\"inLanguage\":\"es\"},{\"@type\":\"Person\",\"@id\":\"https:\/\/www.noticiasradioreflejos.com.ar\/2021\/#\/schema\/person\/ad82545263dcc5ec0996818884fd5fb1\",\"name\":\"Arnaldo Botto\",\"image\":{\"@type\":\"ImageObject\",\"inLanguage\":\"es\",\"@id\":\"https:\/\/www.noticiasradioreflejos.com.ar\/2021\/#\/schema\/person\/image\/\",\"url\":\"https:\/\/secure.gravatar.com\/avatar\/55cb5e37c1efa326397366e6974cb338056df65cb50e7d64d1cf314e87504837?s=96&d=mm&r=g\",\"contentUrl\":\"https:\/\/secure.gravatar.com\/avatar\/55cb5e37c1efa326397366e6974cb338056df65cb50e7d64d1cf314e87504837?s=96&d=mm&r=g\",\"caption\":\"Arnaldo Botto\"},\"url\":\"https:\/\/www.noticiasradioreflejos.com.ar\/2021\/author\/arnaldo\/\"}]}<\/script>\n<!-- \/ Yoast SEO plugin. -->","yoast_head_json":{"title":"Brindar\u00e1n una capacitaci\u00f3n sobre educaci\u00f3n financiera este jueves en Saldungaray - Noticias Radio Reflejos","robots":{"index":"index","follow":"follow","max-snippet":"max-snippet:-1","max-image-preview":"max-image-preview:large","max-video-preview":"max-video-preview:-1"},"canonical":"https:\/\/www.noticiasradioreflejos.com.ar\/2021\/brindaran-una-capacitacion-sobre-educacion-financiera-este-jueves-en-saldungaray\/","og_locale":"es_ES","og_type":"article","og_title":"Brindar\u00e1n una capacitaci\u00f3n sobre educaci\u00f3n financiera este jueves en Saldungaray - Noticias Radio Reflejos","og_description":"Impulsada por la Universidad Provincial del Sudoeste (UPSO) y la Secretar\u00eda de Ambiente y Desarrollo Productivo, este jueves se dictar\u00e1 en Saldungaray una nueva capacitaci\u00f3n gratuita sobre educaci\u00f3n financiera.","og_url":"https:\/\/www.noticiasradioreflejos.com.ar\/2021\/brindaran-una-capacitacion-sobre-educacion-financiera-este-jueves-en-saldungaray\/","og_site_name":"Noticias Radio Reflejos","article_published_time":"2024-08-14T17:07:56+00:00","og_image":[{"width":1600,"height":1600,"url":"https:\/\/www.noticiasradioreflejos.com.ar\/2021\/wp-content\/uploads\/2024\/08\/Capacit-financiera-Saldunga.jpeg","type":"image\/jpeg"}],"author":"Arnaldo Botto","twitter_card":"summary_large_image","schema":{"@context":"https:\/\/schema.org","@graph":[{"@type":"WebPage","@id":"https:\/\/www.noticiasradioreflejos.com.ar\/2021\/brindaran-una-capacitacion-sobre-educacion-financiera-este-jueves-en-saldungaray\/","url":"https:\/\/www.noticiasradioreflejos.com.ar\/2021\/brindaran-una-capacitacion-sobre-educacion-financiera-este-jueves-en-saldungaray\/","name":"Brindar\u00e1n una capacitaci\u00f3n sobre educaci\u00f3n financiera este jueves en Saldungaray - Noticias Radio Reflejos","isPartOf":{"@id":"https:\/\/www.noticiasradioreflejos.com.ar\/2021\/#website"},"primaryImageOfPage":{"@id":"https:\/\/www.noticiasradioreflejos.com.ar\/2021\/brindaran-una-capacitacion-sobre-educacion-financiera-este-jueves-en-saldungaray\/#primaryimage"},"image":{"@id":"https:\/\/www.noticiasradioreflejos.com.ar\/2021\/brindaran-una-capacitacion-sobre-educacion-financiera-este-jueves-en-saldungaray\/#primaryimage"},"thumbnailUrl":"https:\/\/live.staticflickr.com\/65535\/53923267244_521272b4f0_o.jpg","datePublished":"2024-08-14T17:07:56+00:00","author":{"@id":"https:\/\/www.noticiasradioreflejos.com.ar\/2021\/#\/schema\/person\/ad82545263dcc5ec0996818884fd5fb1"},"breadcrumb":{"@id":"https:\/\/www.noticiasradioreflejos.com.ar\/2021\/brindaran-una-capacitacion-sobre-educacion-financiera-este-jueves-en-saldungaray\/#breadcrumb"},"inLanguage":"es","potentialAction":[{"@type":"ReadAction","target":["https:\/\/www.noticiasradioreflejos.com.ar\/2021\/brindaran-una-capacitacion-sobre-educacion-financiera-este-jueves-en-saldungaray\/"]}]},{"@type":"ImageObject","inLanguage":"es","@id":"https:\/\/www.noticiasradioreflejos.com.ar\/2021\/brindaran-una-capacitacion-sobre-educacion-financiera-este-jueves-en-saldungaray\/#primaryimage","url":"https:\/\/live.staticflickr.com\/65535\/53923267244_521272b4f0_o.jpg","contentUrl":"https:\/\/live.staticflickr.com\/65535\/53923267244_521272b4f0_o.jpg"},{"@type":"BreadcrumbList","@id":"https:\/\/www.noticiasradioreflejos.com.ar\/2021\/brindaran-una-capacitacion-sobre-educacion-financiera-este-jueves-en-saldungaray\/#breadcrumb","itemListElement":[{"@type":"ListItem","position":1,"name":"Portada","item":"https:\/\/www.noticiasradioreflejos.com.ar\/2021\/"},{"@type":"ListItem","position":2,"name":"Brindar\u00e1n una capacitaci\u00f3n sobre educaci\u00f3n financiera este jueves en Saldungaray"}]},{"@type":"WebSite","@id":"https:\/\/www.noticiasradioreflejos.com.ar\/2021\/#website","url":"https:\/\/www.noticiasradioreflejos.com.ar\/2021\/","name":"Noticias Radio Reflejos","description":"Las noticias de mi comarca","potentialAction":[{"@type":"SearchAction","target":{"@type":"EntryPoint","urlTemplate":"https:\/\/www.noticiasradioreflejos.com.ar\/2021\/?s={search_term_string}"},"query-input":{"@type":"PropertyValueSpecification","valueRequired":true,"valueName":"search_term_string"}}],"inLanguage":"es"},{"@type":"Person","@id":"https:\/\/www.noticiasradioreflejos.com.ar\/2021\/#\/schema\/person\/ad82545263dcc5ec0996818884fd5fb1","name":"Arnaldo Botto","image":{"@type":"ImageObject","inLanguage":"es","@id":"https:\/\/www.noticiasradioreflejos.com.ar\/2021\/#\/schema\/person\/image\/","url":"https:\/\/secure.gravatar.com\/avatar\/55cb5e37c1efa326397366e6974cb338056df65cb50e7d64d1cf314e87504837?s=96&d=mm&r=g","contentUrl":"https:\/\/secure.gravatar.com\/avatar\/55cb5e37c1efa326397366e6974cb338056df65cb50e7d64d1cf314e87504837?s=96&d=mm&r=g","caption":"Arnaldo Botto"},"url":"https:\/\/www.noticiasradioreflejos.com.ar\/2021\/author\/arnaldo\/"}]}},"_links":{"self":[{"href":"https:\/\/www.noticiasradioreflejos.com.ar\/2021\/wp-json\/wp\/v2\/posts\/106237","targetHints":{"allow":["GET"]}}],"collection":[{"href":"https:\/\/www.noticiasradioreflejos.com.ar\/2021\/wp-json\/wp\/v2\/posts"}],"about":[{"href":"https:\/\/www.noticiasradioreflejos.com.ar\/2021\/wp-json\/wp\/v2\/types\/post"}],"author":[{"embeddable":true,"href":"https:\/\/www.noticiasradioreflejos.com.ar\/2021\/wp-json\/wp\/v2\/users\/3"}],"replies":[{"embeddable":true,"href":"https:\/\/www.noticiasradioreflejos.com.ar\/2021\/wp-json\/wp\/v2\/comments?post=106237"}],"version-history":[{"count":1,"href":"https:\/\/www.noticiasradioreflejos.com.ar\/2021\/wp-json\/wp\/v2\/posts\/106237\/revisions"}],"predecessor-version":[{"id":106239,"href":"https:\/\/www.noticiasradioreflejos.com.ar\/2021\/wp-json\/wp\/v2\/posts\/106237\/revisions\/106239"}],"wp:attachment":[{"href":"https:\/\/www.noticiasradioreflejos.com.ar\/2021\/wp-json\/wp\/v2\/media?parent=106237"}],"wp:term":[{"taxonomy":"category","embeddable":true,"href":"https:\/\/www.noticiasradioreflejos.com.ar\/2021\/wp-json\/wp\/v2\/categories?post=106237"},{"taxonomy":"post_tag","embeddable":true,"href":"https:\/\/www.noticiasradioreflejos.com.ar\/2021\/wp-json\/wp\/v2\/tags?post=106237"}],"curies":[{"name":"wp","href":"https:\/\/api.w.org\/{rel}","templated":true}]}}