{"id":106182,"date":"2024-08-13T08:34:59","date_gmt":"2024-08-13T11:34:59","guid":{"rendered":"https:\/\/www.noticiasradioreflejos.com.ar\/2021\/?p=106182"},"modified":"2024-08-13T08:34:59","modified_gmt":"2024-08-13T11:34:59","slug":"martes-13-por-que-se-lo-asocia-a-un-dia-de-mala-suerte","status":"publish","type":"post","link":"https:\/\/www.noticiasradioreflejos.com.ar\/2021\/martes-13-por-que-se-lo-asocia-a-un-dia-de-mala-suerte\/","title":{"rendered":"Martes 13: \u00bfpor qu\u00e9 se lo asocia a un d\u00eda de mala suerte?"},"content":{"rendered":"<p>A lo largo de los siglos se han tejido diversas teor\u00edas que intentan explicar su origen.<!--more--><\/p>\n<div class=\"columns\" data-tadevel-template=\"web\/article-columns\">\n<div class=\"column-main\">\n<div class=\"article-body\" data-tadevel-template=\"web\/article-body\">\n<div class=\"article-body-content\">\n<p>La superstici\u00f3n del\u00a0<strong>martes 13<\/strong>,\u00a0asoci\u00e1ndolo con la\u00a0<strong>mala suerte<\/strong>, es una creencia arraigada en muchas culturas, especialmente en pa\u00edses de habla hispana.<\/p>\n<p>Aunque no existe una explicaci\u00f3n cient\u00edfica para esta creencia, a lo largo de los siglos se han tejido diversas teor\u00edas que intentan explicar su origen.<\/p>\n<h3>Principales razones por las que se considera al martes 13 de mala suerte<\/h3>\n<ul>\n<li>Influencia romana: El martes est\u00e1 asociado al dios romano Marte, dios de la guerra y la violencia. Esta conexi\u00f3n con la violencia y el conflicto pudo haber contribuido a la percepci\u00f3n negativa asociada a este d\u00eda.<\/li>\n<li>N\u00famero 13: El n\u00famero 13 ha sido considerado un n\u00famero de mala suerte en muchas culturas desde la antig\u00fcedad. Se han propuesto diversas razones para esta fobia, como la \u00daltima Cena, donde estaban presentes 13 comensales antes de la traici\u00f3n de Judas.<\/li>\n<li>Fusi\u00f3n de creencias: Con el paso del tiempo, estas creencias se fusionaron y se asoci\u00f3 el d\u00eda martes, relacionado con la violencia, con el n\u00famero 13, considerado de mala suerte, dando origen a la superstici\u00f3n del martes 13.<\/li>\n<li>Efecto psicol\u00f3gico: La creencia en la mala suerte puede generar un efecto psicol\u00f3gico conocido como \u00abprofec\u00eda autocumplida\u00bb. Si alguien cree que algo malo va a suceder en un martes 13, es m\u00e1s probable que interprete cualquier evento negativo como una confirmaci\u00f3n de esa creencia.<\/li>\n<li>Viernes 13: Aunque menos com\u00fan en la cultura hispana, el viernes 13 tambi\u00e9n es considerado de mala suerte en muchos pa\u00edses. Se relaciona con la crucifixi\u00f3n de Jes\u00fas, que seg\u00fan la tradici\u00f3n ocurri\u00f3 un viernes.<\/li>\n<li>Refranes y supersticiones: Existen numerosos refranes y supersticiones asociados al martes 13, como \u00abEn martes 13, ni te cases ni te embarques\u00bb. Estos refranes han contribuido a perpetuar la creencia a lo largo de los siglos.<\/li>\n<li>Cultura popular: La superstici\u00f3n del martes 13 ha sido explotada en pel\u00edculas, libros y otros medios de comunicaci\u00f3n, lo que ha contribuido a popularizarla a\u00fan m\u00e1s.<\/li>\n<\/ul>\n<\/div>\n<\/div>\n<\/div>\n<\/div>\n<p>&nbsp;<\/p>\n<p>&nbsp;<\/p>\n<p><em><strong>Fuente NA<\/strong><\/em><\/p>\n","protected":false},"excerpt":{"rendered":"<p>A lo largo de los siglos se han tejido diversas teor\u00edas que intentan explicar su origen.<\/p>\n","protected":false},"author":3,"featured_media":106183,"comment_status":"closed","ping_status":"closed","sticky":false,"template":"","format":"standard","meta":{"footnotes":""},"categories":[26],"tags":[],"class_list":["post-106182","post","type-post","status-publish","format-standard","has-post-thumbnail","hentry","category-sociedad"],"yoast_head":"<!-- This site is optimized with the Yoast SEO plugin v25.9 - https:\/\/yoast.com\/wordpress\/plugins\/seo\/ -->\n<title>Martes 13: \u00bfpor qu\u00e9 se lo asocia a un d\u00eda de mala suerte? - Noticias Radio Reflejos<\/title>\n<meta name=\"robots\" content=\"index, follow, max-snippet:-1, max-image-preview:large, max-video-preview:-1\" \/>\n<link rel=\"canonical\" href=\"https:\/\/www.noticiasradioreflejos.com.ar\/2021\/martes-13-por-que-se-lo-asocia-a-un-dia-de-mala-suerte\/\" \/>\n<meta property=\"og:locale\" content=\"es_ES\" \/>\n<meta property=\"og:type\" content=\"article\" \/>\n<meta property=\"og:title\" content=\"Martes 13: \u00bfpor qu\u00e9 se lo asocia a un d\u00eda de mala suerte? - Noticias Radio Reflejos\" \/>\n<meta property=\"og:description\" content=\"A lo largo de los siglos se han tejido diversas teor\u00edas que intentan explicar su origen.\" \/>\n<meta property=\"og:url\" content=\"https:\/\/www.noticiasradioreflejos.com.ar\/2021\/martes-13-por-que-se-lo-asocia-a-un-dia-de-mala-suerte\/\" \/>\n<meta property=\"og:site_name\" content=\"Noticias Radio Reflejos\" \/>\n<meta property=\"article:published_time\" content=\"2024-08-13T11:34:59+00:00\" \/>\n<meta property=\"og:image\" content=\"https:\/\/www.noticiasradioreflejos.com.ar\/2021\/wp-content\/uploads\/2024\/08\/malasuerte-martes-13.jpg\" \/>\n\t<meta property=\"og:image:width\" content=\"960\" \/>\n\t<meta property=\"og:image:height\" content=\"640\" \/>\n\t<meta property=\"og:image:type\" content=\"image\/jpeg\" \/>\n<meta name=\"author\" content=\"Arnaldo Botto\" \/>\n<meta name=\"twitter:card\" content=\"summary_large_image\" \/>\n<script type=\"application\/ld+json\" class=\"yoast-schema-graph\">{\"@context\":\"https:\/\/schema.org\",\"@graph\":[{\"@type\":\"WebPage\",\"@id\":\"https:\/\/www.noticiasradioreflejos.com.ar\/2021\/martes-13-por-que-se-lo-asocia-a-un-dia-de-mala-suerte\/\",\"url\":\"https:\/\/www.noticiasradioreflejos.com.ar\/2021\/martes-13-por-que-se-lo-asocia-a-un-dia-de-mala-suerte\/\",\"name\":\"Martes 13: \u00bfpor qu\u00e9 se lo asocia a un d\u00eda de mala suerte? - Noticias Radio Reflejos\",\"isPartOf\":{\"@id\":\"https:\/\/www.noticiasradioreflejos.com.ar\/2021\/#website\"},\"primaryImageOfPage\":{\"@id\":\"https:\/\/www.noticiasradioreflejos.com.ar\/2021\/martes-13-por-que-se-lo-asocia-a-un-dia-de-mala-suerte\/#primaryimage\"},\"image\":{\"@id\":\"https:\/\/www.noticiasradioreflejos.com.ar\/2021\/martes-13-por-que-se-lo-asocia-a-un-dia-de-mala-suerte\/#primaryimage\"},\"thumbnailUrl\":\"https:\/\/www.noticiasradioreflejos.com.ar\/2021\/wp-content\/uploads\/2024\/08\/malasuerte-martes-13.jpg\",\"datePublished\":\"2024-08-13T11:34:59+00:00\",\"author\":{\"@id\":\"https:\/\/www.noticiasradioreflejos.com.ar\/2021\/#\/schema\/person\/ad82545263dcc5ec0996818884fd5fb1\"},\"breadcrumb\":{\"@id\":\"https:\/\/www.noticiasradioreflejos.com.ar\/2021\/martes-13-por-que-se-lo-asocia-a-un-dia-de-mala-suerte\/#breadcrumb\"},\"inLanguage\":\"es\",\"potentialAction\":[{\"@type\":\"ReadAction\",\"target\":[\"https:\/\/www.noticiasradioreflejos.com.ar\/2021\/martes-13-por-que-se-lo-asocia-a-un-dia-de-mala-suerte\/\"]}]},{\"@type\":\"ImageObject\",\"inLanguage\":\"es\",\"@id\":\"https:\/\/www.noticiasradioreflejos.com.ar\/2021\/martes-13-por-que-se-lo-asocia-a-un-dia-de-mala-suerte\/#primaryimage\",\"url\":\"https:\/\/www.noticiasradioreflejos.com.ar\/2021\/wp-content\/uploads\/2024\/08\/malasuerte-martes-13.jpg\",\"contentUrl\":\"https:\/\/www.noticiasradioreflejos.com.ar\/2021\/wp-content\/uploads\/2024\/08\/malasuerte-martes-13.jpg\",\"width\":960,\"height\":640},{\"@type\":\"BreadcrumbList\",\"@id\":\"https:\/\/www.noticiasradioreflejos.com.ar\/2021\/martes-13-por-que-se-lo-asocia-a-un-dia-de-mala-suerte\/#breadcrumb\",\"itemListElement\":[{\"@type\":\"ListItem\",\"position\":1,\"name\":\"Portada\",\"item\":\"https:\/\/www.noticiasradioreflejos.com.ar\/2021\/\"},{\"@type\":\"ListItem\",\"position\":2,\"name\":\"Martes 13: \u00bfpor qu\u00e9 se lo asocia a un d\u00eda de mala suerte?\"}]},{\"@type\":\"WebSite\",\"@id\":\"https:\/\/www.noticiasradioreflejos.com.ar\/2021\/#website\",\"url\":\"https:\/\/www.noticiasradioreflejos.com.ar\/2021\/\",\"name\":\"Noticias Radio Reflejos\",\"description\":\"Las noticias de mi comarca\",\"potentialAction\":[{\"@type\":\"SearchAction\",\"target\":{\"@type\":\"EntryPoint\",\"urlTemplate\":\"https:\/\/www.noticiasradioreflejos.com.ar\/2021\/?s={search_term_string}\"},\"query-input\":{\"@type\":\"PropertyValueSpecification\",\"valueRequired\":true,\"valueName\":\"search_term_string\"}}],\"inLanguage\":\"es\"},{\"@type\":\"Person\",\"@id\":\"https:\/\/www.noticiasradioreflejos.com.ar\/2021\/#\/schema\/person\/ad82545263dcc5ec0996818884fd5fb1\",\"name\":\"Arnaldo Botto\",\"image\":{\"@type\":\"ImageObject\",\"inLanguage\":\"es\",\"@id\":\"https:\/\/www.noticiasradioreflejos.com.ar\/2021\/#\/schema\/person\/image\/\",\"url\":\"https:\/\/secure.gravatar.com\/avatar\/55cb5e37c1efa326397366e6974cb338056df65cb50e7d64d1cf314e87504837?s=96&d=mm&r=g\",\"contentUrl\":\"https:\/\/secure.gravatar.com\/avatar\/55cb5e37c1efa326397366e6974cb338056df65cb50e7d64d1cf314e87504837?s=96&d=mm&r=g\",\"caption\":\"Arnaldo Botto\"},\"url\":\"https:\/\/www.noticiasradioreflejos.com.ar\/2021\/author\/arnaldo\/\"}]}<\/script>\n<!-- \/ Yoast SEO plugin. -->","yoast_head_json":{"title":"Martes 13: \u00bfpor qu\u00e9 se lo asocia a un d\u00eda de mala suerte? - Noticias Radio Reflejos","robots":{"index":"index","follow":"follow","max-snippet":"max-snippet:-1","max-image-preview":"max-image-preview:large","max-video-preview":"max-video-preview:-1"},"canonical":"https:\/\/www.noticiasradioreflejos.com.ar\/2021\/martes-13-por-que-se-lo-asocia-a-un-dia-de-mala-suerte\/","og_locale":"es_ES","og_type":"article","og_title":"Martes 13: \u00bfpor qu\u00e9 se lo asocia a un d\u00eda de mala suerte? - Noticias Radio Reflejos","og_description":"A lo largo de los siglos se han tejido diversas teor\u00edas que intentan explicar su origen.","og_url":"https:\/\/www.noticiasradioreflejos.com.ar\/2021\/martes-13-por-que-se-lo-asocia-a-un-dia-de-mala-suerte\/","og_site_name":"Noticias Radio Reflejos","article_published_time":"2024-08-13T11:34:59+00:00","og_image":[{"width":960,"height":640,"url":"https:\/\/www.noticiasradioreflejos.com.ar\/2021\/wp-content\/uploads\/2024\/08\/malasuerte-martes-13.jpg","type":"image\/jpeg"}],"author":"Arnaldo Botto","twitter_card":"summary_large_image","schema":{"@context":"https:\/\/schema.org","@graph":[{"@type":"WebPage","@id":"https:\/\/www.noticiasradioreflejos.com.ar\/2021\/martes-13-por-que-se-lo-asocia-a-un-dia-de-mala-suerte\/","url":"https:\/\/www.noticiasradioreflejos.com.ar\/2021\/martes-13-por-que-se-lo-asocia-a-un-dia-de-mala-suerte\/","name":"Martes 13: \u00bfpor qu\u00e9 se lo asocia a un d\u00eda de mala suerte? - Noticias Radio Reflejos","isPartOf":{"@id":"https:\/\/www.noticiasradioreflejos.com.ar\/2021\/#website"},"primaryImageOfPage":{"@id":"https:\/\/www.noticiasradioreflejos.com.ar\/2021\/martes-13-por-que-se-lo-asocia-a-un-dia-de-mala-suerte\/#primaryimage"},"image":{"@id":"https:\/\/www.noticiasradioreflejos.com.ar\/2021\/martes-13-por-que-se-lo-asocia-a-un-dia-de-mala-suerte\/#primaryimage"},"thumbnailUrl":"https:\/\/www.noticiasradioreflejos.com.ar\/2021\/wp-content\/uploads\/2024\/08\/malasuerte-martes-13.jpg","datePublished":"2024-08-13T11:34:59+00:00","author":{"@id":"https:\/\/www.noticiasradioreflejos.com.ar\/2021\/#\/schema\/person\/ad82545263dcc5ec0996818884fd5fb1"},"breadcrumb":{"@id":"https:\/\/www.noticiasradioreflejos.com.ar\/2021\/martes-13-por-que-se-lo-asocia-a-un-dia-de-mala-suerte\/#breadcrumb"},"inLanguage":"es","potentialAction":[{"@type":"ReadAction","target":["https:\/\/www.noticiasradioreflejos.com.ar\/2021\/martes-13-por-que-se-lo-asocia-a-un-dia-de-mala-suerte\/"]}]},{"@type":"ImageObject","inLanguage":"es","@id":"https:\/\/www.noticiasradioreflejos.com.ar\/2021\/martes-13-por-que-se-lo-asocia-a-un-dia-de-mala-suerte\/#primaryimage","url":"https:\/\/www.noticiasradioreflejos.com.ar\/2021\/wp-content\/uploads\/2024\/08\/malasuerte-martes-13.jpg","contentUrl":"https:\/\/www.noticiasradioreflejos.com.ar\/2021\/wp-content\/uploads\/2024\/08\/malasuerte-martes-13.jpg","width":960,"height":640},{"@type":"BreadcrumbList","@id":"https:\/\/www.noticiasradioreflejos.com.ar\/2021\/martes-13-por-que-se-lo-asocia-a-un-dia-de-mala-suerte\/#breadcrumb","itemListElement":[{"@type":"ListItem","position":1,"name":"Portada","item":"https:\/\/www.noticiasradioreflejos.com.ar\/2021\/"},{"@type":"ListItem","position":2,"name":"Martes 13: \u00bfpor qu\u00e9 se lo asocia a un d\u00eda de mala suerte?"}]},{"@type":"WebSite","@id":"https:\/\/www.noticiasradioreflejos.com.ar\/2021\/#website","url":"https:\/\/www.noticiasradioreflejos.com.ar\/2021\/","name":"Noticias Radio Reflejos","description":"Las noticias de mi comarca","potentialAction":[{"@type":"SearchAction","target":{"@type":"EntryPoint","urlTemplate":"https:\/\/www.noticiasradioreflejos.com.ar\/2021\/?s={search_term_string}"},"query-input":{"@type":"PropertyValueSpecification","valueRequired":true,"valueName":"search_term_string"}}],"inLanguage":"es"},{"@type":"Person","@id":"https:\/\/www.noticiasradioreflejos.com.ar\/2021\/#\/schema\/person\/ad82545263dcc5ec0996818884fd5fb1","name":"Arnaldo Botto","image":{"@type":"ImageObject","inLanguage":"es","@id":"https:\/\/www.noticiasradioreflejos.com.ar\/2021\/#\/schema\/person\/image\/","url":"https:\/\/secure.gravatar.com\/avatar\/55cb5e37c1efa326397366e6974cb338056df65cb50e7d64d1cf314e87504837?s=96&d=mm&r=g","contentUrl":"https:\/\/secure.gravatar.com\/avatar\/55cb5e37c1efa326397366e6974cb338056df65cb50e7d64d1cf314e87504837?s=96&d=mm&r=g","caption":"Arnaldo Botto"},"url":"https:\/\/www.noticiasradioreflejos.com.ar\/2021\/author\/arnaldo\/"}]}},"_links":{"self":[{"href":"https:\/\/www.noticiasradioreflejos.com.ar\/2021\/wp-json\/wp\/v2\/posts\/106182","targetHints":{"allow":["GET"]}}],"collection":[{"href":"https:\/\/www.noticiasradioreflejos.com.ar\/2021\/wp-json\/wp\/v2\/posts"}],"about":[{"href":"https:\/\/www.noticiasradioreflejos.com.ar\/2021\/wp-json\/wp\/v2\/types\/post"}],"author":[{"embeddable":true,"href":"https:\/\/www.noticiasradioreflejos.com.ar\/2021\/wp-json\/wp\/v2\/users\/3"}],"replies":[{"embeddable":true,"href":"https:\/\/www.noticiasradioreflejos.com.ar\/2021\/wp-json\/wp\/v2\/comments?post=106182"}],"version-history":[{"count":1,"href":"https:\/\/www.noticiasradioreflejos.com.ar\/2021\/wp-json\/wp\/v2\/posts\/106182\/revisions"}],"predecessor-version":[{"id":106184,"href":"https:\/\/www.noticiasradioreflejos.com.ar\/2021\/wp-json\/wp\/v2\/posts\/106182\/revisions\/106184"}],"wp:featuredmedia":[{"embeddable":true,"href":"https:\/\/www.noticiasradioreflejos.com.ar\/2021\/wp-json\/wp\/v2\/media\/106183"}],"wp:attachment":[{"href":"https:\/\/www.noticiasradioreflejos.com.ar\/2021\/wp-json\/wp\/v2\/media?parent=106182"}],"wp:term":[{"taxonomy":"category","embeddable":true,"href":"https:\/\/www.noticiasradioreflejos.com.ar\/2021\/wp-json\/wp\/v2\/categories?post=106182"},{"taxonomy":"post_tag","embeddable":true,"href":"https:\/\/www.noticiasradioreflejos.com.ar\/2021\/wp-json\/wp\/v2\/tags?post=106182"}],"curies":[{"name":"wp","href":"https:\/\/api.w.org\/{rel}","templated":true}]}}