{"id":106179,"date":"2024-08-13T08:19:32","date_gmt":"2024-08-13T11:19:32","guid":{"rendered":"https:\/\/www.noticiasradioreflejos.com.ar\/2021\/?p=106179"},"modified":"2024-08-13T08:19:32","modified_gmt":"2024-08-13T11:19:32","slug":"pringles-cayo-policia-por-traficar-imagenes-de-menores-con-contenido-sexual","status":"publish","type":"post","link":"https:\/\/www.noticiasradioreflejos.com.ar\/2021\/pringles-cayo-policia-por-traficar-imagenes-de-menores-con-contenido-sexual\/","title":{"rendered":"Pringles: cay\u00f3 polic\u00eda por traficar im\u00e1genes de menores con contenido sexual"},"content":{"rendered":"<header id=\"mvp-post-head\" class=\"left relative\">Se trata de Nuncio Ezequiel Mu\u00f1oz. Se desempe\u00f1a en la Patrulla Rural. Al momento del arresto estaba de guardia en la comisar\u00eda.<\/p>\n<\/header>\n<p><!--more--><\/p>\n<div class=\"mvp-post-main-out left relative\">\n<div class=\"mvp-post-main-in\">\n<div id=\"mvp-post-content\" class=\"left relative\">\n<div id=\"mvp-post-feat-img\" class=\"left relative mvp-post-feat-img-wide2\"><img loading=\"lazy\" decoding=\"async\" class=\"attachment- size- wp-post-image\" src=\"https:\/\/www.labrujula24.com\/wp-content\/uploads\/2024\/08\/polirural.jpg\" sizes=\"auto, (max-width: 1083px) 100vw, 1083px\" srcset=\"https:\/\/www.labrujula24.com\/wp-content\/uploads\/2024\/08\/polirural.jpg 1083w, https:\/\/www.labrujula24.com\/wp-content\/uploads\/2024\/08\/polirural-768x411.jpg 768w\" alt=\"\" width=\"1083\" height=\"579\" \/><\/div>\n<div id=\"mvp-content-wrap\" class=\"left relative\">\n<div class=\"mvp-post-soc-out right relative\">\n<div class=\"mvp-post-soc-in\">\n<div id=\"mvp-content-body\" class=\"left relative\">\n<div id=\"mvp-content-body-top\" class=\"left relative\">\n<div id=\"mvp-content-main\" class=\"left relative\">\n<div id=\"mow-display-general-726262575226975\">\n<div id=\"mow-dsb-641552116422042\">\n<div data-mow_video=\"ar-mmdll00ob47\" data-mow_init=\"true\">\n<div id=\"mar-mmdll00ob47-971809647903235\" class=\"mowplayer mowplayer-container mowplayer23-theme-dark\" data-ar_header_title_desktop=\"Escuchar el art\u00edculo dando click al reproductor:\" data-ar_header_title_mobile=\"Escuchar el art\u00edculo:\">\n<div class=\"mow mow__playlist-wrapper mow-wait_play mow-hide-controls mow-type_audio mow-provider_html5 mow__playlist_type_audio mow-ui_enabled mow__theme_light mw-script mow__layout-audio_slim mow-paused mow-stopped mow_audio_reader mw_size_300\">\n<div class=\"mow__contextmenu\">\n<div class=\"mow__contextmenu-item\"><\/div>\n<\/div>\n<\/div>\n<\/div>\n<\/div>\n<\/div>\n<\/div>\n<div id=\"textbody\">\n<p>El polic\u00eda Nuncio Ezequiel Mu\u00f1oz fue detenido en las \u00faltimas horas en Coronel Pringles en el marco de una larga investigaci\u00f3n por el delito de \u201cproducci\u00f3n y comercializaci\u00f3n de representaci\u00f3n de menores de 18 a\u00f1os dedicados a actividades sexuales\u201d.<\/p>\n<p>El arresto de Mu\u00f1oz (vive en Bah\u00eda Blanca y desempe\u00f1a tareas en la Polic\u00eda Rural de la vecina localidad) fue firmada por el Juez de Garant\u00edas N\u00ba 2, doctor Guillermo M\u00e9rcuri.<\/p>\n<p>Fuentes consultadas por la redacci\u00f3n de\u00a0<strong>LA BR\u00daJULA 24<\/strong>\u00a0afirmaron que la investigaci\u00f3n en el marco de la causa por pornograf\u00eda infantil data de hace varias semanas y que la Polic\u00eda Federal captur\u00f3 al sargento durante su guardia en sede de la comisar\u00eda.<\/p>\n<\/div>\n<\/div>\n<\/div>\n<\/div>\n<\/div>\n<\/div>\n<\/div>\n<\/div>\n<\/div>\n<\/div>\n","protected":false},"excerpt":{"rendered":"<p>Se trata de Nuncio Ezequiel Mu\u00f1oz. Se desempe\u00f1a en la Patrulla Rural. Al momento del arresto estaba de guardia en la comisar\u00eda.<\/p>\n","protected":false},"author":3,"featured_media":106180,"comment_status":"closed","ping_status":"closed","sticky":false,"template":"","format":"standard","meta":{"footnotes":""},"categories":[29],"tags":[48],"class_list":["post-106179","post","type-post","status-publish","format-standard","has-post-thumbnail","hentry","category-policiales","tag-destacada"],"yoast_head":"<!-- This site is optimized with the Yoast SEO plugin v25.9 - https:\/\/yoast.com\/wordpress\/plugins\/seo\/ -->\n<title>Pringles: cay\u00f3 polic\u00eda por traficar im\u00e1genes de menores con contenido sexual - Noticias Radio Reflejos<\/title>\n<meta name=\"robots\" content=\"index, follow, max-snippet:-1, max-image-preview:large, max-video-preview:-1\" \/>\n<link rel=\"canonical\" href=\"https:\/\/www.noticiasradioreflejos.com.ar\/2021\/pringles-cayo-policia-por-traficar-imagenes-de-menores-con-contenido-sexual\/\" \/>\n<meta property=\"og:locale\" content=\"es_ES\" \/>\n<meta property=\"og:type\" content=\"article\" \/>\n<meta property=\"og:title\" content=\"Pringles: cay\u00f3 polic\u00eda por traficar im\u00e1genes de menores con contenido sexual - Noticias Radio Reflejos\" \/>\n<meta property=\"og:description\" content=\"Se trata de Nuncio Ezequiel Mu\u00f1oz. Se desempe\u00f1a en la Patrulla Rural. Al momento del arresto estaba de guardia en la comisar\u00eda.\" \/>\n<meta property=\"og:url\" content=\"https:\/\/www.noticiasradioreflejos.com.ar\/2021\/pringles-cayo-policia-por-traficar-imagenes-de-menores-con-contenido-sexual\/\" \/>\n<meta property=\"og:site_name\" content=\"Noticias Radio Reflejos\" \/>\n<meta property=\"article:published_time\" content=\"2024-08-13T11:19:32+00:00\" \/>\n<meta property=\"og:image\" content=\"https:\/\/www.noticiasradioreflejos.com.ar\/2021\/wp-content\/uploads\/2024\/08\/polirural.jpg\" \/>\n\t<meta property=\"og:image:width\" content=\"1083\" \/>\n\t<meta property=\"og:image:height\" content=\"579\" \/>\n\t<meta property=\"og:image:type\" content=\"image\/jpeg\" \/>\n<meta name=\"author\" content=\"Arnaldo Botto\" \/>\n<meta name=\"twitter:card\" content=\"summary_large_image\" \/>\n<script type=\"application\/ld+json\" class=\"yoast-schema-graph\">{\"@context\":\"https:\/\/schema.org\",\"@graph\":[{\"@type\":\"WebPage\",\"@id\":\"https:\/\/www.noticiasradioreflejos.com.ar\/2021\/pringles-cayo-policia-por-traficar-imagenes-de-menores-con-contenido-sexual\/\",\"url\":\"https:\/\/www.noticiasradioreflejos.com.ar\/2021\/pringles-cayo-policia-por-traficar-imagenes-de-menores-con-contenido-sexual\/\",\"name\":\"Pringles: cay\u00f3 polic\u00eda por traficar im\u00e1genes de menores con contenido sexual - Noticias Radio Reflejos\",\"isPartOf\":{\"@id\":\"https:\/\/www.noticiasradioreflejos.com.ar\/2021\/#website\"},\"primaryImageOfPage\":{\"@id\":\"https:\/\/www.noticiasradioreflejos.com.ar\/2021\/pringles-cayo-policia-por-traficar-imagenes-de-menores-con-contenido-sexual\/#primaryimage\"},\"image\":{\"@id\":\"https:\/\/www.noticiasradioreflejos.com.ar\/2021\/pringles-cayo-policia-por-traficar-imagenes-de-menores-con-contenido-sexual\/#primaryimage\"},\"thumbnailUrl\":\"https:\/\/www.noticiasradioreflejos.com.ar\/2021\/wp-content\/uploads\/2024\/08\/polirural.jpg\",\"datePublished\":\"2024-08-13T11:19:32+00:00\",\"author\":{\"@id\":\"https:\/\/www.noticiasradioreflejos.com.ar\/2021\/#\/schema\/person\/ad82545263dcc5ec0996818884fd5fb1\"},\"breadcrumb\":{\"@id\":\"https:\/\/www.noticiasradioreflejos.com.ar\/2021\/pringles-cayo-policia-por-traficar-imagenes-de-menores-con-contenido-sexual\/#breadcrumb\"},\"inLanguage\":\"es\",\"potentialAction\":[{\"@type\":\"ReadAction\",\"target\":[\"https:\/\/www.noticiasradioreflejos.com.ar\/2021\/pringles-cayo-policia-por-traficar-imagenes-de-menores-con-contenido-sexual\/\"]}]},{\"@type\":\"ImageObject\",\"inLanguage\":\"es\",\"@id\":\"https:\/\/www.noticiasradioreflejos.com.ar\/2021\/pringles-cayo-policia-por-traficar-imagenes-de-menores-con-contenido-sexual\/#primaryimage\",\"url\":\"https:\/\/www.noticiasradioreflejos.com.ar\/2021\/wp-content\/uploads\/2024\/08\/polirural.jpg\",\"contentUrl\":\"https:\/\/www.noticiasradioreflejos.com.ar\/2021\/wp-content\/uploads\/2024\/08\/polirural.jpg\",\"width\":1083,\"height\":579},{\"@type\":\"BreadcrumbList\",\"@id\":\"https:\/\/www.noticiasradioreflejos.com.ar\/2021\/pringles-cayo-policia-por-traficar-imagenes-de-menores-con-contenido-sexual\/#breadcrumb\",\"itemListElement\":[{\"@type\":\"ListItem\",\"position\":1,\"name\":\"Portada\",\"item\":\"https:\/\/www.noticiasradioreflejos.com.ar\/2021\/\"},{\"@type\":\"ListItem\",\"position\":2,\"name\":\"Pringles: cay\u00f3 polic\u00eda por traficar im\u00e1genes de menores con contenido sexual\"}]},{\"@type\":\"WebSite\",\"@id\":\"https:\/\/www.noticiasradioreflejos.com.ar\/2021\/#website\",\"url\":\"https:\/\/www.noticiasradioreflejos.com.ar\/2021\/\",\"name\":\"Noticias Radio Reflejos\",\"description\":\"Las noticias de mi comarca\",\"potentialAction\":[{\"@type\":\"SearchAction\",\"target\":{\"@type\":\"EntryPoint\",\"urlTemplate\":\"https:\/\/www.noticiasradioreflejos.com.ar\/2021\/?s={search_term_string}\"},\"query-input\":{\"@type\":\"PropertyValueSpecification\",\"valueRequired\":true,\"valueName\":\"search_term_string\"}}],\"inLanguage\":\"es\"},{\"@type\":\"Person\",\"@id\":\"https:\/\/www.noticiasradioreflejos.com.ar\/2021\/#\/schema\/person\/ad82545263dcc5ec0996818884fd5fb1\",\"name\":\"Arnaldo Botto\",\"image\":{\"@type\":\"ImageObject\",\"inLanguage\":\"es\",\"@id\":\"https:\/\/www.noticiasradioreflejos.com.ar\/2021\/#\/schema\/person\/image\/\",\"url\":\"https:\/\/secure.gravatar.com\/avatar\/55cb5e37c1efa326397366e6974cb338056df65cb50e7d64d1cf314e87504837?s=96&d=mm&r=g\",\"contentUrl\":\"https:\/\/secure.gravatar.com\/avatar\/55cb5e37c1efa326397366e6974cb338056df65cb50e7d64d1cf314e87504837?s=96&d=mm&r=g\",\"caption\":\"Arnaldo Botto\"},\"url\":\"https:\/\/www.noticiasradioreflejos.com.ar\/2021\/author\/arnaldo\/\"}]}<\/script>\n<!-- \/ Yoast SEO plugin. -->","yoast_head_json":{"title":"Pringles: cay\u00f3 polic\u00eda por traficar im\u00e1genes de menores con contenido sexual - Noticias Radio Reflejos","robots":{"index":"index","follow":"follow","max-snippet":"max-snippet:-1","max-image-preview":"max-image-preview:large","max-video-preview":"max-video-preview:-1"},"canonical":"https:\/\/www.noticiasradioreflejos.com.ar\/2021\/pringles-cayo-policia-por-traficar-imagenes-de-menores-con-contenido-sexual\/","og_locale":"es_ES","og_type":"article","og_title":"Pringles: cay\u00f3 polic\u00eda por traficar im\u00e1genes de menores con contenido sexual - Noticias Radio Reflejos","og_description":"Se trata de Nuncio Ezequiel Mu\u00f1oz. Se desempe\u00f1a en la Patrulla Rural. Al momento del arresto estaba de guardia en la comisar\u00eda.","og_url":"https:\/\/www.noticiasradioreflejos.com.ar\/2021\/pringles-cayo-policia-por-traficar-imagenes-de-menores-con-contenido-sexual\/","og_site_name":"Noticias Radio Reflejos","article_published_time":"2024-08-13T11:19:32+00:00","og_image":[{"width":1083,"height":579,"url":"https:\/\/www.noticiasradioreflejos.com.ar\/2021\/wp-content\/uploads\/2024\/08\/polirural.jpg","type":"image\/jpeg"}],"author":"Arnaldo Botto","twitter_card":"summary_large_image","schema":{"@context":"https:\/\/schema.org","@graph":[{"@type":"WebPage","@id":"https:\/\/www.noticiasradioreflejos.com.ar\/2021\/pringles-cayo-policia-por-traficar-imagenes-de-menores-con-contenido-sexual\/","url":"https:\/\/www.noticiasradioreflejos.com.ar\/2021\/pringles-cayo-policia-por-traficar-imagenes-de-menores-con-contenido-sexual\/","name":"Pringles: cay\u00f3 polic\u00eda por traficar im\u00e1genes de menores con contenido sexual - Noticias Radio Reflejos","isPartOf":{"@id":"https:\/\/www.noticiasradioreflejos.com.ar\/2021\/#website"},"primaryImageOfPage":{"@id":"https:\/\/www.noticiasradioreflejos.com.ar\/2021\/pringles-cayo-policia-por-traficar-imagenes-de-menores-con-contenido-sexual\/#primaryimage"},"image":{"@id":"https:\/\/www.noticiasradioreflejos.com.ar\/2021\/pringles-cayo-policia-por-traficar-imagenes-de-menores-con-contenido-sexual\/#primaryimage"},"thumbnailUrl":"https:\/\/www.noticiasradioreflejos.com.ar\/2021\/wp-content\/uploads\/2024\/08\/polirural.jpg","datePublished":"2024-08-13T11:19:32+00:00","author":{"@id":"https:\/\/www.noticiasradioreflejos.com.ar\/2021\/#\/schema\/person\/ad82545263dcc5ec0996818884fd5fb1"},"breadcrumb":{"@id":"https:\/\/www.noticiasradioreflejos.com.ar\/2021\/pringles-cayo-policia-por-traficar-imagenes-de-menores-con-contenido-sexual\/#breadcrumb"},"inLanguage":"es","potentialAction":[{"@type":"ReadAction","target":["https:\/\/www.noticiasradioreflejos.com.ar\/2021\/pringles-cayo-policia-por-traficar-imagenes-de-menores-con-contenido-sexual\/"]}]},{"@type":"ImageObject","inLanguage":"es","@id":"https:\/\/www.noticiasradioreflejos.com.ar\/2021\/pringles-cayo-policia-por-traficar-imagenes-de-menores-con-contenido-sexual\/#primaryimage","url":"https:\/\/www.noticiasradioreflejos.com.ar\/2021\/wp-content\/uploads\/2024\/08\/polirural.jpg","contentUrl":"https:\/\/www.noticiasradioreflejos.com.ar\/2021\/wp-content\/uploads\/2024\/08\/polirural.jpg","width":1083,"height":579},{"@type":"BreadcrumbList","@id":"https:\/\/www.noticiasradioreflejos.com.ar\/2021\/pringles-cayo-policia-por-traficar-imagenes-de-menores-con-contenido-sexual\/#breadcrumb","itemListElement":[{"@type":"ListItem","position":1,"name":"Portada","item":"https:\/\/www.noticiasradioreflejos.com.ar\/2021\/"},{"@type":"ListItem","position":2,"name":"Pringles: cay\u00f3 polic\u00eda por traficar im\u00e1genes de menores con contenido sexual"}]},{"@type":"WebSite","@id":"https:\/\/www.noticiasradioreflejos.com.ar\/2021\/#website","url":"https:\/\/www.noticiasradioreflejos.com.ar\/2021\/","name":"Noticias Radio Reflejos","description":"Las noticias de mi comarca","potentialAction":[{"@type":"SearchAction","target":{"@type":"EntryPoint","urlTemplate":"https:\/\/www.noticiasradioreflejos.com.ar\/2021\/?s={search_term_string}"},"query-input":{"@type":"PropertyValueSpecification","valueRequired":true,"valueName":"search_term_string"}}],"inLanguage":"es"},{"@type":"Person","@id":"https:\/\/www.noticiasradioreflejos.com.ar\/2021\/#\/schema\/person\/ad82545263dcc5ec0996818884fd5fb1","name":"Arnaldo Botto","image":{"@type":"ImageObject","inLanguage":"es","@id":"https:\/\/www.noticiasradioreflejos.com.ar\/2021\/#\/schema\/person\/image\/","url":"https:\/\/secure.gravatar.com\/avatar\/55cb5e37c1efa326397366e6974cb338056df65cb50e7d64d1cf314e87504837?s=96&d=mm&r=g","contentUrl":"https:\/\/secure.gravatar.com\/avatar\/55cb5e37c1efa326397366e6974cb338056df65cb50e7d64d1cf314e87504837?s=96&d=mm&r=g","caption":"Arnaldo Botto"},"url":"https:\/\/www.noticiasradioreflejos.com.ar\/2021\/author\/arnaldo\/"}]}},"_links":{"self":[{"href":"https:\/\/www.noticiasradioreflejos.com.ar\/2021\/wp-json\/wp\/v2\/posts\/106179","targetHints":{"allow":["GET"]}}],"collection":[{"href":"https:\/\/www.noticiasradioreflejos.com.ar\/2021\/wp-json\/wp\/v2\/posts"}],"about":[{"href":"https:\/\/www.noticiasradioreflejos.com.ar\/2021\/wp-json\/wp\/v2\/types\/post"}],"author":[{"embeddable":true,"href":"https:\/\/www.noticiasradioreflejos.com.ar\/2021\/wp-json\/wp\/v2\/users\/3"}],"replies":[{"embeddable":true,"href":"https:\/\/www.noticiasradioreflejos.com.ar\/2021\/wp-json\/wp\/v2\/comments?post=106179"}],"version-history":[{"count":1,"href":"https:\/\/www.noticiasradioreflejos.com.ar\/2021\/wp-json\/wp\/v2\/posts\/106179\/revisions"}],"predecessor-version":[{"id":106181,"href":"https:\/\/www.noticiasradioreflejos.com.ar\/2021\/wp-json\/wp\/v2\/posts\/106179\/revisions\/106181"}],"wp:featuredmedia":[{"embeddable":true,"href":"https:\/\/www.noticiasradioreflejos.com.ar\/2021\/wp-json\/wp\/v2\/media\/106180"}],"wp:attachment":[{"href":"https:\/\/www.noticiasradioreflejos.com.ar\/2021\/wp-json\/wp\/v2\/media?parent=106179"}],"wp:term":[{"taxonomy":"category","embeddable":true,"href":"https:\/\/www.noticiasradioreflejos.com.ar\/2021\/wp-json\/wp\/v2\/categories?post=106179"},{"taxonomy":"post_tag","embeddable":true,"href":"https:\/\/www.noticiasradioreflejos.com.ar\/2021\/wp-json\/wp\/v2\/tags?post=106179"}],"curies":[{"name":"wp","href":"https:\/\/api.w.org\/{rel}","templated":true}]}}