{"id":10614,"date":"2017-05-29T19:59:53","date_gmt":"2017-05-29T22:59:53","guid":{"rendered":"http:\/\/noticiasradioreflejos.com.ar\/noticias\/?p=10614"},"modified":"2017-05-29T19:59:53","modified_gmt":"2017-05-29T22:59:53","slug":"con-excelencia-paso-por-tornquist-acercarte","status":"publish","type":"post","link":"https:\/\/www.noticiasradioreflejos.com.ar\/2021\/con-excelencia-paso-por-tornquist-acercarte\/","title":{"rendered":"Con excelencia pas\u00f3 por Tornquist AcercArte"},"content":{"rendered":"<p>El predio del ferrocarril fue el epicentro de \u00a0una importante movida cultural de caracter\u00edsticas \u00fanicas para nuestra localidad.<!--more--><br \/>\nEl programa cultural del Gobierno de la Provincia de Buenos Aires pas\u00f3, este fin de semana \u00a0por Tornquist acercando propuestas culturales de excelencia a todos los vecinos del distrito y a quienes se acercaron para disfrutar de las actividades.<br \/>\nFueron dos jornadas que reunieron figuras de primer nivel y actividades novedosas para localidades peque\u00f1as como Tornquist.<br \/>\nEs la primera vez que un programa cultural, \u00a0nos permite contar con artistas reconocidos \u00a0de la cultura nacional. Tornquist fue escenario de figuras de la talla de Axel y Soledad en m\u00fasica, Milo Loket en pintura y Osqui Guzman, Marcelo Mazzarello, Marcelo Xicarts, Gast\u00f3n Ricaud, Fecerico C\u00e9cere, en teatro, entro otros artistas.<br \/>\nSe trat\u00f3 de varias propuestas, todas gratuitas, que incluyeron m\u00fasica, teatro, espect\u00e1culos infantiles, cine, arte callejero, danza, artes pl\u00e1sticas y stand up.<br \/>\nEn el marco de las actividades, el viernes arrib\u00f3 a nuestra localidad el Ministro de Gesti\u00f3n Cultural, Alejandro G\u00f3mez, \u00a0quien en conferencia de prensa junto al intendente Sergio Bordoni, manifest\u00f3: \u201cLa gobernadora\u00a0 nos pidi\u00f3 que hagamos una propuesta de un programa cultural para recorrer la provincia de primer nivel. Nos plante\u00f3 que fuera multidisciplinario y que recorra toda la provincia, sin hacer distinciones de si los municipios estaban m\u00e1s cerca de Buenos Aires, sin importar si ten\u00edan m\u00e1s o menos de 50\/100 mil habitantes y tambi\u00e9n sin hacer diferencias de color pol\u00edtico\u201d \u201cPara nosotros es un gran desaf\u00edo llevar a cabo un programa de esta magnitud. El acceso a la cultura siempre posibilita el desarrollo de mejores personas y sociedades.\u201d<br \/>\nPor su parte Bordoni, agradeci\u00f3 la presencia del Ministro en nuestro distrito, y \u00a0 expres\u00f3: \u201cesta es una movida muy grande que la provincia inici\u00f3 all\u00e1 por febrero. Hoy llega al distrito de Tornquist, por lo que estamos muy contentos\u201d.<br \/>\nDirecci\u00f3n de Comunicaci\u00f3n<br \/>\nTornquist Municipio<\/p>\n","protected":false},"excerpt":{"rendered":"<p>El predio del ferrocarril fue el epicentro de \u00a0una importante movida cultural de caracter\u00edsticas \u00fanicas para nuestra localidad.<\/p>\n","protected":false},"author":3,"featured_media":0,"comment_status":"closed","ping_status":"open","sticky":false,"template":"","format":"standard","meta":{"footnotes":""},"categories":[28],"tags":[],"class_list":["post-10614","post","type-post","status-publish","format-standard","hentry","category-municipales"],"yoast_head":"<!-- This site is optimized with the Yoast SEO plugin v25.9 - https:\/\/yoast.com\/wordpress\/plugins\/seo\/ -->\n<title>Con excelencia pas\u00f3 por Tornquist AcercArte - Noticias Radio Reflejos<\/title>\n<meta name=\"robots\" content=\"index, follow, max-snippet:-1, max-image-preview:large, max-video-preview:-1\" \/>\n<link rel=\"canonical\" href=\"https:\/\/www.noticiasradioreflejos.com.ar\/2021\/con-excelencia-paso-por-tornquist-acercarte\/\" \/>\n<meta property=\"og:locale\" content=\"es_ES\" \/>\n<meta property=\"og:type\" content=\"article\" \/>\n<meta property=\"og:title\" content=\"Con excelencia pas\u00f3 por Tornquist AcercArte - Noticias Radio Reflejos\" \/>\n<meta property=\"og:description\" content=\"El predio del ferrocarril fue el epicentro de \u00a0una importante movida cultural de caracter\u00edsticas \u00fanicas para nuestra localidad.\" \/>\n<meta property=\"og:url\" content=\"https:\/\/www.noticiasradioreflejos.com.ar\/2021\/con-excelencia-paso-por-tornquist-acercarte\/\" \/>\n<meta property=\"og:site_name\" content=\"Noticias Radio Reflejos\" \/>\n<meta property=\"article:published_time\" content=\"2017-05-29T22:59:53+00:00\" \/>\n<meta property=\"og:image\" content=\"https:\/\/www.noticiasradioreflejos.com.ar\/2021\/wp-content\/uploads\/2021\/07\/logosol300x200.png\" \/>\n\t<meta property=\"og:image:width\" content=\"300\" \/>\n\t<meta property=\"og:image:height\" content=\"200\" \/>\n\t<meta property=\"og:image:type\" content=\"image\/png\" \/>\n<meta name=\"author\" content=\"Arnaldo Botto\" \/>\n<meta name=\"twitter:card\" content=\"summary_large_image\" \/>\n<script type=\"application\/ld+json\" class=\"yoast-schema-graph\">{\"@context\":\"https:\/\/schema.org\",\"@graph\":[{\"@type\":\"WebPage\",\"@id\":\"https:\/\/www.noticiasradioreflejos.com.ar\/2021\/con-excelencia-paso-por-tornquist-acercarte\/\",\"url\":\"https:\/\/www.noticiasradioreflejos.com.ar\/2021\/con-excelencia-paso-por-tornquist-acercarte\/\",\"name\":\"Con excelencia pas\u00f3 por Tornquist AcercArte - Noticias Radio Reflejos\",\"isPartOf\":{\"@id\":\"https:\/\/www.noticiasradioreflejos.com.ar\/2021\/#website\"},\"datePublished\":\"2017-05-29T22:59:53+00:00\",\"author\":{\"@id\":\"https:\/\/www.noticiasradioreflejos.com.ar\/2021\/#\/schema\/person\/ad82545263dcc5ec0996818884fd5fb1\"},\"breadcrumb\":{\"@id\":\"https:\/\/www.noticiasradioreflejos.com.ar\/2021\/con-excelencia-paso-por-tornquist-acercarte\/#breadcrumb\"},\"inLanguage\":\"es\",\"potentialAction\":[{\"@type\":\"ReadAction\",\"target\":[\"https:\/\/www.noticiasradioreflejos.com.ar\/2021\/con-excelencia-paso-por-tornquist-acercarte\/\"]}]},{\"@type\":\"BreadcrumbList\",\"@id\":\"https:\/\/www.noticiasradioreflejos.com.ar\/2021\/con-excelencia-paso-por-tornquist-acercarte\/#breadcrumb\",\"itemListElement\":[{\"@type\":\"ListItem\",\"position\":1,\"name\":\"Portada\",\"item\":\"https:\/\/www.noticiasradioreflejos.com.ar\/2021\/\"},{\"@type\":\"ListItem\",\"position\":2,\"name\":\"Con excelencia pas\u00f3 por Tornquist AcercArte\"}]},{\"@type\":\"WebSite\",\"@id\":\"https:\/\/www.noticiasradioreflejos.com.ar\/2021\/#website\",\"url\":\"https:\/\/www.noticiasradioreflejos.com.ar\/2021\/\",\"name\":\"Noticias Radio Reflejos\",\"description\":\"Las noticias de mi comarca\",\"potentialAction\":[{\"@type\":\"SearchAction\",\"target\":{\"@type\":\"EntryPoint\",\"urlTemplate\":\"https:\/\/www.noticiasradioreflejos.com.ar\/2021\/?s={search_term_string}\"},\"query-input\":{\"@type\":\"PropertyValueSpecification\",\"valueRequired\":true,\"valueName\":\"search_term_string\"}}],\"inLanguage\":\"es\"},{\"@type\":\"Person\",\"@id\":\"https:\/\/www.noticiasradioreflejos.com.ar\/2021\/#\/schema\/person\/ad82545263dcc5ec0996818884fd5fb1\",\"name\":\"Arnaldo Botto\",\"image\":{\"@type\":\"ImageObject\",\"inLanguage\":\"es\",\"@id\":\"https:\/\/www.noticiasradioreflejos.com.ar\/2021\/#\/schema\/person\/image\/\",\"url\":\"https:\/\/secure.gravatar.com\/avatar\/55cb5e37c1efa326397366e6974cb338056df65cb50e7d64d1cf314e87504837?s=96&d=mm&r=g\",\"contentUrl\":\"https:\/\/secure.gravatar.com\/avatar\/55cb5e37c1efa326397366e6974cb338056df65cb50e7d64d1cf314e87504837?s=96&d=mm&r=g\",\"caption\":\"Arnaldo Botto\"},\"url\":\"https:\/\/www.noticiasradioreflejos.com.ar\/2021\/author\/arnaldo\/\"}]}<\/script>\n<!-- \/ Yoast SEO plugin. -->","yoast_head_json":{"title":"Con excelencia pas\u00f3 por Tornquist AcercArte - Noticias Radio Reflejos","robots":{"index":"index","follow":"follow","max-snippet":"max-snippet:-1","max-image-preview":"max-image-preview:large","max-video-preview":"max-video-preview:-1"},"canonical":"https:\/\/www.noticiasradioreflejos.com.ar\/2021\/con-excelencia-paso-por-tornquist-acercarte\/","og_locale":"es_ES","og_type":"article","og_title":"Con excelencia pas\u00f3 por Tornquist AcercArte - Noticias Radio Reflejos","og_description":"El predio del ferrocarril fue el epicentro de \u00a0una importante movida cultural de caracter\u00edsticas \u00fanicas para nuestra localidad.","og_url":"https:\/\/www.noticiasradioreflejos.com.ar\/2021\/con-excelencia-paso-por-tornquist-acercarte\/","og_site_name":"Noticias Radio Reflejos","article_published_time":"2017-05-29T22:59:53+00:00","og_image":[{"width":300,"height":200,"url":"https:\/\/www.noticiasradioreflejos.com.ar\/2021\/wp-content\/uploads\/2021\/07\/logosol300x200.png","type":"image\/png"}],"author":"Arnaldo Botto","twitter_card":"summary_large_image","schema":{"@context":"https:\/\/schema.org","@graph":[{"@type":"WebPage","@id":"https:\/\/www.noticiasradioreflejos.com.ar\/2021\/con-excelencia-paso-por-tornquist-acercarte\/","url":"https:\/\/www.noticiasradioreflejos.com.ar\/2021\/con-excelencia-paso-por-tornquist-acercarte\/","name":"Con excelencia pas\u00f3 por Tornquist AcercArte - Noticias Radio Reflejos","isPartOf":{"@id":"https:\/\/www.noticiasradioreflejos.com.ar\/2021\/#website"},"datePublished":"2017-05-29T22:59:53+00:00","author":{"@id":"https:\/\/www.noticiasradioreflejos.com.ar\/2021\/#\/schema\/person\/ad82545263dcc5ec0996818884fd5fb1"},"breadcrumb":{"@id":"https:\/\/www.noticiasradioreflejos.com.ar\/2021\/con-excelencia-paso-por-tornquist-acercarte\/#breadcrumb"},"inLanguage":"es","potentialAction":[{"@type":"ReadAction","target":["https:\/\/www.noticiasradioreflejos.com.ar\/2021\/con-excelencia-paso-por-tornquist-acercarte\/"]}]},{"@type":"BreadcrumbList","@id":"https:\/\/www.noticiasradioreflejos.com.ar\/2021\/con-excelencia-paso-por-tornquist-acercarte\/#breadcrumb","itemListElement":[{"@type":"ListItem","position":1,"name":"Portada","item":"https:\/\/www.noticiasradioreflejos.com.ar\/2021\/"},{"@type":"ListItem","position":2,"name":"Con excelencia pas\u00f3 por Tornquist AcercArte"}]},{"@type":"WebSite","@id":"https:\/\/www.noticiasradioreflejos.com.ar\/2021\/#website","url":"https:\/\/www.noticiasradioreflejos.com.ar\/2021\/","name":"Noticias Radio Reflejos","description":"Las noticias de mi comarca","potentialAction":[{"@type":"SearchAction","target":{"@type":"EntryPoint","urlTemplate":"https:\/\/www.noticiasradioreflejos.com.ar\/2021\/?s={search_term_string}"},"query-input":{"@type":"PropertyValueSpecification","valueRequired":true,"valueName":"search_term_string"}}],"inLanguage":"es"},{"@type":"Person","@id":"https:\/\/www.noticiasradioreflejos.com.ar\/2021\/#\/schema\/person\/ad82545263dcc5ec0996818884fd5fb1","name":"Arnaldo Botto","image":{"@type":"ImageObject","inLanguage":"es","@id":"https:\/\/www.noticiasradioreflejos.com.ar\/2021\/#\/schema\/person\/image\/","url":"https:\/\/secure.gravatar.com\/avatar\/55cb5e37c1efa326397366e6974cb338056df65cb50e7d64d1cf314e87504837?s=96&d=mm&r=g","contentUrl":"https:\/\/secure.gravatar.com\/avatar\/55cb5e37c1efa326397366e6974cb338056df65cb50e7d64d1cf314e87504837?s=96&d=mm&r=g","caption":"Arnaldo Botto"},"url":"https:\/\/www.noticiasradioreflejos.com.ar\/2021\/author\/arnaldo\/"}]}},"_links":{"self":[{"href":"https:\/\/www.noticiasradioreflejos.com.ar\/2021\/wp-json\/wp\/v2\/posts\/10614","targetHints":{"allow":["GET"]}}],"collection":[{"href":"https:\/\/www.noticiasradioreflejos.com.ar\/2021\/wp-json\/wp\/v2\/posts"}],"about":[{"href":"https:\/\/www.noticiasradioreflejos.com.ar\/2021\/wp-json\/wp\/v2\/types\/post"}],"author":[{"embeddable":true,"href":"https:\/\/www.noticiasradioreflejos.com.ar\/2021\/wp-json\/wp\/v2\/users\/3"}],"replies":[{"embeddable":true,"href":"https:\/\/www.noticiasradioreflejos.com.ar\/2021\/wp-json\/wp\/v2\/comments?post=10614"}],"version-history":[{"count":0,"href":"https:\/\/www.noticiasradioreflejos.com.ar\/2021\/wp-json\/wp\/v2\/posts\/10614\/revisions"}],"wp:attachment":[{"href":"https:\/\/www.noticiasradioreflejos.com.ar\/2021\/wp-json\/wp\/v2\/media?parent=10614"}],"wp:term":[{"taxonomy":"category","embeddable":true,"href":"https:\/\/www.noticiasradioreflejos.com.ar\/2021\/wp-json\/wp\/v2\/categories?post=10614"},{"taxonomy":"post_tag","embeddable":true,"href":"https:\/\/www.noticiasradioreflejos.com.ar\/2021\/wp-json\/wp\/v2\/tags?post=10614"}],"curies":[{"name":"wp","href":"https:\/\/api.w.org\/{rel}","templated":true}]}}