{"id":106044,"date":"2024-08-09T08:41:25","date_gmt":"2024-08-09T11:41:25","guid":{"rendered":"https:\/\/www.noticiasradioreflejos.com.ar\/2021\/?p=106044"},"modified":"2024-08-09T18:22:17","modified_gmt":"2024-08-09T21:22:17","slug":"difundieron-fotos-de-fabiola-yanez-golpeada-y-chats-reveladores","status":"publish","type":"post","link":"https:\/\/www.noticiasradioreflejos.com.ar\/2021\/difundieron-fotos-de-fabiola-yanez-golpeada-y-chats-reveladores\/","title":{"rendered":"Difundieron fotos de Fabiola Y\u00e1\u00f1ez golpeada y chats reveladores"},"content":{"rendered":"<p>La ex primera dama presenta visibles moretones en un ojo y un brazo<!--more--><\/p>\n<div class=\"columns\" data-tadevel-template=\"web\/article-columns\">\n<div class=\"column-main\">\n<div class=\"article-body\" data-tadevel-template=\"web\/article-body\">\n<div class=\"article-body-content\">\n<p>Dos fotograf\u00edas, en la que aparece<strong>\u00a0Fabiola Ya\u00f1ez con marcas de golpes en un ojo y un brazo,<\/strong>\u00a0comenzaron a circular esta noche, en medio del esc\u00e1ndalo de la denuncia de la ex primera dama contra el ex presidente<strong>\u00a0Alberto Fern\u00e1ndez\u00a0<\/strong>por\u00a0<strong>violencia de g\u00e9nero.<\/strong><\/p>\n<p>Las im\u00e1genes, dadas a conocer por el sitio Infobae, muestran a Ya\u00f1ez con<strong>\u00a0un ojo morado y otra marca en el brazo, cerca de la axila derecha,\u00a0<\/strong>como consecuencia de una supuesta agresi\u00f3n de Fern\u00e1ndez.<\/p>\n<p>Adem\u00e1s, tambi\u00e9n aparecieron chats entre la mujer y el ex mandatario, en los cuales Ya\u00f1ez expresa:\u00a0<strong>\u00abEsto no funciona as\u00ed, todo el tiempo me golpe\u00e1s\u00bb.<\/strong><\/p>\n<p><strong>\u00abEs ins\u00f3lito. No puedo dejar que me hagas esto cuando yo no te hice nada. Todo lo que trato de hacer es con la mente centrada en defenderte y vos me golpe\u00e1s. Hace tres d\u00edas que me ven\u00eds golpeando\u00bb,<\/strong>\u00a0a\u00f1ade la ex primera dama.<\/p>\n<p>Por su parte, Fern\u00e1ndez respondi\u00f3:<strong>\u00a0\u00abMe siento mal. Me cuesta respirar, por favor par\u00e1\u00bb.<\/strong><\/p>\n<p>La denuncia gener\u00f3 un esc\u00e1ndalo y dej\u00f3 al ex mandatario en una posici\u00f3n complicada, que se suma a la pol\u00e9mica surgida por otra causa abierta recientemente: la de los seguros, en la que tambi\u00e9n est\u00e1 involucrado.<\/p>\n<\/div>\n<\/div>\n<\/div>\n<\/div>\n<p>&nbsp;<\/p>\n<p><strong>Fuente NA<\/strong><\/p>\n","protected":false},"excerpt":{"rendered":"<p>La ex primera dama presenta visibles moretones en un ojo y un brazo<\/p>\n","protected":false},"author":3,"featured_media":0,"comment_status":"closed","ping_status":"closed","sticky":false,"template":"","format":"standard","meta":{"footnotes":""},"categories":[57,24],"tags":[],"class_list":["post-106044","post","type-post","status-publish","format-standard","hentry","category-judiciales","category-politica"],"yoast_head":"<!-- This site is optimized with the Yoast SEO plugin v25.9 - https:\/\/yoast.com\/wordpress\/plugins\/seo\/ -->\n<title>Difundieron fotos de Fabiola Y\u00e1\u00f1ez golpeada y chats reveladores - Noticias Radio Reflejos<\/title>\n<meta name=\"robots\" content=\"index, follow, max-snippet:-1, max-image-preview:large, max-video-preview:-1\" \/>\n<link rel=\"canonical\" href=\"https:\/\/www.noticiasradioreflejos.com.ar\/2021\/difundieron-fotos-de-fabiola-yanez-golpeada-y-chats-reveladores\/\" \/>\n<meta property=\"og:locale\" content=\"es_ES\" \/>\n<meta property=\"og:type\" content=\"article\" \/>\n<meta property=\"og:title\" content=\"Difundieron fotos de Fabiola Y\u00e1\u00f1ez golpeada y chats reveladores - Noticias Radio Reflejos\" \/>\n<meta property=\"og:description\" content=\"La ex primera dama presenta visibles moretones en un ojo y un brazo\" \/>\n<meta property=\"og:url\" content=\"https:\/\/www.noticiasradioreflejos.com.ar\/2021\/difundieron-fotos-de-fabiola-yanez-golpeada-y-chats-reveladores\/\" \/>\n<meta property=\"og:site_name\" content=\"Noticias Radio Reflejos\" \/>\n<meta property=\"article:published_time\" content=\"2024-08-09T11:41:25+00:00\" \/>\n<meta property=\"article:modified_time\" content=\"2024-08-09T21:22:17+00:00\" \/>\n<meta property=\"og:image\" content=\"https:\/\/www.noticiasradioreflejos.com.ar\/2021\/wp-content\/uploads\/2021\/07\/logosol300x200.png\" \/>\n\t<meta property=\"og:image:width\" content=\"300\" \/>\n\t<meta property=\"og:image:height\" content=\"200\" \/>\n\t<meta property=\"og:image:type\" content=\"image\/png\" \/>\n<meta name=\"author\" content=\"Arnaldo Botto\" \/>\n<meta name=\"twitter:card\" content=\"summary_large_image\" \/>\n<script type=\"application\/ld+json\" class=\"yoast-schema-graph\">{\"@context\":\"https:\/\/schema.org\",\"@graph\":[{\"@type\":\"WebPage\",\"@id\":\"https:\/\/www.noticiasradioreflejos.com.ar\/2021\/difundieron-fotos-de-fabiola-yanez-golpeada-y-chats-reveladores\/\",\"url\":\"https:\/\/www.noticiasradioreflejos.com.ar\/2021\/difundieron-fotos-de-fabiola-yanez-golpeada-y-chats-reveladores\/\",\"name\":\"Difundieron fotos de Fabiola Y\u00e1\u00f1ez golpeada y chats reveladores - Noticias Radio Reflejos\",\"isPartOf\":{\"@id\":\"https:\/\/www.noticiasradioreflejos.com.ar\/2021\/#website\"},\"datePublished\":\"2024-08-09T11:41:25+00:00\",\"dateModified\":\"2024-08-09T21:22:17+00:00\",\"author\":{\"@id\":\"https:\/\/www.noticiasradioreflejos.com.ar\/2021\/#\/schema\/person\/ad82545263dcc5ec0996818884fd5fb1\"},\"breadcrumb\":{\"@id\":\"https:\/\/www.noticiasradioreflejos.com.ar\/2021\/difundieron-fotos-de-fabiola-yanez-golpeada-y-chats-reveladores\/#breadcrumb\"},\"inLanguage\":\"es\",\"potentialAction\":[{\"@type\":\"ReadAction\",\"target\":[\"https:\/\/www.noticiasradioreflejos.com.ar\/2021\/difundieron-fotos-de-fabiola-yanez-golpeada-y-chats-reveladores\/\"]}]},{\"@type\":\"BreadcrumbList\",\"@id\":\"https:\/\/www.noticiasradioreflejos.com.ar\/2021\/difundieron-fotos-de-fabiola-yanez-golpeada-y-chats-reveladores\/#breadcrumb\",\"itemListElement\":[{\"@type\":\"ListItem\",\"position\":1,\"name\":\"Portada\",\"item\":\"https:\/\/www.noticiasradioreflejos.com.ar\/2021\/\"},{\"@type\":\"ListItem\",\"position\":2,\"name\":\"Difundieron fotos de Fabiola Y\u00e1\u00f1ez golpeada y chats reveladores\"}]},{\"@type\":\"WebSite\",\"@id\":\"https:\/\/www.noticiasradioreflejos.com.ar\/2021\/#website\",\"url\":\"https:\/\/www.noticiasradioreflejos.com.ar\/2021\/\",\"name\":\"Noticias Radio Reflejos\",\"description\":\"Las noticias de mi comarca\",\"potentialAction\":[{\"@type\":\"SearchAction\",\"target\":{\"@type\":\"EntryPoint\",\"urlTemplate\":\"https:\/\/www.noticiasradioreflejos.com.ar\/2021\/?s={search_term_string}\"},\"query-input\":{\"@type\":\"PropertyValueSpecification\",\"valueRequired\":true,\"valueName\":\"search_term_string\"}}],\"inLanguage\":\"es\"},{\"@type\":\"Person\",\"@id\":\"https:\/\/www.noticiasradioreflejos.com.ar\/2021\/#\/schema\/person\/ad82545263dcc5ec0996818884fd5fb1\",\"name\":\"Arnaldo Botto\",\"image\":{\"@type\":\"ImageObject\",\"inLanguage\":\"es\",\"@id\":\"https:\/\/www.noticiasradioreflejos.com.ar\/2021\/#\/schema\/person\/image\/\",\"url\":\"https:\/\/secure.gravatar.com\/avatar\/55cb5e37c1efa326397366e6974cb338056df65cb50e7d64d1cf314e87504837?s=96&d=mm&r=g\",\"contentUrl\":\"https:\/\/secure.gravatar.com\/avatar\/55cb5e37c1efa326397366e6974cb338056df65cb50e7d64d1cf314e87504837?s=96&d=mm&r=g\",\"caption\":\"Arnaldo Botto\"},\"url\":\"https:\/\/www.noticiasradioreflejos.com.ar\/2021\/author\/arnaldo\/\"}]}<\/script>\n<!-- \/ Yoast SEO plugin. -->","yoast_head_json":{"title":"Difundieron fotos de Fabiola Y\u00e1\u00f1ez golpeada y chats reveladores - Noticias Radio Reflejos","robots":{"index":"index","follow":"follow","max-snippet":"max-snippet:-1","max-image-preview":"max-image-preview:large","max-video-preview":"max-video-preview:-1"},"canonical":"https:\/\/www.noticiasradioreflejos.com.ar\/2021\/difundieron-fotos-de-fabiola-yanez-golpeada-y-chats-reveladores\/","og_locale":"es_ES","og_type":"article","og_title":"Difundieron fotos de Fabiola Y\u00e1\u00f1ez golpeada y chats reveladores - Noticias Radio Reflejos","og_description":"La ex primera dama presenta visibles moretones en un ojo y un brazo","og_url":"https:\/\/www.noticiasradioreflejos.com.ar\/2021\/difundieron-fotos-de-fabiola-yanez-golpeada-y-chats-reveladores\/","og_site_name":"Noticias Radio Reflejos","article_published_time":"2024-08-09T11:41:25+00:00","article_modified_time":"2024-08-09T21:22:17+00:00","og_image":[{"width":300,"height":200,"url":"https:\/\/www.noticiasradioreflejos.com.ar\/2021\/wp-content\/uploads\/2021\/07\/logosol300x200.png","type":"image\/png"}],"author":"Arnaldo Botto","twitter_card":"summary_large_image","schema":{"@context":"https:\/\/schema.org","@graph":[{"@type":"WebPage","@id":"https:\/\/www.noticiasradioreflejos.com.ar\/2021\/difundieron-fotos-de-fabiola-yanez-golpeada-y-chats-reveladores\/","url":"https:\/\/www.noticiasradioreflejos.com.ar\/2021\/difundieron-fotos-de-fabiola-yanez-golpeada-y-chats-reveladores\/","name":"Difundieron fotos de Fabiola Y\u00e1\u00f1ez golpeada y chats reveladores - Noticias Radio Reflejos","isPartOf":{"@id":"https:\/\/www.noticiasradioreflejos.com.ar\/2021\/#website"},"datePublished":"2024-08-09T11:41:25+00:00","dateModified":"2024-08-09T21:22:17+00:00","author":{"@id":"https:\/\/www.noticiasradioreflejos.com.ar\/2021\/#\/schema\/person\/ad82545263dcc5ec0996818884fd5fb1"},"breadcrumb":{"@id":"https:\/\/www.noticiasradioreflejos.com.ar\/2021\/difundieron-fotos-de-fabiola-yanez-golpeada-y-chats-reveladores\/#breadcrumb"},"inLanguage":"es","potentialAction":[{"@type":"ReadAction","target":["https:\/\/www.noticiasradioreflejos.com.ar\/2021\/difundieron-fotos-de-fabiola-yanez-golpeada-y-chats-reveladores\/"]}]},{"@type":"BreadcrumbList","@id":"https:\/\/www.noticiasradioreflejos.com.ar\/2021\/difundieron-fotos-de-fabiola-yanez-golpeada-y-chats-reveladores\/#breadcrumb","itemListElement":[{"@type":"ListItem","position":1,"name":"Portada","item":"https:\/\/www.noticiasradioreflejos.com.ar\/2021\/"},{"@type":"ListItem","position":2,"name":"Difundieron fotos de Fabiola Y\u00e1\u00f1ez golpeada y chats reveladores"}]},{"@type":"WebSite","@id":"https:\/\/www.noticiasradioreflejos.com.ar\/2021\/#website","url":"https:\/\/www.noticiasradioreflejos.com.ar\/2021\/","name":"Noticias Radio Reflejos","description":"Las noticias de mi comarca","potentialAction":[{"@type":"SearchAction","target":{"@type":"EntryPoint","urlTemplate":"https:\/\/www.noticiasradioreflejos.com.ar\/2021\/?s={search_term_string}"},"query-input":{"@type":"PropertyValueSpecification","valueRequired":true,"valueName":"search_term_string"}}],"inLanguage":"es"},{"@type":"Person","@id":"https:\/\/www.noticiasradioreflejos.com.ar\/2021\/#\/schema\/person\/ad82545263dcc5ec0996818884fd5fb1","name":"Arnaldo Botto","image":{"@type":"ImageObject","inLanguage":"es","@id":"https:\/\/www.noticiasradioreflejos.com.ar\/2021\/#\/schema\/person\/image\/","url":"https:\/\/secure.gravatar.com\/avatar\/55cb5e37c1efa326397366e6974cb338056df65cb50e7d64d1cf314e87504837?s=96&d=mm&r=g","contentUrl":"https:\/\/secure.gravatar.com\/avatar\/55cb5e37c1efa326397366e6974cb338056df65cb50e7d64d1cf314e87504837?s=96&d=mm&r=g","caption":"Arnaldo Botto"},"url":"https:\/\/www.noticiasradioreflejos.com.ar\/2021\/author\/arnaldo\/"}]}},"_links":{"self":[{"href":"https:\/\/www.noticiasradioreflejos.com.ar\/2021\/wp-json\/wp\/v2\/posts\/106044","targetHints":{"allow":["GET"]}}],"collection":[{"href":"https:\/\/www.noticiasradioreflejos.com.ar\/2021\/wp-json\/wp\/v2\/posts"}],"about":[{"href":"https:\/\/www.noticiasradioreflejos.com.ar\/2021\/wp-json\/wp\/v2\/types\/post"}],"author":[{"embeddable":true,"href":"https:\/\/www.noticiasradioreflejos.com.ar\/2021\/wp-json\/wp\/v2\/users\/3"}],"replies":[{"embeddable":true,"href":"https:\/\/www.noticiasradioreflejos.com.ar\/2021\/wp-json\/wp\/v2\/comments?post=106044"}],"version-history":[{"count":1,"href":"https:\/\/www.noticiasradioreflejos.com.ar\/2021\/wp-json\/wp\/v2\/posts\/106044\/revisions"}],"predecessor-version":[{"id":106046,"href":"https:\/\/www.noticiasradioreflejos.com.ar\/2021\/wp-json\/wp\/v2\/posts\/106044\/revisions\/106046"}],"wp:attachment":[{"href":"https:\/\/www.noticiasradioreflejos.com.ar\/2021\/wp-json\/wp\/v2\/media?parent=106044"}],"wp:term":[{"taxonomy":"category","embeddable":true,"href":"https:\/\/www.noticiasradioreflejos.com.ar\/2021\/wp-json\/wp\/v2\/categories?post=106044"},{"taxonomy":"post_tag","embeddable":true,"href":"https:\/\/www.noticiasradioreflejos.com.ar\/2021\/wp-json\/wp\/v2\/tags?post=106044"}],"curies":[{"name":"wp","href":"https:\/\/api.w.org\/{rel}","templated":true}]}}