{"id":106040,"date":"2024-08-08T21:22:01","date_gmt":"2024-08-09T00:22:01","guid":{"rendered":"https:\/\/www.noticiasradioreflejos.com.ar\/2021\/?p=106040"},"modified":"2024-08-08T21:22:01","modified_gmt":"2024-08-09T00:22:01","slug":"la-discapacidad-una-responsabilidad-social","status":"publish","type":"post","link":"https:\/\/www.noticiasradioreflejos.com.ar\/2021\/la-discapacidad-una-responsabilidad-social\/","title":{"rendered":"La discapacidad una responsabilidad social"},"content":{"rendered":"<p>En el conservatorio de m\u00fasica de nuestra ciudad, la clase de Teor\u00eda de la M\u00fasica empieza con la profesora diciendo: \u201chola a todes\u201d. Una forma de incluir, a trav\u00e9s del discurso, que entra en contradicci\u00f3n con el hecho de que las sedes del conservatorio de M\u00fasica de Bah\u00eda Blanca, no cuentan con ascensor, incumpliendo la ley de accesibilidad edilicia y muchas de las clases se dictan en pisos superiores.<!--more--><br \/>\nCuando tuve que subir los tres pisos, para tomar la clase de teor\u00eda de la m\u00fasica, en la sede Lamadrid, me di cuenta que la escalera era un factor que me afectaba por mis dos hernias de disco. Ah\u00ed supe que no era la \u00fanica. He escuchado relatos de compa\u00f1eras que le dol\u00edan las rodillas, o con una condici\u00f3n que le provoca falta de aire y alguien tambi\u00e9n coment\u00f3 que al conservatorio van muchas personas mayores, a quienes les resulta complicado subir las escaleras.<\/p>\n<p><a title=\"Dylan (2)\" href=\"https:\/\/www.flickr.com\/photos\/182279889@N02\/53910193462\/in\/dateposted-public\/\" data-flickr-embed=\"true\"><img loading=\"lazy\" decoding=\"async\" class=\"alignleft\" src=\"https:\/\/live.staticflickr.com\/65535\/53910193462_c2d84eff2b_c.jpg\" alt=\"Dylan (2)\" width=\"450\" height=\"800\" \/><\/a>Fue muy tedioso tener que manifestar mi problema por mail y no recibir respuesta. Al punto que cuando lleg\u00f3 el momento de la siguiente clase, me vi obligada a insistir en que no puedo subir las escaleras. La profesora de la materia, la misma del principio de esta nota, fue quien solidariamente se ocup\u00f3 de buscar un lugar en planta baja.<\/p>\n<p>Unos d\u00edas despu\u00e9s me contactan telef\u00f3nicamente del equipo directivo para pedirme un certificado por todas las molestias ocasionadas. Claro, me dicen, tuvimos que movilizar a treinta personas entre los que se encontraban menores sin autorizaci\u00f3n, a otra sede. Todo porque yo no pod\u00eda subir escaleras. Era la \u00fanica responsable. Que el conservatorio no cumpla con las leyes obligatorias de accesibilidad no ten\u00eda nada que ver. Y si hubieran sabido de mis otras compa\u00f1eras y sus condiciones, tambi\u00e9n las habr\u00edan se\u00f1alado. El foco puesto en las personas con alguna limitaci\u00f3n.<\/p>\n<p>Trabaj\u00e9 a\u00f1os en la inclusi\u00f3n de estudiantes con discapacidad, pero fue esta experiencia la que me permiti\u00f3 entender en profundidad c\u00f3mo queda expuesto este grupo colectivo, ante las miradas de los dem\u00e1s, por las barreras que impone la sociedad.<\/p>\n<p>Sin embargo lo m\u00edo no es nada, ocupa un tiempo de mi vida en el que a trav\u00e9s de un tratamiento voy recuperando movilidad. En cambio hay quienes cargan desde la infancia el peso de su condici\u00f3n. Un peso que no deber\u00eda ser tal o que al menos tendr\u00eda que estar distribuido, entre \u201ctodes\u201d. Compartido solidariamente.<br \/>\nPorque la discapacidad no es una condici\u00f3n individual. Sin negar la incapacidad de caminar, que por ejemplo podr\u00eda tener una persona en sillas de ruedas, es la sociedad en su conjunto quien la discapacita cuando no le ofrece las m\u00ednimas condiciones de accesibilidad para que pueda desenvolverse en igualdad de condiciones (veredas parejas, bajadas en las esquinas, rampas en los colectivos).<\/p>\n<p>Y entre las personas con discapacidad en Bah\u00eda Blanca hay un nombre: Dylan. Y una madre que lo acompa\u00f1a: Marcela. Ella viene batallando por las herramientas necesarias para brindarle a su hijo al menos una m\u00ednima calidad de vida, que compense al destino que lo se\u00f1al\u00f3 con una par\u00e1lisis cerebral. Pero \u00bfcu\u00e1l es la preocupaci\u00f3n de esta madre, que la pelea sola, como tantas otras? Que su hijo tenga la suficiente independencia para valerse por s\u00ed mismo cuando ella no est\u00e9. Es la misma preocupaci\u00f3n que nos deja en vela a todas las madres y padres, aunque nuestros hijos no tengan condiciones discapacitantes. Pero en este caso es una preocupaci\u00f3n justificada. Y no por la discapacidad de su hijo, sino por un Estado que no lo incluye.<\/p>\n<p>Esa independencia para Dylan, que tiene 21 a\u00f1os, depende de una silla de ruedas el\u00e9ctrica que como no puede mover los brazos y piernas, necesita un dispositivo en el apoya pie que le permita manejarla. Una silla de ruedas que adem\u00e1s se consigui\u00f3 despu\u00e9s de una ardua tarea de la mam\u00e1. No fue provista por los medios del estado \u201cinclusivo\u201d. Y que como vive en una zona de calles de tierra, se termin\u00f3 rompiendo y no una vez, sino tres, y en la \u00faltima su reparaci\u00f3n no fue sencilla. Se requer\u00eda comprar un repuesto. Para ello Marcela lanz\u00f3 varias campa\u00f1as de ventas de rifas.<\/p>\n<p>Durante d\u00e9cadas hicimos esfuerzos multitudinarios para ganar en derechos, crear leyes, adherir a la Convenci\u00f3n de los Derechos de las personas con discapacidad, cambiar el lenguaje. No lo hicimos para seguir vendiendo rifas, rogar ayuda, mendigar, quedar expuesta y soportar comentarios incriminatorios por una condici\u00f3n que no es nuestra culpa, sino para que esos derechos se hagan efectivos.<\/p>\n<p>&nbsp;<br \/>\n<a data-flickr-embed=\"true\" href=\"https:\/\/www.flickr.com\/photos\/182279889@N02\/53911434039\/in\/dateposted-public\/\" title=\"Intendente de BB\"><img loading=\"lazy\" decoding=\"async\" src=\"https:\/\/live.staticflickr.com\/65535\/53911434039_d6174c026c_c.jpg\" width=\"800\" height=\"465\" alt=\"Intendente de BB\"\/><\/a><script async src=\"\/\/embedr.flickr.com\/assets\/client-code.js\" charset=\"utf-8\"><\/script><br \/>\n&nbsp;<\/p>\n<p>A\u00fan no puedo subir grandes escaleras. El conservatorio quedar\u00e1 para quienes puedan hacerlo. Mas importante es que Dylan tenga su silla reparada. A pesar de la generosidad bahiense, todav\u00eda queda saldar restos de la deuda por los arreglos, cambiar las bater\u00edas y las ruedas, todo un dineral que no tienen.<br \/>\n\u00bfC\u00f3mo har\u00e1n? Marcela, mientras sigue empujando la silla de ruedas, todos los d\u00edas para que Dylan termine la secundaria, dice: \u201cDios y la comunidad me ayudar\u00e1n\u201d. Y yo agrego: \u201cporque el estado no lo har\u00e1\u201d \u00bfO tal vez si?. Est\u00e1 por verse.<\/p>\n<p>Se\u00f1ora Mara Recondo especialista en discapacidad y accesibilidad: el Intendente Susbielles explic\u00f3 cuando la nombr\u00f3 como Directora General de Discapacidad y accesibilidad de la Municipalidad de Bah\u00eda Blanca, que para \u00e9l era muy importante \u201celiminar las barreras, no solo por una cuesti\u00f3n de justicia sino para construir una mejor comunidad\u201d y que para ello usted \u201ctendr\u00eda capacidad de acci\u00f3n y tutela transversal en todas las decisiones de gesti\u00f3n municipal\u201d (LNP 3\/12\/2023). Aqu\u00ed tiene una oportunidad. Atienda este caso. Usted sabe de qu\u00e9 se trata.<\/p>\n<p>&nbsp;<\/p>\n<p><em><strong>Prof. Patricia Gonz\u00e1lez Garza<\/strong><\/em><br \/>\n<em><strong>Diplomada Superior en pedagog\u00eda de las diferencias<\/strong><\/em><\/p>\n","protected":false},"excerpt":{"rendered":"<p>En el conservatorio de m\u00fasica de nuestra ciudad, la clase de Teor\u00eda de la M\u00fasica empieza con la profesora diciendo: \u201chola a todes\u201d. Una forma de incluir, a trav\u00e9s del discurso, que entra en contradicci\u00f3n con el hecho de que las sedes del conservatorio de M\u00fasica de Bah\u00eda Blanca, no cuentan con ascensor, incumpliendo la [&hellip;]<\/p>\n","protected":false},"author":3,"featured_media":106041,"comment_status":"closed","ping_status":"closed","sticky":false,"template":"","format":"standard","meta":{"footnotes":""},"categories":[24,26],"tags":[],"class_list":["post-106040","post","type-post","status-publish","format-standard","has-post-thumbnail","hentry","category-politica","category-sociedad"],"yoast_head":"<!-- This site is optimized with the Yoast SEO plugin v25.9 - https:\/\/yoast.com\/wordpress\/plugins\/seo\/ -->\n<title>La discapacidad una responsabilidad social - Noticias Radio Reflejos<\/title>\n<meta name=\"robots\" content=\"index, follow, max-snippet:-1, max-image-preview:large, max-video-preview:-1\" \/>\n<link rel=\"canonical\" href=\"https:\/\/www.noticiasradioreflejos.com.ar\/2021\/la-discapacidad-una-responsabilidad-social\/\" \/>\n<meta property=\"og:locale\" content=\"es_ES\" \/>\n<meta property=\"og:type\" content=\"article\" \/>\n<meta property=\"og:title\" content=\"La discapacidad una responsabilidad social - Noticias Radio Reflejos\" \/>\n<meta property=\"og:description\" content=\"En el conservatorio de m\u00fasica de nuestra ciudad, la clase de Teor\u00eda de la M\u00fasica empieza con la profesora diciendo: \u201chola a todes\u201d. Una forma de incluir, a trav\u00e9s del discurso, que entra en contradicci\u00f3n con el hecho de que las sedes del conservatorio de M\u00fasica de Bah\u00eda Blanca, no cuentan con ascensor, incumpliendo la [&hellip;]\" \/>\n<meta property=\"og:url\" content=\"https:\/\/www.noticiasradioreflejos.com.ar\/2021\/la-discapacidad-una-responsabilidad-social\/\" \/>\n<meta property=\"og:site_name\" content=\"Noticias Radio Reflejos\" \/>\n<meta property=\"article:published_time\" content=\"2024-08-09T00:22:01+00:00\" \/>\n<meta property=\"og:image\" content=\"https:\/\/www.noticiasradioreflejos.com.ar\/2021\/wp-content\/uploads\/2024\/08\/Dykan-3.jpeg\" \/>\n\t<meta property=\"og:image:width\" content=\"1600\" \/>\n\t<meta property=\"og:image:height\" content=\"900\" \/>\n\t<meta property=\"og:image:type\" content=\"image\/jpeg\" \/>\n<meta name=\"author\" content=\"Arnaldo Botto\" \/>\n<meta name=\"twitter:card\" content=\"summary_large_image\" \/>\n<script type=\"application\/ld+json\" class=\"yoast-schema-graph\">{\"@context\":\"https:\/\/schema.org\",\"@graph\":[{\"@type\":\"WebPage\",\"@id\":\"https:\/\/www.noticiasradioreflejos.com.ar\/2021\/la-discapacidad-una-responsabilidad-social\/\",\"url\":\"https:\/\/www.noticiasradioreflejos.com.ar\/2021\/la-discapacidad-una-responsabilidad-social\/\",\"name\":\"La discapacidad una responsabilidad social - Noticias Radio Reflejos\",\"isPartOf\":{\"@id\":\"https:\/\/www.noticiasradioreflejos.com.ar\/2021\/#website\"},\"primaryImageOfPage\":{\"@id\":\"https:\/\/www.noticiasradioreflejos.com.ar\/2021\/la-discapacidad-una-responsabilidad-social\/#primaryimage\"},\"image\":{\"@id\":\"https:\/\/www.noticiasradioreflejos.com.ar\/2021\/la-discapacidad-una-responsabilidad-social\/#primaryimage\"},\"thumbnailUrl\":\"https:\/\/www.noticiasradioreflejos.com.ar\/2021\/wp-content\/uploads\/2024\/08\/Dykan-3.jpeg\",\"datePublished\":\"2024-08-09T00:22:01+00:00\",\"author\":{\"@id\":\"https:\/\/www.noticiasradioreflejos.com.ar\/2021\/#\/schema\/person\/ad82545263dcc5ec0996818884fd5fb1\"},\"breadcrumb\":{\"@id\":\"https:\/\/www.noticiasradioreflejos.com.ar\/2021\/la-discapacidad-una-responsabilidad-social\/#breadcrumb\"},\"inLanguage\":\"es\",\"potentialAction\":[{\"@type\":\"ReadAction\",\"target\":[\"https:\/\/www.noticiasradioreflejos.com.ar\/2021\/la-discapacidad-una-responsabilidad-social\/\"]}]},{\"@type\":\"ImageObject\",\"inLanguage\":\"es\",\"@id\":\"https:\/\/www.noticiasradioreflejos.com.ar\/2021\/la-discapacidad-una-responsabilidad-social\/#primaryimage\",\"url\":\"https:\/\/www.noticiasradioreflejos.com.ar\/2021\/wp-content\/uploads\/2024\/08\/Dykan-3.jpeg\",\"contentUrl\":\"https:\/\/www.noticiasradioreflejos.com.ar\/2021\/wp-content\/uploads\/2024\/08\/Dykan-3.jpeg\",\"width\":1600,\"height\":900},{\"@type\":\"BreadcrumbList\",\"@id\":\"https:\/\/www.noticiasradioreflejos.com.ar\/2021\/la-discapacidad-una-responsabilidad-social\/#breadcrumb\",\"itemListElement\":[{\"@type\":\"ListItem\",\"position\":1,\"name\":\"Portada\",\"item\":\"https:\/\/www.noticiasradioreflejos.com.ar\/2021\/\"},{\"@type\":\"ListItem\",\"position\":2,\"name\":\"La discapacidad una responsabilidad social\"}]},{\"@type\":\"WebSite\",\"@id\":\"https:\/\/www.noticiasradioreflejos.com.ar\/2021\/#website\",\"url\":\"https:\/\/www.noticiasradioreflejos.com.ar\/2021\/\",\"name\":\"Noticias Radio Reflejos\",\"description\":\"Las noticias de mi comarca\",\"potentialAction\":[{\"@type\":\"SearchAction\",\"target\":{\"@type\":\"EntryPoint\",\"urlTemplate\":\"https:\/\/www.noticiasradioreflejos.com.ar\/2021\/?s={search_term_string}\"},\"query-input\":{\"@type\":\"PropertyValueSpecification\",\"valueRequired\":true,\"valueName\":\"search_term_string\"}}],\"inLanguage\":\"es\"},{\"@type\":\"Person\",\"@id\":\"https:\/\/www.noticiasradioreflejos.com.ar\/2021\/#\/schema\/person\/ad82545263dcc5ec0996818884fd5fb1\",\"name\":\"Arnaldo Botto\",\"image\":{\"@type\":\"ImageObject\",\"inLanguage\":\"es\",\"@id\":\"https:\/\/www.noticiasradioreflejos.com.ar\/2021\/#\/schema\/person\/image\/\",\"url\":\"https:\/\/secure.gravatar.com\/avatar\/55cb5e37c1efa326397366e6974cb338056df65cb50e7d64d1cf314e87504837?s=96&d=mm&r=g\",\"contentUrl\":\"https:\/\/secure.gravatar.com\/avatar\/55cb5e37c1efa326397366e6974cb338056df65cb50e7d64d1cf314e87504837?s=96&d=mm&r=g\",\"caption\":\"Arnaldo Botto\"},\"url\":\"https:\/\/www.noticiasradioreflejos.com.ar\/2021\/author\/arnaldo\/\"}]}<\/script>\n<!-- \/ Yoast SEO plugin. -->","yoast_head_json":{"title":"La discapacidad una responsabilidad social - Noticias Radio Reflejos","robots":{"index":"index","follow":"follow","max-snippet":"max-snippet:-1","max-image-preview":"max-image-preview:large","max-video-preview":"max-video-preview:-1"},"canonical":"https:\/\/www.noticiasradioreflejos.com.ar\/2021\/la-discapacidad-una-responsabilidad-social\/","og_locale":"es_ES","og_type":"article","og_title":"La discapacidad una responsabilidad social - Noticias Radio Reflejos","og_description":"En el conservatorio de m\u00fasica de nuestra ciudad, la clase de Teor\u00eda de la M\u00fasica empieza con la profesora diciendo: \u201chola a todes\u201d. Una forma de incluir, a trav\u00e9s del discurso, que entra en contradicci\u00f3n con el hecho de que las sedes del conservatorio de M\u00fasica de Bah\u00eda Blanca, no cuentan con ascensor, incumpliendo la [&hellip;]","og_url":"https:\/\/www.noticiasradioreflejos.com.ar\/2021\/la-discapacidad-una-responsabilidad-social\/","og_site_name":"Noticias Radio Reflejos","article_published_time":"2024-08-09T00:22:01+00:00","og_image":[{"width":1600,"height":900,"url":"https:\/\/www.noticiasradioreflejos.com.ar\/2021\/wp-content\/uploads\/2024\/08\/Dykan-3.jpeg","type":"image\/jpeg"}],"author":"Arnaldo Botto","twitter_card":"summary_large_image","schema":{"@context":"https:\/\/schema.org","@graph":[{"@type":"WebPage","@id":"https:\/\/www.noticiasradioreflejos.com.ar\/2021\/la-discapacidad-una-responsabilidad-social\/","url":"https:\/\/www.noticiasradioreflejos.com.ar\/2021\/la-discapacidad-una-responsabilidad-social\/","name":"La discapacidad una responsabilidad social - Noticias Radio Reflejos","isPartOf":{"@id":"https:\/\/www.noticiasradioreflejos.com.ar\/2021\/#website"},"primaryImageOfPage":{"@id":"https:\/\/www.noticiasradioreflejos.com.ar\/2021\/la-discapacidad-una-responsabilidad-social\/#primaryimage"},"image":{"@id":"https:\/\/www.noticiasradioreflejos.com.ar\/2021\/la-discapacidad-una-responsabilidad-social\/#primaryimage"},"thumbnailUrl":"https:\/\/www.noticiasradioreflejos.com.ar\/2021\/wp-content\/uploads\/2024\/08\/Dykan-3.jpeg","datePublished":"2024-08-09T00:22:01+00:00","author":{"@id":"https:\/\/www.noticiasradioreflejos.com.ar\/2021\/#\/schema\/person\/ad82545263dcc5ec0996818884fd5fb1"},"breadcrumb":{"@id":"https:\/\/www.noticiasradioreflejos.com.ar\/2021\/la-discapacidad-una-responsabilidad-social\/#breadcrumb"},"inLanguage":"es","potentialAction":[{"@type":"ReadAction","target":["https:\/\/www.noticiasradioreflejos.com.ar\/2021\/la-discapacidad-una-responsabilidad-social\/"]}]},{"@type":"ImageObject","inLanguage":"es","@id":"https:\/\/www.noticiasradioreflejos.com.ar\/2021\/la-discapacidad-una-responsabilidad-social\/#primaryimage","url":"https:\/\/www.noticiasradioreflejos.com.ar\/2021\/wp-content\/uploads\/2024\/08\/Dykan-3.jpeg","contentUrl":"https:\/\/www.noticiasradioreflejos.com.ar\/2021\/wp-content\/uploads\/2024\/08\/Dykan-3.jpeg","width":1600,"height":900},{"@type":"BreadcrumbList","@id":"https:\/\/www.noticiasradioreflejos.com.ar\/2021\/la-discapacidad-una-responsabilidad-social\/#breadcrumb","itemListElement":[{"@type":"ListItem","position":1,"name":"Portada","item":"https:\/\/www.noticiasradioreflejos.com.ar\/2021\/"},{"@type":"ListItem","position":2,"name":"La discapacidad una responsabilidad social"}]},{"@type":"WebSite","@id":"https:\/\/www.noticiasradioreflejos.com.ar\/2021\/#website","url":"https:\/\/www.noticiasradioreflejos.com.ar\/2021\/","name":"Noticias Radio Reflejos","description":"Las noticias de mi comarca","potentialAction":[{"@type":"SearchAction","target":{"@type":"EntryPoint","urlTemplate":"https:\/\/www.noticiasradioreflejos.com.ar\/2021\/?s={search_term_string}"},"query-input":{"@type":"PropertyValueSpecification","valueRequired":true,"valueName":"search_term_string"}}],"inLanguage":"es"},{"@type":"Person","@id":"https:\/\/www.noticiasradioreflejos.com.ar\/2021\/#\/schema\/person\/ad82545263dcc5ec0996818884fd5fb1","name":"Arnaldo Botto","image":{"@type":"ImageObject","inLanguage":"es","@id":"https:\/\/www.noticiasradioreflejos.com.ar\/2021\/#\/schema\/person\/image\/","url":"https:\/\/secure.gravatar.com\/avatar\/55cb5e37c1efa326397366e6974cb338056df65cb50e7d64d1cf314e87504837?s=96&d=mm&r=g","contentUrl":"https:\/\/secure.gravatar.com\/avatar\/55cb5e37c1efa326397366e6974cb338056df65cb50e7d64d1cf314e87504837?s=96&d=mm&r=g","caption":"Arnaldo Botto"},"url":"https:\/\/www.noticiasradioreflejos.com.ar\/2021\/author\/arnaldo\/"}]}},"_links":{"self":[{"href":"https:\/\/www.noticiasradioreflejos.com.ar\/2021\/wp-json\/wp\/v2\/posts\/106040","targetHints":{"allow":["GET"]}}],"collection":[{"href":"https:\/\/www.noticiasradioreflejos.com.ar\/2021\/wp-json\/wp\/v2\/posts"}],"about":[{"href":"https:\/\/www.noticiasradioreflejos.com.ar\/2021\/wp-json\/wp\/v2\/types\/post"}],"author":[{"embeddable":true,"href":"https:\/\/www.noticiasradioreflejos.com.ar\/2021\/wp-json\/wp\/v2\/users\/3"}],"replies":[{"embeddable":true,"href":"https:\/\/www.noticiasradioreflejos.com.ar\/2021\/wp-json\/wp\/v2\/comments?post=106040"}],"version-history":[{"count":1,"href":"https:\/\/www.noticiasradioreflejos.com.ar\/2021\/wp-json\/wp\/v2\/posts\/106040\/revisions"}],"predecessor-version":[{"id":106042,"href":"https:\/\/www.noticiasradioreflejos.com.ar\/2021\/wp-json\/wp\/v2\/posts\/106040\/revisions\/106042"}],"wp:featuredmedia":[{"embeddable":true,"href":"https:\/\/www.noticiasradioreflejos.com.ar\/2021\/wp-json\/wp\/v2\/media\/106041"}],"wp:attachment":[{"href":"https:\/\/www.noticiasradioreflejos.com.ar\/2021\/wp-json\/wp\/v2\/media?parent=106040"}],"wp:term":[{"taxonomy":"category","embeddable":true,"href":"https:\/\/www.noticiasradioreflejos.com.ar\/2021\/wp-json\/wp\/v2\/categories?post=106040"},{"taxonomy":"post_tag","embeddable":true,"href":"https:\/\/www.noticiasradioreflejos.com.ar\/2021\/wp-json\/wp\/v2\/tags?post=106040"}],"curies":[{"name":"wp","href":"https:\/\/api.w.org\/{rel}","templated":true}]}}