{"id":10600,"date":"2017-05-29T16:09:11","date_gmt":"2017-05-29T19:09:11","guid":{"rendered":"http:\/\/noticiasradioreflejos.com.ar\/noticias\/?p=10600"},"modified":"2017-05-29T16:09:11","modified_gmt":"2017-05-29T19:09:11","slug":"geronimo-kugler-de-automoto-a-lanus","status":"publish","type":"post","link":"https:\/\/www.noticiasradioreflejos.com.ar\/2021\/geronimo-kugler-de-automoto-a-lanus\/","title":{"rendered":"Ger\u00f3nimo Kugler, de Automoto a Lan\u00fas"},"content":{"rendered":"<p>Una experiencia \u00fanica, con la cual sue\u00f1an todos los chicos que practican el deporte m\u00e1s popular del planeta, vivi\u00f3 Ger\u00f3nimo Kugler durante la \u00faltima semana. El jugador integrante de las divisiones inferiores del Automoto Club Deportivo entren\u00f3 en el Club Atl\u00e9tico Lan\u00fas, una de las entidades con mayor prestigio del f\u00fatbol argentino.<!--more--><br \/>\nLa posibilidad de cumplir con este anhelo se gest\u00f3 20 d\u00edas antes, cuando el delantero \u2013categor\u00eda 2006&#8211; particip\u00f3 de una prueba que la instituci\u00f3n \u201cgranate\u201d realiz\u00f3 en Coronel Su\u00e1rez.<br \/>\nLa actuaci\u00f3n desarrollada en ese encuentro fue clave. Los ojos de los entrenadores se posaron sobre Ger\u00f3nimo, que fue convocado para continuar con una evaluaci\u00f3n m\u00e1s exhaustiva y extensa, en las instalaciones del Gran Buenos Aires.<br \/>\nLa experiencia se llev\u00f3 a cabo durante tres d\u00edas, en los cuales particip\u00f3 de cada uno de los entrenamientos de la divisional 2006, que tiene un t\u00edtulo de AFA entre sus pergaminos, bajo la supervisi\u00f3n de los diferentes entrenadores, entre ellos el coordinador general de las inferiores de Lan\u00fas, Ariel Paolorossi.<br \/>\nLa buena noticia es que Ger\u00f3nimo deber\u00e1 regresar a practicar, en lo posible, una vez por mes, para continuar con su per\u00edodo de adaptaci\u00f3n, dado que a\u00fan es chico de edad para ingresar a la pensi\u00f3n.<br \/>\n\u201cEstoy muy contento. Me gustaron mucho los entrenamientos y c\u00f3mo nos ense\u00f1aban los profes. Me trataron muy bien\u201d, coment\u00f3 el jugador, quien estuvo acompa\u00f1ado por su pap\u00e1 Mauricio, coordinador de las inferiores de Automoto.<br \/>\n\u201cEntrenamos dos horas por d\u00eda. Me llam\u00f3 la atenci\u00f3n la cantidad de chicos que juegan muy bien y que siempre juegan a dos toques\u201d, afirm\u00f3.<br \/>\nAdem\u00e1s de participar de las pr\u00e1cticas, Ger\u00f3nimo pudo recorrer las instalaciones \u2013tanto \u00e9l como su pap\u00e1 se hospedaron en el lugar\u2014 y observar el entrenamiento de la Primera Divisi\u00f3n que conduce Jorge Almir\u00f3n.<br \/>\n\u201cTienen muy lindas canchas, la pensi\u00f3n en muy c\u00f3moda y el predio muy grande\u201d, cont\u00f3.<br \/>\nIncluso, fue sometido a una evaluaci\u00f3n f\u00edsica y a otra nutricional en los consultorios que Lan\u00fas posee para sus jugadores.<br \/>\nGer\u00f3nimo Kugler integra la Octava divisi\u00f3n del Automoto Club Deportivo, que marcha segunda en la tabla de posiciones de la Zona \u201cC\u201d del torneo que organiza la Liga Regional de F\u00fatbol de Coronel Su\u00e1rez. Es el goleador del equipo, y uno de los m\u00e1ximos artilleros del certamen, con 8 conquistas en 6 partidos.<br \/>\nSin dudas que la experiencia que vivi\u00f3 en los \u00faltimos d\u00edas ser\u00e1 inolvidable, aunque seguramente ser\u00e1 la primera estaci\u00f3n de un recorrido que tendr\u00e1 continuidad en el futuro.<\/p>\n","protected":false},"excerpt":{"rendered":"<p>Una experiencia \u00fanica, con la cual sue\u00f1an todos los chicos que practican el deporte m\u00e1s popular del planeta, vivi\u00f3 Ger\u00f3nimo Kugler durante la \u00faltima semana. El jugador integrante de las divisiones inferiores del Automoto Club Deportivo entren\u00f3 en el Club Atl\u00e9tico Lan\u00fas, una de las entidades con mayor prestigio del f\u00fatbol argentino.<\/p>\n","protected":false},"author":3,"featured_media":0,"comment_status":"closed","ping_status":"open","sticky":false,"template":"","format":"standard","meta":{"footnotes":""},"categories":[27],"tags":[],"class_list":["post-10600","post","type-post","status-publish","format-standard","hentry","category-deportes"],"yoast_head":"<!-- This site is optimized with the Yoast SEO plugin v25.9 - https:\/\/yoast.com\/wordpress\/plugins\/seo\/ -->\n<title>Ger\u00f3nimo Kugler, de Automoto a Lan\u00fas - Noticias Radio Reflejos<\/title>\n<meta name=\"robots\" content=\"index, follow, max-snippet:-1, max-image-preview:large, max-video-preview:-1\" \/>\n<link rel=\"canonical\" href=\"https:\/\/www.noticiasradioreflejos.com.ar\/2021\/geronimo-kugler-de-automoto-a-lanus\/\" \/>\n<meta property=\"og:locale\" content=\"es_ES\" \/>\n<meta property=\"og:type\" content=\"article\" \/>\n<meta property=\"og:title\" content=\"Ger\u00f3nimo Kugler, de Automoto a Lan\u00fas - Noticias Radio Reflejos\" \/>\n<meta property=\"og:description\" content=\"Una experiencia \u00fanica, con la cual sue\u00f1an todos los chicos que practican el deporte m\u00e1s popular del planeta, vivi\u00f3 Ger\u00f3nimo Kugler durante la \u00faltima semana. El jugador integrante de las divisiones inferiores del Automoto Club Deportivo entren\u00f3 en el Club Atl\u00e9tico Lan\u00fas, una de las entidades con mayor prestigio del f\u00fatbol argentino.\" \/>\n<meta property=\"og:url\" content=\"https:\/\/www.noticiasradioreflejos.com.ar\/2021\/geronimo-kugler-de-automoto-a-lanus\/\" \/>\n<meta property=\"og:site_name\" content=\"Noticias Radio Reflejos\" \/>\n<meta property=\"article:published_time\" content=\"2017-05-29T19:09:11+00:00\" \/>\n<meta property=\"og:image\" content=\"https:\/\/www.noticiasradioreflejos.com.ar\/2021\/wp-content\/uploads\/2021\/07\/logosol300x200.png\" \/>\n\t<meta property=\"og:image:width\" content=\"300\" \/>\n\t<meta property=\"og:image:height\" content=\"200\" \/>\n\t<meta property=\"og:image:type\" content=\"image\/png\" \/>\n<meta name=\"author\" content=\"Arnaldo Botto\" \/>\n<meta name=\"twitter:card\" content=\"summary_large_image\" \/>\n<script type=\"application\/ld+json\" class=\"yoast-schema-graph\">{\"@context\":\"https:\/\/schema.org\",\"@graph\":[{\"@type\":\"WebPage\",\"@id\":\"https:\/\/www.noticiasradioreflejos.com.ar\/2021\/geronimo-kugler-de-automoto-a-lanus\/\",\"url\":\"https:\/\/www.noticiasradioreflejos.com.ar\/2021\/geronimo-kugler-de-automoto-a-lanus\/\",\"name\":\"Ger\u00f3nimo Kugler, de Automoto a Lan\u00fas - Noticias Radio Reflejos\",\"isPartOf\":{\"@id\":\"https:\/\/www.noticiasradioreflejos.com.ar\/2021\/#website\"},\"datePublished\":\"2017-05-29T19:09:11+00:00\",\"author\":{\"@id\":\"https:\/\/www.noticiasradioreflejos.com.ar\/2021\/#\/schema\/person\/ad82545263dcc5ec0996818884fd5fb1\"},\"breadcrumb\":{\"@id\":\"https:\/\/www.noticiasradioreflejos.com.ar\/2021\/geronimo-kugler-de-automoto-a-lanus\/#breadcrumb\"},\"inLanguage\":\"es\",\"potentialAction\":[{\"@type\":\"ReadAction\",\"target\":[\"https:\/\/www.noticiasradioreflejos.com.ar\/2021\/geronimo-kugler-de-automoto-a-lanus\/\"]}]},{\"@type\":\"BreadcrumbList\",\"@id\":\"https:\/\/www.noticiasradioreflejos.com.ar\/2021\/geronimo-kugler-de-automoto-a-lanus\/#breadcrumb\",\"itemListElement\":[{\"@type\":\"ListItem\",\"position\":1,\"name\":\"Portada\",\"item\":\"https:\/\/www.noticiasradioreflejos.com.ar\/2021\/\"},{\"@type\":\"ListItem\",\"position\":2,\"name\":\"Ger\u00f3nimo Kugler, de Automoto a Lan\u00fas\"}]},{\"@type\":\"WebSite\",\"@id\":\"https:\/\/www.noticiasradioreflejos.com.ar\/2021\/#website\",\"url\":\"https:\/\/www.noticiasradioreflejos.com.ar\/2021\/\",\"name\":\"Noticias Radio Reflejos\",\"description\":\"Las noticias de mi comarca\",\"potentialAction\":[{\"@type\":\"SearchAction\",\"target\":{\"@type\":\"EntryPoint\",\"urlTemplate\":\"https:\/\/www.noticiasradioreflejos.com.ar\/2021\/?s={search_term_string}\"},\"query-input\":{\"@type\":\"PropertyValueSpecification\",\"valueRequired\":true,\"valueName\":\"search_term_string\"}}],\"inLanguage\":\"es\"},{\"@type\":\"Person\",\"@id\":\"https:\/\/www.noticiasradioreflejos.com.ar\/2021\/#\/schema\/person\/ad82545263dcc5ec0996818884fd5fb1\",\"name\":\"Arnaldo Botto\",\"image\":{\"@type\":\"ImageObject\",\"inLanguage\":\"es\",\"@id\":\"https:\/\/www.noticiasradioreflejos.com.ar\/2021\/#\/schema\/person\/image\/\",\"url\":\"https:\/\/secure.gravatar.com\/avatar\/55cb5e37c1efa326397366e6974cb338056df65cb50e7d64d1cf314e87504837?s=96&d=mm&r=g\",\"contentUrl\":\"https:\/\/secure.gravatar.com\/avatar\/55cb5e37c1efa326397366e6974cb338056df65cb50e7d64d1cf314e87504837?s=96&d=mm&r=g\",\"caption\":\"Arnaldo Botto\"},\"url\":\"https:\/\/www.noticiasradioreflejos.com.ar\/2021\/author\/arnaldo\/\"}]}<\/script>\n<!-- \/ Yoast SEO plugin. -->","yoast_head_json":{"title":"Ger\u00f3nimo Kugler, de Automoto a Lan\u00fas - Noticias Radio Reflejos","robots":{"index":"index","follow":"follow","max-snippet":"max-snippet:-1","max-image-preview":"max-image-preview:large","max-video-preview":"max-video-preview:-1"},"canonical":"https:\/\/www.noticiasradioreflejos.com.ar\/2021\/geronimo-kugler-de-automoto-a-lanus\/","og_locale":"es_ES","og_type":"article","og_title":"Ger\u00f3nimo Kugler, de Automoto a Lan\u00fas - Noticias Radio Reflejos","og_description":"Una experiencia \u00fanica, con la cual sue\u00f1an todos los chicos que practican el deporte m\u00e1s popular del planeta, vivi\u00f3 Ger\u00f3nimo Kugler durante la \u00faltima semana. El jugador integrante de las divisiones inferiores del Automoto Club Deportivo entren\u00f3 en el Club Atl\u00e9tico Lan\u00fas, una de las entidades con mayor prestigio del f\u00fatbol argentino.","og_url":"https:\/\/www.noticiasradioreflejos.com.ar\/2021\/geronimo-kugler-de-automoto-a-lanus\/","og_site_name":"Noticias Radio Reflejos","article_published_time":"2017-05-29T19:09:11+00:00","og_image":[{"width":300,"height":200,"url":"https:\/\/www.noticiasradioreflejos.com.ar\/2021\/wp-content\/uploads\/2021\/07\/logosol300x200.png","type":"image\/png"}],"author":"Arnaldo Botto","twitter_card":"summary_large_image","schema":{"@context":"https:\/\/schema.org","@graph":[{"@type":"WebPage","@id":"https:\/\/www.noticiasradioreflejos.com.ar\/2021\/geronimo-kugler-de-automoto-a-lanus\/","url":"https:\/\/www.noticiasradioreflejos.com.ar\/2021\/geronimo-kugler-de-automoto-a-lanus\/","name":"Ger\u00f3nimo Kugler, de Automoto a Lan\u00fas - Noticias Radio Reflejos","isPartOf":{"@id":"https:\/\/www.noticiasradioreflejos.com.ar\/2021\/#website"},"datePublished":"2017-05-29T19:09:11+00:00","author":{"@id":"https:\/\/www.noticiasradioreflejos.com.ar\/2021\/#\/schema\/person\/ad82545263dcc5ec0996818884fd5fb1"},"breadcrumb":{"@id":"https:\/\/www.noticiasradioreflejos.com.ar\/2021\/geronimo-kugler-de-automoto-a-lanus\/#breadcrumb"},"inLanguage":"es","potentialAction":[{"@type":"ReadAction","target":["https:\/\/www.noticiasradioreflejos.com.ar\/2021\/geronimo-kugler-de-automoto-a-lanus\/"]}]},{"@type":"BreadcrumbList","@id":"https:\/\/www.noticiasradioreflejos.com.ar\/2021\/geronimo-kugler-de-automoto-a-lanus\/#breadcrumb","itemListElement":[{"@type":"ListItem","position":1,"name":"Portada","item":"https:\/\/www.noticiasradioreflejos.com.ar\/2021\/"},{"@type":"ListItem","position":2,"name":"Ger\u00f3nimo Kugler, de Automoto a Lan\u00fas"}]},{"@type":"WebSite","@id":"https:\/\/www.noticiasradioreflejos.com.ar\/2021\/#website","url":"https:\/\/www.noticiasradioreflejos.com.ar\/2021\/","name":"Noticias Radio Reflejos","description":"Las noticias de mi comarca","potentialAction":[{"@type":"SearchAction","target":{"@type":"EntryPoint","urlTemplate":"https:\/\/www.noticiasradioreflejos.com.ar\/2021\/?s={search_term_string}"},"query-input":{"@type":"PropertyValueSpecification","valueRequired":true,"valueName":"search_term_string"}}],"inLanguage":"es"},{"@type":"Person","@id":"https:\/\/www.noticiasradioreflejos.com.ar\/2021\/#\/schema\/person\/ad82545263dcc5ec0996818884fd5fb1","name":"Arnaldo Botto","image":{"@type":"ImageObject","inLanguage":"es","@id":"https:\/\/www.noticiasradioreflejos.com.ar\/2021\/#\/schema\/person\/image\/","url":"https:\/\/secure.gravatar.com\/avatar\/55cb5e37c1efa326397366e6974cb338056df65cb50e7d64d1cf314e87504837?s=96&d=mm&r=g","contentUrl":"https:\/\/secure.gravatar.com\/avatar\/55cb5e37c1efa326397366e6974cb338056df65cb50e7d64d1cf314e87504837?s=96&d=mm&r=g","caption":"Arnaldo Botto"},"url":"https:\/\/www.noticiasradioreflejos.com.ar\/2021\/author\/arnaldo\/"}]}},"_links":{"self":[{"href":"https:\/\/www.noticiasradioreflejos.com.ar\/2021\/wp-json\/wp\/v2\/posts\/10600","targetHints":{"allow":["GET"]}}],"collection":[{"href":"https:\/\/www.noticiasradioreflejos.com.ar\/2021\/wp-json\/wp\/v2\/posts"}],"about":[{"href":"https:\/\/www.noticiasradioreflejos.com.ar\/2021\/wp-json\/wp\/v2\/types\/post"}],"author":[{"embeddable":true,"href":"https:\/\/www.noticiasradioreflejos.com.ar\/2021\/wp-json\/wp\/v2\/users\/3"}],"replies":[{"embeddable":true,"href":"https:\/\/www.noticiasradioreflejos.com.ar\/2021\/wp-json\/wp\/v2\/comments?post=10600"}],"version-history":[{"count":0,"href":"https:\/\/www.noticiasradioreflejos.com.ar\/2021\/wp-json\/wp\/v2\/posts\/10600\/revisions"}],"wp:attachment":[{"href":"https:\/\/www.noticiasradioreflejos.com.ar\/2021\/wp-json\/wp\/v2\/media?parent=10600"}],"wp:term":[{"taxonomy":"category","embeddable":true,"href":"https:\/\/www.noticiasradioreflejos.com.ar\/2021\/wp-json\/wp\/v2\/categories?post=10600"},{"taxonomy":"post_tag","embeddable":true,"href":"https:\/\/www.noticiasradioreflejos.com.ar\/2021\/wp-json\/wp\/v2\/tags?post=10600"}],"curies":[{"name":"wp","href":"https:\/\/api.w.org\/{rel}","templated":true}]}}