{"id":105955,"date":"2024-08-07T07:47:59","date_gmt":"2024-08-07T10:47:59","guid":{"rendered":"https:\/\/www.noticiasradioreflejos.com.ar\/2021\/?p=105955"},"modified":"2024-08-07T07:48:00","modified_gmt":"2024-08-07T10:48:00","slug":"las-universidades-publicas-haran-un-paro-el-proximo-12-de-agosto-y-no-iniciaran-las-clases","status":"publish","type":"post","link":"https:\/\/www.noticiasradioreflejos.com.ar\/2021\/las-universidades-publicas-haran-un-paro-el-proximo-12-de-agosto-y-no-iniciaran-las-clases\/","title":{"rendered":"Las universidades p\u00fablicas har\u00e1n un paro el pr\u00f3ximo 12 de agosto y no iniciar\u00e1n las clases"},"content":{"rendered":"<p>Adem\u00e1s, habr\u00e1 un cese de actividades los d\u00edas 20 y 21 de este mes.<!--more--><\/p>\n<p>&nbsp;<\/p>\n<p><a href=\"https:\/\/www.noticiasradioreflejos.com.ar\/2021\/las-universidades-publicas-haran-un-paro-el-proximo-12-de-agosto-y-no-iniciaran-las-clases\/manifestacion-en-apoyo-a-la-marcha-universitaria-en-mar-del-plata\/\" rel=\"attachment wp-att-105956\"><img loading=\"lazy\" decoding=\"async\" src=\"https:\/\/www.noticiasradioreflejos.com.ar\/2021\/wp-content\/uploads\/2024\/08\/manifestacion-en-apoyo-a-la-Marcha-Universitaria-en-Mar-del-Plata.jpg\" alt=\"\" width=\"540\" height=\"360\" class=\"aligncenter size-full wp-image-105956\" \/><\/a><br \/>\n&nbsp;<\/p>\n<p><em>Multitudinaria manifestaci\u00f3n en apoyo a la Marcha Universitaria en Mar del Plata. (Foto NA Jos\u00e9 Scalzo).<\/em><\/p>\n<div class=\"article-body\" data-tadevel-template=\"web\/article-body\">\n<div class=\"article-body-content\">\n<p>&nbsp;<\/p>\n<p>&nbsp;<\/p>\n<p>El Frente Sindical de\u00a0<a href=\"https:\/\/noticiasargentinas.com\/economia\/-_a66afb08e61aa90268457382a\"><strong>Universidades<\/strong><\/a>\u00a0Nacionales anunci\u00f3 hoy un\u00a0<strong>paro de 24 horas para el pr\u00f3ximo lunes 12 de agosto como estaba pautado,<\/strong>\u00a0y no empezar\u00e1 con normalidad el segundo cuatrimestre.<\/p>\n<p>Al mismo tiempo, la entidad inform\u00f3 que habr\u00e1 un\u00a0<strong>cese de actividades previstas para el 20 y 21 de este mes.<\/strong><\/p>\n<p>La medida de fuerza se realizar\u00e1 en se\u00f1al de protesta frente a la\u00a0<strong>\u00abcr\u00edtica situaci\u00f3n\u00bb\u00a0<\/strong>de los sueldos de los docentes y no docentes, mientras que solicitaron a los rectores de las distintas facultades decretar la emergencia salarial en todas las universidades p\u00fablicas.<\/p>\n<p>En este sentido, pidieron a las casas de estudio que participen de un plenario del Consejo Interuniversitario Nacional (CIN), que se llevar\u00e1 a cabo en La Pampa el 30 de agosto, en el que, en caso de no recibir una respuesta, se determinar\u00e1 la fecha para otra manifestaci\u00f3n universitaria, al igual que la marcha organizada el pasado 30 de abril en distintos puntos del pa\u00eds.<\/p>\n<p>El secretario general del sindicato, Daniel Ricci, afirm\u00f3:\u00a0<strong>\u00abDesde que asumi\u00f3 el presidente Javier Milei los trabajadores docentes y no docentes perdieron m\u00e1s del 50% del salario frente a la inflaci\u00f3n\u00bb.<\/strong><\/p>\n<p>Adem\u00e1s, a\u00f1adi\u00f3 que tras una reuni\u00f3n con la ministra de Capital Humano de la Naci\u00f3n, Sandra Pettovello, hasta ahora, no obtuvieron respuesta.<\/p>\n<\/div>\n<\/div>\n","protected":false},"excerpt":{"rendered":"<p>Adem\u00e1s, habr\u00e1 un cese de actividades los d\u00edas 20 y 21 de este mes.<\/p>\n","protected":false},"author":3,"featured_media":0,"comment_status":"closed","ping_status":"closed","sticky":false,"template":"","format":"standard","meta":{"footnotes":""},"categories":[24],"tags":[],"class_list":["post-105955","post","type-post","status-publish","format-standard","hentry","category-politica"],"yoast_head":"<!-- This site is optimized with the Yoast SEO plugin v25.9 - https:\/\/yoast.com\/wordpress\/plugins\/seo\/ -->\n<title>Las universidades p\u00fablicas har\u00e1n un paro el pr\u00f3ximo 12 de agosto y no iniciar\u00e1n las clases - Noticias Radio Reflejos<\/title>\n<meta name=\"robots\" content=\"index, follow, max-snippet:-1, max-image-preview:large, max-video-preview:-1\" \/>\n<link rel=\"canonical\" href=\"https:\/\/www.noticiasradioreflejos.com.ar\/2021\/las-universidades-publicas-haran-un-paro-el-proximo-12-de-agosto-y-no-iniciaran-las-clases\/\" \/>\n<meta property=\"og:locale\" content=\"es_ES\" \/>\n<meta property=\"og:type\" content=\"article\" \/>\n<meta property=\"og:title\" content=\"Las universidades p\u00fablicas har\u00e1n un paro el pr\u00f3ximo 12 de agosto y no iniciar\u00e1n las clases - Noticias Radio Reflejos\" \/>\n<meta property=\"og:description\" content=\"Adem\u00e1s, habr\u00e1 un cese de actividades los d\u00edas 20 y 21 de este mes.\" \/>\n<meta property=\"og:url\" content=\"https:\/\/www.noticiasradioreflejos.com.ar\/2021\/las-universidades-publicas-haran-un-paro-el-proximo-12-de-agosto-y-no-iniciaran-las-clases\/\" \/>\n<meta property=\"og:site_name\" content=\"Noticias Radio Reflejos\" \/>\n<meta property=\"article:published_time\" content=\"2024-08-07T10:47:59+00:00\" \/>\n<meta property=\"article:modified_time\" content=\"2024-08-07T10:48:00+00:00\" \/>\n<meta property=\"og:image\" content=\"https:\/\/www.noticiasradioreflejos.com.ar\/2021\/wp-content\/uploads\/2024\/08\/manifestacion-en-apoyo-a-la-Marcha-Universitaria-en-Mar-del-Plata.jpg\" \/>\n<meta name=\"author\" content=\"Arnaldo Botto\" \/>\n<meta name=\"twitter:card\" content=\"summary_large_image\" \/>\n<script type=\"application\/ld+json\" class=\"yoast-schema-graph\">{\"@context\":\"https:\/\/schema.org\",\"@graph\":[{\"@type\":\"WebPage\",\"@id\":\"https:\/\/www.noticiasradioreflejos.com.ar\/2021\/las-universidades-publicas-haran-un-paro-el-proximo-12-de-agosto-y-no-iniciaran-las-clases\/\",\"url\":\"https:\/\/www.noticiasradioreflejos.com.ar\/2021\/las-universidades-publicas-haran-un-paro-el-proximo-12-de-agosto-y-no-iniciaran-las-clases\/\",\"name\":\"Las universidades p\u00fablicas har\u00e1n un paro el pr\u00f3ximo 12 de agosto y no iniciar\u00e1n las clases - Noticias Radio Reflejos\",\"isPartOf\":{\"@id\":\"https:\/\/www.noticiasradioreflejos.com.ar\/2021\/#website\"},\"primaryImageOfPage\":{\"@id\":\"https:\/\/www.noticiasradioreflejos.com.ar\/2021\/las-universidades-publicas-haran-un-paro-el-proximo-12-de-agosto-y-no-iniciaran-las-clases\/#primaryimage\"},\"image\":{\"@id\":\"https:\/\/www.noticiasradioreflejos.com.ar\/2021\/las-universidades-publicas-haran-un-paro-el-proximo-12-de-agosto-y-no-iniciaran-las-clases\/#primaryimage\"},\"thumbnailUrl\":\"https:\/\/www.noticiasradioreflejos.com.ar\/2021\/wp-content\/uploads\/2024\/08\/manifestacion-en-apoyo-a-la-Marcha-Universitaria-en-Mar-del-Plata.jpg\",\"datePublished\":\"2024-08-07T10:47:59+00:00\",\"dateModified\":\"2024-08-07T10:48:00+00:00\",\"author\":{\"@id\":\"https:\/\/www.noticiasradioreflejos.com.ar\/2021\/#\/schema\/person\/ad82545263dcc5ec0996818884fd5fb1\"},\"breadcrumb\":{\"@id\":\"https:\/\/www.noticiasradioreflejos.com.ar\/2021\/las-universidades-publicas-haran-un-paro-el-proximo-12-de-agosto-y-no-iniciaran-las-clases\/#breadcrumb\"},\"inLanguage\":\"es\",\"potentialAction\":[{\"@type\":\"ReadAction\",\"target\":[\"https:\/\/www.noticiasradioreflejos.com.ar\/2021\/las-universidades-publicas-haran-un-paro-el-proximo-12-de-agosto-y-no-iniciaran-las-clases\/\"]}]},{\"@type\":\"ImageObject\",\"inLanguage\":\"es\",\"@id\":\"https:\/\/www.noticiasradioreflejos.com.ar\/2021\/las-universidades-publicas-haran-un-paro-el-proximo-12-de-agosto-y-no-iniciaran-las-clases\/#primaryimage\",\"url\":\"\",\"contentUrl\":\"\"},{\"@type\":\"BreadcrumbList\",\"@id\":\"https:\/\/www.noticiasradioreflejos.com.ar\/2021\/las-universidades-publicas-haran-un-paro-el-proximo-12-de-agosto-y-no-iniciaran-las-clases\/#breadcrumb\",\"itemListElement\":[{\"@type\":\"ListItem\",\"position\":1,\"name\":\"Portada\",\"item\":\"https:\/\/www.noticiasradioreflejos.com.ar\/2021\/\"},{\"@type\":\"ListItem\",\"position\":2,\"name\":\"Las universidades p\u00fablicas har\u00e1n un paro el pr\u00f3ximo 12 de agosto y no iniciar\u00e1n las clases\"}]},{\"@type\":\"WebSite\",\"@id\":\"https:\/\/www.noticiasradioreflejos.com.ar\/2021\/#website\",\"url\":\"https:\/\/www.noticiasradioreflejos.com.ar\/2021\/\",\"name\":\"Noticias Radio Reflejos\",\"description\":\"Las noticias de mi comarca\",\"potentialAction\":[{\"@type\":\"SearchAction\",\"target\":{\"@type\":\"EntryPoint\",\"urlTemplate\":\"https:\/\/www.noticiasradioreflejos.com.ar\/2021\/?s={search_term_string}\"},\"query-input\":{\"@type\":\"PropertyValueSpecification\",\"valueRequired\":true,\"valueName\":\"search_term_string\"}}],\"inLanguage\":\"es\"},{\"@type\":\"Person\",\"@id\":\"https:\/\/www.noticiasradioreflejos.com.ar\/2021\/#\/schema\/person\/ad82545263dcc5ec0996818884fd5fb1\",\"name\":\"Arnaldo Botto\",\"image\":{\"@type\":\"ImageObject\",\"inLanguage\":\"es\",\"@id\":\"https:\/\/www.noticiasradioreflejos.com.ar\/2021\/#\/schema\/person\/image\/\",\"url\":\"https:\/\/secure.gravatar.com\/avatar\/55cb5e37c1efa326397366e6974cb338056df65cb50e7d64d1cf314e87504837?s=96&d=mm&r=g\",\"contentUrl\":\"https:\/\/secure.gravatar.com\/avatar\/55cb5e37c1efa326397366e6974cb338056df65cb50e7d64d1cf314e87504837?s=96&d=mm&r=g\",\"caption\":\"Arnaldo Botto\"},\"url\":\"https:\/\/www.noticiasradioreflejos.com.ar\/2021\/author\/arnaldo\/\"}]}<\/script>\n<!-- \/ Yoast SEO plugin. -->","yoast_head_json":{"title":"Las universidades p\u00fablicas har\u00e1n un paro el pr\u00f3ximo 12 de agosto y no iniciar\u00e1n las clases - Noticias Radio Reflejos","robots":{"index":"index","follow":"follow","max-snippet":"max-snippet:-1","max-image-preview":"max-image-preview:large","max-video-preview":"max-video-preview:-1"},"canonical":"https:\/\/www.noticiasradioreflejos.com.ar\/2021\/las-universidades-publicas-haran-un-paro-el-proximo-12-de-agosto-y-no-iniciaran-las-clases\/","og_locale":"es_ES","og_type":"article","og_title":"Las universidades p\u00fablicas har\u00e1n un paro el pr\u00f3ximo 12 de agosto y no iniciar\u00e1n las clases - Noticias Radio Reflejos","og_description":"Adem\u00e1s, habr\u00e1 un cese de actividades los d\u00edas 20 y 21 de este mes.","og_url":"https:\/\/www.noticiasradioreflejos.com.ar\/2021\/las-universidades-publicas-haran-un-paro-el-proximo-12-de-agosto-y-no-iniciaran-las-clases\/","og_site_name":"Noticias Radio Reflejos","article_published_time":"2024-08-07T10:47:59+00:00","article_modified_time":"2024-08-07T10:48:00+00:00","og_image":[{"url":"https:\/\/www.noticiasradioreflejos.com.ar\/2021\/wp-content\/uploads\/2024\/08\/manifestacion-en-apoyo-a-la-Marcha-Universitaria-en-Mar-del-Plata.jpg","type":"","width":"","height":""}],"author":"Arnaldo Botto","twitter_card":"summary_large_image","schema":{"@context":"https:\/\/schema.org","@graph":[{"@type":"WebPage","@id":"https:\/\/www.noticiasradioreflejos.com.ar\/2021\/las-universidades-publicas-haran-un-paro-el-proximo-12-de-agosto-y-no-iniciaran-las-clases\/","url":"https:\/\/www.noticiasradioreflejos.com.ar\/2021\/las-universidades-publicas-haran-un-paro-el-proximo-12-de-agosto-y-no-iniciaran-las-clases\/","name":"Las universidades p\u00fablicas har\u00e1n un paro el pr\u00f3ximo 12 de agosto y no iniciar\u00e1n las clases - Noticias Radio Reflejos","isPartOf":{"@id":"https:\/\/www.noticiasradioreflejos.com.ar\/2021\/#website"},"primaryImageOfPage":{"@id":"https:\/\/www.noticiasradioreflejos.com.ar\/2021\/las-universidades-publicas-haran-un-paro-el-proximo-12-de-agosto-y-no-iniciaran-las-clases\/#primaryimage"},"image":{"@id":"https:\/\/www.noticiasradioreflejos.com.ar\/2021\/las-universidades-publicas-haran-un-paro-el-proximo-12-de-agosto-y-no-iniciaran-las-clases\/#primaryimage"},"thumbnailUrl":"https:\/\/www.noticiasradioreflejos.com.ar\/2021\/wp-content\/uploads\/2024\/08\/manifestacion-en-apoyo-a-la-Marcha-Universitaria-en-Mar-del-Plata.jpg","datePublished":"2024-08-07T10:47:59+00:00","dateModified":"2024-08-07T10:48:00+00:00","author":{"@id":"https:\/\/www.noticiasradioreflejos.com.ar\/2021\/#\/schema\/person\/ad82545263dcc5ec0996818884fd5fb1"},"breadcrumb":{"@id":"https:\/\/www.noticiasradioreflejos.com.ar\/2021\/las-universidades-publicas-haran-un-paro-el-proximo-12-de-agosto-y-no-iniciaran-las-clases\/#breadcrumb"},"inLanguage":"es","potentialAction":[{"@type":"ReadAction","target":["https:\/\/www.noticiasradioreflejos.com.ar\/2021\/las-universidades-publicas-haran-un-paro-el-proximo-12-de-agosto-y-no-iniciaran-las-clases\/"]}]},{"@type":"ImageObject","inLanguage":"es","@id":"https:\/\/www.noticiasradioreflejos.com.ar\/2021\/las-universidades-publicas-haran-un-paro-el-proximo-12-de-agosto-y-no-iniciaran-las-clases\/#primaryimage","url":"","contentUrl":""},{"@type":"BreadcrumbList","@id":"https:\/\/www.noticiasradioreflejos.com.ar\/2021\/las-universidades-publicas-haran-un-paro-el-proximo-12-de-agosto-y-no-iniciaran-las-clases\/#breadcrumb","itemListElement":[{"@type":"ListItem","position":1,"name":"Portada","item":"https:\/\/www.noticiasradioreflejos.com.ar\/2021\/"},{"@type":"ListItem","position":2,"name":"Las universidades p\u00fablicas har\u00e1n un paro el pr\u00f3ximo 12 de agosto y no iniciar\u00e1n las clases"}]},{"@type":"WebSite","@id":"https:\/\/www.noticiasradioreflejos.com.ar\/2021\/#website","url":"https:\/\/www.noticiasradioreflejos.com.ar\/2021\/","name":"Noticias Radio Reflejos","description":"Las noticias de mi comarca","potentialAction":[{"@type":"SearchAction","target":{"@type":"EntryPoint","urlTemplate":"https:\/\/www.noticiasradioreflejos.com.ar\/2021\/?s={search_term_string}"},"query-input":{"@type":"PropertyValueSpecification","valueRequired":true,"valueName":"search_term_string"}}],"inLanguage":"es"},{"@type":"Person","@id":"https:\/\/www.noticiasradioreflejos.com.ar\/2021\/#\/schema\/person\/ad82545263dcc5ec0996818884fd5fb1","name":"Arnaldo Botto","image":{"@type":"ImageObject","inLanguage":"es","@id":"https:\/\/www.noticiasradioreflejos.com.ar\/2021\/#\/schema\/person\/image\/","url":"https:\/\/secure.gravatar.com\/avatar\/55cb5e37c1efa326397366e6974cb338056df65cb50e7d64d1cf314e87504837?s=96&d=mm&r=g","contentUrl":"https:\/\/secure.gravatar.com\/avatar\/55cb5e37c1efa326397366e6974cb338056df65cb50e7d64d1cf314e87504837?s=96&d=mm&r=g","caption":"Arnaldo Botto"},"url":"https:\/\/www.noticiasradioreflejos.com.ar\/2021\/author\/arnaldo\/"}]}},"_links":{"self":[{"href":"https:\/\/www.noticiasradioreflejos.com.ar\/2021\/wp-json\/wp\/v2\/posts\/105955","targetHints":{"allow":["GET"]}}],"collection":[{"href":"https:\/\/www.noticiasradioreflejos.com.ar\/2021\/wp-json\/wp\/v2\/posts"}],"about":[{"href":"https:\/\/www.noticiasradioreflejos.com.ar\/2021\/wp-json\/wp\/v2\/types\/post"}],"author":[{"embeddable":true,"href":"https:\/\/www.noticiasradioreflejos.com.ar\/2021\/wp-json\/wp\/v2\/users\/3"}],"replies":[{"embeddable":true,"href":"https:\/\/www.noticiasradioreflejos.com.ar\/2021\/wp-json\/wp\/v2\/comments?post=105955"}],"version-history":[{"count":2,"href":"https:\/\/www.noticiasradioreflejos.com.ar\/2021\/wp-json\/wp\/v2\/posts\/105955\/revisions"}],"predecessor-version":[{"id":105958,"href":"https:\/\/www.noticiasradioreflejos.com.ar\/2021\/wp-json\/wp\/v2\/posts\/105955\/revisions\/105958"}],"wp:attachment":[{"href":"https:\/\/www.noticiasradioreflejos.com.ar\/2021\/wp-json\/wp\/v2\/media?parent=105955"}],"wp:term":[{"taxonomy":"category","embeddable":true,"href":"https:\/\/www.noticiasradioreflejos.com.ar\/2021\/wp-json\/wp\/v2\/categories?post=105955"},{"taxonomy":"post_tag","embeddable":true,"href":"https:\/\/www.noticiasradioreflejos.com.ar\/2021\/wp-json\/wp\/v2\/tags?post=105955"}],"curies":[{"name":"wp","href":"https:\/\/api.w.org\/{rel}","templated":true}]}}