{"id":105951,"date":"2024-08-06T21:14:44","date_gmt":"2024-08-07T00:14:44","guid":{"rendered":"https:\/\/www.noticiasradioreflejos.com.ar\/2021\/?p=105951"},"modified":"2024-08-06T21:14:44","modified_gmt":"2024-08-07T00:14:44","slug":"fabiola-yanez-denuncio-a-alberto-fernandez-por-violencia-de-genero","status":"publish","type":"post","link":"https:\/\/www.noticiasradioreflejos.com.ar\/2021\/fabiola-yanez-denuncio-a-alberto-fernandez-por-violencia-de-genero\/","title":{"rendered":"Fabiola Ya\u00f1ez denunci\u00f3 a Alberto Fern\u00e1ndez por violencia de g\u00e9nero"},"content":{"rendered":"<p>La exprimera dama radic\u00f3 la denuncia durante el mediod\u00eda de este martes.<!--more--><\/p>\n<div class=\"column-main\">\n<div class=\"article-body\" data-tadevel-template=\"web\/article-body\">\n<div class=\"article-body-content\">\n<p>La exprimera dama\u00a0<strong>Fabiola Ya\u00f1ez\u00a0<\/strong>denunci\u00f3 en las \u00faltimas horas al expresidente\u00a0<strong>Alberto Fern\u00e1ndez<\/strong>\u00a0por violencia de g\u00e9nero, seg\u00fan pudo confirmar la<strong>\u00a0Agencia Noticias Argentinas<\/strong>\u00a0de fuentes judiciales.<\/p>\n<p>El abogado penalista Juan Pablo Fioribello, que representa a la exprimera dama, hab\u00eda afirmado este lunes en declaraciones televisivas que\u00a0<strong>Fern\u00e1ndez le dijo que \u00abnunca en la vida le peg\u00f3 a una mujer\u00bb<\/strong>, al negar hechos de violencia de g\u00e9nero contra la madre de su hijo.<\/p>\n<p>A la par de la investigaci\u00f3n sobre el esc\u00e1ndalo de los seguros,\u00a0<strong>el expresidente hab\u00eda quedado envuelto en una nueva pol\u00e9mica por las pruebas de violencia de g\u00e9nero\u00a0<\/strong>que habr\u00eda arrojado el celular incautado de su hist\u00f3rica secretaria\u00a0<strong>Mar\u00eda Cantero<\/strong>.<\/p>\n<h3>La respuesta de Alberto Fern\u00e1ndez<\/h3>\n<p>Consultado sobre esa acusaci\u00f3n, el expresidente Alberto Fern\u00e1ndez se\u00f1al\u00f3 en declaraciones a la\u00a0<strong>Agencia Noticias Argentinas\u00a0<\/strong>que\u00a0<strong>\u00abdemostrar\u00e1 ante la Justicia la falsedad de lo denunciado\u00bb<\/strong>.<\/p>\n<p>Fioribello dijo que \u00abse enter\u00f3\u00bb durante la tarde de este \u00a0martes de la denuncia de Ya\u00f1ez porque la situaci\u00f3n \u00abse precipit\u00f3\u00bb.<\/p>\n<p><strong>\u00abLa not\u00e9 muy angustiada, me dijo \u00b4No aguanto m\u00e1s esta situaci\u00f3n y\u00a0lo acabo de denunciar\u00b4\u00bb<\/strong>, rese\u00f1\u00f3 el letrado.<\/p>\n<p>Fioribello se\u00f1al\u00f3 que Ya\u00f1ez \u00abse comunic\u00f3\u00bb este martes con el juez\u00a0<strong>Juli\u00e1n Ercolini\u00a0<\/strong>y \u00able dijo que quer\u00eda levantar el archivo de las actuaciones y\u00a0<strong>realizar una denuncia penal por los golpes y las amenazas\u00bb<\/strong>\u00a0que habr\u00eda recibido de parte de Fern\u00e1ndez.<\/p>\n<p>Seg\u00fan el relato del abogado, la exprimera dama llam\u00f3 al juez \u00abdesde Espa\u00f1a\u00bb y ratific\u00f3 que quer\u00eda denunciar a Fern\u00e1ndez por \u00ablos golpes\u00bb que habr\u00eda recibido de parte del exmandatario.<\/p>\n<p>Este lunes, el abogado hab\u00eda afirmado que\u00a0<strong>Fern\u00e1ndez le dijo que \u00abnunca en la vida le hab\u00eda pegado a una mujer\u00bb<\/strong>, al negar hechos de violencia de g\u00e9nero contra la madre de su hijo.<\/p>\n<p>El expresidente hab\u00eda quedado envuelto en este esc\u00e1ndalo a ra\u00edz de que la investigaci\u00f3n sobre la causa de los seguros habr\u00eda arrojado pruebas de violencia de g\u00e9nero halladas en el celular incautado de su hist\u00f3rica secretaria\u00a0<strong>Mar\u00eda Cantero<\/strong>.<\/p>\n<p>Seg\u00fan revel\u00f3 el diario Clar\u00edn durante el fin de semana, el juzgado de Ercolini hab\u00eda sido notificado de que en el celular secuestrado hab\u00eda pruebas de presunta violencia de g\u00e9nero de Fern\u00e1ndez contra Ya\u00f1ez, pero\u00a0<strong>en un principio la exprimera dama hab\u00eda desestimado hacer una denuncia<\/strong>.<\/p>\n<p>&nbsp;<\/p>\n<\/div>\n<p><strong>Fuente NA<\/strong><\/p>\n<\/div>\n<\/div>\n","protected":false},"excerpt":{"rendered":"<p>La exprimera dama radic\u00f3 la denuncia durante el mediod\u00eda de este martes.<\/p>\n","protected":false},"author":3,"featured_media":0,"comment_status":"closed","ping_status":"closed","sticky":false,"template":"","format":"standard","meta":{"footnotes":""},"categories":[24,26],"tags":[],"class_list":["post-105951","post","type-post","status-publish","format-standard","hentry","category-politica","category-sociedad"],"yoast_head":"<!-- This site is optimized with the Yoast SEO plugin v25.9 - https:\/\/yoast.com\/wordpress\/plugins\/seo\/ -->\n<title>Fabiola Ya\u00f1ez denunci\u00f3 a Alberto Fern\u00e1ndez por violencia de g\u00e9nero - Noticias Radio Reflejos<\/title>\n<meta name=\"robots\" content=\"index, follow, max-snippet:-1, max-image-preview:large, max-video-preview:-1\" \/>\n<link rel=\"canonical\" href=\"https:\/\/www.noticiasradioreflejos.com.ar\/2021\/fabiola-yanez-denuncio-a-alberto-fernandez-por-violencia-de-genero\/\" \/>\n<meta property=\"og:locale\" content=\"es_ES\" \/>\n<meta property=\"og:type\" content=\"article\" \/>\n<meta property=\"og:title\" content=\"Fabiola Ya\u00f1ez denunci\u00f3 a Alberto Fern\u00e1ndez por violencia de g\u00e9nero - Noticias Radio Reflejos\" \/>\n<meta property=\"og:description\" content=\"La exprimera dama radic\u00f3 la denuncia durante el mediod\u00eda de este martes.\" \/>\n<meta property=\"og:url\" content=\"https:\/\/www.noticiasradioreflejos.com.ar\/2021\/fabiola-yanez-denuncio-a-alberto-fernandez-por-violencia-de-genero\/\" \/>\n<meta property=\"og:site_name\" content=\"Noticias Radio Reflejos\" \/>\n<meta property=\"article:published_time\" content=\"2024-08-07T00:14:44+00:00\" \/>\n<meta property=\"og:image\" content=\"https:\/\/www.noticiasradioreflejos.com.ar\/2021\/wp-content\/uploads\/2021\/07\/logosol300x200.png\" \/>\n\t<meta property=\"og:image:width\" content=\"300\" \/>\n\t<meta property=\"og:image:height\" content=\"200\" \/>\n\t<meta property=\"og:image:type\" content=\"image\/png\" \/>\n<meta name=\"author\" content=\"Arnaldo Botto\" \/>\n<meta name=\"twitter:card\" content=\"summary_large_image\" \/>\n<script type=\"application\/ld+json\" class=\"yoast-schema-graph\">{\"@context\":\"https:\/\/schema.org\",\"@graph\":[{\"@type\":\"WebPage\",\"@id\":\"https:\/\/www.noticiasradioreflejos.com.ar\/2021\/fabiola-yanez-denuncio-a-alberto-fernandez-por-violencia-de-genero\/\",\"url\":\"https:\/\/www.noticiasradioreflejos.com.ar\/2021\/fabiola-yanez-denuncio-a-alberto-fernandez-por-violencia-de-genero\/\",\"name\":\"Fabiola Ya\u00f1ez denunci\u00f3 a Alberto Fern\u00e1ndez por violencia de g\u00e9nero - Noticias Radio Reflejos\",\"isPartOf\":{\"@id\":\"https:\/\/www.noticiasradioreflejos.com.ar\/2021\/#website\"},\"datePublished\":\"2024-08-07T00:14:44+00:00\",\"author\":{\"@id\":\"https:\/\/www.noticiasradioreflejos.com.ar\/2021\/#\/schema\/person\/ad82545263dcc5ec0996818884fd5fb1\"},\"breadcrumb\":{\"@id\":\"https:\/\/www.noticiasradioreflejos.com.ar\/2021\/fabiola-yanez-denuncio-a-alberto-fernandez-por-violencia-de-genero\/#breadcrumb\"},\"inLanguage\":\"es\",\"potentialAction\":[{\"@type\":\"ReadAction\",\"target\":[\"https:\/\/www.noticiasradioreflejos.com.ar\/2021\/fabiola-yanez-denuncio-a-alberto-fernandez-por-violencia-de-genero\/\"]}]},{\"@type\":\"BreadcrumbList\",\"@id\":\"https:\/\/www.noticiasradioreflejos.com.ar\/2021\/fabiola-yanez-denuncio-a-alberto-fernandez-por-violencia-de-genero\/#breadcrumb\",\"itemListElement\":[{\"@type\":\"ListItem\",\"position\":1,\"name\":\"Portada\",\"item\":\"https:\/\/www.noticiasradioreflejos.com.ar\/2021\/\"},{\"@type\":\"ListItem\",\"position\":2,\"name\":\"Fabiola Ya\u00f1ez denunci\u00f3 a Alberto Fern\u00e1ndez por violencia de g\u00e9nero\"}]},{\"@type\":\"WebSite\",\"@id\":\"https:\/\/www.noticiasradioreflejos.com.ar\/2021\/#website\",\"url\":\"https:\/\/www.noticiasradioreflejos.com.ar\/2021\/\",\"name\":\"Noticias Radio Reflejos\",\"description\":\"Las noticias de mi comarca\",\"potentialAction\":[{\"@type\":\"SearchAction\",\"target\":{\"@type\":\"EntryPoint\",\"urlTemplate\":\"https:\/\/www.noticiasradioreflejos.com.ar\/2021\/?s={search_term_string}\"},\"query-input\":{\"@type\":\"PropertyValueSpecification\",\"valueRequired\":true,\"valueName\":\"search_term_string\"}}],\"inLanguage\":\"es\"},{\"@type\":\"Person\",\"@id\":\"https:\/\/www.noticiasradioreflejos.com.ar\/2021\/#\/schema\/person\/ad82545263dcc5ec0996818884fd5fb1\",\"name\":\"Arnaldo Botto\",\"image\":{\"@type\":\"ImageObject\",\"inLanguage\":\"es\",\"@id\":\"https:\/\/www.noticiasradioreflejos.com.ar\/2021\/#\/schema\/person\/image\/\",\"url\":\"https:\/\/secure.gravatar.com\/avatar\/55cb5e37c1efa326397366e6974cb338056df65cb50e7d64d1cf314e87504837?s=96&d=mm&r=g\",\"contentUrl\":\"https:\/\/secure.gravatar.com\/avatar\/55cb5e37c1efa326397366e6974cb338056df65cb50e7d64d1cf314e87504837?s=96&d=mm&r=g\",\"caption\":\"Arnaldo Botto\"},\"url\":\"https:\/\/www.noticiasradioreflejos.com.ar\/2021\/author\/arnaldo\/\"}]}<\/script>\n<!-- \/ Yoast SEO plugin. -->","yoast_head_json":{"title":"Fabiola Ya\u00f1ez denunci\u00f3 a Alberto Fern\u00e1ndez por violencia de g\u00e9nero - Noticias Radio Reflejos","robots":{"index":"index","follow":"follow","max-snippet":"max-snippet:-1","max-image-preview":"max-image-preview:large","max-video-preview":"max-video-preview:-1"},"canonical":"https:\/\/www.noticiasradioreflejos.com.ar\/2021\/fabiola-yanez-denuncio-a-alberto-fernandez-por-violencia-de-genero\/","og_locale":"es_ES","og_type":"article","og_title":"Fabiola Ya\u00f1ez denunci\u00f3 a Alberto Fern\u00e1ndez por violencia de g\u00e9nero - Noticias Radio Reflejos","og_description":"La exprimera dama radic\u00f3 la denuncia durante el mediod\u00eda de este martes.","og_url":"https:\/\/www.noticiasradioreflejos.com.ar\/2021\/fabiola-yanez-denuncio-a-alberto-fernandez-por-violencia-de-genero\/","og_site_name":"Noticias Radio Reflejos","article_published_time":"2024-08-07T00:14:44+00:00","og_image":[{"width":300,"height":200,"url":"https:\/\/www.noticiasradioreflejos.com.ar\/2021\/wp-content\/uploads\/2021\/07\/logosol300x200.png","type":"image\/png"}],"author":"Arnaldo Botto","twitter_card":"summary_large_image","schema":{"@context":"https:\/\/schema.org","@graph":[{"@type":"WebPage","@id":"https:\/\/www.noticiasradioreflejos.com.ar\/2021\/fabiola-yanez-denuncio-a-alberto-fernandez-por-violencia-de-genero\/","url":"https:\/\/www.noticiasradioreflejos.com.ar\/2021\/fabiola-yanez-denuncio-a-alberto-fernandez-por-violencia-de-genero\/","name":"Fabiola Ya\u00f1ez denunci\u00f3 a Alberto Fern\u00e1ndez por violencia de g\u00e9nero - Noticias Radio Reflejos","isPartOf":{"@id":"https:\/\/www.noticiasradioreflejos.com.ar\/2021\/#website"},"datePublished":"2024-08-07T00:14:44+00:00","author":{"@id":"https:\/\/www.noticiasradioreflejos.com.ar\/2021\/#\/schema\/person\/ad82545263dcc5ec0996818884fd5fb1"},"breadcrumb":{"@id":"https:\/\/www.noticiasradioreflejos.com.ar\/2021\/fabiola-yanez-denuncio-a-alberto-fernandez-por-violencia-de-genero\/#breadcrumb"},"inLanguage":"es","potentialAction":[{"@type":"ReadAction","target":["https:\/\/www.noticiasradioreflejos.com.ar\/2021\/fabiola-yanez-denuncio-a-alberto-fernandez-por-violencia-de-genero\/"]}]},{"@type":"BreadcrumbList","@id":"https:\/\/www.noticiasradioreflejos.com.ar\/2021\/fabiola-yanez-denuncio-a-alberto-fernandez-por-violencia-de-genero\/#breadcrumb","itemListElement":[{"@type":"ListItem","position":1,"name":"Portada","item":"https:\/\/www.noticiasradioreflejos.com.ar\/2021\/"},{"@type":"ListItem","position":2,"name":"Fabiola Ya\u00f1ez denunci\u00f3 a Alberto Fern\u00e1ndez por violencia de g\u00e9nero"}]},{"@type":"WebSite","@id":"https:\/\/www.noticiasradioreflejos.com.ar\/2021\/#website","url":"https:\/\/www.noticiasradioreflejos.com.ar\/2021\/","name":"Noticias Radio Reflejos","description":"Las noticias de mi comarca","potentialAction":[{"@type":"SearchAction","target":{"@type":"EntryPoint","urlTemplate":"https:\/\/www.noticiasradioreflejos.com.ar\/2021\/?s={search_term_string}"},"query-input":{"@type":"PropertyValueSpecification","valueRequired":true,"valueName":"search_term_string"}}],"inLanguage":"es"},{"@type":"Person","@id":"https:\/\/www.noticiasradioreflejos.com.ar\/2021\/#\/schema\/person\/ad82545263dcc5ec0996818884fd5fb1","name":"Arnaldo Botto","image":{"@type":"ImageObject","inLanguage":"es","@id":"https:\/\/www.noticiasradioreflejos.com.ar\/2021\/#\/schema\/person\/image\/","url":"https:\/\/secure.gravatar.com\/avatar\/55cb5e37c1efa326397366e6974cb338056df65cb50e7d64d1cf314e87504837?s=96&d=mm&r=g","contentUrl":"https:\/\/secure.gravatar.com\/avatar\/55cb5e37c1efa326397366e6974cb338056df65cb50e7d64d1cf314e87504837?s=96&d=mm&r=g","caption":"Arnaldo Botto"},"url":"https:\/\/www.noticiasradioreflejos.com.ar\/2021\/author\/arnaldo\/"}]}},"_links":{"self":[{"href":"https:\/\/www.noticiasradioreflejos.com.ar\/2021\/wp-json\/wp\/v2\/posts\/105951","targetHints":{"allow":["GET"]}}],"collection":[{"href":"https:\/\/www.noticiasradioreflejos.com.ar\/2021\/wp-json\/wp\/v2\/posts"}],"about":[{"href":"https:\/\/www.noticiasradioreflejos.com.ar\/2021\/wp-json\/wp\/v2\/types\/post"}],"author":[{"embeddable":true,"href":"https:\/\/www.noticiasradioreflejos.com.ar\/2021\/wp-json\/wp\/v2\/users\/3"}],"replies":[{"embeddable":true,"href":"https:\/\/www.noticiasradioreflejos.com.ar\/2021\/wp-json\/wp\/v2\/comments?post=105951"}],"version-history":[{"count":1,"href":"https:\/\/www.noticiasradioreflejos.com.ar\/2021\/wp-json\/wp\/v2\/posts\/105951\/revisions"}],"predecessor-version":[{"id":105953,"href":"https:\/\/www.noticiasradioreflejos.com.ar\/2021\/wp-json\/wp\/v2\/posts\/105951\/revisions\/105953"}],"wp:attachment":[{"href":"https:\/\/www.noticiasradioreflejos.com.ar\/2021\/wp-json\/wp\/v2\/media?parent=105951"}],"wp:term":[{"taxonomy":"category","embeddable":true,"href":"https:\/\/www.noticiasradioreflejos.com.ar\/2021\/wp-json\/wp\/v2\/categories?post=105951"},{"taxonomy":"post_tag","embeddable":true,"href":"https:\/\/www.noticiasradioreflejos.com.ar\/2021\/wp-json\/wp\/v2\/tags?post=105951"}],"curies":[{"name":"wp","href":"https:\/\/api.w.org\/{rel}","templated":true}]}}