{"id":105946,"date":"2024-08-06T21:11:16","date_gmt":"2024-08-07T00:11:16","guid":{"rendered":"https:\/\/www.noticiasradioreflejos.com.ar\/2021\/?p=105946"},"modified":"2024-08-06T21:15:35","modified_gmt":"2024-08-07T00:15:35","slug":"alerta-amarillo-por-vientos-fuertes-y-lluvias-se-viene-tambien-frio-intenso-y-probabilidad-de-nevadas","status":"publish","type":"post","link":"https:\/\/www.noticiasradioreflejos.com.ar\/2021\/alerta-amarillo-por-vientos-fuertes-y-lluvias-se-viene-tambien-frio-intenso-y-probabilidad-de-nevadas\/","title":{"rendered":"Alerta amarillo por vientos fuertes y lluvias. Se viene tambi\u00e9n frio intenso y probabilidad de nevadas."},"content":{"rendered":"<p>Defensa civil de la PBA alerta por fuertes vientos a toda la zona sur bonaerense y pone alerta naranja en la zona costera.<!--more--><\/p>\n<p>Desde la tarde del mi\u00e9rcoles hasta la tarde del jueves un sistema de baja presi\u00f3n al este de la PBA va a generar vientos intensos sobre la provincia, sobre todo sobre centro y sur, con r\u00e1fagas que pueden alcanzar los 65 km\/h.<br \/>\nEn municipios costeros del sur bonaerense estos valores pueden ser a\u00fan mayores, pudiendo superar los 80 km\/h.<\/p>\n<p>&nbsp;<\/p>\n<p>Entretanto, para la zona serrana se prev\u00e9n lluvias, desde la madrugada, fuertes vientos y descenso de temperaturas con una m\u00e1xima de tan solo 5\u00b0 para ma\u00f1ana mi\u00e9rcoles.<\/p>\n<p>Los valores de precipitaciones pueden ser variables en cada localidad de la comarca y se mantendr\u00edan hasta el jueves por la tarde, siempre con muy bajas temperaturas que llegar\u00edan hasta los -3\u00b0 para la m\u00ednima del viernes.<\/p>\n<p>La isoterma en la regi\u00f3n marca valores por debajo de los 700 mts para el jueves por la madrugada, lo que har\u00eda que las precipitaciones se presenten en forma de nieve, especialmente en la zona alta de los cerros de todo el cord\u00f3n de Ventania.<\/p>\n<p>De darse este pron\u00f3stico, el viernes ya con cielos despejados, el paisaje se presentar\u00e1 totalmente blanco en toda la zona serrana.<\/p>\n<p><a href=\"https:\/\/www.noticiasradioreflejos.com.ar\/2021\/alerta-amarillo-por-vientos-fuertes-y-lluvias-se-viene-tambien-frio-intenso-y-probabilidad-de-nevadas\/cerro-ventana-5\/\" rel=\"attachment wp-att-105948\"><img loading=\"lazy\" decoding=\"async\" class=\"aligncenter size-full wp-image-105948\" src=\"https:\/\/www.noticiasradioreflejos.com.ar\/2021\/wp-content\/uploads\/2024\/08\/Cerro-Ventana.jpg\" alt=\"\" width=\"1280\" height=\"597\" srcset=\"https:\/\/www.noticiasradioreflejos.com.ar\/2021\/wp-content\/uploads\/2024\/08\/Cerro-Ventana.jpg 1280w, https:\/\/www.noticiasradioreflejos.com.ar\/2021\/wp-content\/uploads\/2024\/08\/Cerro-Ventana-300x140.jpg 300w, https:\/\/www.noticiasradioreflejos.com.ar\/2021\/wp-content\/uploads\/2024\/08\/Cerro-Ventana-1024x478.jpg 1024w, https:\/\/www.noticiasradioreflejos.com.ar\/2021\/wp-content\/uploads\/2024\/08\/Cerro-Ventana-768x358.jpg 768w, https:\/\/www.noticiasradioreflejos.com.ar\/2021\/wp-content\/uploads\/2024\/08\/Cerro-Ventana-750x350.jpg 750w, https:\/\/www.noticiasradioreflejos.com.ar\/2021\/wp-content\/uploads\/2024\/08\/Cerro-Ventana-1140x532.jpg 1140w\" sizes=\"auto, (max-width: 1280px) 100vw, 1280px\" \/><\/a><\/p>\n","protected":false},"excerpt":{"rendered":"<p>Defensa civil de la PBA alerta por fuertes vientos a toda la zona sur bonaerense y pone alerta naranja en la zona costera.<\/p>\n","protected":false},"author":3,"featured_media":0,"comment_status":"closed","ping_status":"closed","sticky":false,"template":"","format":"standard","meta":{"footnotes":""},"categories":[46],"tags":[48],"class_list":["post-105946","post","type-post","status-publish","format-standard","hentry","category-ciencia-y-tecnologia","tag-destacada"],"yoast_head":"<!-- This site is optimized with the Yoast SEO plugin v25.9 - https:\/\/yoast.com\/wordpress\/plugins\/seo\/ -->\n<title>Alerta amarillo por vientos fuertes y lluvias. Se viene tambi\u00e9n frio intenso y probabilidad de nevadas. - Noticias Radio Reflejos<\/title>\n<meta name=\"robots\" content=\"index, follow, max-snippet:-1, max-image-preview:large, max-video-preview:-1\" \/>\n<link rel=\"canonical\" href=\"https:\/\/www.noticiasradioreflejos.com.ar\/2021\/alerta-amarillo-por-vientos-fuertes-y-lluvias-se-viene-tambien-frio-intenso-y-probabilidad-de-nevadas\/\" \/>\n<meta property=\"og:locale\" content=\"es_ES\" \/>\n<meta property=\"og:type\" content=\"article\" \/>\n<meta property=\"og:title\" content=\"Alerta amarillo por vientos fuertes y lluvias. Se viene tambi\u00e9n frio intenso y probabilidad de nevadas. - Noticias Radio Reflejos\" \/>\n<meta property=\"og:description\" content=\"Defensa civil de la PBA alerta por fuertes vientos a toda la zona sur bonaerense y pone alerta naranja en la zona costera.\" \/>\n<meta property=\"og:url\" content=\"https:\/\/www.noticiasradioreflejos.com.ar\/2021\/alerta-amarillo-por-vientos-fuertes-y-lluvias-se-viene-tambien-frio-intenso-y-probabilidad-de-nevadas\/\" \/>\n<meta property=\"og:site_name\" content=\"Noticias Radio Reflejos\" \/>\n<meta property=\"article:published_time\" content=\"2024-08-07T00:11:16+00:00\" \/>\n<meta property=\"article:modified_time\" content=\"2024-08-07T00:15:35+00:00\" \/>\n<meta property=\"og:image\" content=\"https:\/\/www.noticiasradioreflejos.com.ar\/2021\/wp-content\/uploads\/2024\/08\/Cerro-Ventana.jpg\" \/>\n<meta name=\"author\" content=\"Arnaldo Botto\" \/>\n<meta name=\"twitter:card\" content=\"summary_large_image\" \/>\n<script type=\"application\/ld+json\" class=\"yoast-schema-graph\">{\"@context\":\"https:\/\/schema.org\",\"@graph\":[{\"@type\":\"WebPage\",\"@id\":\"https:\/\/www.noticiasradioreflejos.com.ar\/2021\/alerta-amarillo-por-vientos-fuertes-y-lluvias-se-viene-tambien-frio-intenso-y-probabilidad-de-nevadas\/\",\"url\":\"https:\/\/www.noticiasradioreflejos.com.ar\/2021\/alerta-amarillo-por-vientos-fuertes-y-lluvias-se-viene-tambien-frio-intenso-y-probabilidad-de-nevadas\/\",\"name\":\"Alerta amarillo por vientos fuertes y lluvias. Se viene tambi\u00e9n frio intenso y probabilidad de nevadas. - Noticias Radio Reflejos\",\"isPartOf\":{\"@id\":\"https:\/\/www.noticiasradioreflejos.com.ar\/2021\/#website\"},\"primaryImageOfPage\":{\"@id\":\"https:\/\/www.noticiasradioreflejos.com.ar\/2021\/alerta-amarillo-por-vientos-fuertes-y-lluvias-se-viene-tambien-frio-intenso-y-probabilidad-de-nevadas\/#primaryimage\"},\"image\":{\"@id\":\"https:\/\/www.noticiasradioreflejos.com.ar\/2021\/alerta-amarillo-por-vientos-fuertes-y-lluvias-se-viene-tambien-frio-intenso-y-probabilidad-de-nevadas\/#primaryimage\"},\"thumbnailUrl\":\"https:\/\/www.noticiasradioreflejos.com.ar\/2021\/wp-content\/uploads\/2024\/08\/Cerro-Ventana.jpg\",\"datePublished\":\"2024-08-07T00:11:16+00:00\",\"dateModified\":\"2024-08-07T00:15:35+00:00\",\"author\":{\"@id\":\"https:\/\/www.noticiasradioreflejos.com.ar\/2021\/#\/schema\/person\/ad82545263dcc5ec0996818884fd5fb1\"},\"breadcrumb\":{\"@id\":\"https:\/\/www.noticiasradioreflejos.com.ar\/2021\/alerta-amarillo-por-vientos-fuertes-y-lluvias-se-viene-tambien-frio-intenso-y-probabilidad-de-nevadas\/#breadcrumb\"},\"inLanguage\":\"es\",\"potentialAction\":[{\"@type\":\"ReadAction\",\"target\":[\"https:\/\/www.noticiasradioreflejos.com.ar\/2021\/alerta-amarillo-por-vientos-fuertes-y-lluvias-se-viene-tambien-frio-intenso-y-probabilidad-de-nevadas\/\"]}]},{\"@type\":\"ImageObject\",\"inLanguage\":\"es\",\"@id\":\"https:\/\/www.noticiasradioreflejos.com.ar\/2021\/alerta-amarillo-por-vientos-fuertes-y-lluvias-se-viene-tambien-frio-intenso-y-probabilidad-de-nevadas\/#primaryimage\",\"url\":\"https:\/\/www.noticiasradioreflejos.com.ar\/2021\/wp-content\/uploads\/2024\/08\/Cerro-Ventana.jpg\",\"contentUrl\":\"https:\/\/www.noticiasradioreflejos.com.ar\/2021\/wp-content\/uploads\/2024\/08\/Cerro-Ventana.jpg\",\"width\":1280,\"height\":597},{\"@type\":\"BreadcrumbList\",\"@id\":\"https:\/\/www.noticiasradioreflejos.com.ar\/2021\/alerta-amarillo-por-vientos-fuertes-y-lluvias-se-viene-tambien-frio-intenso-y-probabilidad-de-nevadas\/#breadcrumb\",\"itemListElement\":[{\"@type\":\"ListItem\",\"position\":1,\"name\":\"Portada\",\"item\":\"https:\/\/www.noticiasradioreflejos.com.ar\/2021\/\"},{\"@type\":\"ListItem\",\"position\":2,\"name\":\"Alerta amarillo por vientos fuertes y lluvias. Se viene tambi\u00e9n frio intenso y probabilidad de nevadas.\"}]},{\"@type\":\"WebSite\",\"@id\":\"https:\/\/www.noticiasradioreflejos.com.ar\/2021\/#website\",\"url\":\"https:\/\/www.noticiasradioreflejos.com.ar\/2021\/\",\"name\":\"Noticias Radio Reflejos\",\"description\":\"Las noticias de mi comarca\",\"potentialAction\":[{\"@type\":\"SearchAction\",\"target\":{\"@type\":\"EntryPoint\",\"urlTemplate\":\"https:\/\/www.noticiasradioreflejos.com.ar\/2021\/?s={search_term_string}\"},\"query-input\":{\"@type\":\"PropertyValueSpecification\",\"valueRequired\":true,\"valueName\":\"search_term_string\"}}],\"inLanguage\":\"es\"},{\"@type\":\"Person\",\"@id\":\"https:\/\/www.noticiasradioreflejos.com.ar\/2021\/#\/schema\/person\/ad82545263dcc5ec0996818884fd5fb1\",\"name\":\"Arnaldo Botto\",\"image\":{\"@type\":\"ImageObject\",\"inLanguage\":\"es\",\"@id\":\"https:\/\/www.noticiasradioreflejos.com.ar\/2021\/#\/schema\/person\/image\/\",\"url\":\"https:\/\/secure.gravatar.com\/avatar\/55cb5e37c1efa326397366e6974cb338056df65cb50e7d64d1cf314e87504837?s=96&d=mm&r=g\",\"contentUrl\":\"https:\/\/secure.gravatar.com\/avatar\/55cb5e37c1efa326397366e6974cb338056df65cb50e7d64d1cf314e87504837?s=96&d=mm&r=g\",\"caption\":\"Arnaldo Botto\"},\"url\":\"https:\/\/www.noticiasradioreflejos.com.ar\/2021\/author\/arnaldo\/\"}]}<\/script>\n<!-- \/ Yoast SEO plugin. -->","yoast_head_json":{"title":"Alerta amarillo por vientos fuertes y lluvias. Se viene tambi\u00e9n frio intenso y probabilidad de nevadas. - Noticias Radio Reflejos","robots":{"index":"index","follow":"follow","max-snippet":"max-snippet:-1","max-image-preview":"max-image-preview:large","max-video-preview":"max-video-preview:-1"},"canonical":"https:\/\/www.noticiasradioreflejos.com.ar\/2021\/alerta-amarillo-por-vientos-fuertes-y-lluvias-se-viene-tambien-frio-intenso-y-probabilidad-de-nevadas\/","og_locale":"es_ES","og_type":"article","og_title":"Alerta amarillo por vientos fuertes y lluvias. Se viene tambi\u00e9n frio intenso y probabilidad de nevadas. - Noticias Radio Reflejos","og_description":"Defensa civil de la PBA alerta por fuertes vientos a toda la zona sur bonaerense y pone alerta naranja en la zona costera.","og_url":"https:\/\/www.noticiasradioreflejos.com.ar\/2021\/alerta-amarillo-por-vientos-fuertes-y-lluvias-se-viene-tambien-frio-intenso-y-probabilidad-de-nevadas\/","og_site_name":"Noticias Radio Reflejos","article_published_time":"2024-08-07T00:11:16+00:00","article_modified_time":"2024-08-07T00:15:35+00:00","og_image":[{"url":"https:\/\/www.noticiasradioreflejos.com.ar\/2021\/wp-content\/uploads\/2024\/08\/Cerro-Ventana.jpg","type":"","width":"","height":""}],"author":"Arnaldo Botto","twitter_card":"summary_large_image","schema":{"@context":"https:\/\/schema.org","@graph":[{"@type":"WebPage","@id":"https:\/\/www.noticiasradioreflejos.com.ar\/2021\/alerta-amarillo-por-vientos-fuertes-y-lluvias-se-viene-tambien-frio-intenso-y-probabilidad-de-nevadas\/","url":"https:\/\/www.noticiasradioreflejos.com.ar\/2021\/alerta-amarillo-por-vientos-fuertes-y-lluvias-se-viene-tambien-frio-intenso-y-probabilidad-de-nevadas\/","name":"Alerta amarillo por vientos fuertes y lluvias. Se viene tambi\u00e9n frio intenso y probabilidad de nevadas. - Noticias Radio Reflejos","isPartOf":{"@id":"https:\/\/www.noticiasradioreflejos.com.ar\/2021\/#website"},"primaryImageOfPage":{"@id":"https:\/\/www.noticiasradioreflejos.com.ar\/2021\/alerta-amarillo-por-vientos-fuertes-y-lluvias-se-viene-tambien-frio-intenso-y-probabilidad-de-nevadas\/#primaryimage"},"image":{"@id":"https:\/\/www.noticiasradioreflejos.com.ar\/2021\/alerta-amarillo-por-vientos-fuertes-y-lluvias-se-viene-tambien-frio-intenso-y-probabilidad-de-nevadas\/#primaryimage"},"thumbnailUrl":"https:\/\/www.noticiasradioreflejos.com.ar\/2021\/wp-content\/uploads\/2024\/08\/Cerro-Ventana.jpg","datePublished":"2024-08-07T00:11:16+00:00","dateModified":"2024-08-07T00:15:35+00:00","author":{"@id":"https:\/\/www.noticiasradioreflejos.com.ar\/2021\/#\/schema\/person\/ad82545263dcc5ec0996818884fd5fb1"},"breadcrumb":{"@id":"https:\/\/www.noticiasradioreflejos.com.ar\/2021\/alerta-amarillo-por-vientos-fuertes-y-lluvias-se-viene-tambien-frio-intenso-y-probabilidad-de-nevadas\/#breadcrumb"},"inLanguage":"es","potentialAction":[{"@type":"ReadAction","target":["https:\/\/www.noticiasradioreflejos.com.ar\/2021\/alerta-amarillo-por-vientos-fuertes-y-lluvias-se-viene-tambien-frio-intenso-y-probabilidad-de-nevadas\/"]}]},{"@type":"ImageObject","inLanguage":"es","@id":"https:\/\/www.noticiasradioreflejos.com.ar\/2021\/alerta-amarillo-por-vientos-fuertes-y-lluvias-se-viene-tambien-frio-intenso-y-probabilidad-de-nevadas\/#primaryimage","url":"https:\/\/www.noticiasradioreflejos.com.ar\/2021\/wp-content\/uploads\/2024\/08\/Cerro-Ventana.jpg","contentUrl":"https:\/\/www.noticiasradioreflejos.com.ar\/2021\/wp-content\/uploads\/2024\/08\/Cerro-Ventana.jpg","width":1280,"height":597},{"@type":"BreadcrumbList","@id":"https:\/\/www.noticiasradioreflejos.com.ar\/2021\/alerta-amarillo-por-vientos-fuertes-y-lluvias-se-viene-tambien-frio-intenso-y-probabilidad-de-nevadas\/#breadcrumb","itemListElement":[{"@type":"ListItem","position":1,"name":"Portada","item":"https:\/\/www.noticiasradioreflejos.com.ar\/2021\/"},{"@type":"ListItem","position":2,"name":"Alerta amarillo por vientos fuertes y lluvias. Se viene tambi\u00e9n frio intenso y probabilidad de nevadas."}]},{"@type":"WebSite","@id":"https:\/\/www.noticiasradioreflejos.com.ar\/2021\/#website","url":"https:\/\/www.noticiasradioreflejos.com.ar\/2021\/","name":"Noticias Radio Reflejos","description":"Las noticias de mi comarca","potentialAction":[{"@type":"SearchAction","target":{"@type":"EntryPoint","urlTemplate":"https:\/\/www.noticiasradioreflejos.com.ar\/2021\/?s={search_term_string}"},"query-input":{"@type":"PropertyValueSpecification","valueRequired":true,"valueName":"search_term_string"}}],"inLanguage":"es"},{"@type":"Person","@id":"https:\/\/www.noticiasradioreflejos.com.ar\/2021\/#\/schema\/person\/ad82545263dcc5ec0996818884fd5fb1","name":"Arnaldo Botto","image":{"@type":"ImageObject","inLanguage":"es","@id":"https:\/\/www.noticiasradioreflejos.com.ar\/2021\/#\/schema\/person\/image\/","url":"https:\/\/secure.gravatar.com\/avatar\/55cb5e37c1efa326397366e6974cb338056df65cb50e7d64d1cf314e87504837?s=96&d=mm&r=g","contentUrl":"https:\/\/secure.gravatar.com\/avatar\/55cb5e37c1efa326397366e6974cb338056df65cb50e7d64d1cf314e87504837?s=96&d=mm&r=g","caption":"Arnaldo Botto"},"url":"https:\/\/www.noticiasradioreflejos.com.ar\/2021\/author\/arnaldo\/"}]}},"_links":{"self":[{"href":"https:\/\/www.noticiasradioreflejos.com.ar\/2021\/wp-json\/wp\/v2\/posts\/105946","targetHints":{"allow":["GET"]}}],"collection":[{"href":"https:\/\/www.noticiasradioreflejos.com.ar\/2021\/wp-json\/wp\/v2\/posts"}],"about":[{"href":"https:\/\/www.noticiasradioreflejos.com.ar\/2021\/wp-json\/wp\/v2\/types\/post"}],"author":[{"embeddable":true,"href":"https:\/\/www.noticiasradioreflejos.com.ar\/2021\/wp-json\/wp\/v2\/users\/3"}],"replies":[{"embeddable":true,"href":"https:\/\/www.noticiasradioreflejos.com.ar\/2021\/wp-json\/wp\/v2\/comments?post=105946"}],"version-history":[{"count":3,"href":"https:\/\/www.noticiasradioreflejos.com.ar\/2021\/wp-json\/wp\/v2\/posts\/105946\/revisions"}],"predecessor-version":[{"id":105954,"href":"https:\/\/www.noticiasradioreflejos.com.ar\/2021\/wp-json\/wp\/v2\/posts\/105946\/revisions\/105954"}],"wp:attachment":[{"href":"https:\/\/www.noticiasradioreflejos.com.ar\/2021\/wp-json\/wp\/v2\/media?parent=105946"}],"wp:term":[{"taxonomy":"category","embeddable":true,"href":"https:\/\/www.noticiasradioreflejos.com.ar\/2021\/wp-json\/wp\/v2\/categories?post=105946"},{"taxonomy":"post_tag","embeddable":true,"href":"https:\/\/www.noticiasradioreflejos.com.ar\/2021\/wp-json\/wp\/v2\/tags?post=105946"}],"curies":[{"name":"wp","href":"https:\/\/api.w.org\/{rel}","templated":true}]}}