{"id":105883,"date":"2024-08-06T07:52:51","date_gmt":"2024-08-06T10:52:51","guid":{"rendered":"https:\/\/www.noticiasradioreflejos.com.ar\/2021\/?p=105883"},"modified":"2024-08-06T07:55:04","modified_gmt":"2024-08-06T10:55:04","slug":"sierra-de-la-ventana-sera-sede-de-un-plenario-del-frente-renovador-y-massa-estara-presente","status":"publish","type":"post","link":"https:\/\/www.noticiasradioreflejos.com.ar\/2021\/sierra-de-la-ventana-sera-sede-de-un-plenario-del-frente-renovador-y-massa-estara-presente\/","title":{"rendered":"Sierra de la Ventana ser\u00e1 sede de un plenario del Frente Renovador y Massa estar\u00e1 presente."},"content":{"rendered":"<p>Sergio Massa retomar\u00e1 la actividad pol\u00edtica este s\u00e1bado en Sierra de la Ventana.<br \/>\n<!--more--><\/p>\n<p>A 270 d\u00edas del balotaje que lo dej\u00f3 en las puertas de alcanzar la Presidencia de la Naci\u00f3n, Sergio Massa retomar\u00e1 la actividad pol\u00edtica -presencial, al menos- este s\u00e1bado, en Sierra de la Ventana, durante la reuni\u00f3n de la mesa provincial del Frente Renovador.<\/p>\n<div class=\"text\">\n<p>Massa viene amagando con presentarse en p\u00fablico desde hace varios meses. De hecho su mesa chica bosqueja una estrategia apropiada para la presentaci\u00f3n de un libro en el que plantear\u00e1 su visi\u00f3n de pa\u00eds y su experiencia desde el ministerio de Econom\u00eda, y que saldr\u00e1 a la calle el 1 de septiembre.<\/p>\n<p>Acaso como una estaci\u00f3n intermedia, Massa romper\u00e1 el silencio ante los propios. Se espera que hable del delicado momento que atraviesa el peronismo, que sostiene una unidad plagada de desconfianzas y no consolida un liderazgo que pueda oponerse al de Javier Milei. Una fuente le dijo a este portal que el mensaje vendr\u00e1 en clave de \u00abautocr\u00edtica\u00bb.<\/p>\n<p>Massa y los suyos, cabe recordar, se mostraron prescindentes en los \u00faltimos actos del Frente de Todos, por caso el acto que se llev\u00f3 a cabo en San Vicente para recordar el 50\u00ba aniversario del general Juan Per\u00f3n.<\/p>\n<p>&nbsp;<\/p>\n<h4>Javier Milei y el \u00absacrificio in\u00fatil\u00bb<\/h4>\n<p>&nbsp;<\/p>\n<p>Las cr\u00edticas no apuntar\u00e1n \u00fanicamente a la trinchera propia. Sergio Massa se guarda municiones para el presidente Javier Milei y su manejo de la econom\u00eda.<\/p>\n<p>En ese sentido, trascendi\u00f3 que plantear\u00e1 la idea del \u00absacrificio in\u00fatil\u00bb al que, asegura, el Gobierno somete al pueblo argentino, y de un porvenir venturoso para el peronismo de la mano del crecimiento econ\u00f3mico.<\/p>\n<p>La intervenci\u00f3n del ex candidato presidencial se dar\u00e1 sobre el final del encuentro y contendr\u00e1 adem\u00e1s una mirada sobre pol\u00edtica exterior, un tema que acaba de retomar con la crisis en Venezuela.<\/p>\n<p>&nbsp;<\/p>\n<h4>La renovaci\u00f3n del Frente Renovador<\/h4>\n<p>&nbsp;<\/p>\n<p>No s\u00f3lo el l\u00edder Renovador tomar\u00e1 la palabra. De hecho, Massa viene promoviendo una suerte de trasvasamiento generacional en su partido, que renov\u00f3 autoridades recientemente abri\u00e9ndole paso a la juventud.<\/p>\n<p>El evento del s\u00e1bado retoma esa agenda, en la b\u00fasqueda de promover \u00abfiguras j\u00f3venes\u00bb de generar liderazgos \u00abregionales\u00bb y estrategias para pelearle al ej\u00e9rcito libertario la hegemon\u00eda en el universo de las redes sociales.<\/p>\n<p>Distintos dirigentes bonaerenses del FR tomar\u00e1n la palabra y expondr\u00e1n sobre temas en los que se han especializado y a partir de los cuales intentan construir agenda.<\/p>\n<p>Los apuntados son el ex intendente de San Andr\u00e9s de Giles y actual diputado bonaerense, Carlos Puglielli, que disertar\u00e1 sobre el uso de las pistolas taser; la diputada Luciana Padulo propondr\u00e1 la eliminaci\u00f3n de la suspensi\u00f3n de la repitencia en las escuelas.<\/p>\n<p>Luis Andreotti, ex intendente de San Fernando, hablar\u00e1 de las polic\u00edas municipales, mientras que el anfitri\u00f3n Sergio Bordoni, intendente de Tornquist, hablar\u00e1 de la descentralizaci\u00f3n y autonom\u00eda regional.<\/p>\n<p>Las diputadas nacionales Marcela Passo y M\u00f3nica Litza llevar\u00e1n por su parte una propuesta de financiamiento a municipios. y una idea de gobierno para el \u00e1rea metropolitana, respectivamente.<\/p>\n<p>Micaela Moran propondr\u00e1 un sistema de identificaci\u00f3n facial contra la base del Renaper para limitar el juego on line y presencial; mientras que Eduardo Setti, Lisandro Cleri y Agust\u00edn Gerez van a hablar de la macroeconom\u00eda y Jos\u00e9 de Mendiguren y Natalia Del Cogliano de la micro.<\/p>\n<p><a href=\"https:\/\/www.noticiasradioreflejos.com.ar\/2021\/sierra-de-la-ventana-sera-sede-de-un-plenario-del-frente-renovador-y-massa-estara-presente\/massaintendentes2jpg-jpg_887\/\" rel=\"attachment wp-att-105884\"><img loading=\"lazy\" decoding=\"async\" class=\"aligncenter size-full wp-image-105884\" src=\"https:\/\/www.noticiasradioreflejos.com.ar\/2021\/wp-content\/uploads\/2024\/08\/massaintendentes2jpg.jpg_887.jpg\" alt=\"\" width=\"887\" height=\"591\" \/><\/a><\/p>\n<p><strong>Infocielo.<\/strong><\/p>\n<\/div>\n<div>\n<p>&nbsp;<\/p>\n<div><\/div>\n<\/div>\n<footer>\n<div class=\"wfix\">\n<div class=\"table\">\n<div class=\"table-cell\">\n<div class=\"table-cell redes\"><\/div>\n<\/div>\n<\/div>\n<\/div>\n<\/footer>\n","protected":false},"excerpt":{"rendered":"<p>Sergio Massa retomar\u00e1 la actividad pol\u00edtica este s\u00e1bado en Sierra de la Ventana.<\/p>\n","protected":false},"author":3,"featured_media":99437,"comment_status":"closed","ping_status":"closed","sticky":false,"template":"","format":"standard","meta":{"footnotes":""},"categories":[24],"tags":[],"class_list":["post-105883","post","type-post","status-publish","format-standard","has-post-thumbnail","hentry","category-politica"],"yoast_head":"<!-- This site is optimized with the Yoast SEO plugin v25.9 - https:\/\/yoast.com\/wordpress\/plugins\/seo\/ -->\n<title>Sierra de la Ventana ser\u00e1 sede de un plenario del Frente Renovador y Massa estar\u00e1 presente. - Noticias Radio Reflejos<\/title>\n<meta name=\"robots\" content=\"index, follow, max-snippet:-1, max-image-preview:large, max-video-preview:-1\" \/>\n<link rel=\"canonical\" href=\"https:\/\/www.noticiasradioreflejos.com.ar\/2021\/sierra-de-la-ventana-sera-sede-de-un-plenario-del-frente-renovador-y-massa-estara-presente\/\" \/>\n<meta property=\"og:locale\" content=\"es_ES\" \/>\n<meta property=\"og:type\" content=\"article\" \/>\n<meta property=\"og:title\" content=\"Sierra de la Ventana ser\u00e1 sede de un plenario del Frente Renovador y Massa estar\u00e1 presente. - Noticias Radio Reflejos\" \/>\n<meta property=\"og:description\" content=\"Sergio Massa retomar\u00e1 la actividad pol\u00edtica este s\u00e1bado en Sierra de la Ventana.\" \/>\n<meta property=\"og:url\" content=\"https:\/\/www.noticiasradioreflejos.com.ar\/2021\/sierra-de-la-ventana-sera-sede-de-un-plenario-del-frente-renovador-y-massa-estara-presente\/\" \/>\n<meta property=\"og:site_name\" content=\"Noticias Radio Reflejos\" \/>\n<meta property=\"article:published_time\" content=\"2024-08-06T10:52:51+00:00\" \/>\n<meta property=\"article:modified_time\" content=\"2024-08-06T10:55:04+00:00\" \/>\n<meta property=\"og:image\" content=\"https:\/\/www.noticiasradioreflejos.com.ar\/2021\/wp-content\/uploads\/2024\/02\/Sierra-de-la-Ventana--scaled.jpg\" \/>\n\t<meta property=\"og:image:width\" content=\"2560\" \/>\n\t<meta property=\"og:image:height\" content=\"1206\" \/>\n\t<meta property=\"og:image:type\" content=\"image\/jpeg\" \/>\n<meta name=\"author\" content=\"Arnaldo Botto\" \/>\n<meta name=\"twitter:card\" content=\"summary_large_image\" \/>\n<script type=\"application\/ld+json\" class=\"yoast-schema-graph\">{\"@context\":\"https:\/\/schema.org\",\"@graph\":[{\"@type\":\"WebPage\",\"@id\":\"https:\/\/www.noticiasradioreflejos.com.ar\/2021\/sierra-de-la-ventana-sera-sede-de-un-plenario-del-frente-renovador-y-massa-estara-presente\/\",\"url\":\"https:\/\/www.noticiasradioreflejos.com.ar\/2021\/sierra-de-la-ventana-sera-sede-de-un-plenario-del-frente-renovador-y-massa-estara-presente\/\",\"name\":\"Sierra de la Ventana ser\u00e1 sede de un plenario del Frente Renovador y Massa estar\u00e1 presente. - Noticias Radio Reflejos\",\"isPartOf\":{\"@id\":\"https:\/\/www.noticiasradioreflejos.com.ar\/2021\/#website\"},\"primaryImageOfPage\":{\"@id\":\"https:\/\/www.noticiasradioreflejos.com.ar\/2021\/sierra-de-la-ventana-sera-sede-de-un-plenario-del-frente-renovador-y-massa-estara-presente\/#primaryimage\"},\"image\":{\"@id\":\"https:\/\/www.noticiasradioreflejos.com.ar\/2021\/sierra-de-la-ventana-sera-sede-de-un-plenario-del-frente-renovador-y-massa-estara-presente\/#primaryimage\"},\"thumbnailUrl\":\"https:\/\/www.noticiasradioreflejos.com.ar\/2021\/wp-content\/uploads\/2024\/02\/Sierra-de-la-Ventana--scaled.jpg\",\"datePublished\":\"2024-08-06T10:52:51+00:00\",\"dateModified\":\"2024-08-06T10:55:04+00:00\",\"author\":{\"@id\":\"https:\/\/www.noticiasradioreflejos.com.ar\/2021\/#\/schema\/person\/ad82545263dcc5ec0996818884fd5fb1\"},\"breadcrumb\":{\"@id\":\"https:\/\/www.noticiasradioreflejos.com.ar\/2021\/sierra-de-la-ventana-sera-sede-de-un-plenario-del-frente-renovador-y-massa-estara-presente\/#breadcrumb\"},\"inLanguage\":\"es\",\"potentialAction\":[{\"@type\":\"ReadAction\",\"target\":[\"https:\/\/www.noticiasradioreflejos.com.ar\/2021\/sierra-de-la-ventana-sera-sede-de-un-plenario-del-frente-renovador-y-massa-estara-presente\/\"]}]},{\"@type\":\"ImageObject\",\"inLanguage\":\"es\",\"@id\":\"https:\/\/www.noticiasradioreflejos.com.ar\/2021\/sierra-de-la-ventana-sera-sede-de-un-plenario-del-frente-renovador-y-massa-estara-presente\/#primaryimage\",\"url\":\"https:\/\/www.noticiasradioreflejos.com.ar\/2021\/wp-content\/uploads\/2024\/02\/Sierra-de-la-Ventana--scaled.jpg\",\"contentUrl\":\"https:\/\/www.noticiasradioreflejos.com.ar\/2021\/wp-content\/uploads\/2024\/02\/Sierra-de-la-Ventana--scaled.jpg\",\"width\":2560,\"height\":1206},{\"@type\":\"BreadcrumbList\",\"@id\":\"https:\/\/www.noticiasradioreflejos.com.ar\/2021\/sierra-de-la-ventana-sera-sede-de-un-plenario-del-frente-renovador-y-massa-estara-presente\/#breadcrumb\",\"itemListElement\":[{\"@type\":\"ListItem\",\"position\":1,\"name\":\"Portada\",\"item\":\"https:\/\/www.noticiasradioreflejos.com.ar\/2021\/\"},{\"@type\":\"ListItem\",\"position\":2,\"name\":\"Sierra de la Ventana ser\u00e1 sede de un plenario del Frente Renovador y Massa estar\u00e1 presente.\"}]},{\"@type\":\"WebSite\",\"@id\":\"https:\/\/www.noticiasradioreflejos.com.ar\/2021\/#website\",\"url\":\"https:\/\/www.noticiasradioreflejos.com.ar\/2021\/\",\"name\":\"Noticias Radio Reflejos\",\"description\":\"Las noticias de mi comarca\",\"potentialAction\":[{\"@type\":\"SearchAction\",\"target\":{\"@type\":\"EntryPoint\",\"urlTemplate\":\"https:\/\/www.noticiasradioreflejos.com.ar\/2021\/?s={search_term_string}\"},\"query-input\":{\"@type\":\"PropertyValueSpecification\",\"valueRequired\":true,\"valueName\":\"search_term_string\"}}],\"inLanguage\":\"es\"},{\"@type\":\"Person\",\"@id\":\"https:\/\/www.noticiasradioreflejos.com.ar\/2021\/#\/schema\/person\/ad82545263dcc5ec0996818884fd5fb1\",\"name\":\"Arnaldo Botto\",\"image\":{\"@type\":\"ImageObject\",\"inLanguage\":\"es\",\"@id\":\"https:\/\/www.noticiasradioreflejos.com.ar\/2021\/#\/schema\/person\/image\/\",\"url\":\"https:\/\/secure.gravatar.com\/avatar\/55cb5e37c1efa326397366e6974cb338056df65cb50e7d64d1cf314e87504837?s=96&d=mm&r=g\",\"contentUrl\":\"https:\/\/secure.gravatar.com\/avatar\/55cb5e37c1efa326397366e6974cb338056df65cb50e7d64d1cf314e87504837?s=96&d=mm&r=g\",\"caption\":\"Arnaldo Botto\"},\"url\":\"https:\/\/www.noticiasradioreflejos.com.ar\/2021\/author\/arnaldo\/\"}]}<\/script>\n<!-- \/ Yoast SEO plugin. -->","yoast_head_json":{"title":"Sierra de la Ventana ser\u00e1 sede de un plenario del Frente Renovador y Massa estar\u00e1 presente. - Noticias Radio Reflejos","robots":{"index":"index","follow":"follow","max-snippet":"max-snippet:-1","max-image-preview":"max-image-preview:large","max-video-preview":"max-video-preview:-1"},"canonical":"https:\/\/www.noticiasradioreflejos.com.ar\/2021\/sierra-de-la-ventana-sera-sede-de-un-plenario-del-frente-renovador-y-massa-estara-presente\/","og_locale":"es_ES","og_type":"article","og_title":"Sierra de la Ventana ser\u00e1 sede de un plenario del Frente Renovador y Massa estar\u00e1 presente. - Noticias Radio Reflejos","og_description":"Sergio Massa retomar\u00e1 la actividad pol\u00edtica este s\u00e1bado en Sierra de la Ventana.","og_url":"https:\/\/www.noticiasradioreflejos.com.ar\/2021\/sierra-de-la-ventana-sera-sede-de-un-plenario-del-frente-renovador-y-massa-estara-presente\/","og_site_name":"Noticias Radio Reflejos","article_published_time":"2024-08-06T10:52:51+00:00","article_modified_time":"2024-08-06T10:55:04+00:00","og_image":[{"width":2560,"height":1206,"url":"https:\/\/www.noticiasradioreflejos.com.ar\/2021\/wp-content\/uploads\/2024\/02\/Sierra-de-la-Ventana--scaled.jpg","type":"image\/jpeg"}],"author":"Arnaldo Botto","twitter_card":"summary_large_image","schema":{"@context":"https:\/\/schema.org","@graph":[{"@type":"WebPage","@id":"https:\/\/www.noticiasradioreflejos.com.ar\/2021\/sierra-de-la-ventana-sera-sede-de-un-plenario-del-frente-renovador-y-massa-estara-presente\/","url":"https:\/\/www.noticiasradioreflejos.com.ar\/2021\/sierra-de-la-ventana-sera-sede-de-un-plenario-del-frente-renovador-y-massa-estara-presente\/","name":"Sierra de la Ventana ser\u00e1 sede de un plenario del Frente Renovador y Massa estar\u00e1 presente. - Noticias Radio Reflejos","isPartOf":{"@id":"https:\/\/www.noticiasradioreflejos.com.ar\/2021\/#website"},"primaryImageOfPage":{"@id":"https:\/\/www.noticiasradioreflejos.com.ar\/2021\/sierra-de-la-ventana-sera-sede-de-un-plenario-del-frente-renovador-y-massa-estara-presente\/#primaryimage"},"image":{"@id":"https:\/\/www.noticiasradioreflejos.com.ar\/2021\/sierra-de-la-ventana-sera-sede-de-un-plenario-del-frente-renovador-y-massa-estara-presente\/#primaryimage"},"thumbnailUrl":"https:\/\/www.noticiasradioreflejos.com.ar\/2021\/wp-content\/uploads\/2024\/02\/Sierra-de-la-Ventana--scaled.jpg","datePublished":"2024-08-06T10:52:51+00:00","dateModified":"2024-08-06T10:55:04+00:00","author":{"@id":"https:\/\/www.noticiasradioreflejos.com.ar\/2021\/#\/schema\/person\/ad82545263dcc5ec0996818884fd5fb1"},"breadcrumb":{"@id":"https:\/\/www.noticiasradioreflejos.com.ar\/2021\/sierra-de-la-ventana-sera-sede-de-un-plenario-del-frente-renovador-y-massa-estara-presente\/#breadcrumb"},"inLanguage":"es","potentialAction":[{"@type":"ReadAction","target":["https:\/\/www.noticiasradioreflejos.com.ar\/2021\/sierra-de-la-ventana-sera-sede-de-un-plenario-del-frente-renovador-y-massa-estara-presente\/"]}]},{"@type":"ImageObject","inLanguage":"es","@id":"https:\/\/www.noticiasradioreflejos.com.ar\/2021\/sierra-de-la-ventana-sera-sede-de-un-plenario-del-frente-renovador-y-massa-estara-presente\/#primaryimage","url":"https:\/\/www.noticiasradioreflejos.com.ar\/2021\/wp-content\/uploads\/2024\/02\/Sierra-de-la-Ventana--scaled.jpg","contentUrl":"https:\/\/www.noticiasradioreflejos.com.ar\/2021\/wp-content\/uploads\/2024\/02\/Sierra-de-la-Ventana--scaled.jpg","width":2560,"height":1206},{"@type":"BreadcrumbList","@id":"https:\/\/www.noticiasradioreflejos.com.ar\/2021\/sierra-de-la-ventana-sera-sede-de-un-plenario-del-frente-renovador-y-massa-estara-presente\/#breadcrumb","itemListElement":[{"@type":"ListItem","position":1,"name":"Portada","item":"https:\/\/www.noticiasradioreflejos.com.ar\/2021\/"},{"@type":"ListItem","position":2,"name":"Sierra de la Ventana ser\u00e1 sede de un plenario del Frente Renovador y Massa estar\u00e1 presente."}]},{"@type":"WebSite","@id":"https:\/\/www.noticiasradioreflejos.com.ar\/2021\/#website","url":"https:\/\/www.noticiasradioreflejos.com.ar\/2021\/","name":"Noticias Radio Reflejos","description":"Las noticias de mi comarca","potentialAction":[{"@type":"SearchAction","target":{"@type":"EntryPoint","urlTemplate":"https:\/\/www.noticiasradioreflejos.com.ar\/2021\/?s={search_term_string}"},"query-input":{"@type":"PropertyValueSpecification","valueRequired":true,"valueName":"search_term_string"}}],"inLanguage":"es"},{"@type":"Person","@id":"https:\/\/www.noticiasradioreflejos.com.ar\/2021\/#\/schema\/person\/ad82545263dcc5ec0996818884fd5fb1","name":"Arnaldo Botto","image":{"@type":"ImageObject","inLanguage":"es","@id":"https:\/\/www.noticiasradioreflejos.com.ar\/2021\/#\/schema\/person\/image\/","url":"https:\/\/secure.gravatar.com\/avatar\/55cb5e37c1efa326397366e6974cb338056df65cb50e7d64d1cf314e87504837?s=96&d=mm&r=g","contentUrl":"https:\/\/secure.gravatar.com\/avatar\/55cb5e37c1efa326397366e6974cb338056df65cb50e7d64d1cf314e87504837?s=96&d=mm&r=g","caption":"Arnaldo Botto"},"url":"https:\/\/www.noticiasradioreflejos.com.ar\/2021\/author\/arnaldo\/"}]}},"_links":{"self":[{"href":"https:\/\/www.noticiasradioreflejos.com.ar\/2021\/wp-json\/wp\/v2\/posts\/105883","targetHints":{"allow":["GET"]}}],"collection":[{"href":"https:\/\/www.noticiasradioreflejos.com.ar\/2021\/wp-json\/wp\/v2\/posts"}],"about":[{"href":"https:\/\/www.noticiasradioreflejos.com.ar\/2021\/wp-json\/wp\/v2\/types\/post"}],"author":[{"embeddable":true,"href":"https:\/\/www.noticiasradioreflejos.com.ar\/2021\/wp-json\/wp\/v2\/users\/3"}],"replies":[{"embeddable":true,"href":"https:\/\/www.noticiasradioreflejos.com.ar\/2021\/wp-json\/wp\/v2\/comments?post=105883"}],"version-history":[{"count":4,"href":"https:\/\/www.noticiasradioreflejos.com.ar\/2021\/wp-json\/wp\/v2\/posts\/105883\/revisions"}],"predecessor-version":[{"id":105888,"href":"https:\/\/www.noticiasradioreflejos.com.ar\/2021\/wp-json\/wp\/v2\/posts\/105883\/revisions\/105888"}],"wp:featuredmedia":[{"embeddable":true,"href":"https:\/\/www.noticiasradioreflejos.com.ar\/2021\/wp-json\/wp\/v2\/media\/99437"}],"wp:attachment":[{"href":"https:\/\/www.noticiasradioreflejos.com.ar\/2021\/wp-json\/wp\/v2\/media?parent=105883"}],"wp:term":[{"taxonomy":"category","embeddable":true,"href":"https:\/\/www.noticiasradioreflejos.com.ar\/2021\/wp-json\/wp\/v2\/categories?post=105883"},{"taxonomy":"post_tag","embeddable":true,"href":"https:\/\/www.noticiasradioreflejos.com.ar\/2021\/wp-json\/wp\/v2\/tags?post=105883"}],"curies":[{"name":"wp","href":"https:\/\/api.w.org\/{rel}","templated":true}]}}