{"id":105871,"date":"2024-08-05T10:38:36","date_gmt":"2024-08-05T13:38:36","guid":{"rendered":"https:\/\/www.noticiasradioreflejos.com.ar\/2021\/?p=105871"},"modified":"2024-08-05T10:38:36","modified_gmt":"2024-08-05T13:38:36","slug":"el-miercoles-7-no-habra-atencion-en-el-municipio-de-8-a-10-hs","status":"publish","type":"post","link":"https:\/\/www.noticiasradioreflejos.com.ar\/2021\/el-miercoles-7-no-habra-atencion-en-el-municipio-de-8-a-10-hs\/","title":{"rendered":"El mi\u00e9rcoles 7, no habr\u00e1 atenci\u00f3n en el municipio de 8 a 10 hs"},"content":{"rendered":"<p>La Secretar\u00eda de Hacienda informa que, este mi\u00e9rcoles 7 de 8 a 10 hs, no habr\u00e1 atenci\u00f3n al p\u00fablico en las \u00e1reas de Tesorer\u00eda, Ingresos, Contadur\u00eda y Compras del Palacio Municipal de Tornquist, debido a que el personal estar\u00e1 afectado a una capacitaci\u00f3n.<\/p>\n","protected":false},"excerpt":{"rendered":"<p>La Secretar\u00eda de Hacienda informa que, este mi\u00e9rcoles 7 de 8 a 10 hs, no habr\u00e1 atenci\u00f3n al p\u00fablico en las \u00e1reas de Tesorer\u00eda, Ingresos, Contadur\u00eda y Compras del Palacio Municipal de Tornquist, debido a que el personal estar\u00e1 afectado a una capacitaci\u00f3n.<\/p>\n","protected":false},"author":3,"featured_media":89865,"comment_status":"closed","ping_status":"closed","sticky":false,"template":"","format":"standard","meta":{"footnotes":""},"categories":[28],"tags":[48],"class_list":["post-105871","post","type-post","status-publish","format-standard","has-post-thumbnail","hentry","category-municipales","tag-destacada"],"yoast_head":"<!-- This site is optimized with the Yoast SEO plugin v25.9 - https:\/\/yoast.com\/wordpress\/plugins\/seo\/ -->\n<title>El mi\u00e9rcoles 7, no habr\u00e1 atenci\u00f3n en el municipio de 8 a 10 hs - Noticias Radio Reflejos<\/title>\n<meta name=\"robots\" content=\"index, follow, max-snippet:-1, max-image-preview:large, max-video-preview:-1\" \/>\n<link rel=\"canonical\" href=\"https:\/\/www.noticiasradioreflejos.com.ar\/2021\/el-miercoles-7-no-habra-atencion-en-el-municipio-de-8-a-10-hs\/\" \/>\n<meta property=\"og:locale\" content=\"es_ES\" \/>\n<meta property=\"og:type\" content=\"article\" \/>\n<meta property=\"og:title\" content=\"El mi\u00e9rcoles 7, no habr\u00e1 atenci\u00f3n en el municipio de 8 a 10 hs - Noticias Radio Reflejos\" \/>\n<meta property=\"og:description\" content=\"La Secretar\u00eda de Hacienda informa que, este mi\u00e9rcoles 7 de 8 a 10 hs, no habr\u00e1 atenci\u00f3n al p\u00fablico en las \u00e1reas de Tesorer\u00eda, Ingresos, Contadur\u00eda y Compras del Palacio Municipal de Tornquist, debido a que el personal estar\u00e1 afectado a una capacitaci\u00f3n.\" \/>\n<meta property=\"og:url\" content=\"https:\/\/www.noticiasradioreflejos.com.ar\/2021\/el-miercoles-7-no-habra-atencion-en-el-municipio-de-8-a-10-hs\/\" \/>\n<meta property=\"og:site_name\" content=\"Noticias Radio Reflejos\" \/>\n<meta property=\"article:published_time\" content=\"2024-08-05T13:38:36+00:00\" \/>\n<meta property=\"og:image\" content=\"https:\/\/www.noticiasradioreflejos.com.ar\/2021\/wp-content\/uploads\/2023\/06\/salamone-municipalidad-tornquist-e1725903452163.jpg\" \/>\n\t<meta property=\"og:image:width\" content=\"800\" \/>\n\t<meta property=\"og:image:height\" content=\"500\" \/>\n\t<meta property=\"og:image:type\" content=\"image\/jpeg\" \/>\n<meta name=\"author\" content=\"Arnaldo Botto\" \/>\n<meta name=\"twitter:card\" content=\"summary_large_image\" \/>\n<script type=\"application\/ld+json\" class=\"yoast-schema-graph\">{\"@context\":\"https:\/\/schema.org\",\"@graph\":[{\"@type\":\"WebPage\",\"@id\":\"https:\/\/www.noticiasradioreflejos.com.ar\/2021\/el-miercoles-7-no-habra-atencion-en-el-municipio-de-8-a-10-hs\/\",\"url\":\"https:\/\/www.noticiasradioreflejos.com.ar\/2021\/el-miercoles-7-no-habra-atencion-en-el-municipio-de-8-a-10-hs\/\",\"name\":\"El mi\u00e9rcoles 7, no habr\u00e1 atenci\u00f3n en el municipio de 8 a 10 hs - Noticias Radio Reflejos\",\"isPartOf\":{\"@id\":\"https:\/\/www.noticiasradioreflejos.com.ar\/2021\/#website\"},\"primaryImageOfPage\":{\"@id\":\"https:\/\/www.noticiasradioreflejos.com.ar\/2021\/el-miercoles-7-no-habra-atencion-en-el-municipio-de-8-a-10-hs\/#primaryimage\"},\"image\":{\"@id\":\"https:\/\/www.noticiasradioreflejos.com.ar\/2021\/el-miercoles-7-no-habra-atencion-en-el-municipio-de-8-a-10-hs\/#primaryimage\"},\"thumbnailUrl\":\"https:\/\/www.noticiasradioreflejos.com.ar\/2021\/wp-content\/uploads\/2023\/06\/salamone-municipalidad-tornquist-e1725903452163.jpg\",\"datePublished\":\"2024-08-05T13:38:36+00:00\",\"author\":{\"@id\":\"https:\/\/www.noticiasradioreflejos.com.ar\/2021\/#\/schema\/person\/ad82545263dcc5ec0996818884fd5fb1\"},\"breadcrumb\":{\"@id\":\"https:\/\/www.noticiasradioreflejos.com.ar\/2021\/el-miercoles-7-no-habra-atencion-en-el-municipio-de-8-a-10-hs\/#breadcrumb\"},\"inLanguage\":\"es\",\"potentialAction\":[{\"@type\":\"ReadAction\",\"target\":[\"https:\/\/www.noticiasradioreflejos.com.ar\/2021\/el-miercoles-7-no-habra-atencion-en-el-municipio-de-8-a-10-hs\/\"]}]},{\"@type\":\"ImageObject\",\"inLanguage\":\"es\",\"@id\":\"https:\/\/www.noticiasradioreflejos.com.ar\/2021\/el-miercoles-7-no-habra-atencion-en-el-municipio-de-8-a-10-hs\/#primaryimage\",\"url\":\"https:\/\/www.noticiasradioreflejos.com.ar\/2021\/wp-content\/uploads\/2023\/06\/salamone-municipalidad-tornquist-e1725903452163.jpg\",\"contentUrl\":\"https:\/\/www.noticiasradioreflejos.com.ar\/2021\/wp-content\/uploads\/2023\/06\/salamone-municipalidad-tornquist-e1725903452163.jpg\",\"width\":800,\"height\":500},{\"@type\":\"BreadcrumbList\",\"@id\":\"https:\/\/www.noticiasradioreflejos.com.ar\/2021\/el-miercoles-7-no-habra-atencion-en-el-municipio-de-8-a-10-hs\/#breadcrumb\",\"itemListElement\":[{\"@type\":\"ListItem\",\"position\":1,\"name\":\"Portada\",\"item\":\"https:\/\/www.noticiasradioreflejos.com.ar\/2021\/\"},{\"@type\":\"ListItem\",\"position\":2,\"name\":\"El mi\u00e9rcoles 7, no habr\u00e1 atenci\u00f3n en el municipio de 8 a 10 hs\"}]},{\"@type\":\"WebSite\",\"@id\":\"https:\/\/www.noticiasradioreflejos.com.ar\/2021\/#website\",\"url\":\"https:\/\/www.noticiasradioreflejos.com.ar\/2021\/\",\"name\":\"Noticias Radio Reflejos\",\"description\":\"Las noticias de mi comarca\",\"potentialAction\":[{\"@type\":\"SearchAction\",\"target\":{\"@type\":\"EntryPoint\",\"urlTemplate\":\"https:\/\/www.noticiasradioreflejos.com.ar\/2021\/?s={search_term_string}\"},\"query-input\":{\"@type\":\"PropertyValueSpecification\",\"valueRequired\":true,\"valueName\":\"search_term_string\"}}],\"inLanguage\":\"es\"},{\"@type\":\"Person\",\"@id\":\"https:\/\/www.noticiasradioreflejos.com.ar\/2021\/#\/schema\/person\/ad82545263dcc5ec0996818884fd5fb1\",\"name\":\"Arnaldo Botto\",\"image\":{\"@type\":\"ImageObject\",\"inLanguage\":\"es\",\"@id\":\"https:\/\/www.noticiasradioreflejos.com.ar\/2021\/#\/schema\/person\/image\/\",\"url\":\"https:\/\/secure.gravatar.com\/avatar\/55cb5e37c1efa326397366e6974cb338056df65cb50e7d64d1cf314e87504837?s=96&d=mm&r=g\",\"contentUrl\":\"https:\/\/secure.gravatar.com\/avatar\/55cb5e37c1efa326397366e6974cb338056df65cb50e7d64d1cf314e87504837?s=96&d=mm&r=g\",\"caption\":\"Arnaldo Botto\"},\"url\":\"https:\/\/www.noticiasradioreflejos.com.ar\/2021\/author\/arnaldo\/\"}]}<\/script>\n<!-- \/ Yoast SEO plugin. -->","yoast_head_json":{"title":"El mi\u00e9rcoles 7, no habr\u00e1 atenci\u00f3n en el municipio de 8 a 10 hs - Noticias Radio Reflejos","robots":{"index":"index","follow":"follow","max-snippet":"max-snippet:-1","max-image-preview":"max-image-preview:large","max-video-preview":"max-video-preview:-1"},"canonical":"https:\/\/www.noticiasradioreflejos.com.ar\/2021\/el-miercoles-7-no-habra-atencion-en-el-municipio-de-8-a-10-hs\/","og_locale":"es_ES","og_type":"article","og_title":"El mi\u00e9rcoles 7, no habr\u00e1 atenci\u00f3n en el municipio de 8 a 10 hs - Noticias Radio Reflejos","og_description":"La Secretar\u00eda de Hacienda informa que, este mi\u00e9rcoles 7 de 8 a 10 hs, no habr\u00e1 atenci\u00f3n al p\u00fablico en las \u00e1reas de Tesorer\u00eda, Ingresos, Contadur\u00eda y Compras del Palacio Municipal de Tornquist, debido a que el personal estar\u00e1 afectado a una capacitaci\u00f3n.","og_url":"https:\/\/www.noticiasradioreflejos.com.ar\/2021\/el-miercoles-7-no-habra-atencion-en-el-municipio-de-8-a-10-hs\/","og_site_name":"Noticias Radio Reflejos","article_published_time":"2024-08-05T13:38:36+00:00","og_image":[{"width":800,"height":500,"url":"https:\/\/www.noticiasradioreflejos.com.ar\/2021\/wp-content\/uploads\/2023\/06\/salamone-municipalidad-tornquist-e1725903452163.jpg","type":"image\/jpeg"}],"author":"Arnaldo Botto","twitter_card":"summary_large_image","schema":{"@context":"https:\/\/schema.org","@graph":[{"@type":"WebPage","@id":"https:\/\/www.noticiasradioreflejos.com.ar\/2021\/el-miercoles-7-no-habra-atencion-en-el-municipio-de-8-a-10-hs\/","url":"https:\/\/www.noticiasradioreflejos.com.ar\/2021\/el-miercoles-7-no-habra-atencion-en-el-municipio-de-8-a-10-hs\/","name":"El mi\u00e9rcoles 7, no habr\u00e1 atenci\u00f3n en el municipio de 8 a 10 hs - Noticias Radio Reflejos","isPartOf":{"@id":"https:\/\/www.noticiasradioreflejos.com.ar\/2021\/#website"},"primaryImageOfPage":{"@id":"https:\/\/www.noticiasradioreflejos.com.ar\/2021\/el-miercoles-7-no-habra-atencion-en-el-municipio-de-8-a-10-hs\/#primaryimage"},"image":{"@id":"https:\/\/www.noticiasradioreflejos.com.ar\/2021\/el-miercoles-7-no-habra-atencion-en-el-municipio-de-8-a-10-hs\/#primaryimage"},"thumbnailUrl":"https:\/\/www.noticiasradioreflejos.com.ar\/2021\/wp-content\/uploads\/2023\/06\/salamone-municipalidad-tornquist-e1725903452163.jpg","datePublished":"2024-08-05T13:38:36+00:00","author":{"@id":"https:\/\/www.noticiasradioreflejos.com.ar\/2021\/#\/schema\/person\/ad82545263dcc5ec0996818884fd5fb1"},"breadcrumb":{"@id":"https:\/\/www.noticiasradioreflejos.com.ar\/2021\/el-miercoles-7-no-habra-atencion-en-el-municipio-de-8-a-10-hs\/#breadcrumb"},"inLanguage":"es","potentialAction":[{"@type":"ReadAction","target":["https:\/\/www.noticiasradioreflejos.com.ar\/2021\/el-miercoles-7-no-habra-atencion-en-el-municipio-de-8-a-10-hs\/"]}]},{"@type":"ImageObject","inLanguage":"es","@id":"https:\/\/www.noticiasradioreflejos.com.ar\/2021\/el-miercoles-7-no-habra-atencion-en-el-municipio-de-8-a-10-hs\/#primaryimage","url":"https:\/\/www.noticiasradioreflejos.com.ar\/2021\/wp-content\/uploads\/2023\/06\/salamone-municipalidad-tornquist-e1725903452163.jpg","contentUrl":"https:\/\/www.noticiasradioreflejos.com.ar\/2021\/wp-content\/uploads\/2023\/06\/salamone-municipalidad-tornquist-e1725903452163.jpg","width":800,"height":500},{"@type":"BreadcrumbList","@id":"https:\/\/www.noticiasradioreflejos.com.ar\/2021\/el-miercoles-7-no-habra-atencion-en-el-municipio-de-8-a-10-hs\/#breadcrumb","itemListElement":[{"@type":"ListItem","position":1,"name":"Portada","item":"https:\/\/www.noticiasradioreflejos.com.ar\/2021\/"},{"@type":"ListItem","position":2,"name":"El mi\u00e9rcoles 7, no habr\u00e1 atenci\u00f3n en el municipio de 8 a 10 hs"}]},{"@type":"WebSite","@id":"https:\/\/www.noticiasradioreflejos.com.ar\/2021\/#website","url":"https:\/\/www.noticiasradioreflejos.com.ar\/2021\/","name":"Noticias Radio Reflejos","description":"Las noticias de mi comarca","potentialAction":[{"@type":"SearchAction","target":{"@type":"EntryPoint","urlTemplate":"https:\/\/www.noticiasradioreflejos.com.ar\/2021\/?s={search_term_string}"},"query-input":{"@type":"PropertyValueSpecification","valueRequired":true,"valueName":"search_term_string"}}],"inLanguage":"es"},{"@type":"Person","@id":"https:\/\/www.noticiasradioreflejos.com.ar\/2021\/#\/schema\/person\/ad82545263dcc5ec0996818884fd5fb1","name":"Arnaldo Botto","image":{"@type":"ImageObject","inLanguage":"es","@id":"https:\/\/www.noticiasradioreflejos.com.ar\/2021\/#\/schema\/person\/image\/","url":"https:\/\/secure.gravatar.com\/avatar\/55cb5e37c1efa326397366e6974cb338056df65cb50e7d64d1cf314e87504837?s=96&d=mm&r=g","contentUrl":"https:\/\/secure.gravatar.com\/avatar\/55cb5e37c1efa326397366e6974cb338056df65cb50e7d64d1cf314e87504837?s=96&d=mm&r=g","caption":"Arnaldo Botto"},"url":"https:\/\/www.noticiasradioreflejos.com.ar\/2021\/author\/arnaldo\/"}]}},"_links":{"self":[{"href":"https:\/\/www.noticiasradioreflejos.com.ar\/2021\/wp-json\/wp\/v2\/posts\/105871","targetHints":{"allow":["GET"]}}],"collection":[{"href":"https:\/\/www.noticiasradioreflejos.com.ar\/2021\/wp-json\/wp\/v2\/posts"}],"about":[{"href":"https:\/\/www.noticiasradioreflejos.com.ar\/2021\/wp-json\/wp\/v2\/types\/post"}],"author":[{"embeddable":true,"href":"https:\/\/www.noticiasradioreflejos.com.ar\/2021\/wp-json\/wp\/v2\/users\/3"}],"replies":[{"embeddable":true,"href":"https:\/\/www.noticiasradioreflejos.com.ar\/2021\/wp-json\/wp\/v2\/comments?post=105871"}],"version-history":[{"count":1,"href":"https:\/\/www.noticiasradioreflejos.com.ar\/2021\/wp-json\/wp\/v2\/posts\/105871\/revisions"}],"predecessor-version":[{"id":105872,"href":"https:\/\/www.noticiasradioreflejos.com.ar\/2021\/wp-json\/wp\/v2\/posts\/105871\/revisions\/105872"}],"wp:featuredmedia":[{"embeddable":true,"href":"https:\/\/www.noticiasradioreflejos.com.ar\/2021\/wp-json\/wp\/v2\/media\/89865"}],"wp:attachment":[{"href":"https:\/\/www.noticiasradioreflejos.com.ar\/2021\/wp-json\/wp\/v2\/media?parent=105871"}],"wp:term":[{"taxonomy":"category","embeddable":true,"href":"https:\/\/www.noticiasradioreflejos.com.ar\/2021\/wp-json\/wp\/v2\/categories?post=105871"},{"taxonomy":"post_tag","embeddable":true,"href":"https:\/\/www.noticiasradioreflejos.com.ar\/2021\/wp-json\/wp\/v2\/tags?post=105871"}],"curies":[{"name":"wp","href":"https:\/\/api.w.org\/{rel}","templated":true}]}}