{"id":105797,"date":"2024-08-01T17:12:04","date_gmt":"2024-08-01T20:12:04","guid":{"rendered":"https:\/\/www.noticiasradioreflejos.com.ar\/2021\/?p=105797"},"modified":"2024-08-01T17:12:04","modified_gmt":"2024-08-01T20:12:04","slug":"sigue-el-derrumbe-del-consumo-junio-tuvo-la-peor-caida-desde-la-pandemia-y-se-retrasa-la-recuperacion","status":"publish","type":"post","link":"https:\/\/www.noticiasradioreflejos.com.ar\/2021\/sigue-el-derrumbe-del-consumo-junio-tuvo-la-peor-caida-desde-la-pandemia-y-se-retrasa-la-recuperacion\/","title":{"rendered":"Sigue el derrumbe del consumo: junio tuvo la peor ca\u00edda desde la pandemia y se retrasa la recuperaci\u00f3n"},"content":{"rendered":"<p>El \u00edndice de la C\u00e1mara de Comercio registr\u00f3 un descenso de 9,8% en el sexto mes del 2024 y un retroceso de 5,3% en el primer semestre. El Gobierno apuesta a la baja de la inflaci\u00f3n. Empresas y analistas advierten que el repunte, de darse, ser\u00e1 lento<!--more--><\/p>\n<article class=\"article\">\n<div class=\"body-article\">\n<div class=\"visual__image\"><\/div>\n<p class=\"paragraph\" data-mrf-recirculation=\"Links inline\">El<b>\u00a0consumo de los hogares en Argentina<\/b>\u00a0tuvo en junio una ca\u00edda del 9,8% respecto al mismo mes del a\u00f1o pasado, el peor retroceso desde la pandemia, y del 3,3% contra mayo, seg\u00fan el indicador que realiza la<b>\u00a0C\u00e1mara Argentina de Comercio y Servicios (CAC).\u00a0<\/b>La p\u00e9rdida del poder adquisitivo, que se profundiz\u00f3 con la devaluaci\u00f3n de diciembre, implic\u00f3 en que el primer semestre finalizara con un retroceso del 5,3% interanual.<\/p>\n<p class=\"paragraph\" data-mrf-recirculation=\"Links inline\">El Gobierno de<b>\u00a0Javier Milei<\/b>\u00a0tiene como principal objetivo apuntalar la baja de la<b>\u00a0inflaci\u00f3n<\/b>\u00a0y que los salarios se recuperen gradualmente, un proceso de mejora que por ahora es incipiente. Es por eso que las empresas y los analistas anticipan que la recuperaci\u00f3n del consumo, que representa m\u00e1s del 70% del PBI, ser\u00e1 un proceso lento.<\/p>\n<p class=\"paragraph\" data-mrf-recirculation=\"Links inline\">La CAC estim\u00f3 un<b>\u00a0ingreso nominal promedio por hogar de $1.188.000 en junio<\/b> \u00faltimo. Ese ingreso implica una ca\u00edda de 21% en su poder de compra respecto a los niveles del a\u00f1o pasado. lo que obliga a las familias a recalcular sus gastos y ajustar el cintur\u00f3n en todos los rubros, pero m\u00e1s en los que no son considerados esenciales.<\/p>\n<div class=\"visual__image\"><img loading=\"lazy\" decoding=\"async\" class=\"\" src=\"https:\/\/www.infobae.com\/new-resizer\/uz076ghRy22kGlXeyYJJZH2n9x4=\/992x606\/filters:format(webp):quality(85)\/cloudfront-us-east-1.images.arcpublishing.com\/infobae\/CPPQCJBATRDMFAVLGCCI3CZB7Q.jpg%20992w\" sizes=\"auto, (min-width: 1560px) 856px, (min-width: 1000px) calc(74.63vw - 293px), (min-width: 780px) calc(100vw - 376px), (min-width: 580px) calc(100vw - 32px), 100vw\" srcset=\"https:\/\/www.infobae.com\/new-resizer\/uz076ghRy22kGlXeyYJJZH2n9x4=\/992x606\/filters:format(webp):quality(85)\/cloudfront-us-east-1.images.arcpublishing.com\/infobae\/CPPQCJBATRDMFAVLGCCI3CZB7Q.jpg 992w\" alt=\"El consumo de los hogares en Argentina tuvo en junio una ca\u00edda del 9,8% respecto al mismo mes del a\u00f1o pasado, el peor retroceso desde la pandemia\" width=\"1920\" height=\"1190\" data-src=\"https:\/\/www.infobae.com\/new-resizer\/uz076ghRy22kGlXeyYJJZH2n9x4=\/992x606\/filters:format(webp):quality(85)\/cloudfront-us-east-1.images.arcpublishing.com\/infobae\/CPPQCJBATRDMFAVLGCCI3CZB7Q.jpg 992w\" \/><\/div>\n<div class=\"visual__image\"><em>El consumo de los hogares en Argentina tuvo en junio una ca\u00edda del 9,8% respecto al mismo mes del a\u00f1o pasado, el peor retroceso desde la pandemia<\/em><\/div>\n<p data-mrf-recirculation=\"Links inline\">\n<p class=\"paragraph\" data-mrf-recirculation=\"Links inline\">\u201cAsimismo, continu\u00f3 la tendencia negativa en la compra de indumentaria y recreaci\u00f3n (pero en menor medida que el mes anterior), lo cual sostiene la idea de la reestructuraci\u00f3n del gasto de las familias. Otro punto negativo del mes, fue la fuerte ca\u00edda en el gasto asociado a vivienda, alquiler y servicios p\u00fablicos, impactado fuertemente por la baja en la demanda de energ\u00eda el\u00e9ctrica\u201d, resalt\u00f3 la entidad.<\/p>\n<p class=\"paragraph\" data-mrf-recirculation=\"Links inline\">La fort\u00edsima ca\u00edda del consumo se dio en el marco de un leve salto de la inflaci\u00f3n en junio, que interrumpi\u00f3 la tendencia de desaceleraci\u00f3n que hab\u00eda marcado durante cinco meses consecutivos. La variaci\u00f3n del\u00a0<b>\u00cdndice de Precios al Consumidor (IPC)<\/b>\u00a0del\u00a0<b>Indec<\/b> arroj\u00f3 para ese mes 4,6%, mayo hab\u00eda dado 4,2%, con un alza interanual del 271,5% y un acumulado del 79,8% en el semestre.<\/p>\n<p class=\"paragraph\" data-mrf-recirculation=\"Links inline\">En una reuni\u00f3n que mantuvo en el Palacio de Hacienda con Alycs, el ministro de Econom\u00eda,\u00a0<b>Luis Caputo<\/b>, anticip\u00f3 que \u201cla inflaci\u00f3n de junio ser\u00e1 la m\u00e1s baja en lo que va del a\u00f1o y que la econom\u00eda est\u00e1 empezando a crecer\u201d. La estimaci\u00f3n que realiza el equipo econ\u00f3mico es que la variaci\u00f3n del IPC estar\u00e1 en la zona del 3,7% mensual, perforando el piso del 4%, en un mes en el que se mantuvo el congelamiento de tarifas de servicios p\u00fablicos.<a href=\"https:\/\/www.infobae.com\/economia\/2024\/07\/31\/vuelven-los-aumentos-en-luz-y-gas-en-agosto-cuanto-subiran-las-facturas-y-a-que-usuarios-alcanzara\/\" target=\"_blank\" rel=\"noopener noreferrer\" data-mrf-link=\"https:\/\/www.infobae.com\/economia\/2024\/07\/31\/vuelven-los-aumentos-en-luz-y-gas-en-agosto-cuanto-subiran-las-facturas-y-a-que-usuarios-alcanzara\/\">\u00a0Caputo tiene previsto retomar los aumentos en luz, gas y combustibles en agosto<\/a>, mientras analiza nuevos incrementos en transporte.<\/p>\n<div class=\"visual__image\"><img loading=\"lazy\" decoding=\"async\" class=\"\" src=\"https:\/\/www.infobae.com\/new-resizer\/yoJW8brHej5vZRQsqQ0qf4PalWU=\/992x606\/filters:format(webp):quality(85)\/cloudfront-us-east-1.images.arcpublishing.com\/infobae\/ZQ6LMRDQ4FEBPDJ3ARYHCIIXRQ.jpg%20992w\" sizes=\"auto, (min-width: 1560px) 856px, (min-width: 1000px) calc(74.63vw - 293px), (min-width: 780px) calc(100vw - 376px), (min-width: 580px) calc(100vw - 32px), 100vw\" srcset=\"https:\/\/www.infobae.com\/new-resizer\/yoJW8brHej5vZRQsqQ0qf4PalWU=\/992x606\/filters:format(webp):quality(85)\/cloudfront-us-east-1.images.arcpublishing.com\/infobae\/ZQ6LMRDQ4FEBPDJ3ARYHCIIXRQ.jpg 992w\" alt=\"Relaci\u00f3n entre el consumo y la actividad econ\u00f3mica.\" width=\"1920\" height=\"1123\" data-src=\"https:\/\/www.infobae.com\/new-resizer\/yoJW8brHej5vZRQsqQ0qf4PalWU=\/992x606\/filters:format(webp):quality(85)\/cloudfront-us-east-1.images.arcpublishing.com\/infobae\/ZQ6LMRDQ4FEBPDJ3ARYHCIIXRQ.jpg 992w\" \/><em>Relaci\u00f3n entre el consumo y la actividad econ\u00f3mica.<\/em><\/div>\n<p data-mrf-recirculation=\"Links inline\">\n<p data-mrf-recirculation=\"Links inline\">\n<p class=\"paragraph\" data-mrf-recirculation=\"Links inline\">El ministro tambi\u00e9n sostuvo que la velocidad de la recuperaci\u00f3n econ\u00f3mica depender\u00e1 de la confianza de la gente y del sector privado en el programa econ\u00f3mico. La intenci\u00f3n oficial es apuntar todos los ca\u00f1ones a la baja de la inflaci\u00f3n y llegar lo m\u00e1s cerca del 0% mensual lo antes posible, algo que esperan lograr con la baja al 7.5% el\u00a0<b>impuesto PAIS<\/b>\u00a0para las importaciones.<\/p>\n<p class=\"paragraph\" data-mrf-recirculation=\"Links inline\">\u201cEl desempe\u00f1o de la econom\u00eda argentina y el consumo presentan un comportamiento similar, lo cual se expresa en tasas de variaci\u00f3n interanual que, usualmente, se incrementan o reducen en la misma l\u00ednea. En gran parte del 2024, las variaciones interanuales tanto del IC como del EMAE presentaron un comportamiento negativo: el del consumo contin\u00faa hasta la actualidad, pero el de la actividad se interrumpi\u00f3 en mayo. Durante el quinto mes del a\u00f1o, el EMAE exhibi\u00f3 un crecimiento interanual de 2,3%, interrumpiendo las variaciones negativas hasta entonces\u201d, apunt\u00f3 la CAC.<\/p>\n<p class=\"paragraph\" data-mrf-recirculation=\"Links inline\">Al respecto, la consultora Econviews se\u00f1al\u00f3: \u201cEl consumo va a ser el motor de la recuperaci\u00f3n en los pr\u00f3ximos meses ya que es el 73% del PBI. Es probable que hasta que se elimine el cepo este motor ande despacio. La baja de la inflaci\u00f3n es clave, porque va a permitir que el salario se siga recuperando y a su vez proporciona un mejor clima para el cr\u00e9dito privado. Por esto es que el camino va a ser lento: La inflaci\u00f3n no va a bajar de forma abrupta. No esperamos que el plan monetario del gobierno funcione para cortar r\u00e1pidamente la inercia inflacionaria\u201d.<\/p>\n<p class=\"paragraph\" data-mrf-recirculation=\"Links inline\">En ese sentido, los datos de julio dan algunas se\u00f1ales mixtas para la actividad econ\u00f3mica. El consumo masivo en los<b>\u00a0supermercados\u00a0<\/b>mostrar\u00eda un a baja de hasta 5% mensual y de 18% interanual, seg\u00fan dijeron recientemente a Caputo los representantes de las cadenas. Eso demuestra que, a pesar de que el salario se recuper\u00f3 en los \u00faltimos meses, a\u00fan no tracciona un componente clave del PBI.<\/p>\n<\/div>\n<\/article>\n<p data-mrf-recirculation=\"Links inline\">\n<p data-mrf-recirculation=\"Links inline\"><em><strong>Por <a class=\"author-name\" href=\"https:\/\/www.infobae.com\/autor\/agustin-maza\/\" aria-label=\"Agust\u00edn Maza\">Agust\u00edn Maza<\/a> Infobae<\/strong><\/em><\/p>\n","protected":false},"excerpt":{"rendered":"<p>El \u00edndice de la C\u00e1mara de Comercio registr\u00f3 un descenso de 9,8% en el sexto mes del 2024 y un retroceso de 5,3% en el primer semestre. El Gobierno apuesta a la baja de la inflaci\u00f3n. Empresas y analistas advierten que el repunte, de darse, ser\u00e1 lento<\/p>\n","protected":false},"author":3,"featured_media":105798,"comment_status":"closed","ping_status":"closed","sticky":false,"template":"","format":"standard","meta":{"footnotes":""},"categories":[36],"tags":[],"class_list":["post-105797","post","type-post","status-publish","format-standard","has-post-thumbnail","hentry","category-economia"],"yoast_head":"<!-- This site is optimized with the Yoast SEO plugin v25.9 - https:\/\/yoast.com\/wordpress\/plugins\/seo\/ -->\n<title>Sigue el derrumbe del consumo: junio tuvo la peor ca\u00edda desde la pandemia y se retrasa la recuperaci\u00f3n - Noticias Radio Reflejos<\/title>\n<meta name=\"robots\" content=\"index, follow, max-snippet:-1, max-image-preview:large, max-video-preview:-1\" \/>\n<link rel=\"canonical\" href=\"https:\/\/www.noticiasradioreflejos.com.ar\/2021\/sigue-el-derrumbe-del-consumo-junio-tuvo-la-peor-caida-desde-la-pandemia-y-se-retrasa-la-recuperacion\/\" \/>\n<meta property=\"og:locale\" content=\"es_ES\" \/>\n<meta property=\"og:type\" content=\"article\" \/>\n<meta property=\"og:title\" content=\"Sigue el derrumbe del consumo: junio tuvo la peor ca\u00edda desde la pandemia y se retrasa la recuperaci\u00f3n - Noticias Radio Reflejos\" \/>\n<meta property=\"og:description\" content=\"El \u00edndice de la C\u00e1mara de Comercio registr\u00f3 un descenso de 9,8% en el sexto mes del 2024 y un retroceso de 5,3% en el primer semestre. El Gobierno apuesta a la baja de la inflaci\u00f3n. Empresas y analistas advierten que el repunte, de darse, ser\u00e1 lento\" \/>\n<meta property=\"og:url\" content=\"https:\/\/www.noticiasradioreflejos.com.ar\/2021\/sigue-el-derrumbe-del-consumo-junio-tuvo-la-peor-caida-desde-la-pandemia-y-se-retrasa-la-recuperacion\/\" \/>\n<meta property=\"og:site_name\" content=\"Noticias Radio Reflejos\" \/>\n<meta property=\"article:published_time\" content=\"2024-08-01T20:12:04+00:00\" \/>\n<meta property=\"og:image\" content=\"https:\/\/www.noticiasradioreflejos.com.ar\/2021\/wp-content\/uploads\/2024\/08\/consumo.jpg\" \/>\n\t<meta property=\"og:image:width\" content=\"772\" \/>\n\t<meta property=\"og:image:height\" content=\"501\" \/>\n\t<meta property=\"og:image:type\" content=\"image\/jpeg\" \/>\n<meta name=\"author\" content=\"Arnaldo Botto\" \/>\n<meta name=\"twitter:card\" content=\"summary_large_image\" \/>\n<script type=\"application\/ld+json\" class=\"yoast-schema-graph\">{\"@context\":\"https:\/\/schema.org\",\"@graph\":[{\"@type\":\"WebPage\",\"@id\":\"https:\/\/www.noticiasradioreflejos.com.ar\/2021\/sigue-el-derrumbe-del-consumo-junio-tuvo-la-peor-caida-desde-la-pandemia-y-se-retrasa-la-recuperacion\/\",\"url\":\"https:\/\/www.noticiasradioreflejos.com.ar\/2021\/sigue-el-derrumbe-del-consumo-junio-tuvo-la-peor-caida-desde-la-pandemia-y-se-retrasa-la-recuperacion\/\",\"name\":\"Sigue el derrumbe del consumo: junio tuvo la peor ca\u00edda desde la pandemia y se retrasa la recuperaci\u00f3n - Noticias Radio Reflejos\",\"isPartOf\":{\"@id\":\"https:\/\/www.noticiasradioreflejos.com.ar\/2021\/#website\"},\"primaryImageOfPage\":{\"@id\":\"https:\/\/www.noticiasradioreflejos.com.ar\/2021\/sigue-el-derrumbe-del-consumo-junio-tuvo-la-peor-caida-desde-la-pandemia-y-se-retrasa-la-recuperacion\/#primaryimage\"},\"image\":{\"@id\":\"https:\/\/www.noticiasradioreflejos.com.ar\/2021\/sigue-el-derrumbe-del-consumo-junio-tuvo-la-peor-caida-desde-la-pandemia-y-se-retrasa-la-recuperacion\/#primaryimage\"},\"thumbnailUrl\":\"https:\/\/www.noticiasradioreflejos.com.ar\/2021\/wp-content\/uploads\/2024\/08\/consumo.jpg\",\"datePublished\":\"2024-08-01T20:12:04+00:00\",\"author\":{\"@id\":\"https:\/\/www.noticiasradioreflejos.com.ar\/2021\/#\/schema\/person\/ad82545263dcc5ec0996818884fd5fb1\"},\"breadcrumb\":{\"@id\":\"https:\/\/www.noticiasradioreflejos.com.ar\/2021\/sigue-el-derrumbe-del-consumo-junio-tuvo-la-peor-caida-desde-la-pandemia-y-se-retrasa-la-recuperacion\/#breadcrumb\"},\"inLanguage\":\"es\",\"potentialAction\":[{\"@type\":\"ReadAction\",\"target\":[\"https:\/\/www.noticiasradioreflejos.com.ar\/2021\/sigue-el-derrumbe-del-consumo-junio-tuvo-la-peor-caida-desde-la-pandemia-y-se-retrasa-la-recuperacion\/\"]}]},{\"@type\":\"ImageObject\",\"inLanguage\":\"es\",\"@id\":\"https:\/\/www.noticiasradioreflejos.com.ar\/2021\/sigue-el-derrumbe-del-consumo-junio-tuvo-la-peor-caida-desde-la-pandemia-y-se-retrasa-la-recuperacion\/#primaryimage\",\"url\":\"https:\/\/www.noticiasradioreflejos.com.ar\/2021\/wp-content\/uploads\/2024\/08\/consumo.jpg\",\"contentUrl\":\"https:\/\/www.noticiasradioreflejos.com.ar\/2021\/wp-content\/uploads\/2024\/08\/consumo.jpg\",\"width\":772,\"height\":501},{\"@type\":\"BreadcrumbList\",\"@id\":\"https:\/\/www.noticiasradioreflejos.com.ar\/2021\/sigue-el-derrumbe-del-consumo-junio-tuvo-la-peor-caida-desde-la-pandemia-y-se-retrasa-la-recuperacion\/#breadcrumb\",\"itemListElement\":[{\"@type\":\"ListItem\",\"position\":1,\"name\":\"Portada\",\"item\":\"https:\/\/www.noticiasradioreflejos.com.ar\/2021\/\"},{\"@type\":\"ListItem\",\"position\":2,\"name\":\"Sigue el derrumbe del consumo: junio tuvo la peor ca\u00edda desde la pandemia y se retrasa la recuperaci\u00f3n\"}]},{\"@type\":\"WebSite\",\"@id\":\"https:\/\/www.noticiasradioreflejos.com.ar\/2021\/#website\",\"url\":\"https:\/\/www.noticiasradioreflejos.com.ar\/2021\/\",\"name\":\"Noticias Radio Reflejos\",\"description\":\"Las noticias de mi comarca\",\"potentialAction\":[{\"@type\":\"SearchAction\",\"target\":{\"@type\":\"EntryPoint\",\"urlTemplate\":\"https:\/\/www.noticiasradioreflejos.com.ar\/2021\/?s={search_term_string}\"},\"query-input\":{\"@type\":\"PropertyValueSpecification\",\"valueRequired\":true,\"valueName\":\"search_term_string\"}}],\"inLanguage\":\"es\"},{\"@type\":\"Person\",\"@id\":\"https:\/\/www.noticiasradioreflejos.com.ar\/2021\/#\/schema\/person\/ad82545263dcc5ec0996818884fd5fb1\",\"name\":\"Arnaldo Botto\",\"image\":{\"@type\":\"ImageObject\",\"inLanguage\":\"es\",\"@id\":\"https:\/\/www.noticiasradioreflejos.com.ar\/2021\/#\/schema\/person\/image\/\",\"url\":\"https:\/\/secure.gravatar.com\/avatar\/55cb5e37c1efa326397366e6974cb338056df65cb50e7d64d1cf314e87504837?s=96&d=mm&r=g\",\"contentUrl\":\"https:\/\/secure.gravatar.com\/avatar\/55cb5e37c1efa326397366e6974cb338056df65cb50e7d64d1cf314e87504837?s=96&d=mm&r=g\",\"caption\":\"Arnaldo Botto\"},\"url\":\"https:\/\/www.noticiasradioreflejos.com.ar\/2021\/author\/arnaldo\/\"}]}<\/script>\n<!-- \/ Yoast SEO plugin. -->","yoast_head_json":{"title":"Sigue el derrumbe del consumo: junio tuvo la peor ca\u00edda desde la pandemia y se retrasa la recuperaci\u00f3n - Noticias Radio Reflejos","robots":{"index":"index","follow":"follow","max-snippet":"max-snippet:-1","max-image-preview":"max-image-preview:large","max-video-preview":"max-video-preview:-1"},"canonical":"https:\/\/www.noticiasradioreflejos.com.ar\/2021\/sigue-el-derrumbe-del-consumo-junio-tuvo-la-peor-caida-desde-la-pandemia-y-se-retrasa-la-recuperacion\/","og_locale":"es_ES","og_type":"article","og_title":"Sigue el derrumbe del consumo: junio tuvo la peor ca\u00edda desde la pandemia y se retrasa la recuperaci\u00f3n - Noticias Radio Reflejos","og_description":"El \u00edndice de la C\u00e1mara de Comercio registr\u00f3 un descenso de 9,8% en el sexto mes del 2024 y un retroceso de 5,3% en el primer semestre. El Gobierno apuesta a la baja de la inflaci\u00f3n. Empresas y analistas advierten que el repunte, de darse, ser\u00e1 lento","og_url":"https:\/\/www.noticiasradioreflejos.com.ar\/2021\/sigue-el-derrumbe-del-consumo-junio-tuvo-la-peor-caida-desde-la-pandemia-y-se-retrasa-la-recuperacion\/","og_site_name":"Noticias Radio Reflejos","article_published_time":"2024-08-01T20:12:04+00:00","og_image":[{"width":772,"height":501,"url":"https:\/\/www.noticiasradioreflejos.com.ar\/2021\/wp-content\/uploads\/2024\/08\/consumo.jpg","type":"image\/jpeg"}],"author":"Arnaldo Botto","twitter_card":"summary_large_image","schema":{"@context":"https:\/\/schema.org","@graph":[{"@type":"WebPage","@id":"https:\/\/www.noticiasradioreflejos.com.ar\/2021\/sigue-el-derrumbe-del-consumo-junio-tuvo-la-peor-caida-desde-la-pandemia-y-se-retrasa-la-recuperacion\/","url":"https:\/\/www.noticiasradioreflejos.com.ar\/2021\/sigue-el-derrumbe-del-consumo-junio-tuvo-la-peor-caida-desde-la-pandemia-y-se-retrasa-la-recuperacion\/","name":"Sigue el derrumbe del consumo: junio tuvo la peor ca\u00edda desde la pandemia y se retrasa la recuperaci\u00f3n - Noticias Radio Reflejos","isPartOf":{"@id":"https:\/\/www.noticiasradioreflejos.com.ar\/2021\/#website"},"primaryImageOfPage":{"@id":"https:\/\/www.noticiasradioreflejos.com.ar\/2021\/sigue-el-derrumbe-del-consumo-junio-tuvo-la-peor-caida-desde-la-pandemia-y-se-retrasa-la-recuperacion\/#primaryimage"},"image":{"@id":"https:\/\/www.noticiasradioreflejos.com.ar\/2021\/sigue-el-derrumbe-del-consumo-junio-tuvo-la-peor-caida-desde-la-pandemia-y-se-retrasa-la-recuperacion\/#primaryimage"},"thumbnailUrl":"https:\/\/www.noticiasradioreflejos.com.ar\/2021\/wp-content\/uploads\/2024\/08\/consumo.jpg","datePublished":"2024-08-01T20:12:04+00:00","author":{"@id":"https:\/\/www.noticiasradioreflejos.com.ar\/2021\/#\/schema\/person\/ad82545263dcc5ec0996818884fd5fb1"},"breadcrumb":{"@id":"https:\/\/www.noticiasradioreflejos.com.ar\/2021\/sigue-el-derrumbe-del-consumo-junio-tuvo-la-peor-caida-desde-la-pandemia-y-se-retrasa-la-recuperacion\/#breadcrumb"},"inLanguage":"es","potentialAction":[{"@type":"ReadAction","target":["https:\/\/www.noticiasradioreflejos.com.ar\/2021\/sigue-el-derrumbe-del-consumo-junio-tuvo-la-peor-caida-desde-la-pandemia-y-se-retrasa-la-recuperacion\/"]}]},{"@type":"ImageObject","inLanguage":"es","@id":"https:\/\/www.noticiasradioreflejos.com.ar\/2021\/sigue-el-derrumbe-del-consumo-junio-tuvo-la-peor-caida-desde-la-pandemia-y-se-retrasa-la-recuperacion\/#primaryimage","url":"https:\/\/www.noticiasradioreflejos.com.ar\/2021\/wp-content\/uploads\/2024\/08\/consumo.jpg","contentUrl":"https:\/\/www.noticiasradioreflejos.com.ar\/2021\/wp-content\/uploads\/2024\/08\/consumo.jpg","width":772,"height":501},{"@type":"BreadcrumbList","@id":"https:\/\/www.noticiasradioreflejos.com.ar\/2021\/sigue-el-derrumbe-del-consumo-junio-tuvo-la-peor-caida-desde-la-pandemia-y-se-retrasa-la-recuperacion\/#breadcrumb","itemListElement":[{"@type":"ListItem","position":1,"name":"Portada","item":"https:\/\/www.noticiasradioreflejos.com.ar\/2021\/"},{"@type":"ListItem","position":2,"name":"Sigue el derrumbe del consumo: junio tuvo la peor ca\u00edda desde la pandemia y se retrasa la recuperaci\u00f3n"}]},{"@type":"WebSite","@id":"https:\/\/www.noticiasradioreflejos.com.ar\/2021\/#website","url":"https:\/\/www.noticiasradioreflejos.com.ar\/2021\/","name":"Noticias Radio Reflejos","description":"Las noticias de mi comarca","potentialAction":[{"@type":"SearchAction","target":{"@type":"EntryPoint","urlTemplate":"https:\/\/www.noticiasradioreflejos.com.ar\/2021\/?s={search_term_string}"},"query-input":{"@type":"PropertyValueSpecification","valueRequired":true,"valueName":"search_term_string"}}],"inLanguage":"es"},{"@type":"Person","@id":"https:\/\/www.noticiasradioreflejos.com.ar\/2021\/#\/schema\/person\/ad82545263dcc5ec0996818884fd5fb1","name":"Arnaldo Botto","image":{"@type":"ImageObject","inLanguage":"es","@id":"https:\/\/www.noticiasradioreflejos.com.ar\/2021\/#\/schema\/person\/image\/","url":"https:\/\/secure.gravatar.com\/avatar\/55cb5e37c1efa326397366e6974cb338056df65cb50e7d64d1cf314e87504837?s=96&d=mm&r=g","contentUrl":"https:\/\/secure.gravatar.com\/avatar\/55cb5e37c1efa326397366e6974cb338056df65cb50e7d64d1cf314e87504837?s=96&d=mm&r=g","caption":"Arnaldo Botto"},"url":"https:\/\/www.noticiasradioreflejos.com.ar\/2021\/author\/arnaldo\/"}]}},"_links":{"self":[{"href":"https:\/\/www.noticiasradioreflejos.com.ar\/2021\/wp-json\/wp\/v2\/posts\/105797","targetHints":{"allow":["GET"]}}],"collection":[{"href":"https:\/\/www.noticiasradioreflejos.com.ar\/2021\/wp-json\/wp\/v2\/posts"}],"about":[{"href":"https:\/\/www.noticiasradioreflejos.com.ar\/2021\/wp-json\/wp\/v2\/types\/post"}],"author":[{"embeddable":true,"href":"https:\/\/www.noticiasradioreflejos.com.ar\/2021\/wp-json\/wp\/v2\/users\/3"}],"replies":[{"embeddable":true,"href":"https:\/\/www.noticiasradioreflejos.com.ar\/2021\/wp-json\/wp\/v2\/comments?post=105797"}],"version-history":[{"count":1,"href":"https:\/\/www.noticiasradioreflejos.com.ar\/2021\/wp-json\/wp\/v2\/posts\/105797\/revisions"}],"predecessor-version":[{"id":105799,"href":"https:\/\/www.noticiasradioreflejos.com.ar\/2021\/wp-json\/wp\/v2\/posts\/105797\/revisions\/105799"}],"wp:featuredmedia":[{"embeddable":true,"href":"https:\/\/www.noticiasradioreflejos.com.ar\/2021\/wp-json\/wp\/v2\/media\/105798"}],"wp:attachment":[{"href":"https:\/\/www.noticiasradioreflejos.com.ar\/2021\/wp-json\/wp\/v2\/media?parent=105797"}],"wp:term":[{"taxonomy":"category","embeddable":true,"href":"https:\/\/www.noticiasradioreflejos.com.ar\/2021\/wp-json\/wp\/v2\/categories?post=105797"},{"taxonomy":"post_tag","embeddable":true,"href":"https:\/\/www.noticiasradioreflejos.com.ar\/2021\/wp-json\/wp\/v2\/tags?post=105797"}],"curies":[{"name":"wp","href":"https:\/\/api.w.org\/{rel}","templated":true}]}}