{"id":105779,"date":"2024-08-01T13:54:39","date_gmt":"2024-08-01T16:54:39","guid":{"rendered":"https:\/\/www.noticiasradioreflejos.com.ar\/2021\/?p=105779"},"modified":"2024-08-01T13:54:39","modified_gmt":"2024-08-01T16:54:39","slug":"came-planteo-a-francos-politicas-laborales-e-impositivas-diferenciales-para-las-pymes","status":"publish","type":"post","link":"https:\/\/www.noticiasradioreflejos.com.ar\/2021\/came-planteo-a-francos-politicas-laborales-e-impositivas-diferenciales-para-las-pymes\/","title":{"rendered":"CAME plante\u00f3 a Francos pol\u00edticas laborales e impositivas diferenciales para las pymes"},"content":{"rendered":"<p>El jefe de Gabinete de ministros de la Naci\u00f3n, Guillermo Francos, particip\u00f3 hoy del Encuentro Federal Pyme que organiz\u00f3 la Confederaci\u00f3n Argentina de la Mediana Empresa (CAME) con empresarios de todo el pa\u00eds. El presidente de CAME, Alfredo Gonz\u00e1lez, se refiri\u00f3 a la sanci\u00f3n de la Ley Bases y la consecuente aprobaci\u00f3n del RIGI. \u201cCon el equipo jur\u00eddico y tributario estamos colaborando con otras entidades en la reglamentaci\u00f3n del cap\u00edtulo laboral\u201d, dijo y agreg\u00f3: \u201cEl paquete fiscal, la moratoria y el blanqueo representan una gran ayuda para las pymes\u201d.<!--more--><\/p>\n<p>Por su parte, Francos se\u00f1al\u00f3 que \u201cesta es la gran oportunidad para un despegue econ\u00f3mico de la Argentina. Estamos avanzando en una Ley que facilite inversiones. Desde el Gobierno escuchamos sus propuestas y analizamos c\u00f3mo avanzar para conciliar los intereses particulares de cada uno, de sus empresas y de los sectores con los intereses de la Naci\u00f3n\u201d.<\/p>\n<p>Adem\u00e1s, el titular de CAME resalt\u00f3 la reglamentaci\u00f3n del art\u00edculo laboral de la Ley Bases. \u201cEs importante que en Argentina se puedan generar puestos de trabajo sin que sea un castigo sufrir las consecuencias de los juicios laborales\u201d, expres\u00f3 Gonz\u00e1lez y a\u00f1adi\u00f3: \u201cNo planteamos no pagar una indemnizaci\u00f3n, sino pagar lo que corresponde, sin intereses judiciales excesivos, y sin quitar los derechos adquiridos de los trabajadores\u201d.<\/p>\n<p>A su vez, el jefe de ministros manifest\u00f3: \u201cSomos muy optimistas con c\u00f3mo se viene desarrollando y avanzando la macroeconom\u00eda en la Argentina\u201d, y continu\u00f3: \u201cTomamos medidas que van a terminar con el flagelo inflacionario, ahora tomaremos otras que apuntalen el crecimiento\u201d.<\/p>\n<p>Luego, representantes de distintas regiones del pa\u00eds le plantearon a Francos las dificultades que enfrentan. Desde la Patagonia, pidieron un marco legal vinculado al hidr\u00f3geno verde; que se realice un control del ganado patag\u00f3nico; la sanci\u00f3n de una ley ovina y prolana; la homologaci\u00f3n por parte del Gobierno nacional de la emergencia agropecuaria y ganadera y una propuesta que ayude a las pymes de la regi\u00f3n a resolver el pago de las altas tarifas.<\/p>\n<p><a data-flickr-embed=\"true\" href=\"https:\/\/www.flickr.com\/photos\/182279889@N02\/53894611792\/in\/dateposted-public\/\" title=\"unnamed\"><img loading=\"lazy\" decoding=\"async\" src=\"https:\/\/live.staticflickr.com\/65535\/53894611792_8b69591563_o.png\" width=\"1299\" height=\"839\" alt=\"unnamed\"\/><\/a><script async src=\"\/\/embedr.flickr.com\/assets\/client-code.js\" charset=\"utf-8\"><\/script><\/p>\n<p>Representantes de Cuyo pidieron que dentro del RIGI se contemple un r\u00e9gimen especial para pymes y mayor conectividad para Vaca Muerta a trav\u00e9s del sistema ferroviario. La conectividad tambi\u00e9n fue un pedido del Norte Grande, adem\u00e1s de un mayor control de la frontera, la reducci\u00f3n de los precios del combustible y costos energ\u00e9ticos y una mayor obra p\u00fablica.<\/p>\n<p>Finalmente, el secretario de la Peque\u00f1a y Mediana Empresa, Emprendedores y Econom\u00eda del Conocimiento de la Naci\u00f3n, Marcos Ayerra, declar\u00f3 que desde el Gobierno \u201cbuscamos quitar el pie de encima a los privados para que hagan lo que tengan que hacer\u201d.<\/p>\n<p>Participaron del encuentro el secretario general de CAME, Ricardo Diab; el secretario de Hacienda, Blas Taladrid; los vicepresidentes Alberto Kahale, Fabi\u00e1n Castillo y Claudia Fern\u00e1ndez; y el comit\u00e9 de presidencia de la entidad.<\/p>\n","protected":false},"excerpt":{"rendered":"<p>El jefe de Gabinete de ministros de la Naci\u00f3n, Guillermo Francos, particip\u00f3 hoy del Encuentro Federal Pyme que organiz\u00f3 la Confederaci\u00f3n Argentina de la Mediana Empresa (CAME) con empresarios de todo el pa\u00eds. El presidente de CAME, Alfredo Gonz\u00e1lez, se refiri\u00f3 a la sanci\u00f3n de la Ley Bases y la consecuente aprobaci\u00f3n del RIGI. \u201cCon [&hellip;]<\/p>\n","protected":false},"author":3,"featured_media":105780,"comment_status":"closed","ping_status":"closed","sticky":false,"template":"","format":"standard","meta":{"footnotes":""},"categories":[36],"tags":[],"class_list":["post-105779","post","type-post","status-publish","format-standard","has-post-thumbnail","hentry","category-economia"],"yoast_head":"<!-- This site is optimized with the Yoast SEO plugin v25.9 - https:\/\/yoast.com\/wordpress\/plugins\/seo\/ -->\n<title>CAME plante\u00f3 a Francos pol\u00edticas laborales e impositivas diferenciales para las pymes - Noticias Radio Reflejos<\/title>\n<meta name=\"robots\" content=\"index, follow, max-snippet:-1, max-image-preview:large, max-video-preview:-1\" \/>\n<link rel=\"canonical\" href=\"https:\/\/www.noticiasradioreflejos.com.ar\/2021\/came-planteo-a-francos-politicas-laborales-e-impositivas-diferenciales-para-las-pymes\/\" \/>\n<meta property=\"og:locale\" content=\"es_ES\" \/>\n<meta property=\"og:type\" content=\"article\" \/>\n<meta property=\"og:title\" content=\"CAME plante\u00f3 a Francos pol\u00edticas laborales e impositivas diferenciales para las pymes - Noticias Radio Reflejos\" \/>\n<meta property=\"og:description\" content=\"El jefe de Gabinete de ministros de la Naci\u00f3n, Guillermo Francos, particip\u00f3 hoy del Encuentro Federal Pyme que organiz\u00f3 la Confederaci\u00f3n Argentina de la Mediana Empresa (CAME) con empresarios de todo el pa\u00eds. El presidente de CAME, Alfredo Gonz\u00e1lez, se refiri\u00f3 a la sanci\u00f3n de la Ley Bases y la consecuente aprobaci\u00f3n del RIGI. \u201cCon [&hellip;]\" \/>\n<meta property=\"og:url\" content=\"https:\/\/www.noticiasradioreflejos.com.ar\/2021\/came-planteo-a-francos-politicas-laborales-e-impositivas-diferenciales-para-las-pymes\/\" \/>\n<meta property=\"og:site_name\" content=\"Noticias Radio Reflejos\" \/>\n<meta property=\"article:published_time\" content=\"2024-08-01T16:54:39+00:00\" \/>\n<meta property=\"og:image\" content=\"https:\/\/www.noticiasradioreflejos.com.ar\/2021\/wp-content\/uploads\/2024\/08\/unnamed-1.png\" \/>\n\t<meta property=\"og:image:width\" content=\"1299\" \/>\n\t<meta property=\"og:image:height\" content=\"832\" \/>\n\t<meta property=\"og:image:type\" content=\"image\/png\" \/>\n<meta name=\"author\" content=\"Arnaldo Botto\" \/>\n<meta name=\"twitter:card\" content=\"summary_large_image\" \/>\n<script type=\"application\/ld+json\" class=\"yoast-schema-graph\">{\"@context\":\"https:\/\/schema.org\",\"@graph\":[{\"@type\":\"WebPage\",\"@id\":\"https:\/\/www.noticiasradioreflejos.com.ar\/2021\/came-planteo-a-francos-politicas-laborales-e-impositivas-diferenciales-para-las-pymes\/\",\"url\":\"https:\/\/www.noticiasradioreflejos.com.ar\/2021\/came-planteo-a-francos-politicas-laborales-e-impositivas-diferenciales-para-las-pymes\/\",\"name\":\"CAME plante\u00f3 a Francos pol\u00edticas laborales e impositivas diferenciales para las pymes - Noticias Radio Reflejos\",\"isPartOf\":{\"@id\":\"https:\/\/www.noticiasradioreflejos.com.ar\/2021\/#website\"},\"primaryImageOfPage\":{\"@id\":\"https:\/\/www.noticiasradioreflejos.com.ar\/2021\/came-planteo-a-francos-politicas-laborales-e-impositivas-diferenciales-para-las-pymes\/#primaryimage\"},\"image\":{\"@id\":\"https:\/\/www.noticiasradioreflejos.com.ar\/2021\/came-planteo-a-francos-politicas-laborales-e-impositivas-diferenciales-para-las-pymes\/#primaryimage\"},\"thumbnailUrl\":\"https:\/\/www.noticiasradioreflejos.com.ar\/2021\/wp-content\/uploads\/2024\/08\/unnamed-1.png\",\"datePublished\":\"2024-08-01T16:54:39+00:00\",\"author\":{\"@id\":\"https:\/\/www.noticiasradioreflejos.com.ar\/2021\/#\/schema\/person\/ad82545263dcc5ec0996818884fd5fb1\"},\"breadcrumb\":{\"@id\":\"https:\/\/www.noticiasradioreflejos.com.ar\/2021\/came-planteo-a-francos-politicas-laborales-e-impositivas-diferenciales-para-las-pymes\/#breadcrumb\"},\"inLanguage\":\"es\",\"potentialAction\":[{\"@type\":\"ReadAction\",\"target\":[\"https:\/\/www.noticiasradioreflejos.com.ar\/2021\/came-planteo-a-francos-politicas-laborales-e-impositivas-diferenciales-para-las-pymes\/\"]}]},{\"@type\":\"ImageObject\",\"inLanguage\":\"es\",\"@id\":\"https:\/\/www.noticiasradioreflejos.com.ar\/2021\/came-planteo-a-francos-politicas-laborales-e-impositivas-diferenciales-para-las-pymes\/#primaryimage\",\"url\":\"https:\/\/www.noticiasradioreflejos.com.ar\/2021\/wp-content\/uploads\/2024\/08\/unnamed-1.png\",\"contentUrl\":\"https:\/\/www.noticiasradioreflejos.com.ar\/2021\/wp-content\/uploads\/2024\/08\/unnamed-1.png\",\"width\":1299,\"height\":832},{\"@type\":\"BreadcrumbList\",\"@id\":\"https:\/\/www.noticiasradioreflejos.com.ar\/2021\/came-planteo-a-francos-politicas-laborales-e-impositivas-diferenciales-para-las-pymes\/#breadcrumb\",\"itemListElement\":[{\"@type\":\"ListItem\",\"position\":1,\"name\":\"Portada\",\"item\":\"https:\/\/www.noticiasradioreflejos.com.ar\/2021\/\"},{\"@type\":\"ListItem\",\"position\":2,\"name\":\"CAME plante\u00f3 a Francos pol\u00edticas laborales e impositivas diferenciales para las pymes\"}]},{\"@type\":\"WebSite\",\"@id\":\"https:\/\/www.noticiasradioreflejos.com.ar\/2021\/#website\",\"url\":\"https:\/\/www.noticiasradioreflejos.com.ar\/2021\/\",\"name\":\"Noticias Radio Reflejos\",\"description\":\"Las noticias de mi comarca\",\"potentialAction\":[{\"@type\":\"SearchAction\",\"target\":{\"@type\":\"EntryPoint\",\"urlTemplate\":\"https:\/\/www.noticiasradioreflejos.com.ar\/2021\/?s={search_term_string}\"},\"query-input\":{\"@type\":\"PropertyValueSpecification\",\"valueRequired\":true,\"valueName\":\"search_term_string\"}}],\"inLanguage\":\"es\"},{\"@type\":\"Person\",\"@id\":\"https:\/\/www.noticiasradioreflejos.com.ar\/2021\/#\/schema\/person\/ad82545263dcc5ec0996818884fd5fb1\",\"name\":\"Arnaldo Botto\",\"image\":{\"@type\":\"ImageObject\",\"inLanguage\":\"es\",\"@id\":\"https:\/\/www.noticiasradioreflejos.com.ar\/2021\/#\/schema\/person\/image\/\",\"url\":\"https:\/\/secure.gravatar.com\/avatar\/55cb5e37c1efa326397366e6974cb338056df65cb50e7d64d1cf314e87504837?s=96&d=mm&r=g\",\"contentUrl\":\"https:\/\/secure.gravatar.com\/avatar\/55cb5e37c1efa326397366e6974cb338056df65cb50e7d64d1cf314e87504837?s=96&d=mm&r=g\",\"caption\":\"Arnaldo Botto\"},\"url\":\"https:\/\/www.noticiasradioreflejos.com.ar\/2021\/author\/arnaldo\/\"}]}<\/script>\n<!-- \/ Yoast SEO plugin. -->","yoast_head_json":{"title":"CAME plante\u00f3 a Francos pol\u00edticas laborales e impositivas diferenciales para las pymes - Noticias Radio Reflejos","robots":{"index":"index","follow":"follow","max-snippet":"max-snippet:-1","max-image-preview":"max-image-preview:large","max-video-preview":"max-video-preview:-1"},"canonical":"https:\/\/www.noticiasradioreflejos.com.ar\/2021\/came-planteo-a-francos-politicas-laborales-e-impositivas-diferenciales-para-las-pymes\/","og_locale":"es_ES","og_type":"article","og_title":"CAME plante\u00f3 a Francos pol\u00edticas laborales e impositivas diferenciales para las pymes - Noticias Radio Reflejos","og_description":"El jefe de Gabinete de ministros de la Naci\u00f3n, Guillermo Francos, particip\u00f3 hoy del Encuentro Federal Pyme que organiz\u00f3 la Confederaci\u00f3n Argentina de la Mediana Empresa (CAME) con empresarios de todo el pa\u00eds. El presidente de CAME, Alfredo Gonz\u00e1lez, se refiri\u00f3 a la sanci\u00f3n de la Ley Bases y la consecuente aprobaci\u00f3n del RIGI. \u201cCon [&hellip;]","og_url":"https:\/\/www.noticiasradioreflejos.com.ar\/2021\/came-planteo-a-francos-politicas-laborales-e-impositivas-diferenciales-para-las-pymes\/","og_site_name":"Noticias Radio Reflejos","article_published_time":"2024-08-01T16:54:39+00:00","og_image":[{"width":1299,"height":832,"url":"https:\/\/www.noticiasradioreflejos.com.ar\/2021\/wp-content\/uploads\/2024\/08\/unnamed-1.png","type":"image\/png"}],"author":"Arnaldo Botto","twitter_card":"summary_large_image","schema":{"@context":"https:\/\/schema.org","@graph":[{"@type":"WebPage","@id":"https:\/\/www.noticiasradioreflejos.com.ar\/2021\/came-planteo-a-francos-politicas-laborales-e-impositivas-diferenciales-para-las-pymes\/","url":"https:\/\/www.noticiasradioreflejos.com.ar\/2021\/came-planteo-a-francos-politicas-laborales-e-impositivas-diferenciales-para-las-pymes\/","name":"CAME plante\u00f3 a Francos pol\u00edticas laborales e impositivas diferenciales para las pymes - Noticias Radio Reflejos","isPartOf":{"@id":"https:\/\/www.noticiasradioreflejos.com.ar\/2021\/#website"},"primaryImageOfPage":{"@id":"https:\/\/www.noticiasradioreflejos.com.ar\/2021\/came-planteo-a-francos-politicas-laborales-e-impositivas-diferenciales-para-las-pymes\/#primaryimage"},"image":{"@id":"https:\/\/www.noticiasradioreflejos.com.ar\/2021\/came-planteo-a-francos-politicas-laborales-e-impositivas-diferenciales-para-las-pymes\/#primaryimage"},"thumbnailUrl":"https:\/\/www.noticiasradioreflejos.com.ar\/2021\/wp-content\/uploads\/2024\/08\/unnamed-1.png","datePublished":"2024-08-01T16:54:39+00:00","author":{"@id":"https:\/\/www.noticiasradioreflejos.com.ar\/2021\/#\/schema\/person\/ad82545263dcc5ec0996818884fd5fb1"},"breadcrumb":{"@id":"https:\/\/www.noticiasradioreflejos.com.ar\/2021\/came-planteo-a-francos-politicas-laborales-e-impositivas-diferenciales-para-las-pymes\/#breadcrumb"},"inLanguage":"es","potentialAction":[{"@type":"ReadAction","target":["https:\/\/www.noticiasradioreflejos.com.ar\/2021\/came-planteo-a-francos-politicas-laborales-e-impositivas-diferenciales-para-las-pymes\/"]}]},{"@type":"ImageObject","inLanguage":"es","@id":"https:\/\/www.noticiasradioreflejos.com.ar\/2021\/came-planteo-a-francos-politicas-laborales-e-impositivas-diferenciales-para-las-pymes\/#primaryimage","url":"https:\/\/www.noticiasradioreflejos.com.ar\/2021\/wp-content\/uploads\/2024\/08\/unnamed-1.png","contentUrl":"https:\/\/www.noticiasradioreflejos.com.ar\/2021\/wp-content\/uploads\/2024\/08\/unnamed-1.png","width":1299,"height":832},{"@type":"BreadcrumbList","@id":"https:\/\/www.noticiasradioreflejos.com.ar\/2021\/came-planteo-a-francos-politicas-laborales-e-impositivas-diferenciales-para-las-pymes\/#breadcrumb","itemListElement":[{"@type":"ListItem","position":1,"name":"Portada","item":"https:\/\/www.noticiasradioreflejos.com.ar\/2021\/"},{"@type":"ListItem","position":2,"name":"CAME plante\u00f3 a Francos pol\u00edticas laborales e impositivas diferenciales para las pymes"}]},{"@type":"WebSite","@id":"https:\/\/www.noticiasradioreflejos.com.ar\/2021\/#website","url":"https:\/\/www.noticiasradioreflejos.com.ar\/2021\/","name":"Noticias Radio Reflejos","description":"Las noticias de mi comarca","potentialAction":[{"@type":"SearchAction","target":{"@type":"EntryPoint","urlTemplate":"https:\/\/www.noticiasradioreflejos.com.ar\/2021\/?s={search_term_string}"},"query-input":{"@type":"PropertyValueSpecification","valueRequired":true,"valueName":"search_term_string"}}],"inLanguage":"es"},{"@type":"Person","@id":"https:\/\/www.noticiasradioreflejos.com.ar\/2021\/#\/schema\/person\/ad82545263dcc5ec0996818884fd5fb1","name":"Arnaldo Botto","image":{"@type":"ImageObject","inLanguage":"es","@id":"https:\/\/www.noticiasradioreflejos.com.ar\/2021\/#\/schema\/person\/image\/","url":"https:\/\/secure.gravatar.com\/avatar\/55cb5e37c1efa326397366e6974cb338056df65cb50e7d64d1cf314e87504837?s=96&d=mm&r=g","contentUrl":"https:\/\/secure.gravatar.com\/avatar\/55cb5e37c1efa326397366e6974cb338056df65cb50e7d64d1cf314e87504837?s=96&d=mm&r=g","caption":"Arnaldo Botto"},"url":"https:\/\/www.noticiasradioreflejos.com.ar\/2021\/author\/arnaldo\/"}]}},"_links":{"self":[{"href":"https:\/\/www.noticiasradioreflejos.com.ar\/2021\/wp-json\/wp\/v2\/posts\/105779","targetHints":{"allow":["GET"]}}],"collection":[{"href":"https:\/\/www.noticiasradioreflejos.com.ar\/2021\/wp-json\/wp\/v2\/posts"}],"about":[{"href":"https:\/\/www.noticiasradioreflejos.com.ar\/2021\/wp-json\/wp\/v2\/types\/post"}],"author":[{"embeddable":true,"href":"https:\/\/www.noticiasradioreflejos.com.ar\/2021\/wp-json\/wp\/v2\/users\/3"}],"replies":[{"embeddable":true,"href":"https:\/\/www.noticiasradioreflejos.com.ar\/2021\/wp-json\/wp\/v2\/comments?post=105779"}],"version-history":[{"count":1,"href":"https:\/\/www.noticiasradioreflejos.com.ar\/2021\/wp-json\/wp\/v2\/posts\/105779\/revisions"}],"predecessor-version":[{"id":105781,"href":"https:\/\/www.noticiasradioreflejos.com.ar\/2021\/wp-json\/wp\/v2\/posts\/105779\/revisions\/105781"}],"wp:featuredmedia":[{"embeddable":true,"href":"https:\/\/www.noticiasradioreflejos.com.ar\/2021\/wp-json\/wp\/v2\/media\/105780"}],"wp:attachment":[{"href":"https:\/\/www.noticiasradioreflejos.com.ar\/2021\/wp-json\/wp\/v2\/media?parent=105779"}],"wp:term":[{"taxonomy":"category","embeddable":true,"href":"https:\/\/www.noticiasradioreflejos.com.ar\/2021\/wp-json\/wp\/v2\/categories?post=105779"},{"taxonomy":"post_tag","embeddable":true,"href":"https:\/\/www.noticiasradioreflejos.com.ar\/2021\/wp-json\/wp\/v2\/tags?post=105779"}],"curies":[{"name":"wp","href":"https:\/\/api.w.org\/{rel}","templated":true}]}}