{"id":105772,"date":"2024-08-01T08:56:28","date_gmt":"2024-08-01T11:56:28","guid":{"rendered":"https:\/\/www.noticiasradioreflejos.com.ar\/2021\/?p=105772"},"modified":"2024-08-01T08:56:28","modified_gmt":"2024-08-01T11:56:28","slug":"por-que-se-toma-cana-con-ruda-el-1-de-agosto","status":"publish","type":"post","link":"https:\/\/www.noticiasradioreflejos.com.ar\/2021\/por-que-se-toma-cana-con-ruda-el-1-de-agosto\/","title":{"rendered":"Por qu\u00e9 se toma ca\u00f1a con ruda el 1 de agosto"},"content":{"rendered":"<p>La tradici\u00f3n de tomar <strong style=\"color: #333333; font-size: 15px;\">ca\u00f1a con ruda el 1 de agosto<\/strong><span style=\"color: #333333; font-size: 15px;\">\u00a0es una costumbre arraigada en Argentina,\u00a0especialmente en el noroeste del pa\u00eds, y se vincula con la celebraci\u00f3n del<\/span><strong style=\"color: #333333; font-size: 15px;\">\u00a0D\u00eda de la Pachamama<\/strong><span style=\"color: #333333; font-size: 15px;\">.<\/span><\/p>\n<p><!--more--><\/p>\n<div class=\"columns\" data-tadevel-template=\"web\/article-columns\">\n<div class=\"column-main\">\n<div class=\"article-body\" data-tadevel-template=\"web\/article-body\">\n<div class=\"article-body-content\">\n<h3>\u00bfPor qu\u00e9 se realiza el ritual de tomar ca\u00f1a con ruda?<\/h3>\n<ul>\n<li>D\u00eda de la Pachamama: El 1 de agosto se celebra el D\u00eda de la Pachamama, una deidad ind\u00edgena que representa a la Madre Tierra. En esta fecha, se agradece a la naturaleza por los frutos que brinda y se pide protecci\u00f3n para el a\u00f1o venidero.<\/li>\n<li>Propiedades de la ruda: La ruda es una planta que, seg\u00fan la tradici\u00f3n popular, tiene propiedades curativas y protectoras. Se cree que ayuda a limpiar el cuerpo y el esp\u00edritu, y que protege contra las energ\u00edas negativas.<\/li>\n<li>Ca\u00f1a: La ca\u00f1a, por su parte, es un alcohol que se ha utilizado tradicionalmente en diversas culturas como remedio y para celebraciones.<\/li>\n<\/ul>\n<p><strong>\u00bfCu\u00e1l es el significado de tomar ca\u00f1a con ruda?<\/strong><\/p>\n<ul>\n<li>Limpieza espiritual: Se cree que tomar ca\u00f1a con ruda ayuda a limpiar el cuerpo y el esp\u00edritu de las malas energ\u00edas acumuladas durante el a\u00f1o.<\/li>\n<li>Protecci\u00f3n: La combinaci\u00f3n de la ca\u00f1a y la ruda se considera un amuleto que protege contra la envidia, la mala suerte y las enfermedades.<\/li>\n<li>Conexi\u00f3n con la naturaleza: Al consumir esta bebida, se establece una conexi\u00f3n con la Pachamama, agradeciendo y pidiendo protecci\u00f3n.<\/li>\n<\/ul>\n<p><strong>\u00bfC\u00f3mo se realiza el ritual?<\/strong><\/p>\n<ul>\n<li>Preparaci\u00f3n: La ca\u00f1a con ruda se prepara macerando ramitas de ruda en ca\u00f1a o ginebra durante al menos una semana.<\/li>\n<li>Consumo: Se recomienda tomarla en ayunas el 1 de agosto, aunque algunos la consumen durante todo el mes.<\/li>\n<li>Cantidad: La cantidad a tomar es variable, pero generalmente se recomienda tomar unos pocos sorbos.<\/li>\n<\/ul>\n<p><strong>Origen de la tradici\u00f3n:<\/strong><\/p>\n<ul>\n<li>Ra\u00edces ind\u00edgenas: Las ra\u00edces de esta costumbre se encuentran en las culturas ind\u00edgenas de Am\u00e9rica del Sur, que atribu\u00edan propiedades m\u00e1gicas y medicinales a la ruda.<\/li>\n<li>Sincretismo cultural: Con la llegada de los espa\u00f1oles, se mezclaron las creencias ind\u00edgenas con las europeas, dando origen a esta tradici\u00f3n sincr\u00e9tica.<\/li>\n<\/ul>\n<\/div>\n<\/div>\n<\/div>\n<\/div>\n","protected":false},"excerpt":{"rendered":"<p>La tradici\u00f3n de tomar ca\u00f1a con ruda el 1 de agosto\u00a0es una costumbre arraigada en Argentina,\u00a0especialmente en el noroeste del pa\u00eds, y se vincula con la celebraci\u00f3n del\u00a0D\u00eda de la Pachamama.<\/p>\n","protected":false},"author":3,"featured_media":105773,"comment_status":"closed","ping_status":"closed","sticky":false,"template":"","format":"standard","meta":{"footnotes":""},"categories":[35],"tags":[],"class_list":["post-105772","post","type-post","status-publish","format-standard","has-post-thumbnail","hentry","category-cultura"],"yoast_head":"<!-- This site is optimized with the Yoast SEO plugin v25.9 - https:\/\/yoast.com\/wordpress\/plugins\/seo\/ -->\n<title>Por qu\u00e9 se toma ca\u00f1a con ruda el 1 de agosto - Noticias Radio Reflejos<\/title>\n<meta name=\"robots\" content=\"index, follow, max-snippet:-1, max-image-preview:large, max-video-preview:-1\" \/>\n<link rel=\"canonical\" href=\"https:\/\/www.noticiasradioreflejos.com.ar\/2021\/por-que-se-toma-cana-con-ruda-el-1-de-agosto\/\" \/>\n<meta property=\"og:locale\" content=\"es_ES\" \/>\n<meta property=\"og:type\" content=\"article\" \/>\n<meta property=\"og:title\" content=\"Por qu\u00e9 se toma ca\u00f1a con ruda el 1 de agosto - Noticias Radio Reflejos\" \/>\n<meta property=\"og:description\" content=\"La tradici\u00f3n de tomar ca\u00f1a con ruda el 1 de agosto\u00a0es una costumbre arraigada en Argentina,\u00a0especialmente en el noroeste del pa\u00eds, y se vincula con la celebraci\u00f3n del\u00a0D\u00eda de la Pachamama.\" \/>\n<meta property=\"og:url\" content=\"https:\/\/www.noticiasradioreflejos.com.ar\/2021\/por-que-se-toma-cana-con-ruda-el-1-de-agosto\/\" \/>\n<meta property=\"og:site_name\" content=\"Noticias Radio Reflejos\" \/>\n<meta property=\"article:published_time\" content=\"2024-08-01T11:56:28+00:00\" \/>\n<meta property=\"og:image\" content=\"https:\/\/www.noticiasradioreflejos.com.ar\/2021\/wp-content\/uploads\/2024\/08\/ruda.jpg\" \/>\n\t<meta property=\"og:image:width\" content=\"700\" \/>\n\t<meta property=\"og:image:height\" content=\"450\" \/>\n\t<meta property=\"og:image:type\" content=\"image\/jpeg\" \/>\n<meta name=\"author\" content=\"Arnaldo Botto\" \/>\n<meta name=\"twitter:card\" content=\"summary_large_image\" \/>\n<script type=\"application\/ld+json\" class=\"yoast-schema-graph\">{\"@context\":\"https:\/\/schema.org\",\"@graph\":[{\"@type\":\"WebPage\",\"@id\":\"https:\/\/www.noticiasradioreflejos.com.ar\/2021\/por-que-se-toma-cana-con-ruda-el-1-de-agosto\/\",\"url\":\"https:\/\/www.noticiasradioreflejos.com.ar\/2021\/por-que-se-toma-cana-con-ruda-el-1-de-agosto\/\",\"name\":\"Por qu\u00e9 se toma ca\u00f1a con ruda el 1 de agosto - Noticias Radio Reflejos\",\"isPartOf\":{\"@id\":\"https:\/\/www.noticiasradioreflejos.com.ar\/2021\/#website\"},\"primaryImageOfPage\":{\"@id\":\"https:\/\/www.noticiasradioreflejos.com.ar\/2021\/por-que-se-toma-cana-con-ruda-el-1-de-agosto\/#primaryimage\"},\"image\":{\"@id\":\"https:\/\/www.noticiasradioreflejos.com.ar\/2021\/por-que-se-toma-cana-con-ruda-el-1-de-agosto\/#primaryimage\"},\"thumbnailUrl\":\"https:\/\/www.noticiasradioreflejos.com.ar\/2021\/wp-content\/uploads\/2024\/08\/ruda.jpg\",\"datePublished\":\"2024-08-01T11:56:28+00:00\",\"author\":{\"@id\":\"https:\/\/www.noticiasradioreflejos.com.ar\/2021\/#\/schema\/person\/ad82545263dcc5ec0996818884fd5fb1\"},\"breadcrumb\":{\"@id\":\"https:\/\/www.noticiasradioreflejos.com.ar\/2021\/por-que-se-toma-cana-con-ruda-el-1-de-agosto\/#breadcrumb\"},\"inLanguage\":\"es\",\"potentialAction\":[{\"@type\":\"ReadAction\",\"target\":[\"https:\/\/www.noticiasradioreflejos.com.ar\/2021\/por-que-se-toma-cana-con-ruda-el-1-de-agosto\/\"]}]},{\"@type\":\"ImageObject\",\"inLanguage\":\"es\",\"@id\":\"https:\/\/www.noticiasradioreflejos.com.ar\/2021\/por-que-se-toma-cana-con-ruda-el-1-de-agosto\/#primaryimage\",\"url\":\"https:\/\/www.noticiasradioreflejos.com.ar\/2021\/wp-content\/uploads\/2024\/08\/ruda.jpg\",\"contentUrl\":\"https:\/\/www.noticiasradioreflejos.com.ar\/2021\/wp-content\/uploads\/2024\/08\/ruda.jpg\",\"width\":700,\"height\":450},{\"@type\":\"BreadcrumbList\",\"@id\":\"https:\/\/www.noticiasradioreflejos.com.ar\/2021\/por-que-se-toma-cana-con-ruda-el-1-de-agosto\/#breadcrumb\",\"itemListElement\":[{\"@type\":\"ListItem\",\"position\":1,\"name\":\"Portada\",\"item\":\"https:\/\/www.noticiasradioreflejos.com.ar\/2021\/\"},{\"@type\":\"ListItem\",\"position\":2,\"name\":\"Por qu\u00e9 se toma ca\u00f1a con ruda el 1 de agosto\"}]},{\"@type\":\"WebSite\",\"@id\":\"https:\/\/www.noticiasradioreflejos.com.ar\/2021\/#website\",\"url\":\"https:\/\/www.noticiasradioreflejos.com.ar\/2021\/\",\"name\":\"Noticias Radio Reflejos\",\"description\":\"Las noticias de mi comarca\",\"potentialAction\":[{\"@type\":\"SearchAction\",\"target\":{\"@type\":\"EntryPoint\",\"urlTemplate\":\"https:\/\/www.noticiasradioreflejos.com.ar\/2021\/?s={search_term_string}\"},\"query-input\":{\"@type\":\"PropertyValueSpecification\",\"valueRequired\":true,\"valueName\":\"search_term_string\"}}],\"inLanguage\":\"es\"},{\"@type\":\"Person\",\"@id\":\"https:\/\/www.noticiasradioreflejos.com.ar\/2021\/#\/schema\/person\/ad82545263dcc5ec0996818884fd5fb1\",\"name\":\"Arnaldo Botto\",\"image\":{\"@type\":\"ImageObject\",\"inLanguage\":\"es\",\"@id\":\"https:\/\/www.noticiasradioreflejos.com.ar\/2021\/#\/schema\/person\/image\/\",\"url\":\"https:\/\/secure.gravatar.com\/avatar\/55cb5e37c1efa326397366e6974cb338056df65cb50e7d64d1cf314e87504837?s=96&d=mm&r=g\",\"contentUrl\":\"https:\/\/secure.gravatar.com\/avatar\/55cb5e37c1efa326397366e6974cb338056df65cb50e7d64d1cf314e87504837?s=96&d=mm&r=g\",\"caption\":\"Arnaldo Botto\"},\"url\":\"https:\/\/www.noticiasradioreflejos.com.ar\/2021\/author\/arnaldo\/\"}]}<\/script>\n<!-- \/ Yoast SEO plugin. -->","yoast_head_json":{"title":"Por qu\u00e9 se toma ca\u00f1a con ruda el 1 de agosto - Noticias Radio Reflejos","robots":{"index":"index","follow":"follow","max-snippet":"max-snippet:-1","max-image-preview":"max-image-preview:large","max-video-preview":"max-video-preview:-1"},"canonical":"https:\/\/www.noticiasradioreflejos.com.ar\/2021\/por-que-se-toma-cana-con-ruda-el-1-de-agosto\/","og_locale":"es_ES","og_type":"article","og_title":"Por qu\u00e9 se toma ca\u00f1a con ruda el 1 de agosto - Noticias Radio Reflejos","og_description":"La tradici\u00f3n de tomar ca\u00f1a con ruda el 1 de agosto\u00a0es una costumbre arraigada en Argentina,\u00a0especialmente en el noroeste del pa\u00eds, y se vincula con la celebraci\u00f3n del\u00a0D\u00eda de la Pachamama.","og_url":"https:\/\/www.noticiasradioreflejos.com.ar\/2021\/por-que-se-toma-cana-con-ruda-el-1-de-agosto\/","og_site_name":"Noticias Radio Reflejos","article_published_time":"2024-08-01T11:56:28+00:00","og_image":[{"width":700,"height":450,"url":"https:\/\/www.noticiasradioreflejos.com.ar\/2021\/wp-content\/uploads\/2024\/08\/ruda.jpg","type":"image\/jpeg"}],"author":"Arnaldo Botto","twitter_card":"summary_large_image","schema":{"@context":"https:\/\/schema.org","@graph":[{"@type":"WebPage","@id":"https:\/\/www.noticiasradioreflejos.com.ar\/2021\/por-que-se-toma-cana-con-ruda-el-1-de-agosto\/","url":"https:\/\/www.noticiasradioreflejos.com.ar\/2021\/por-que-se-toma-cana-con-ruda-el-1-de-agosto\/","name":"Por qu\u00e9 se toma ca\u00f1a con ruda el 1 de agosto - Noticias Radio Reflejos","isPartOf":{"@id":"https:\/\/www.noticiasradioreflejos.com.ar\/2021\/#website"},"primaryImageOfPage":{"@id":"https:\/\/www.noticiasradioreflejos.com.ar\/2021\/por-que-se-toma-cana-con-ruda-el-1-de-agosto\/#primaryimage"},"image":{"@id":"https:\/\/www.noticiasradioreflejos.com.ar\/2021\/por-que-se-toma-cana-con-ruda-el-1-de-agosto\/#primaryimage"},"thumbnailUrl":"https:\/\/www.noticiasradioreflejos.com.ar\/2021\/wp-content\/uploads\/2024\/08\/ruda.jpg","datePublished":"2024-08-01T11:56:28+00:00","author":{"@id":"https:\/\/www.noticiasradioreflejos.com.ar\/2021\/#\/schema\/person\/ad82545263dcc5ec0996818884fd5fb1"},"breadcrumb":{"@id":"https:\/\/www.noticiasradioreflejos.com.ar\/2021\/por-que-se-toma-cana-con-ruda-el-1-de-agosto\/#breadcrumb"},"inLanguage":"es","potentialAction":[{"@type":"ReadAction","target":["https:\/\/www.noticiasradioreflejos.com.ar\/2021\/por-que-se-toma-cana-con-ruda-el-1-de-agosto\/"]}]},{"@type":"ImageObject","inLanguage":"es","@id":"https:\/\/www.noticiasradioreflejos.com.ar\/2021\/por-que-se-toma-cana-con-ruda-el-1-de-agosto\/#primaryimage","url":"https:\/\/www.noticiasradioreflejos.com.ar\/2021\/wp-content\/uploads\/2024\/08\/ruda.jpg","contentUrl":"https:\/\/www.noticiasradioreflejos.com.ar\/2021\/wp-content\/uploads\/2024\/08\/ruda.jpg","width":700,"height":450},{"@type":"BreadcrumbList","@id":"https:\/\/www.noticiasradioreflejos.com.ar\/2021\/por-que-se-toma-cana-con-ruda-el-1-de-agosto\/#breadcrumb","itemListElement":[{"@type":"ListItem","position":1,"name":"Portada","item":"https:\/\/www.noticiasradioreflejos.com.ar\/2021\/"},{"@type":"ListItem","position":2,"name":"Por qu\u00e9 se toma ca\u00f1a con ruda el 1 de agosto"}]},{"@type":"WebSite","@id":"https:\/\/www.noticiasradioreflejos.com.ar\/2021\/#website","url":"https:\/\/www.noticiasradioreflejos.com.ar\/2021\/","name":"Noticias Radio Reflejos","description":"Las noticias de mi comarca","potentialAction":[{"@type":"SearchAction","target":{"@type":"EntryPoint","urlTemplate":"https:\/\/www.noticiasradioreflejos.com.ar\/2021\/?s={search_term_string}"},"query-input":{"@type":"PropertyValueSpecification","valueRequired":true,"valueName":"search_term_string"}}],"inLanguage":"es"},{"@type":"Person","@id":"https:\/\/www.noticiasradioreflejos.com.ar\/2021\/#\/schema\/person\/ad82545263dcc5ec0996818884fd5fb1","name":"Arnaldo Botto","image":{"@type":"ImageObject","inLanguage":"es","@id":"https:\/\/www.noticiasradioreflejos.com.ar\/2021\/#\/schema\/person\/image\/","url":"https:\/\/secure.gravatar.com\/avatar\/55cb5e37c1efa326397366e6974cb338056df65cb50e7d64d1cf314e87504837?s=96&d=mm&r=g","contentUrl":"https:\/\/secure.gravatar.com\/avatar\/55cb5e37c1efa326397366e6974cb338056df65cb50e7d64d1cf314e87504837?s=96&d=mm&r=g","caption":"Arnaldo Botto"},"url":"https:\/\/www.noticiasradioreflejos.com.ar\/2021\/author\/arnaldo\/"}]}},"_links":{"self":[{"href":"https:\/\/www.noticiasradioreflejos.com.ar\/2021\/wp-json\/wp\/v2\/posts\/105772","targetHints":{"allow":["GET"]}}],"collection":[{"href":"https:\/\/www.noticiasradioreflejos.com.ar\/2021\/wp-json\/wp\/v2\/posts"}],"about":[{"href":"https:\/\/www.noticiasradioreflejos.com.ar\/2021\/wp-json\/wp\/v2\/types\/post"}],"author":[{"embeddable":true,"href":"https:\/\/www.noticiasradioreflejos.com.ar\/2021\/wp-json\/wp\/v2\/users\/3"}],"replies":[{"embeddable":true,"href":"https:\/\/www.noticiasradioreflejos.com.ar\/2021\/wp-json\/wp\/v2\/comments?post=105772"}],"version-history":[{"count":1,"href":"https:\/\/www.noticiasradioreflejos.com.ar\/2021\/wp-json\/wp\/v2\/posts\/105772\/revisions"}],"predecessor-version":[{"id":105774,"href":"https:\/\/www.noticiasradioreflejos.com.ar\/2021\/wp-json\/wp\/v2\/posts\/105772\/revisions\/105774"}],"wp:featuredmedia":[{"embeddable":true,"href":"https:\/\/www.noticiasradioreflejos.com.ar\/2021\/wp-json\/wp\/v2\/media\/105773"}],"wp:attachment":[{"href":"https:\/\/www.noticiasradioreflejos.com.ar\/2021\/wp-json\/wp\/v2\/media?parent=105772"}],"wp:term":[{"taxonomy":"category","embeddable":true,"href":"https:\/\/www.noticiasradioreflejos.com.ar\/2021\/wp-json\/wp\/v2\/categories?post=105772"},{"taxonomy":"post_tag","embeddable":true,"href":"https:\/\/www.noticiasradioreflejos.com.ar\/2021\/wp-json\/wp\/v2\/tags?post=105772"}],"curies":[{"name":"wp","href":"https:\/\/api.w.org\/{rel}","templated":true}]}}