{"id":105730,"date":"2024-07-31T11:46:21","date_gmt":"2024-07-31T14:46:21","guid":{"rendered":"https:\/\/www.noticiasradioreflejos.com.ar\/2021\/?p=105730"},"modified":"2024-07-31T11:46:21","modified_gmt":"2024-07-31T14:46:21","slug":"planta-de-gnl-susbielles-aseguro-que-bahia-no-debe-esperar-mas-mega-proyectos","status":"publish","type":"post","link":"https:\/\/www.noticiasradioreflejos.com.ar\/2021\/planta-de-gnl-susbielles-aseguro-que-bahia-no-debe-esperar-mas-mega-proyectos\/","title":{"rendered":"Planta de GNL: Susbielles asegur\u00f3 que Bah\u00eda \u201cno debe esperar m\u00e1s mega proyectos\u201d"},"content":{"rendered":"<p style=\"font-weight: inherit; font-style: inherit;\">Acompa\u00f1ado por todo su gabinete, el intendente municipal Federico Susbielles encabez\u00f3 una conferencia de prensa para hablar sobre el anuncio de que la planta de GNL finalmente se radicar\u00e1 en R\u00edo Negro.<!--more--><\/p>\n<p style=\"font-weight: inherit; font-style: inherit;\">El jefe comunal afirm\u00f3 que \u201c<strong>en diciembre del a\u00f1o que viene vamos a ver cu\u00e1n s\u00f3lida es esta decisi\u00f3n de YPF,<\/strong>\u00a0cuando tenga que ir a buscar el financiamiento externo que el proyecto requiere\u201d.<\/p>\n<p style=\"font-weight: inherit; font-style: inherit;\">Consultado sobre si tuvo di\u00e1logo con Axel Kicillof, el intendente se limit\u00f3 a decir que \u201c<strong>habl\u00e9 con el gobernador ayer por la tarde cuando tuve conocimiento de la noticia<\/strong>, comentamos que era una decisi\u00f3n tomada y \u00e9l me dijo que har\u00eda una conferencia de prensa\u201d.<\/p>\n<p style=\"font-weight: inherit; font-style: inherit;\">En varios pasajes de su discurso Susbielles subray\u00f3 que \u201clos tiempos no fueron los que YPF hab\u00eda planteado y no se hicieron los estudios que deber\u00edan haberse hecho\u201d, agregando que \u201c<strong>hab\u00eda una decisi\u00f3n tallada a piedra<\/strong>\u201d.<\/p>\n<p style=\"font-weight: inherit; font-style: inherit;\">Contestando preguntas de la prensa se sirvi\u00f3 de un pasaje b\u00edblico para graficar todo esto, asegurando que \u201ccomo le dijo Jes\u00fas a Judas,\u00a0<strong>lo que tengas que hacer hazlo r\u00e1pido<\/strong>\u201d haciendo referencia una vez m\u00e1s a la acci\u00f3n tomada por YPF.<\/p>\n<p style=\"font-weight: inherit; font-style: inherit;\">Por \u00faltimo, y analizando todo lo sucedido, el intendente mencion\u00f3 con contundencia que \u201c<strong>Bah\u00eda Blanca no tiene que esperar m\u00e1s oportunidades, no debe esperar m\u00e1s mega proyectos, tenemos que ir con proyectos concretos que nos hagan mover hacia adelante<\/strong>. Buscaremos las inversiones que Bah\u00eda Blanca necesita\u201d.<\/p>\n<p style=\"font-weight: inherit; font-style: inherit;\" data-network=\"facebook\">\n<p data-network=\"facebook\"><strong>fuente BHInfo<\/strong><\/p>\n","protected":false},"excerpt":{"rendered":"<p>Acompa\u00f1ado por todo su gabinete, el intendente municipal Federico Susbielles encabez\u00f3 una conferencia de prensa para hablar sobre el anuncio de que la planta de GNL finalmente se radicar\u00e1 en R\u00edo Negro.<\/p>\n","protected":false},"author":3,"featured_media":105731,"comment_status":"closed","ping_status":"closed","sticky":false,"template":"","format":"standard","meta":{"footnotes":""},"categories":[24],"tags":[],"class_list":["post-105730","post","type-post","status-publish","format-standard","has-post-thumbnail","hentry","category-politica"],"yoast_head":"<!-- This site is optimized with the Yoast SEO plugin v25.9 - https:\/\/yoast.com\/wordpress\/plugins\/seo\/ -->\n<title>Planta de GNL: Susbielles asegur\u00f3 que Bah\u00eda \u201cno debe esperar m\u00e1s mega proyectos\u201d - Noticias Radio Reflejos<\/title>\n<meta name=\"robots\" content=\"index, follow, max-snippet:-1, max-image-preview:large, max-video-preview:-1\" \/>\n<link rel=\"canonical\" href=\"https:\/\/www.noticiasradioreflejos.com.ar\/2021\/planta-de-gnl-susbielles-aseguro-que-bahia-no-debe-esperar-mas-mega-proyectos\/\" \/>\n<meta property=\"og:locale\" content=\"es_ES\" \/>\n<meta property=\"og:type\" content=\"article\" \/>\n<meta property=\"og:title\" content=\"Planta de GNL: Susbielles asegur\u00f3 que Bah\u00eda \u201cno debe esperar m\u00e1s mega proyectos\u201d - Noticias Radio Reflejos\" \/>\n<meta property=\"og:description\" content=\"Acompa\u00f1ado por todo su gabinete, el intendente municipal Federico Susbielles encabez\u00f3 una conferencia de prensa para hablar sobre el anuncio de que la planta de GNL finalmente se radicar\u00e1 en R\u00edo Negro.\" \/>\n<meta property=\"og:url\" content=\"https:\/\/www.noticiasradioreflejos.com.ar\/2021\/planta-de-gnl-susbielles-aseguro-que-bahia-no-debe-esperar-mas-mega-proyectos\/\" \/>\n<meta property=\"og:site_name\" content=\"Noticias Radio Reflejos\" \/>\n<meta property=\"article:published_time\" content=\"2024-07-31T14:46:21+00:00\" \/>\n<meta property=\"og:image\" content=\"https:\/\/www.noticiasradioreflejos.com.ar\/2021\/wp-content\/uploads\/2024\/07\/susbielles.jpg\" \/>\n\t<meta property=\"og:image:width\" content=\"1627\" \/>\n\t<meta property=\"og:image:height\" content=\"711\" \/>\n\t<meta property=\"og:image:type\" content=\"image\/jpeg\" \/>\n<meta name=\"author\" content=\"Arnaldo Botto\" \/>\n<meta name=\"twitter:card\" content=\"summary_large_image\" \/>\n<script type=\"application\/ld+json\" class=\"yoast-schema-graph\">{\"@context\":\"https:\/\/schema.org\",\"@graph\":[{\"@type\":\"WebPage\",\"@id\":\"https:\/\/www.noticiasradioreflejos.com.ar\/2021\/planta-de-gnl-susbielles-aseguro-que-bahia-no-debe-esperar-mas-mega-proyectos\/\",\"url\":\"https:\/\/www.noticiasradioreflejos.com.ar\/2021\/planta-de-gnl-susbielles-aseguro-que-bahia-no-debe-esperar-mas-mega-proyectos\/\",\"name\":\"Planta de GNL: Susbielles asegur\u00f3 que Bah\u00eda \u201cno debe esperar m\u00e1s mega proyectos\u201d - Noticias Radio Reflejos\",\"isPartOf\":{\"@id\":\"https:\/\/www.noticiasradioreflejos.com.ar\/2021\/#website\"},\"primaryImageOfPage\":{\"@id\":\"https:\/\/www.noticiasradioreflejos.com.ar\/2021\/planta-de-gnl-susbielles-aseguro-que-bahia-no-debe-esperar-mas-mega-proyectos\/#primaryimage\"},\"image\":{\"@id\":\"https:\/\/www.noticiasradioreflejos.com.ar\/2021\/planta-de-gnl-susbielles-aseguro-que-bahia-no-debe-esperar-mas-mega-proyectos\/#primaryimage\"},\"thumbnailUrl\":\"https:\/\/www.noticiasradioreflejos.com.ar\/2021\/wp-content\/uploads\/2024\/07\/susbielles.jpg\",\"datePublished\":\"2024-07-31T14:46:21+00:00\",\"author\":{\"@id\":\"https:\/\/www.noticiasradioreflejos.com.ar\/2021\/#\/schema\/person\/ad82545263dcc5ec0996818884fd5fb1\"},\"breadcrumb\":{\"@id\":\"https:\/\/www.noticiasradioreflejos.com.ar\/2021\/planta-de-gnl-susbielles-aseguro-que-bahia-no-debe-esperar-mas-mega-proyectos\/#breadcrumb\"},\"inLanguage\":\"es\",\"potentialAction\":[{\"@type\":\"ReadAction\",\"target\":[\"https:\/\/www.noticiasradioreflejos.com.ar\/2021\/planta-de-gnl-susbielles-aseguro-que-bahia-no-debe-esperar-mas-mega-proyectos\/\"]}]},{\"@type\":\"ImageObject\",\"inLanguage\":\"es\",\"@id\":\"https:\/\/www.noticiasradioreflejos.com.ar\/2021\/planta-de-gnl-susbielles-aseguro-que-bahia-no-debe-esperar-mas-mega-proyectos\/#primaryimage\",\"url\":\"https:\/\/www.noticiasradioreflejos.com.ar\/2021\/wp-content\/uploads\/2024\/07\/susbielles.jpg\",\"contentUrl\":\"https:\/\/www.noticiasradioreflejos.com.ar\/2021\/wp-content\/uploads\/2024\/07\/susbielles.jpg\",\"width\":1627,\"height\":711},{\"@type\":\"BreadcrumbList\",\"@id\":\"https:\/\/www.noticiasradioreflejos.com.ar\/2021\/planta-de-gnl-susbielles-aseguro-que-bahia-no-debe-esperar-mas-mega-proyectos\/#breadcrumb\",\"itemListElement\":[{\"@type\":\"ListItem\",\"position\":1,\"name\":\"Portada\",\"item\":\"https:\/\/www.noticiasradioreflejos.com.ar\/2021\/\"},{\"@type\":\"ListItem\",\"position\":2,\"name\":\"Planta de GNL: Susbielles asegur\u00f3 que Bah\u00eda \u201cno debe esperar m\u00e1s mega proyectos\u201d\"}]},{\"@type\":\"WebSite\",\"@id\":\"https:\/\/www.noticiasradioreflejos.com.ar\/2021\/#website\",\"url\":\"https:\/\/www.noticiasradioreflejos.com.ar\/2021\/\",\"name\":\"Noticias Radio Reflejos\",\"description\":\"Las noticias de mi comarca\",\"potentialAction\":[{\"@type\":\"SearchAction\",\"target\":{\"@type\":\"EntryPoint\",\"urlTemplate\":\"https:\/\/www.noticiasradioreflejos.com.ar\/2021\/?s={search_term_string}\"},\"query-input\":{\"@type\":\"PropertyValueSpecification\",\"valueRequired\":true,\"valueName\":\"search_term_string\"}}],\"inLanguage\":\"es\"},{\"@type\":\"Person\",\"@id\":\"https:\/\/www.noticiasradioreflejos.com.ar\/2021\/#\/schema\/person\/ad82545263dcc5ec0996818884fd5fb1\",\"name\":\"Arnaldo Botto\",\"image\":{\"@type\":\"ImageObject\",\"inLanguage\":\"es\",\"@id\":\"https:\/\/www.noticiasradioreflejos.com.ar\/2021\/#\/schema\/person\/image\/\",\"url\":\"https:\/\/secure.gravatar.com\/avatar\/55cb5e37c1efa326397366e6974cb338056df65cb50e7d64d1cf314e87504837?s=96&d=mm&r=g\",\"contentUrl\":\"https:\/\/secure.gravatar.com\/avatar\/55cb5e37c1efa326397366e6974cb338056df65cb50e7d64d1cf314e87504837?s=96&d=mm&r=g\",\"caption\":\"Arnaldo Botto\"},\"url\":\"https:\/\/www.noticiasradioreflejos.com.ar\/2021\/author\/arnaldo\/\"}]}<\/script>\n<!-- \/ Yoast SEO plugin. -->","yoast_head_json":{"title":"Planta de GNL: Susbielles asegur\u00f3 que Bah\u00eda \u201cno debe esperar m\u00e1s mega proyectos\u201d - Noticias Radio Reflejos","robots":{"index":"index","follow":"follow","max-snippet":"max-snippet:-1","max-image-preview":"max-image-preview:large","max-video-preview":"max-video-preview:-1"},"canonical":"https:\/\/www.noticiasradioreflejos.com.ar\/2021\/planta-de-gnl-susbielles-aseguro-que-bahia-no-debe-esperar-mas-mega-proyectos\/","og_locale":"es_ES","og_type":"article","og_title":"Planta de GNL: Susbielles asegur\u00f3 que Bah\u00eda \u201cno debe esperar m\u00e1s mega proyectos\u201d - Noticias Radio Reflejos","og_description":"Acompa\u00f1ado por todo su gabinete, el intendente municipal Federico Susbielles encabez\u00f3 una conferencia de prensa para hablar sobre el anuncio de que la planta de GNL finalmente se radicar\u00e1 en R\u00edo Negro.","og_url":"https:\/\/www.noticiasradioreflejos.com.ar\/2021\/planta-de-gnl-susbielles-aseguro-que-bahia-no-debe-esperar-mas-mega-proyectos\/","og_site_name":"Noticias Radio Reflejos","article_published_time":"2024-07-31T14:46:21+00:00","og_image":[{"width":1627,"height":711,"url":"https:\/\/www.noticiasradioreflejos.com.ar\/2021\/wp-content\/uploads\/2024\/07\/susbielles.jpg","type":"image\/jpeg"}],"author":"Arnaldo Botto","twitter_card":"summary_large_image","schema":{"@context":"https:\/\/schema.org","@graph":[{"@type":"WebPage","@id":"https:\/\/www.noticiasradioreflejos.com.ar\/2021\/planta-de-gnl-susbielles-aseguro-que-bahia-no-debe-esperar-mas-mega-proyectos\/","url":"https:\/\/www.noticiasradioreflejos.com.ar\/2021\/planta-de-gnl-susbielles-aseguro-que-bahia-no-debe-esperar-mas-mega-proyectos\/","name":"Planta de GNL: Susbielles asegur\u00f3 que Bah\u00eda \u201cno debe esperar m\u00e1s mega proyectos\u201d - Noticias Radio Reflejos","isPartOf":{"@id":"https:\/\/www.noticiasradioreflejos.com.ar\/2021\/#website"},"primaryImageOfPage":{"@id":"https:\/\/www.noticiasradioreflejos.com.ar\/2021\/planta-de-gnl-susbielles-aseguro-que-bahia-no-debe-esperar-mas-mega-proyectos\/#primaryimage"},"image":{"@id":"https:\/\/www.noticiasradioreflejos.com.ar\/2021\/planta-de-gnl-susbielles-aseguro-que-bahia-no-debe-esperar-mas-mega-proyectos\/#primaryimage"},"thumbnailUrl":"https:\/\/www.noticiasradioreflejos.com.ar\/2021\/wp-content\/uploads\/2024\/07\/susbielles.jpg","datePublished":"2024-07-31T14:46:21+00:00","author":{"@id":"https:\/\/www.noticiasradioreflejos.com.ar\/2021\/#\/schema\/person\/ad82545263dcc5ec0996818884fd5fb1"},"breadcrumb":{"@id":"https:\/\/www.noticiasradioreflejos.com.ar\/2021\/planta-de-gnl-susbielles-aseguro-que-bahia-no-debe-esperar-mas-mega-proyectos\/#breadcrumb"},"inLanguage":"es","potentialAction":[{"@type":"ReadAction","target":["https:\/\/www.noticiasradioreflejos.com.ar\/2021\/planta-de-gnl-susbielles-aseguro-que-bahia-no-debe-esperar-mas-mega-proyectos\/"]}]},{"@type":"ImageObject","inLanguage":"es","@id":"https:\/\/www.noticiasradioreflejos.com.ar\/2021\/planta-de-gnl-susbielles-aseguro-que-bahia-no-debe-esperar-mas-mega-proyectos\/#primaryimage","url":"https:\/\/www.noticiasradioreflejos.com.ar\/2021\/wp-content\/uploads\/2024\/07\/susbielles.jpg","contentUrl":"https:\/\/www.noticiasradioreflejos.com.ar\/2021\/wp-content\/uploads\/2024\/07\/susbielles.jpg","width":1627,"height":711},{"@type":"BreadcrumbList","@id":"https:\/\/www.noticiasradioreflejos.com.ar\/2021\/planta-de-gnl-susbielles-aseguro-que-bahia-no-debe-esperar-mas-mega-proyectos\/#breadcrumb","itemListElement":[{"@type":"ListItem","position":1,"name":"Portada","item":"https:\/\/www.noticiasradioreflejos.com.ar\/2021\/"},{"@type":"ListItem","position":2,"name":"Planta de GNL: Susbielles asegur\u00f3 que Bah\u00eda \u201cno debe esperar m\u00e1s mega proyectos\u201d"}]},{"@type":"WebSite","@id":"https:\/\/www.noticiasradioreflejos.com.ar\/2021\/#website","url":"https:\/\/www.noticiasradioreflejos.com.ar\/2021\/","name":"Noticias Radio Reflejos","description":"Las noticias de mi comarca","potentialAction":[{"@type":"SearchAction","target":{"@type":"EntryPoint","urlTemplate":"https:\/\/www.noticiasradioreflejos.com.ar\/2021\/?s={search_term_string}"},"query-input":{"@type":"PropertyValueSpecification","valueRequired":true,"valueName":"search_term_string"}}],"inLanguage":"es"},{"@type":"Person","@id":"https:\/\/www.noticiasradioreflejos.com.ar\/2021\/#\/schema\/person\/ad82545263dcc5ec0996818884fd5fb1","name":"Arnaldo Botto","image":{"@type":"ImageObject","inLanguage":"es","@id":"https:\/\/www.noticiasradioreflejos.com.ar\/2021\/#\/schema\/person\/image\/","url":"https:\/\/secure.gravatar.com\/avatar\/55cb5e37c1efa326397366e6974cb338056df65cb50e7d64d1cf314e87504837?s=96&d=mm&r=g","contentUrl":"https:\/\/secure.gravatar.com\/avatar\/55cb5e37c1efa326397366e6974cb338056df65cb50e7d64d1cf314e87504837?s=96&d=mm&r=g","caption":"Arnaldo Botto"},"url":"https:\/\/www.noticiasradioreflejos.com.ar\/2021\/author\/arnaldo\/"}]}},"_links":{"self":[{"href":"https:\/\/www.noticiasradioreflejos.com.ar\/2021\/wp-json\/wp\/v2\/posts\/105730","targetHints":{"allow":["GET"]}}],"collection":[{"href":"https:\/\/www.noticiasradioreflejos.com.ar\/2021\/wp-json\/wp\/v2\/posts"}],"about":[{"href":"https:\/\/www.noticiasradioreflejos.com.ar\/2021\/wp-json\/wp\/v2\/types\/post"}],"author":[{"embeddable":true,"href":"https:\/\/www.noticiasradioreflejos.com.ar\/2021\/wp-json\/wp\/v2\/users\/3"}],"replies":[{"embeddable":true,"href":"https:\/\/www.noticiasradioreflejos.com.ar\/2021\/wp-json\/wp\/v2\/comments?post=105730"}],"version-history":[{"count":1,"href":"https:\/\/www.noticiasradioreflejos.com.ar\/2021\/wp-json\/wp\/v2\/posts\/105730\/revisions"}],"predecessor-version":[{"id":105732,"href":"https:\/\/www.noticiasradioreflejos.com.ar\/2021\/wp-json\/wp\/v2\/posts\/105730\/revisions\/105732"}],"wp:featuredmedia":[{"embeddable":true,"href":"https:\/\/www.noticiasradioreflejos.com.ar\/2021\/wp-json\/wp\/v2\/media\/105731"}],"wp:attachment":[{"href":"https:\/\/www.noticiasradioreflejos.com.ar\/2021\/wp-json\/wp\/v2\/media?parent=105730"}],"wp:term":[{"taxonomy":"category","embeddable":true,"href":"https:\/\/www.noticiasradioreflejos.com.ar\/2021\/wp-json\/wp\/v2\/categories?post=105730"},{"taxonomy":"post_tag","embeddable":true,"href":"https:\/\/www.noticiasradioreflejos.com.ar\/2021\/wp-json\/wp\/v2\/tags?post=105730"}],"curies":[{"name":"wp","href":"https:\/\/api.w.org\/{rel}","templated":true}]}}