{"id":105621,"date":"2024-07-29T11:11:16","date_gmt":"2024-07-29T14:11:16","guid":{"rendered":"https:\/\/www.noticiasradioreflejos.com.ar\/2021\/?p=105621"},"modified":"2024-07-29T11:11:16","modified_gmt":"2024-07-29T14:11:16","slug":"este-lunes-volveran-a-inscribir-por-los-subsidios-en-saldungaray","status":"publish","type":"post","link":"https:\/\/www.noticiasradioreflejos.com.ar\/2021\/este-lunes-volveran-a-inscribir-por-los-subsidios-en-saldungaray\/","title":{"rendered":"Este lunes volver\u00e1n a inscribir por los subsidios en Saldungaray"},"content":{"rendered":"<p>As\u00ed lo confirm\u00f3 Jos\u00e9 Luis Medina, quien adelant\u00f3 que estar\u00e1n desde las 15:30 en un restaurant de calle Donado al 500. \u201cLa primera vez que fuimos nos desbord\u00f3 la cantidad de gente que se present\u00f3\u201d asegur\u00f3.<!--more--><\/p>\n<p>Esta tarde desde las 15:30 nuevamente habr\u00e1 gente dispuesta a ayudar a otra gente. El acto de servicio se dar\u00e1 en Saldungaray, dentro del Restobar MJ ubicado en calle Donado 560, con la finalidad de que todos se puedan anotar en el RASE, lo que vulgarmente se conoce como subsidios de luz y gas.<\/p>\n<p>Al respecto Jos\u00e9 Luis Medina, quien ser\u00e1 uno de los encargados de llevar adelante esta iniciativa, cont\u00f3 que la idea es estar \u201cinscribiendo a todas las personas que quedaron afuera, porque la \u00faltima vez que estuvimos nos desbord\u00f3. \u00c9ramos cuatro inscribiendo pero era much\u00edsima gente as\u00ed que optamos por poner un d\u00eda m\u00e1s\u201d.<\/p>\n<p>Al respecto reconoci\u00f3 que \u201csi bien es hasta el 3 de agosto la inscripci\u00f3n queremos estar ah\u00ed para los vecinos, as\u00ed nadie se queda afuera porque las boletas que vendr\u00e1n estar\u00e1n recargadas\u201d.<\/p>\n<p>En otro pasaje de la charla agreg\u00f3 que \u201cnosotros insistimos que la gente se inscriba, despu\u00e9s si lamentablemente no le toca, es otra cosa, pero vendr\u00e1n aumentos muy fuertes que se fueron postergando. Que la gente no dude, que se acerque y nosotros los anotamos\u201d.<\/p>\n<p>Seg\u00fan su perspectiva \u201ccon esto amortigua un poco la suba que se va a venir, porque no es un gran subsidio, pero es mejor que nada. Igual nos sorprendi\u00f3 la cantidad de gente que se acerc\u00f3, de los cuales muchos ya desde antes podr\u00edan haber tenido el subsidio\u201d.<\/p>\n<p>Pensando a futuro, \u201cac\u00e1 hablamos de que el 30% de los ingresos quedar\u00e1 afectado al gas y la luz, y lo peor es que mucha de la gente que vino es jubilada y paga alquiler, lo que se le va a aumentar tambi\u00e9n este mes que viene\u201d.<\/p>\n<p>Por \u00faltimo admiti\u00f3 que \u201ctambi\u00e9n nos sorprendi\u00f3 que hay mucha gente que no es ni monotributista y vive de changas, entonces tuvimos que sacar un promedio de lo que ganan y realmente es muy poco\u201d.<\/p>\n<p><iframe loading=\"lazy\" width=\"100%\" height=\"166\" scrolling=\"no\" frameborder=\"no\" allow=\"autoplay\" src=\"https:\/\/w.soundcloud.com\/player\/?url=https%3A\/\/api.soundcloud.com\/tracks\/1883575026&#038;color=%23ff5500&#038;auto_play=false&#038;hide_related=false&#038;show_comments=true&#038;show_user=true&#038;show_reposts=false&#038;show_teaser=true\"><\/iframe><\/p>\n<div style=\"font-size: 10px; color: #cccccc;line-break: anywhere;word-break: normal;overflow: hidden;white-space: nowrap;text-overflow: ellipsis; font-family: Interstate,Lucida Grande,Lucida Sans Unicode,Lucida Sans,Garuda,Verdana,Tahoma,sans-serif;font-weight: 100;\"><a href=\"https:\/\/soundcloud.com\/fmreflejos-103-7\" title=\"fmreflejos 103.7\" target=\"_blank\" style=\"color: #cccccc; text-decoration: none;\" rel=\"noopener\">fmreflejos 103.7<\/a> \u00b7 <a href=\"https:\/\/soundcloud.com\/fmreflejos-103-7\/jose-luis-medina-rase-29-7\" title=\"Jose Luis Medina RASE 29 - 7\" target=\"_blank\" style=\"color: #cccccc; text-decoration: none;\" rel=\"noopener\">Jose Luis Medina RASE 29 &#8211; 7<\/a><\/div>\n<p><a data-flickr-embed=\"true\" href=\"https:\/\/www.flickr.com\/photos\/182279889@N02\/53889163849\/in\/dateposted-public\/\" title=\"Rase\"><img loading=\"lazy\" decoding=\"async\" src=\"https:\/\/live.staticflickr.com\/65535\/53889163849_d0c8e21821_c.jpg\" width=\"450\" height=\"800\" alt=\"Rase\"\/><\/a><script async src=\"\/\/embedr.flickr.com\/assets\/client-code.js\" charset=\"utf-8\"><\/script><\/p>\n","protected":false},"excerpt":{"rendered":"<p>As\u00ed lo confirm\u00f3 Jos\u00e9 Luis Medina, quien adelant\u00f3 que estar\u00e1n desde las 15:30 en un restaurant de calle Donado al 500. \u201cLa primera vez que fuimos nos desbord\u00f3 la cantidad de gente que se present\u00f3\u201d asegur\u00f3.<\/p>\n","protected":false},"author":3,"featured_media":102921,"comment_status":"closed","ping_status":"closed","sticky":false,"template":"","format":"standard","meta":{"footnotes":""},"categories":[26],"tags":[48],"class_list":["post-105621","post","type-post","status-publish","format-standard","has-post-thumbnail","hentry","category-sociedad","tag-destacada"],"yoast_head":"<!-- This site is optimized with the Yoast SEO plugin v25.9 - https:\/\/yoast.com\/wordpress\/plugins\/seo\/ -->\n<title>Este lunes volver\u00e1n a inscribir por los subsidios en Saldungaray - Noticias Radio Reflejos<\/title>\n<meta name=\"robots\" content=\"index, follow, max-snippet:-1, max-image-preview:large, max-video-preview:-1\" \/>\n<link rel=\"canonical\" href=\"https:\/\/www.noticiasradioreflejos.com.ar\/2021\/este-lunes-volveran-a-inscribir-por-los-subsidios-en-saldungaray\/\" \/>\n<meta property=\"og:locale\" content=\"es_ES\" \/>\n<meta property=\"og:type\" content=\"article\" \/>\n<meta property=\"og:title\" content=\"Este lunes volver\u00e1n a inscribir por los subsidios en Saldungaray - Noticias Radio Reflejos\" \/>\n<meta property=\"og:description\" content=\"As\u00ed lo confirm\u00f3 Jos\u00e9 Luis Medina, quien adelant\u00f3 que estar\u00e1n desde las 15:30 en un restaurant de calle Donado al 500. \u201cLa primera vez que fuimos nos desbord\u00f3 la cantidad de gente que se present\u00f3\u201d asegur\u00f3.\" \/>\n<meta property=\"og:url\" content=\"https:\/\/www.noticiasradioreflejos.com.ar\/2021\/este-lunes-volveran-a-inscribir-por-los-subsidios-en-saldungaray\/\" \/>\n<meta property=\"og:site_name\" content=\"Noticias Radio Reflejos\" \/>\n<meta property=\"article:published_time\" content=\"2024-07-29T14:11:16+00:00\" \/>\n<meta property=\"og:image\" content=\"https:\/\/www.noticiasradioreflejos.com.ar\/2021\/wp-content\/uploads\/2024\/05\/Saldungaray-1.jpg\" \/>\n\t<meta property=\"og:image:width\" content=\"960\" \/>\n\t<meta property=\"og:image:height\" content=\"640\" \/>\n\t<meta property=\"og:image:type\" content=\"image\/jpeg\" \/>\n<meta name=\"author\" content=\"Arnaldo Botto\" \/>\n<meta name=\"twitter:card\" content=\"summary_large_image\" \/>\n<script type=\"application\/ld+json\" class=\"yoast-schema-graph\">{\"@context\":\"https:\/\/schema.org\",\"@graph\":[{\"@type\":\"WebPage\",\"@id\":\"https:\/\/www.noticiasradioreflejos.com.ar\/2021\/este-lunes-volveran-a-inscribir-por-los-subsidios-en-saldungaray\/\",\"url\":\"https:\/\/www.noticiasradioreflejos.com.ar\/2021\/este-lunes-volveran-a-inscribir-por-los-subsidios-en-saldungaray\/\",\"name\":\"Este lunes volver\u00e1n a inscribir por los subsidios en Saldungaray - Noticias Radio Reflejos\",\"isPartOf\":{\"@id\":\"https:\/\/www.noticiasradioreflejos.com.ar\/2021\/#website\"},\"primaryImageOfPage\":{\"@id\":\"https:\/\/www.noticiasradioreflejos.com.ar\/2021\/este-lunes-volveran-a-inscribir-por-los-subsidios-en-saldungaray\/#primaryimage\"},\"image\":{\"@id\":\"https:\/\/www.noticiasradioreflejos.com.ar\/2021\/este-lunes-volveran-a-inscribir-por-los-subsidios-en-saldungaray\/#primaryimage\"},\"thumbnailUrl\":\"https:\/\/www.noticiasradioreflejos.com.ar\/2021\/wp-content\/uploads\/2024\/05\/Saldungaray-1.jpg\",\"datePublished\":\"2024-07-29T14:11:16+00:00\",\"author\":{\"@id\":\"https:\/\/www.noticiasradioreflejos.com.ar\/2021\/#\/schema\/person\/ad82545263dcc5ec0996818884fd5fb1\"},\"breadcrumb\":{\"@id\":\"https:\/\/www.noticiasradioreflejos.com.ar\/2021\/este-lunes-volveran-a-inscribir-por-los-subsidios-en-saldungaray\/#breadcrumb\"},\"inLanguage\":\"es\",\"potentialAction\":[{\"@type\":\"ReadAction\",\"target\":[\"https:\/\/www.noticiasradioreflejos.com.ar\/2021\/este-lunes-volveran-a-inscribir-por-los-subsidios-en-saldungaray\/\"]}]},{\"@type\":\"ImageObject\",\"inLanguage\":\"es\",\"@id\":\"https:\/\/www.noticiasradioreflejos.com.ar\/2021\/este-lunes-volveran-a-inscribir-por-los-subsidios-en-saldungaray\/#primaryimage\",\"url\":\"https:\/\/www.noticiasradioreflejos.com.ar\/2021\/wp-content\/uploads\/2024\/05\/Saldungaray-1.jpg\",\"contentUrl\":\"https:\/\/www.noticiasradioreflejos.com.ar\/2021\/wp-content\/uploads\/2024\/05\/Saldungaray-1.jpg\",\"width\":960,\"height\":640},{\"@type\":\"BreadcrumbList\",\"@id\":\"https:\/\/www.noticiasradioreflejos.com.ar\/2021\/este-lunes-volveran-a-inscribir-por-los-subsidios-en-saldungaray\/#breadcrumb\",\"itemListElement\":[{\"@type\":\"ListItem\",\"position\":1,\"name\":\"Portada\",\"item\":\"https:\/\/www.noticiasradioreflejos.com.ar\/2021\/\"},{\"@type\":\"ListItem\",\"position\":2,\"name\":\"Este lunes volver\u00e1n a inscribir por los subsidios en Saldungaray\"}]},{\"@type\":\"WebSite\",\"@id\":\"https:\/\/www.noticiasradioreflejos.com.ar\/2021\/#website\",\"url\":\"https:\/\/www.noticiasradioreflejos.com.ar\/2021\/\",\"name\":\"Noticias Radio Reflejos\",\"description\":\"Las noticias de mi comarca\",\"potentialAction\":[{\"@type\":\"SearchAction\",\"target\":{\"@type\":\"EntryPoint\",\"urlTemplate\":\"https:\/\/www.noticiasradioreflejos.com.ar\/2021\/?s={search_term_string}\"},\"query-input\":{\"@type\":\"PropertyValueSpecification\",\"valueRequired\":true,\"valueName\":\"search_term_string\"}}],\"inLanguage\":\"es\"},{\"@type\":\"Person\",\"@id\":\"https:\/\/www.noticiasradioreflejos.com.ar\/2021\/#\/schema\/person\/ad82545263dcc5ec0996818884fd5fb1\",\"name\":\"Arnaldo Botto\",\"image\":{\"@type\":\"ImageObject\",\"inLanguage\":\"es\",\"@id\":\"https:\/\/www.noticiasradioreflejos.com.ar\/2021\/#\/schema\/person\/image\/\",\"url\":\"https:\/\/secure.gravatar.com\/avatar\/55cb5e37c1efa326397366e6974cb338056df65cb50e7d64d1cf314e87504837?s=96&d=mm&r=g\",\"contentUrl\":\"https:\/\/secure.gravatar.com\/avatar\/55cb5e37c1efa326397366e6974cb338056df65cb50e7d64d1cf314e87504837?s=96&d=mm&r=g\",\"caption\":\"Arnaldo Botto\"},\"url\":\"https:\/\/www.noticiasradioreflejos.com.ar\/2021\/author\/arnaldo\/\"}]}<\/script>\n<!-- \/ Yoast SEO plugin. -->","yoast_head_json":{"title":"Este lunes volver\u00e1n a inscribir por los subsidios en Saldungaray - Noticias Radio Reflejos","robots":{"index":"index","follow":"follow","max-snippet":"max-snippet:-1","max-image-preview":"max-image-preview:large","max-video-preview":"max-video-preview:-1"},"canonical":"https:\/\/www.noticiasradioreflejos.com.ar\/2021\/este-lunes-volveran-a-inscribir-por-los-subsidios-en-saldungaray\/","og_locale":"es_ES","og_type":"article","og_title":"Este lunes volver\u00e1n a inscribir por los subsidios en Saldungaray - Noticias Radio Reflejos","og_description":"As\u00ed lo confirm\u00f3 Jos\u00e9 Luis Medina, quien adelant\u00f3 que estar\u00e1n desde las 15:30 en un restaurant de calle Donado al 500. \u201cLa primera vez que fuimos nos desbord\u00f3 la cantidad de gente que se present\u00f3\u201d asegur\u00f3.","og_url":"https:\/\/www.noticiasradioreflejos.com.ar\/2021\/este-lunes-volveran-a-inscribir-por-los-subsidios-en-saldungaray\/","og_site_name":"Noticias Radio Reflejos","article_published_time":"2024-07-29T14:11:16+00:00","og_image":[{"width":960,"height":640,"url":"https:\/\/www.noticiasradioreflejos.com.ar\/2021\/wp-content\/uploads\/2024\/05\/Saldungaray-1.jpg","type":"image\/jpeg"}],"author":"Arnaldo Botto","twitter_card":"summary_large_image","schema":{"@context":"https:\/\/schema.org","@graph":[{"@type":"WebPage","@id":"https:\/\/www.noticiasradioreflejos.com.ar\/2021\/este-lunes-volveran-a-inscribir-por-los-subsidios-en-saldungaray\/","url":"https:\/\/www.noticiasradioreflejos.com.ar\/2021\/este-lunes-volveran-a-inscribir-por-los-subsidios-en-saldungaray\/","name":"Este lunes volver\u00e1n a inscribir por los subsidios en Saldungaray - Noticias Radio Reflejos","isPartOf":{"@id":"https:\/\/www.noticiasradioreflejos.com.ar\/2021\/#website"},"primaryImageOfPage":{"@id":"https:\/\/www.noticiasradioreflejos.com.ar\/2021\/este-lunes-volveran-a-inscribir-por-los-subsidios-en-saldungaray\/#primaryimage"},"image":{"@id":"https:\/\/www.noticiasradioreflejos.com.ar\/2021\/este-lunes-volveran-a-inscribir-por-los-subsidios-en-saldungaray\/#primaryimage"},"thumbnailUrl":"https:\/\/www.noticiasradioreflejos.com.ar\/2021\/wp-content\/uploads\/2024\/05\/Saldungaray-1.jpg","datePublished":"2024-07-29T14:11:16+00:00","author":{"@id":"https:\/\/www.noticiasradioreflejos.com.ar\/2021\/#\/schema\/person\/ad82545263dcc5ec0996818884fd5fb1"},"breadcrumb":{"@id":"https:\/\/www.noticiasradioreflejos.com.ar\/2021\/este-lunes-volveran-a-inscribir-por-los-subsidios-en-saldungaray\/#breadcrumb"},"inLanguage":"es","potentialAction":[{"@type":"ReadAction","target":["https:\/\/www.noticiasradioreflejos.com.ar\/2021\/este-lunes-volveran-a-inscribir-por-los-subsidios-en-saldungaray\/"]}]},{"@type":"ImageObject","inLanguage":"es","@id":"https:\/\/www.noticiasradioreflejos.com.ar\/2021\/este-lunes-volveran-a-inscribir-por-los-subsidios-en-saldungaray\/#primaryimage","url":"https:\/\/www.noticiasradioreflejos.com.ar\/2021\/wp-content\/uploads\/2024\/05\/Saldungaray-1.jpg","contentUrl":"https:\/\/www.noticiasradioreflejos.com.ar\/2021\/wp-content\/uploads\/2024\/05\/Saldungaray-1.jpg","width":960,"height":640},{"@type":"BreadcrumbList","@id":"https:\/\/www.noticiasradioreflejos.com.ar\/2021\/este-lunes-volveran-a-inscribir-por-los-subsidios-en-saldungaray\/#breadcrumb","itemListElement":[{"@type":"ListItem","position":1,"name":"Portada","item":"https:\/\/www.noticiasradioreflejos.com.ar\/2021\/"},{"@type":"ListItem","position":2,"name":"Este lunes volver\u00e1n a inscribir por los subsidios en Saldungaray"}]},{"@type":"WebSite","@id":"https:\/\/www.noticiasradioreflejos.com.ar\/2021\/#website","url":"https:\/\/www.noticiasradioreflejos.com.ar\/2021\/","name":"Noticias Radio Reflejos","description":"Las noticias de mi comarca","potentialAction":[{"@type":"SearchAction","target":{"@type":"EntryPoint","urlTemplate":"https:\/\/www.noticiasradioreflejos.com.ar\/2021\/?s={search_term_string}"},"query-input":{"@type":"PropertyValueSpecification","valueRequired":true,"valueName":"search_term_string"}}],"inLanguage":"es"},{"@type":"Person","@id":"https:\/\/www.noticiasradioreflejos.com.ar\/2021\/#\/schema\/person\/ad82545263dcc5ec0996818884fd5fb1","name":"Arnaldo Botto","image":{"@type":"ImageObject","inLanguage":"es","@id":"https:\/\/www.noticiasradioreflejos.com.ar\/2021\/#\/schema\/person\/image\/","url":"https:\/\/secure.gravatar.com\/avatar\/55cb5e37c1efa326397366e6974cb338056df65cb50e7d64d1cf314e87504837?s=96&d=mm&r=g","contentUrl":"https:\/\/secure.gravatar.com\/avatar\/55cb5e37c1efa326397366e6974cb338056df65cb50e7d64d1cf314e87504837?s=96&d=mm&r=g","caption":"Arnaldo Botto"},"url":"https:\/\/www.noticiasradioreflejos.com.ar\/2021\/author\/arnaldo\/"}]}},"_links":{"self":[{"href":"https:\/\/www.noticiasradioreflejos.com.ar\/2021\/wp-json\/wp\/v2\/posts\/105621","targetHints":{"allow":["GET"]}}],"collection":[{"href":"https:\/\/www.noticiasradioreflejos.com.ar\/2021\/wp-json\/wp\/v2\/posts"}],"about":[{"href":"https:\/\/www.noticiasradioreflejos.com.ar\/2021\/wp-json\/wp\/v2\/types\/post"}],"author":[{"embeddable":true,"href":"https:\/\/www.noticiasradioreflejos.com.ar\/2021\/wp-json\/wp\/v2\/users\/3"}],"replies":[{"embeddable":true,"href":"https:\/\/www.noticiasradioreflejos.com.ar\/2021\/wp-json\/wp\/v2\/comments?post=105621"}],"version-history":[{"count":2,"href":"https:\/\/www.noticiasradioreflejos.com.ar\/2021\/wp-json\/wp\/v2\/posts\/105621\/revisions"}],"predecessor-version":[{"id":105624,"href":"https:\/\/www.noticiasradioreflejos.com.ar\/2021\/wp-json\/wp\/v2\/posts\/105621\/revisions\/105624"}],"wp:featuredmedia":[{"embeddable":true,"href":"https:\/\/www.noticiasradioreflejos.com.ar\/2021\/wp-json\/wp\/v2\/media\/102921"}],"wp:attachment":[{"href":"https:\/\/www.noticiasradioreflejos.com.ar\/2021\/wp-json\/wp\/v2\/media?parent=105621"}],"wp:term":[{"taxonomy":"category","embeddable":true,"href":"https:\/\/www.noticiasradioreflejos.com.ar\/2021\/wp-json\/wp\/v2\/categories?post=105621"},{"taxonomy":"post_tag","embeddable":true,"href":"https:\/\/www.noticiasradioreflejos.com.ar\/2021\/wp-json\/wp\/v2\/tags?post=105621"}],"curies":[{"name":"wp","href":"https:\/\/api.w.org\/{rel}","templated":true}]}}