{"id":105613,"date":"2024-07-29T08:22:21","date_gmt":"2024-07-29T11:22:21","guid":{"rendered":"https:\/\/www.noticiasradioreflejos.com.ar\/2021\/?p=105613"},"modified":"2024-07-29T08:22:21","modified_gmt":"2024-07-29T11:22:21","slug":"usuarios-viales-preocupados-e-indignados-con-otro-tarifazo-de-peaje","status":"publish","type":"post","link":"https:\/\/www.noticiasradioreflejos.com.ar\/2021\/usuarios-viales-preocupados-e-indignados-con-otro-tarifazo-de-peaje\/","title":{"rendered":"Usuarios viales preocupados e indignados con otro tarifazo de  peaje"},"content":{"rendered":"<p>El CONADUV rechaza en\u00e9rgicamente este nuevo tarifazo de peaje por ser irracional, abusivo, inapropiado, injustificado e ilegal y carente de todo fundamento t\u00e9cnico econ\u00f3mico desde el punto de vista de la ingenier\u00eda econ\u00f3mica de transporte. Ni siquiera se respetan principios b\u00e1sicos de confiscatoriedad y razonabilidad.<!--more--><\/p>\n<p>&nbsp;<\/p>\n<p><iframe loading=\"lazy\" class=\"scribd_iframe_embed\" tabindex=\"0\" title=\"Tarifas de Peaje Descontroladas en La Provincia de Buenos Aires. Nuevo Tarifazo a Partir de Agosto 2024\" src=\"https:\/\/www.scribd.com\/embeds\/754302805\/content?start_page=1&amp;view_mode=scroll&amp;access_key=key-zmYxpHmRxttBiTf83y8u\" width=\"100%\" height=\"600\" frameborder=\"0\" scrolling=\"no\" data-auto-height=\"true\" data-aspect-ratio=\"0.7080062794348508\"><\/iframe><\/p>\n<p style=\"margin: 12px auto 6px auto; font-family: Helvetica,Arial,Sans-serif; font-style: normal; font-variant: normal; font-weight: normal; font-size: 14px; line-height: normal; font-size-adjust: none; font-stretch: normal; -x-system-font: none; display: block;\"><a style=\"text-decoration: underline;\" title=\"View Tarifas de Peaje Descontroladas en La Provincia de Buenos Aires. Nuevo Tarifazo a Partir de Agosto 2024 on Scribd\" href=\"https:\/\/www.scribd.com\/document\/754302805\/Tarifas-de-Peaje-Descontroladas-en-La-Provincia-de-Buenos-Aires-Nuevo-Tarifazo-a-Partir-de-Agosto-2024#from_embed\">Tarifas de Peaje Descontrol&#8230;<\/a> by <a style=\"text-decoration: underline;\" title=\"View FM Reflejos Sierra de la Ventana's profile on Scribd\" href=\"https:\/\/www.scribd.com\/user\/128459674\/FM-Reflejos-Sierra-de-la-Ventana#from_embed\">FM Reflejos Sierra de la Ve&#8230;<\/a><\/p>\n","protected":false},"excerpt":{"rendered":"<p>El CONADUV rechaza en\u00e9rgicamente este nuevo tarifazo de peaje por ser irracional, abusivo, inapropiado, injustificado e ilegal y carente de todo fundamento t\u00e9cnico econ\u00f3mico desde el punto de vista de la ingenier\u00eda econ\u00f3mica de transporte. Ni siquiera se respetan principios b\u00e1sicos de confiscatoriedad y razonabilidad.<\/p>\n","protected":false},"author":3,"featured_media":100278,"comment_status":"closed","ping_status":"closed","sticky":false,"template":"","format":"standard","meta":{"footnotes":""},"categories":[36,26],"tags":[],"class_list":["post-105613","post","type-post","status-publish","format-standard","has-post-thumbnail","hentry","category-economia","category-sociedad"],"yoast_head":"<!-- This site is optimized with the Yoast SEO plugin v25.9 - https:\/\/yoast.com\/wordpress\/plugins\/seo\/ -->\n<title>Usuarios viales preocupados e indignados con otro tarifazo de peaje - Noticias Radio Reflejos<\/title>\n<meta name=\"robots\" content=\"index, follow, max-snippet:-1, max-image-preview:large, max-video-preview:-1\" \/>\n<link rel=\"canonical\" href=\"https:\/\/www.noticiasradioreflejos.com.ar\/2021\/usuarios-viales-preocupados-e-indignados-con-otro-tarifazo-de-peaje\/\" \/>\n<meta property=\"og:locale\" content=\"es_ES\" \/>\n<meta property=\"og:type\" content=\"article\" \/>\n<meta property=\"og:title\" content=\"Usuarios viales preocupados e indignados con otro tarifazo de peaje - Noticias Radio Reflejos\" \/>\n<meta property=\"og:description\" content=\"El CONADUV rechaza en\u00e9rgicamente este nuevo tarifazo de peaje por ser irracional, abusivo, inapropiado, injustificado e ilegal y carente de todo fundamento t\u00e9cnico econ\u00f3mico desde el punto de vista de la ingenier\u00eda econ\u00f3mica de transporte. Ni siquiera se respetan principios b\u00e1sicos de confiscatoriedad y razonabilidad.\" \/>\n<meta property=\"og:url\" content=\"https:\/\/www.noticiasradioreflejos.com.ar\/2021\/usuarios-viales-preocupados-e-indignados-con-otro-tarifazo-de-peaje\/\" \/>\n<meta property=\"og:site_name\" content=\"Noticias Radio Reflejos\" \/>\n<meta property=\"article:published_time\" content=\"2024-07-29T11:22:21+00:00\" \/>\n<meta property=\"og:image\" content=\"https:\/\/www.noticiasradioreflejos.com.ar\/2021\/wp-content\/uploads\/2024\/03\/peajes.jpg\" \/>\n\t<meta property=\"og:image:width\" content=\"970\" \/>\n\t<meta property=\"og:image:height\" content=\"720\" \/>\n\t<meta property=\"og:image:type\" content=\"image\/jpeg\" \/>\n<meta name=\"author\" content=\"Arnaldo Botto\" \/>\n<meta name=\"twitter:card\" content=\"summary_large_image\" \/>\n<script type=\"application\/ld+json\" class=\"yoast-schema-graph\">{\"@context\":\"https:\/\/schema.org\",\"@graph\":[{\"@type\":\"WebPage\",\"@id\":\"https:\/\/www.noticiasradioreflejos.com.ar\/2021\/usuarios-viales-preocupados-e-indignados-con-otro-tarifazo-de-peaje\/\",\"url\":\"https:\/\/www.noticiasradioreflejos.com.ar\/2021\/usuarios-viales-preocupados-e-indignados-con-otro-tarifazo-de-peaje\/\",\"name\":\"Usuarios viales preocupados e indignados con otro tarifazo de peaje - Noticias Radio Reflejos\",\"isPartOf\":{\"@id\":\"https:\/\/www.noticiasradioreflejos.com.ar\/2021\/#website\"},\"primaryImageOfPage\":{\"@id\":\"https:\/\/www.noticiasradioreflejos.com.ar\/2021\/usuarios-viales-preocupados-e-indignados-con-otro-tarifazo-de-peaje\/#primaryimage\"},\"image\":{\"@id\":\"https:\/\/www.noticiasradioreflejos.com.ar\/2021\/usuarios-viales-preocupados-e-indignados-con-otro-tarifazo-de-peaje\/#primaryimage\"},\"thumbnailUrl\":\"https:\/\/www.noticiasradioreflejos.com.ar\/2021\/wp-content\/uploads\/2024\/03\/peajes.jpg\",\"datePublished\":\"2024-07-29T11:22:21+00:00\",\"author\":{\"@id\":\"https:\/\/www.noticiasradioreflejos.com.ar\/2021\/#\/schema\/person\/ad82545263dcc5ec0996818884fd5fb1\"},\"breadcrumb\":{\"@id\":\"https:\/\/www.noticiasradioreflejos.com.ar\/2021\/usuarios-viales-preocupados-e-indignados-con-otro-tarifazo-de-peaje\/#breadcrumb\"},\"inLanguage\":\"es\",\"potentialAction\":[{\"@type\":\"ReadAction\",\"target\":[\"https:\/\/www.noticiasradioreflejos.com.ar\/2021\/usuarios-viales-preocupados-e-indignados-con-otro-tarifazo-de-peaje\/\"]}]},{\"@type\":\"ImageObject\",\"inLanguage\":\"es\",\"@id\":\"https:\/\/www.noticiasradioreflejos.com.ar\/2021\/usuarios-viales-preocupados-e-indignados-con-otro-tarifazo-de-peaje\/#primaryimage\",\"url\":\"https:\/\/www.noticiasradioreflejos.com.ar\/2021\/wp-content\/uploads\/2024\/03\/peajes.jpg\",\"contentUrl\":\"https:\/\/www.noticiasradioreflejos.com.ar\/2021\/wp-content\/uploads\/2024\/03\/peajes.jpg\",\"width\":970,\"height\":720},{\"@type\":\"BreadcrumbList\",\"@id\":\"https:\/\/www.noticiasradioreflejos.com.ar\/2021\/usuarios-viales-preocupados-e-indignados-con-otro-tarifazo-de-peaje\/#breadcrumb\",\"itemListElement\":[{\"@type\":\"ListItem\",\"position\":1,\"name\":\"Portada\",\"item\":\"https:\/\/www.noticiasradioreflejos.com.ar\/2021\/\"},{\"@type\":\"ListItem\",\"position\":2,\"name\":\"Usuarios viales preocupados e indignados con otro tarifazo de peaje\"}]},{\"@type\":\"WebSite\",\"@id\":\"https:\/\/www.noticiasradioreflejos.com.ar\/2021\/#website\",\"url\":\"https:\/\/www.noticiasradioreflejos.com.ar\/2021\/\",\"name\":\"Noticias Radio Reflejos\",\"description\":\"Las noticias de mi comarca\",\"potentialAction\":[{\"@type\":\"SearchAction\",\"target\":{\"@type\":\"EntryPoint\",\"urlTemplate\":\"https:\/\/www.noticiasradioreflejos.com.ar\/2021\/?s={search_term_string}\"},\"query-input\":{\"@type\":\"PropertyValueSpecification\",\"valueRequired\":true,\"valueName\":\"search_term_string\"}}],\"inLanguage\":\"es\"},{\"@type\":\"Person\",\"@id\":\"https:\/\/www.noticiasradioreflejos.com.ar\/2021\/#\/schema\/person\/ad82545263dcc5ec0996818884fd5fb1\",\"name\":\"Arnaldo Botto\",\"image\":{\"@type\":\"ImageObject\",\"inLanguage\":\"es\",\"@id\":\"https:\/\/www.noticiasradioreflejos.com.ar\/2021\/#\/schema\/person\/image\/\",\"url\":\"https:\/\/secure.gravatar.com\/avatar\/55cb5e37c1efa326397366e6974cb338056df65cb50e7d64d1cf314e87504837?s=96&d=mm&r=g\",\"contentUrl\":\"https:\/\/secure.gravatar.com\/avatar\/55cb5e37c1efa326397366e6974cb338056df65cb50e7d64d1cf314e87504837?s=96&d=mm&r=g\",\"caption\":\"Arnaldo Botto\"},\"url\":\"https:\/\/www.noticiasradioreflejos.com.ar\/2021\/author\/arnaldo\/\"}]}<\/script>\n<!-- \/ Yoast SEO plugin. -->","yoast_head_json":{"title":"Usuarios viales preocupados e indignados con otro tarifazo de peaje - Noticias Radio Reflejos","robots":{"index":"index","follow":"follow","max-snippet":"max-snippet:-1","max-image-preview":"max-image-preview:large","max-video-preview":"max-video-preview:-1"},"canonical":"https:\/\/www.noticiasradioreflejos.com.ar\/2021\/usuarios-viales-preocupados-e-indignados-con-otro-tarifazo-de-peaje\/","og_locale":"es_ES","og_type":"article","og_title":"Usuarios viales preocupados e indignados con otro tarifazo de peaje - Noticias Radio Reflejos","og_description":"El CONADUV rechaza en\u00e9rgicamente este nuevo tarifazo de peaje por ser irracional, abusivo, inapropiado, injustificado e ilegal y carente de todo fundamento t\u00e9cnico econ\u00f3mico desde el punto de vista de la ingenier\u00eda econ\u00f3mica de transporte. Ni siquiera se respetan principios b\u00e1sicos de confiscatoriedad y razonabilidad.","og_url":"https:\/\/www.noticiasradioreflejos.com.ar\/2021\/usuarios-viales-preocupados-e-indignados-con-otro-tarifazo-de-peaje\/","og_site_name":"Noticias Radio Reflejos","article_published_time":"2024-07-29T11:22:21+00:00","og_image":[{"width":970,"height":720,"url":"https:\/\/www.noticiasradioreflejos.com.ar\/2021\/wp-content\/uploads\/2024\/03\/peajes.jpg","type":"image\/jpeg"}],"author":"Arnaldo Botto","twitter_card":"summary_large_image","schema":{"@context":"https:\/\/schema.org","@graph":[{"@type":"WebPage","@id":"https:\/\/www.noticiasradioreflejos.com.ar\/2021\/usuarios-viales-preocupados-e-indignados-con-otro-tarifazo-de-peaje\/","url":"https:\/\/www.noticiasradioreflejos.com.ar\/2021\/usuarios-viales-preocupados-e-indignados-con-otro-tarifazo-de-peaje\/","name":"Usuarios viales preocupados e indignados con otro tarifazo de peaje - Noticias Radio Reflejos","isPartOf":{"@id":"https:\/\/www.noticiasradioreflejos.com.ar\/2021\/#website"},"primaryImageOfPage":{"@id":"https:\/\/www.noticiasradioreflejos.com.ar\/2021\/usuarios-viales-preocupados-e-indignados-con-otro-tarifazo-de-peaje\/#primaryimage"},"image":{"@id":"https:\/\/www.noticiasradioreflejos.com.ar\/2021\/usuarios-viales-preocupados-e-indignados-con-otro-tarifazo-de-peaje\/#primaryimage"},"thumbnailUrl":"https:\/\/www.noticiasradioreflejos.com.ar\/2021\/wp-content\/uploads\/2024\/03\/peajes.jpg","datePublished":"2024-07-29T11:22:21+00:00","author":{"@id":"https:\/\/www.noticiasradioreflejos.com.ar\/2021\/#\/schema\/person\/ad82545263dcc5ec0996818884fd5fb1"},"breadcrumb":{"@id":"https:\/\/www.noticiasradioreflejos.com.ar\/2021\/usuarios-viales-preocupados-e-indignados-con-otro-tarifazo-de-peaje\/#breadcrumb"},"inLanguage":"es","potentialAction":[{"@type":"ReadAction","target":["https:\/\/www.noticiasradioreflejos.com.ar\/2021\/usuarios-viales-preocupados-e-indignados-con-otro-tarifazo-de-peaje\/"]}]},{"@type":"ImageObject","inLanguage":"es","@id":"https:\/\/www.noticiasradioreflejos.com.ar\/2021\/usuarios-viales-preocupados-e-indignados-con-otro-tarifazo-de-peaje\/#primaryimage","url":"https:\/\/www.noticiasradioreflejos.com.ar\/2021\/wp-content\/uploads\/2024\/03\/peajes.jpg","contentUrl":"https:\/\/www.noticiasradioreflejos.com.ar\/2021\/wp-content\/uploads\/2024\/03\/peajes.jpg","width":970,"height":720},{"@type":"BreadcrumbList","@id":"https:\/\/www.noticiasradioreflejos.com.ar\/2021\/usuarios-viales-preocupados-e-indignados-con-otro-tarifazo-de-peaje\/#breadcrumb","itemListElement":[{"@type":"ListItem","position":1,"name":"Portada","item":"https:\/\/www.noticiasradioreflejos.com.ar\/2021\/"},{"@type":"ListItem","position":2,"name":"Usuarios viales preocupados e indignados con otro tarifazo de peaje"}]},{"@type":"WebSite","@id":"https:\/\/www.noticiasradioreflejos.com.ar\/2021\/#website","url":"https:\/\/www.noticiasradioreflejos.com.ar\/2021\/","name":"Noticias Radio Reflejos","description":"Las noticias de mi comarca","potentialAction":[{"@type":"SearchAction","target":{"@type":"EntryPoint","urlTemplate":"https:\/\/www.noticiasradioreflejos.com.ar\/2021\/?s={search_term_string}"},"query-input":{"@type":"PropertyValueSpecification","valueRequired":true,"valueName":"search_term_string"}}],"inLanguage":"es"},{"@type":"Person","@id":"https:\/\/www.noticiasradioreflejos.com.ar\/2021\/#\/schema\/person\/ad82545263dcc5ec0996818884fd5fb1","name":"Arnaldo Botto","image":{"@type":"ImageObject","inLanguage":"es","@id":"https:\/\/www.noticiasradioreflejos.com.ar\/2021\/#\/schema\/person\/image\/","url":"https:\/\/secure.gravatar.com\/avatar\/55cb5e37c1efa326397366e6974cb338056df65cb50e7d64d1cf314e87504837?s=96&d=mm&r=g","contentUrl":"https:\/\/secure.gravatar.com\/avatar\/55cb5e37c1efa326397366e6974cb338056df65cb50e7d64d1cf314e87504837?s=96&d=mm&r=g","caption":"Arnaldo Botto"},"url":"https:\/\/www.noticiasradioreflejos.com.ar\/2021\/author\/arnaldo\/"}]}},"_links":{"self":[{"href":"https:\/\/www.noticiasradioreflejos.com.ar\/2021\/wp-json\/wp\/v2\/posts\/105613","targetHints":{"allow":["GET"]}}],"collection":[{"href":"https:\/\/www.noticiasradioreflejos.com.ar\/2021\/wp-json\/wp\/v2\/posts"}],"about":[{"href":"https:\/\/www.noticiasradioreflejos.com.ar\/2021\/wp-json\/wp\/v2\/types\/post"}],"author":[{"embeddable":true,"href":"https:\/\/www.noticiasradioreflejos.com.ar\/2021\/wp-json\/wp\/v2\/users\/3"}],"replies":[{"embeddable":true,"href":"https:\/\/www.noticiasradioreflejos.com.ar\/2021\/wp-json\/wp\/v2\/comments?post=105613"}],"version-history":[{"count":1,"href":"https:\/\/www.noticiasradioreflejos.com.ar\/2021\/wp-json\/wp\/v2\/posts\/105613\/revisions"}],"predecessor-version":[{"id":105614,"href":"https:\/\/www.noticiasradioreflejos.com.ar\/2021\/wp-json\/wp\/v2\/posts\/105613\/revisions\/105614"}],"wp:featuredmedia":[{"embeddable":true,"href":"https:\/\/www.noticiasradioreflejos.com.ar\/2021\/wp-json\/wp\/v2\/media\/100278"}],"wp:attachment":[{"href":"https:\/\/www.noticiasradioreflejos.com.ar\/2021\/wp-json\/wp\/v2\/media?parent=105613"}],"wp:term":[{"taxonomy":"category","embeddable":true,"href":"https:\/\/www.noticiasradioreflejos.com.ar\/2021\/wp-json\/wp\/v2\/categories?post=105613"},{"taxonomy":"post_tag","embeddable":true,"href":"https:\/\/www.noticiasradioreflejos.com.ar\/2021\/wp-json\/wp\/v2\/tags?post=105613"}],"curies":[{"name":"wp","href":"https:\/\/api.w.org\/{rel}","templated":true}]}}