{"id":105565,"date":"2024-07-26T23:47:10","date_gmt":"2024-07-27T02:47:10","guid":{"rendered":"https:\/\/www.noticiasradioreflejos.com.ar\/2021\/?p=105565"},"modified":"2024-07-26T23:47:10","modified_gmt":"2024-07-27T02:47:10","slug":"la-delegada-de-sierra-confirmo-que-estan-trabajando-para-un-area-de-motorhomes","status":"publish","type":"post","link":"https:\/\/www.noticiasradioreflejos.com.ar\/2021\/la-delegada-de-sierra-confirmo-que-estan-trabajando-para-un-area-de-motorhomes\/","title":{"rendered":"La delegada de Sierra confirm\u00f3 que est\u00e1n trabajando para un \u00e1rea de motorhomes"},"content":{"rendered":"<p>Ser\u00e1 en el sector de La Olla, en donde ya iniciaron el movimiento de suelo. \u201cQueremos que est\u00e9 habilitado para el verano\u201d confirm\u00f3.<!--more--><\/p>\n<p>Esta ma\u00f1ana la delegada de Sierra de la Ventana, Viviana Montibeller, le confirm\u00f3 a FM Reflejos que en un par de meses la localidad tendr\u00e1 un \u00e1rea espec\u00edfica para casas rodantes, campers y motorhomes.<\/p>\n<p>Seg\u00fan mencion\u00f3, lo que se viene realizando en La Olla \u201ces un trabajo que se viene planificando hace bastante, y la idea fue poder hacerlo en estos d\u00edas, ya que por las vacaciones no pod\u00edamos seguir contras obras por la afluencia de p\u00fablico. Del mismo modo Villa nos prest\u00f3 unas m\u00e1quinas y lo que hicimos fue meterle mano al terreno\u201d.<\/p>\n<p><a data-flickr-embed=\"true\" href=\"https:\/\/www.flickr.com\/photos\/182279889@N02\/53882771347\/in\/dateposted-public\/\" title=\"La hoya (2)\"><img loading=\"lazy\" decoding=\"async\" src=\"https:\/\/live.staticflickr.com\/65535\/53882771347_8a6a2cc4c9_c.jpg\" width=\"800\" height=\"602\" alt=\"La hoya (2)\"\/><\/a><script async src=\"\/\/embedr.flickr.com\/assets\/client-code.js\" charset=\"utf-8\"><\/script><\/p>\n<p>Remarcando esto, explic\u00f3 que \u201clo que buscamos es tener otro espacio verde y poder destinarlo tambi\u00e9n para el pernocte de los campers, motorhome y ese tipo de veh\u00edculos que habitualmente tenemos la problem\u00e1tica de que no tengan un espacio donde parar\u201d.<\/p>\n<p>Sumando que \u201ccon esto buscamos darles respuesta a los vecinos que con justa raz\u00f3n se enojan cuando andan por el centro, ya que incomodan y desordenan el tr\u00e1nsito y el sector\u201d.<\/p>\n<p>Detallando la modificaci\u00f3n del lugar, la funcionaria grafic\u00f3 que \u201cva a quedar una barranquita no tan alta, y sobre ese lado se ubicar\u00e1n los veh\u00edculos. Tambi\u00e9n habr\u00e1 servicio de luz, agua y sumergir un tanque para el tratamiento de aguas. Se nivelar\u00e1 la calle y habr\u00e1 que poner un entubado para desviar el agua que viene de arriba\u201d.<\/p>\n<p><a data-flickr-embed=\"true\" href=\"https:\/\/www.flickr.com\/photos\/182279889@N02\/53882770627\/in\/dateposted-public\/\" title=\"La hoya (1)\"><img loading=\"lazy\" decoding=\"async\" src=\"https:\/\/live.staticflickr.com\/65535\/53882770627_f61318633c_c.jpg\" width=\"800\" height=\"592\" alt=\"La hoya (1)\"\/><\/a><script async src=\"\/\/embedr.flickr.com\/assets\/client-code.js\" charset=\"utf-8\"><\/script><\/p>\n<p>Por \u00faltimo reconoci\u00f3 que \u201ces una obra m\u00e1s amplia pero lo primero era este movimiento de suelo, aunque est\u00e1 planificado para tenerlo terminado para la temporada de verano. Esa es la idea. Es un lugar precioso\u201d.<\/p>\n<p>En otro pasaje de la charla y sobre la situaci\u00f3n del sector del barrio San Bernardo, Montibeller puntualiz\u00f3 que \u201cla idea es poder hablar con la gente y llegar a acuerdos donde ganemos todos. Lo que se necesita es tener espacios p\u00fablicos acordes a lo que es la localidad y que funcionen todo el a\u00f1o. Tenemos espacios preciosos y est\u00e1 bien que nos marquen las falencias\u201d.<\/p>\n<p>Por \u00faltimo, y en relaci\u00f3n a la temporada, confirm\u00f3 que \u201cno hubo problemas con el agua, tenemos poco personal eso es una realidad, por eso buscamos ser lo m\u00e1s eficientes posibles. El tema de basura tenemos que seguir ajustando y es tambi\u00e9n de concientizaci\u00f3n en casa. Desde nuestro lado buscamos darle un buen fin a la basura pero necesitamos que el vecino colabore con la separaci\u00f3n de origen, ya que se ha duplicado la cantidad en el \u00faltimo tiempo\u201d.<\/p>\n<p><iframe loading=\"lazy\" width=\"100%\" height=\"166\" scrolling=\"no\" frameborder=\"no\" allow=\"autoplay\" src=\"https:\/\/w.soundcloud.com\/player\/?url=https%3A\/\/api.soundcloud.com\/tracks\/1881573219&#038;color=%23ff5500&#038;auto_play=false&#038;hide_related=false&#038;show_comments=true&#038;show_user=true&#038;show_reposts=false&#038;show_teaser=true\"><\/iframe><\/p>\n<div style=\"font-size: 10px; color: #cccccc;line-break: anywhere;word-break: normal;overflow: hidden;white-space: nowrap;text-overflow: ellipsis; font-family: Interstate,Lucida Grande,Lucida Sans Unicode,Lucida Sans,Garuda,Verdana,Tahoma,sans-serif;font-weight: 100;\"><a href=\"https:\/\/soundcloud.com\/fmreflejos-103-7\" title=\"fmreflejos 103.7\" target=\"_blank\" style=\"color: #cccccc; text-decoration: none;\" rel=\"noopener\">fmreflejos 103.7<\/a> \u00b7 <a href=\"https:\/\/soundcloud.com\/fmreflejos-103-7\/viviana-montibeller-6\" title=\"Viviana - Montibeller\" target=\"_blank\" style=\"color: #cccccc; text-decoration: none;\" rel=\"noopener\">Viviana &#8211; Montibeller<\/a><\/div>\n","protected":false},"excerpt":{"rendered":"<p>Ser\u00e1 en el sector de La Olla, en donde ya iniciaron el movimiento de suelo. \u201cQueremos que est\u00e9 habilitado para el verano\u201d confirm\u00f3.<\/p>\n","protected":false},"author":3,"featured_media":105586,"comment_status":"closed","ping_status":"closed","sticky":false,"template":"","format":"standard","meta":{"footnotes":""},"categories":[28],"tags":[48],"class_list":["post-105565","post","type-post","status-publish","format-standard","has-post-thumbnail","hentry","category-municipales","tag-destacada"],"yoast_head":"<!-- This site is optimized with the Yoast SEO plugin v25.9 - https:\/\/yoast.com\/wordpress\/plugins\/seo\/ -->\n<title>La delegada de Sierra confirm\u00f3 que est\u00e1n trabajando para un \u00e1rea de motorhomes - Noticias Radio Reflejos<\/title>\n<meta name=\"robots\" content=\"index, follow, max-snippet:-1, max-image-preview:large, max-video-preview:-1\" \/>\n<link rel=\"canonical\" href=\"https:\/\/www.noticiasradioreflejos.com.ar\/2021\/la-delegada-de-sierra-confirmo-que-estan-trabajando-para-un-area-de-motorhomes\/\" \/>\n<meta property=\"og:locale\" content=\"es_ES\" \/>\n<meta property=\"og:type\" content=\"article\" \/>\n<meta property=\"og:title\" content=\"La delegada de Sierra confirm\u00f3 que est\u00e1n trabajando para un \u00e1rea de motorhomes - Noticias Radio Reflejos\" \/>\n<meta property=\"og:description\" content=\"Ser\u00e1 en el sector de La Olla, en donde ya iniciaron el movimiento de suelo. \u201cQueremos que est\u00e9 habilitado para el verano\u201d confirm\u00f3.\" \/>\n<meta property=\"og:url\" content=\"https:\/\/www.noticiasradioreflejos.com.ar\/2021\/la-delegada-de-sierra-confirmo-que-estan-trabajando-para-un-area-de-motorhomes\/\" \/>\n<meta property=\"og:site_name\" content=\"Noticias Radio Reflejos\" \/>\n<meta property=\"article:published_time\" content=\"2024-07-27T02:47:10+00:00\" \/>\n<meta property=\"og:image\" content=\"https:\/\/www.noticiasradioreflejos.com.ar\/2021\/wp-content\/uploads\/2024\/07\/La-hoya-4.jpeg\" \/>\n\t<meta property=\"og:image:width\" content=\"1600\" \/>\n\t<meta property=\"og:image:height\" content=\"1204\" \/>\n\t<meta property=\"og:image:type\" content=\"image\/jpeg\" \/>\n<meta name=\"author\" content=\"Arnaldo Botto\" \/>\n<meta name=\"twitter:card\" content=\"summary_large_image\" \/>\n<script type=\"application\/ld+json\" class=\"yoast-schema-graph\">{\"@context\":\"https:\/\/schema.org\",\"@graph\":[{\"@type\":\"WebPage\",\"@id\":\"https:\/\/www.noticiasradioreflejos.com.ar\/2021\/la-delegada-de-sierra-confirmo-que-estan-trabajando-para-un-area-de-motorhomes\/\",\"url\":\"https:\/\/www.noticiasradioreflejos.com.ar\/2021\/la-delegada-de-sierra-confirmo-que-estan-trabajando-para-un-area-de-motorhomes\/\",\"name\":\"La delegada de Sierra confirm\u00f3 que est\u00e1n trabajando para un \u00e1rea de motorhomes - Noticias Radio Reflejos\",\"isPartOf\":{\"@id\":\"https:\/\/www.noticiasradioreflejos.com.ar\/2021\/#website\"},\"primaryImageOfPage\":{\"@id\":\"https:\/\/www.noticiasradioreflejos.com.ar\/2021\/la-delegada-de-sierra-confirmo-que-estan-trabajando-para-un-area-de-motorhomes\/#primaryimage\"},\"image\":{\"@id\":\"https:\/\/www.noticiasradioreflejos.com.ar\/2021\/la-delegada-de-sierra-confirmo-que-estan-trabajando-para-un-area-de-motorhomes\/#primaryimage\"},\"thumbnailUrl\":\"https:\/\/www.noticiasradioreflejos.com.ar\/2021\/wp-content\/uploads\/2024\/07\/La-hoya-4.jpeg\",\"datePublished\":\"2024-07-27T02:47:10+00:00\",\"author\":{\"@id\":\"https:\/\/www.noticiasradioreflejos.com.ar\/2021\/#\/schema\/person\/ad82545263dcc5ec0996818884fd5fb1\"},\"breadcrumb\":{\"@id\":\"https:\/\/www.noticiasradioreflejos.com.ar\/2021\/la-delegada-de-sierra-confirmo-que-estan-trabajando-para-un-area-de-motorhomes\/#breadcrumb\"},\"inLanguage\":\"es\",\"potentialAction\":[{\"@type\":\"ReadAction\",\"target\":[\"https:\/\/www.noticiasradioreflejos.com.ar\/2021\/la-delegada-de-sierra-confirmo-que-estan-trabajando-para-un-area-de-motorhomes\/\"]}]},{\"@type\":\"ImageObject\",\"inLanguage\":\"es\",\"@id\":\"https:\/\/www.noticiasradioreflejos.com.ar\/2021\/la-delegada-de-sierra-confirmo-que-estan-trabajando-para-un-area-de-motorhomes\/#primaryimage\",\"url\":\"https:\/\/www.noticiasradioreflejos.com.ar\/2021\/wp-content\/uploads\/2024\/07\/La-hoya-4.jpeg\",\"contentUrl\":\"https:\/\/www.noticiasradioreflejos.com.ar\/2021\/wp-content\/uploads\/2024\/07\/La-hoya-4.jpeg\",\"width\":1600,\"height\":1204},{\"@type\":\"BreadcrumbList\",\"@id\":\"https:\/\/www.noticiasradioreflejos.com.ar\/2021\/la-delegada-de-sierra-confirmo-que-estan-trabajando-para-un-area-de-motorhomes\/#breadcrumb\",\"itemListElement\":[{\"@type\":\"ListItem\",\"position\":1,\"name\":\"Portada\",\"item\":\"https:\/\/www.noticiasradioreflejos.com.ar\/2021\/\"},{\"@type\":\"ListItem\",\"position\":2,\"name\":\"La delegada de Sierra confirm\u00f3 que est\u00e1n trabajando para un \u00e1rea de motorhomes\"}]},{\"@type\":\"WebSite\",\"@id\":\"https:\/\/www.noticiasradioreflejos.com.ar\/2021\/#website\",\"url\":\"https:\/\/www.noticiasradioreflejos.com.ar\/2021\/\",\"name\":\"Noticias Radio Reflejos\",\"description\":\"Las noticias de mi comarca\",\"potentialAction\":[{\"@type\":\"SearchAction\",\"target\":{\"@type\":\"EntryPoint\",\"urlTemplate\":\"https:\/\/www.noticiasradioreflejos.com.ar\/2021\/?s={search_term_string}\"},\"query-input\":{\"@type\":\"PropertyValueSpecification\",\"valueRequired\":true,\"valueName\":\"search_term_string\"}}],\"inLanguage\":\"es\"},{\"@type\":\"Person\",\"@id\":\"https:\/\/www.noticiasradioreflejos.com.ar\/2021\/#\/schema\/person\/ad82545263dcc5ec0996818884fd5fb1\",\"name\":\"Arnaldo Botto\",\"image\":{\"@type\":\"ImageObject\",\"inLanguage\":\"es\",\"@id\":\"https:\/\/www.noticiasradioreflejos.com.ar\/2021\/#\/schema\/person\/image\/\",\"url\":\"https:\/\/secure.gravatar.com\/avatar\/55cb5e37c1efa326397366e6974cb338056df65cb50e7d64d1cf314e87504837?s=96&d=mm&r=g\",\"contentUrl\":\"https:\/\/secure.gravatar.com\/avatar\/55cb5e37c1efa326397366e6974cb338056df65cb50e7d64d1cf314e87504837?s=96&d=mm&r=g\",\"caption\":\"Arnaldo Botto\"},\"url\":\"https:\/\/www.noticiasradioreflejos.com.ar\/2021\/author\/arnaldo\/\"}]}<\/script>\n<!-- \/ Yoast SEO plugin. -->","yoast_head_json":{"title":"La delegada de Sierra confirm\u00f3 que est\u00e1n trabajando para un \u00e1rea de motorhomes - Noticias Radio Reflejos","robots":{"index":"index","follow":"follow","max-snippet":"max-snippet:-1","max-image-preview":"max-image-preview:large","max-video-preview":"max-video-preview:-1"},"canonical":"https:\/\/www.noticiasradioreflejos.com.ar\/2021\/la-delegada-de-sierra-confirmo-que-estan-trabajando-para-un-area-de-motorhomes\/","og_locale":"es_ES","og_type":"article","og_title":"La delegada de Sierra confirm\u00f3 que est\u00e1n trabajando para un \u00e1rea de motorhomes - Noticias Radio Reflejos","og_description":"Ser\u00e1 en el sector de La Olla, en donde ya iniciaron el movimiento de suelo. \u201cQueremos que est\u00e9 habilitado para el verano\u201d confirm\u00f3.","og_url":"https:\/\/www.noticiasradioreflejos.com.ar\/2021\/la-delegada-de-sierra-confirmo-que-estan-trabajando-para-un-area-de-motorhomes\/","og_site_name":"Noticias Radio Reflejos","article_published_time":"2024-07-27T02:47:10+00:00","og_image":[{"width":1600,"height":1204,"url":"https:\/\/www.noticiasradioreflejos.com.ar\/2021\/wp-content\/uploads\/2024\/07\/La-hoya-4.jpeg","type":"image\/jpeg"}],"author":"Arnaldo Botto","twitter_card":"summary_large_image","schema":{"@context":"https:\/\/schema.org","@graph":[{"@type":"WebPage","@id":"https:\/\/www.noticiasradioreflejos.com.ar\/2021\/la-delegada-de-sierra-confirmo-que-estan-trabajando-para-un-area-de-motorhomes\/","url":"https:\/\/www.noticiasradioreflejos.com.ar\/2021\/la-delegada-de-sierra-confirmo-que-estan-trabajando-para-un-area-de-motorhomes\/","name":"La delegada de Sierra confirm\u00f3 que est\u00e1n trabajando para un \u00e1rea de motorhomes - Noticias Radio Reflejos","isPartOf":{"@id":"https:\/\/www.noticiasradioreflejos.com.ar\/2021\/#website"},"primaryImageOfPage":{"@id":"https:\/\/www.noticiasradioreflejos.com.ar\/2021\/la-delegada-de-sierra-confirmo-que-estan-trabajando-para-un-area-de-motorhomes\/#primaryimage"},"image":{"@id":"https:\/\/www.noticiasradioreflejos.com.ar\/2021\/la-delegada-de-sierra-confirmo-que-estan-trabajando-para-un-area-de-motorhomes\/#primaryimage"},"thumbnailUrl":"https:\/\/www.noticiasradioreflejos.com.ar\/2021\/wp-content\/uploads\/2024\/07\/La-hoya-4.jpeg","datePublished":"2024-07-27T02:47:10+00:00","author":{"@id":"https:\/\/www.noticiasradioreflejos.com.ar\/2021\/#\/schema\/person\/ad82545263dcc5ec0996818884fd5fb1"},"breadcrumb":{"@id":"https:\/\/www.noticiasradioreflejos.com.ar\/2021\/la-delegada-de-sierra-confirmo-que-estan-trabajando-para-un-area-de-motorhomes\/#breadcrumb"},"inLanguage":"es","potentialAction":[{"@type":"ReadAction","target":["https:\/\/www.noticiasradioreflejos.com.ar\/2021\/la-delegada-de-sierra-confirmo-que-estan-trabajando-para-un-area-de-motorhomes\/"]}]},{"@type":"ImageObject","inLanguage":"es","@id":"https:\/\/www.noticiasradioreflejos.com.ar\/2021\/la-delegada-de-sierra-confirmo-que-estan-trabajando-para-un-area-de-motorhomes\/#primaryimage","url":"https:\/\/www.noticiasradioreflejos.com.ar\/2021\/wp-content\/uploads\/2024\/07\/La-hoya-4.jpeg","contentUrl":"https:\/\/www.noticiasradioreflejos.com.ar\/2021\/wp-content\/uploads\/2024\/07\/La-hoya-4.jpeg","width":1600,"height":1204},{"@type":"BreadcrumbList","@id":"https:\/\/www.noticiasradioreflejos.com.ar\/2021\/la-delegada-de-sierra-confirmo-que-estan-trabajando-para-un-area-de-motorhomes\/#breadcrumb","itemListElement":[{"@type":"ListItem","position":1,"name":"Portada","item":"https:\/\/www.noticiasradioreflejos.com.ar\/2021\/"},{"@type":"ListItem","position":2,"name":"La delegada de Sierra confirm\u00f3 que est\u00e1n trabajando para un \u00e1rea de motorhomes"}]},{"@type":"WebSite","@id":"https:\/\/www.noticiasradioreflejos.com.ar\/2021\/#website","url":"https:\/\/www.noticiasradioreflejos.com.ar\/2021\/","name":"Noticias Radio Reflejos","description":"Las noticias de mi comarca","potentialAction":[{"@type":"SearchAction","target":{"@type":"EntryPoint","urlTemplate":"https:\/\/www.noticiasradioreflejos.com.ar\/2021\/?s={search_term_string}"},"query-input":{"@type":"PropertyValueSpecification","valueRequired":true,"valueName":"search_term_string"}}],"inLanguage":"es"},{"@type":"Person","@id":"https:\/\/www.noticiasradioreflejos.com.ar\/2021\/#\/schema\/person\/ad82545263dcc5ec0996818884fd5fb1","name":"Arnaldo Botto","image":{"@type":"ImageObject","inLanguage":"es","@id":"https:\/\/www.noticiasradioreflejos.com.ar\/2021\/#\/schema\/person\/image\/","url":"https:\/\/secure.gravatar.com\/avatar\/55cb5e37c1efa326397366e6974cb338056df65cb50e7d64d1cf314e87504837?s=96&d=mm&r=g","contentUrl":"https:\/\/secure.gravatar.com\/avatar\/55cb5e37c1efa326397366e6974cb338056df65cb50e7d64d1cf314e87504837?s=96&d=mm&r=g","caption":"Arnaldo Botto"},"url":"https:\/\/www.noticiasradioreflejos.com.ar\/2021\/author\/arnaldo\/"}]}},"_links":{"self":[{"href":"https:\/\/www.noticiasradioreflejos.com.ar\/2021\/wp-json\/wp\/v2\/posts\/105565","targetHints":{"allow":["GET"]}}],"collection":[{"href":"https:\/\/www.noticiasradioreflejos.com.ar\/2021\/wp-json\/wp\/v2\/posts"}],"about":[{"href":"https:\/\/www.noticiasradioreflejos.com.ar\/2021\/wp-json\/wp\/v2\/types\/post"}],"author":[{"embeddable":true,"href":"https:\/\/www.noticiasradioreflejos.com.ar\/2021\/wp-json\/wp\/v2\/users\/3"}],"replies":[{"embeddable":true,"href":"https:\/\/www.noticiasradioreflejos.com.ar\/2021\/wp-json\/wp\/v2\/comments?post=105565"}],"version-history":[{"count":2,"href":"https:\/\/www.noticiasradioreflejos.com.ar\/2021\/wp-json\/wp\/v2\/posts\/105565\/revisions"}],"predecessor-version":[{"id":105587,"href":"https:\/\/www.noticiasradioreflejos.com.ar\/2021\/wp-json\/wp\/v2\/posts\/105565\/revisions\/105587"}],"wp:featuredmedia":[{"embeddable":true,"href":"https:\/\/www.noticiasradioreflejos.com.ar\/2021\/wp-json\/wp\/v2\/media\/105586"}],"wp:attachment":[{"href":"https:\/\/www.noticiasradioreflejos.com.ar\/2021\/wp-json\/wp\/v2\/media?parent=105565"}],"wp:term":[{"taxonomy":"category","embeddable":true,"href":"https:\/\/www.noticiasradioreflejos.com.ar\/2021\/wp-json\/wp\/v2\/categories?post=105565"},{"taxonomy":"post_tag","embeddable":true,"href":"https:\/\/www.noticiasradioreflejos.com.ar\/2021\/wp-json\/wp\/v2\/tags?post=105565"}],"curies":[{"name":"wp","href":"https:\/\/api.w.org\/{rel}","templated":true}]}}