{"id":105531,"date":"2024-07-25T14:33:09","date_gmt":"2024-07-25T17:33:09","guid":{"rendered":"https:\/\/www.noticiasradioreflejos.com.ar\/2021\/?p=105531"},"modified":"2024-07-25T14:33:09","modified_gmt":"2024-07-25T17:33:09","slug":"charla-voluntaria-en-proyectos-de-conservacion-en-la-macedonio-fernandez","status":"publish","type":"post","link":"https:\/\/www.noticiasradioreflejos.com.ar\/2021\/charla-voluntaria-en-proyectos-de-conservacion-en-la-macedonio-fernandez\/","title":{"rendered":"Charla Voluntaria en Proyectos de Conservaci\u00f3n en la Macedonio Fern\u00e1ndez"},"content":{"rendered":"<p>La misma estar\u00e1 a cargo de Elisa Barcala y ser\u00e1 el s\u00e1bado 27 de julio a las 11hs, en la instalaciones de la Biblioteca Popular de Villa Ventana.<!--more--><\/p>\n<p><a data-flickr-embed=\"true\" href=\"https:\/\/www.flickr.com\/photos\/182279889@N02\/53881066589\/in\/dateposted-public\/\" title=\"452648590_864182638951386_4370512699075228451_n\"><img loading=\"lazy\" decoding=\"async\" src=\"https:\/\/live.staticflickr.com\/65535\/53881066589_3024555c57_o.jpg\" width=\"1080\" height=\"1080\" alt=\"452648590_864182638951386_4370512699075228451_n\"\/><\/a><script async src=\"\/\/embedr.flickr.com\/assets\/client-code.js\" charset=\"utf-8\"><\/script><\/p>\n<p>Elisa compartir\u00e1 sus experiencias como voluntaria de distintos proyectos de conservaci\u00f3n.<\/p>\n<p>T\u00fa tambi\u00e9n puedes sumarte como voluntario y realizar tan linda experiencia, a trav\u00e9s de la cual disfrutar\u00e1s y a la vez aprender\u00e1s mucho.<\/p>\n<p>Nos vemos,atendamos!!!<\/p>\n","protected":false},"excerpt":{"rendered":"<p>La misma estar\u00e1 a cargo de Elisa Barcala y ser\u00e1 el s\u00e1bado 27 de julio a las 11hs, en la instalaciones de la Biblioteca Popular de Villa Ventana.<\/p>\n","protected":false},"author":3,"featured_media":0,"comment_status":"closed","ping_status":"closed","sticky":false,"template":"","format":"standard","meta":{"footnotes":""},"categories":[35],"tags":[],"class_list":["post-105531","post","type-post","status-publish","format-standard","hentry","category-cultura"],"yoast_head":"<!-- This site is optimized with the Yoast SEO plugin v25.9 - https:\/\/yoast.com\/wordpress\/plugins\/seo\/ -->\n<title>Charla Voluntaria en Proyectos de Conservaci\u00f3n en la Macedonio Fern\u00e1ndez - Noticias Radio Reflejos<\/title>\n<meta name=\"robots\" content=\"index, follow, max-snippet:-1, max-image-preview:large, max-video-preview:-1\" \/>\n<link rel=\"canonical\" href=\"https:\/\/www.noticiasradioreflejos.com.ar\/2021\/charla-voluntaria-en-proyectos-de-conservacion-en-la-macedonio-fernandez\/\" \/>\n<meta property=\"og:locale\" content=\"es_ES\" \/>\n<meta property=\"og:type\" content=\"article\" \/>\n<meta property=\"og:title\" content=\"Charla Voluntaria en Proyectos de Conservaci\u00f3n en la Macedonio Fern\u00e1ndez - Noticias Radio Reflejos\" \/>\n<meta property=\"og:description\" content=\"La misma estar\u00e1 a cargo de Elisa Barcala y ser\u00e1 el s\u00e1bado 27 de julio a las 11hs, en la instalaciones de la Biblioteca Popular de Villa Ventana.\" \/>\n<meta property=\"og:url\" content=\"https:\/\/www.noticiasradioreflejos.com.ar\/2021\/charla-voluntaria-en-proyectos-de-conservacion-en-la-macedonio-fernandez\/\" \/>\n<meta property=\"og:site_name\" content=\"Noticias Radio Reflejos\" \/>\n<meta property=\"article:published_time\" content=\"2024-07-25T17:33:09+00:00\" \/>\n<meta property=\"og:image\" content=\"https:\/\/live.staticflickr.com\/65535\/53881066589_3024555c57_o.jpg\" \/>\n<meta name=\"author\" content=\"Arnaldo Botto\" \/>\n<meta name=\"twitter:card\" content=\"summary_large_image\" \/>\n<script type=\"application\/ld+json\" class=\"yoast-schema-graph\">{\"@context\":\"https:\/\/schema.org\",\"@graph\":[{\"@type\":\"WebPage\",\"@id\":\"https:\/\/www.noticiasradioreflejos.com.ar\/2021\/charla-voluntaria-en-proyectos-de-conservacion-en-la-macedonio-fernandez\/\",\"url\":\"https:\/\/www.noticiasradioreflejos.com.ar\/2021\/charla-voluntaria-en-proyectos-de-conservacion-en-la-macedonio-fernandez\/\",\"name\":\"Charla Voluntaria en Proyectos de Conservaci\u00f3n en la Macedonio Fern\u00e1ndez - Noticias Radio Reflejos\",\"isPartOf\":{\"@id\":\"https:\/\/www.noticiasradioreflejos.com.ar\/2021\/#website\"},\"primaryImageOfPage\":{\"@id\":\"https:\/\/www.noticiasradioreflejos.com.ar\/2021\/charla-voluntaria-en-proyectos-de-conservacion-en-la-macedonio-fernandez\/#primaryimage\"},\"image\":{\"@id\":\"https:\/\/www.noticiasradioreflejos.com.ar\/2021\/charla-voluntaria-en-proyectos-de-conservacion-en-la-macedonio-fernandez\/#primaryimage\"},\"thumbnailUrl\":\"https:\/\/live.staticflickr.com\/65535\/53881066589_3024555c57_o.jpg\",\"datePublished\":\"2024-07-25T17:33:09+00:00\",\"author\":{\"@id\":\"https:\/\/www.noticiasradioreflejos.com.ar\/2021\/#\/schema\/person\/ad82545263dcc5ec0996818884fd5fb1\"},\"breadcrumb\":{\"@id\":\"https:\/\/www.noticiasradioreflejos.com.ar\/2021\/charla-voluntaria-en-proyectos-de-conservacion-en-la-macedonio-fernandez\/#breadcrumb\"},\"inLanguage\":\"es\",\"potentialAction\":[{\"@type\":\"ReadAction\",\"target\":[\"https:\/\/www.noticiasradioreflejos.com.ar\/2021\/charla-voluntaria-en-proyectos-de-conservacion-en-la-macedonio-fernandez\/\"]}]},{\"@type\":\"ImageObject\",\"inLanguage\":\"es\",\"@id\":\"https:\/\/www.noticiasradioreflejos.com.ar\/2021\/charla-voluntaria-en-proyectos-de-conservacion-en-la-macedonio-fernandez\/#primaryimage\",\"url\":\"https:\/\/live.staticflickr.com\/65535\/53881066589_3024555c57_o.jpg\",\"contentUrl\":\"https:\/\/live.staticflickr.com\/65535\/53881066589_3024555c57_o.jpg\"},{\"@type\":\"BreadcrumbList\",\"@id\":\"https:\/\/www.noticiasradioreflejos.com.ar\/2021\/charla-voluntaria-en-proyectos-de-conservacion-en-la-macedonio-fernandez\/#breadcrumb\",\"itemListElement\":[{\"@type\":\"ListItem\",\"position\":1,\"name\":\"Portada\",\"item\":\"https:\/\/www.noticiasradioreflejos.com.ar\/2021\/\"},{\"@type\":\"ListItem\",\"position\":2,\"name\":\"Charla Voluntaria en Proyectos de Conservaci\u00f3n en la Macedonio Fern\u00e1ndez\"}]},{\"@type\":\"WebSite\",\"@id\":\"https:\/\/www.noticiasradioreflejos.com.ar\/2021\/#website\",\"url\":\"https:\/\/www.noticiasradioreflejos.com.ar\/2021\/\",\"name\":\"Noticias Radio Reflejos\",\"description\":\"Las noticias de mi comarca\",\"potentialAction\":[{\"@type\":\"SearchAction\",\"target\":{\"@type\":\"EntryPoint\",\"urlTemplate\":\"https:\/\/www.noticiasradioreflejos.com.ar\/2021\/?s={search_term_string}\"},\"query-input\":{\"@type\":\"PropertyValueSpecification\",\"valueRequired\":true,\"valueName\":\"search_term_string\"}}],\"inLanguage\":\"es\"},{\"@type\":\"Person\",\"@id\":\"https:\/\/www.noticiasradioreflejos.com.ar\/2021\/#\/schema\/person\/ad82545263dcc5ec0996818884fd5fb1\",\"name\":\"Arnaldo Botto\",\"image\":{\"@type\":\"ImageObject\",\"inLanguage\":\"es\",\"@id\":\"https:\/\/www.noticiasradioreflejos.com.ar\/2021\/#\/schema\/person\/image\/\",\"url\":\"https:\/\/secure.gravatar.com\/avatar\/55cb5e37c1efa326397366e6974cb338056df65cb50e7d64d1cf314e87504837?s=96&d=mm&r=g\",\"contentUrl\":\"https:\/\/secure.gravatar.com\/avatar\/55cb5e37c1efa326397366e6974cb338056df65cb50e7d64d1cf314e87504837?s=96&d=mm&r=g\",\"caption\":\"Arnaldo Botto\"},\"url\":\"https:\/\/www.noticiasradioreflejos.com.ar\/2021\/author\/arnaldo\/\"}]}<\/script>\n<!-- \/ Yoast SEO plugin. -->","yoast_head_json":{"title":"Charla Voluntaria en Proyectos de Conservaci\u00f3n en la Macedonio Fern\u00e1ndez - Noticias Radio Reflejos","robots":{"index":"index","follow":"follow","max-snippet":"max-snippet:-1","max-image-preview":"max-image-preview:large","max-video-preview":"max-video-preview:-1"},"canonical":"https:\/\/www.noticiasradioreflejos.com.ar\/2021\/charla-voluntaria-en-proyectos-de-conservacion-en-la-macedonio-fernandez\/","og_locale":"es_ES","og_type":"article","og_title":"Charla Voluntaria en Proyectos de Conservaci\u00f3n en la Macedonio Fern\u00e1ndez - Noticias Radio Reflejos","og_description":"La misma estar\u00e1 a cargo de Elisa Barcala y ser\u00e1 el s\u00e1bado 27 de julio a las 11hs, en la instalaciones de la Biblioteca Popular de Villa Ventana.","og_url":"https:\/\/www.noticiasradioreflejos.com.ar\/2021\/charla-voluntaria-en-proyectos-de-conservacion-en-la-macedonio-fernandez\/","og_site_name":"Noticias Radio Reflejos","article_published_time":"2024-07-25T17:33:09+00:00","og_image":[{"url":"https:\/\/live.staticflickr.com\/65535\/53881066589_3024555c57_o.jpg","type":"","width":"","height":""}],"author":"Arnaldo Botto","twitter_card":"summary_large_image","schema":{"@context":"https:\/\/schema.org","@graph":[{"@type":"WebPage","@id":"https:\/\/www.noticiasradioreflejos.com.ar\/2021\/charla-voluntaria-en-proyectos-de-conservacion-en-la-macedonio-fernandez\/","url":"https:\/\/www.noticiasradioreflejos.com.ar\/2021\/charla-voluntaria-en-proyectos-de-conservacion-en-la-macedonio-fernandez\/","name":"Charla Voluntaria en Proyectos de Conservaci\u00f3n en la Macedonio Fern\u00e1ndez - Noticias Radio Reflejos","isPartOf":{"@id":"https:\/\/www.noticiasradioreflejos.com.ar\/2021\/#website"},"primaryImageOfPage":{"@id":"https:\/\/www.noticiasradioreflejos.com.ar\/2021\/charla-voluntaria-en-proyectos-de-conservacion-en-la-macedonio-fernandez\/#primaryimage"},"image":{"@id":"https:\/\/www.noticiasradioreflejos.com.ar\/2021\/charla-voluntaria-en-proyectos-de-conservacion-en-la-macedonio-fernandez\/#primaryimage"},"thumbnailUrl":"https:\/\/live.staticflickr.com\/65535\/53881066589_3024555c57_o.jpg","datePublished":"2024-07-25T17:33:09+00:00","author":{"@id":"https:\/\/www.noticiasradioreflejos.com.ar\/2021\/#\/schema\/person\/ad82545263dcc5ec0996818884fd5fb1"},"breadcrumb":{"@id":"https:\/\/www.noticiasradioreflejos.com.ar\/2021\/charla-voluntaria-en-proyectos-de-conservacion-en-la-macedonio-fernandez\/#breadcrumb"},"inLanguage":"es","potentialAction":[{"@type":"ReadAction","target":["https:\/\/www.noticiasradioreflejos.com.ar\/2021\/charla-voluntaria-en-proyectos-de-conservacion-en-la-macedonio-fernandez\/"]}]},{"@type":"ImageObject","inLanguage":"es","@id":"https:\/\/www.noticiasradioreflejos.com.ar\/2021\/charla-voluntaria-en-proyectos-de-conservacion-en-la-macedonio-fernandez\/#primaryimage","url":"https:\/\/live.staticflickr.com\/65535\/53881066589_3024555c57_o.jpg","contentUrl":"https:\/\/live.staticflickr.com\/65535\/53881066589_3024555c57_o.jpg"},{"@type":"BreadcrumbList","@id":"https:\/\/www.noticiasradioreflejos.com.ar\/2021\/charla-voluntaria-en-proyectos-de-conservacion-en-la-macedonio-fernandez\/#breadcrumb","itemListElement":[{"@type":"ListItem","position":1,"name":"Portada","item":"https:\/\/www.noticiasradioreflejos.com.ar\/2021\/"},{"@type":"ListItem","position":2,"name":"Charla Voluntaria en Proyectos de Conservaci\u00f3n en la Macedonio Fern\u00e1ndez"}]},{"@type":"WebSite","@id":"https:\/\/www.noticiasradioreflejos.com.ar\/2021\/#website","url":"https:\/\/www.noticiasradioreflejos.com.ar\/2021\/","name":"Noticias Radio Reflejos","description":"Las noticias de mi comarca","potentialAction":[{"@type":"SearchAction","target":{"@type":"EntryPoint","urlTemplate":"https:\/\/www.noticiasradioreflejos.com.ar\/2021\/?s={search_term_string}"},"query-input":{"@type":"PropertyValueSpecification","valueRequired":true,"valueName":"search_term_string"}}],"inLanguage":"es"},{"@type":"Person","@id":"https:\/\/www.noticiasradioreflejos.com.ar\/2021\/#\/schema\/person\/ad82545263dcc5ec0996818884fd5fb1","name":"Arnaldo Botto","image":{"@type":"ImageObject","inLanguage":"es","@id":"https:\/\/www.noticiasradioreflejos.com.ar\/2021\/#\/schema\/person\/image\/","url":"https:\/\/secure.gravatar.com\/avatar\/55cb5e37c1efa326397366e6974cb338056df65cb50e7d64d1cf314e87504837?s=96&d=mm&r=g","contentUrl":"https:\/\/secure.gravatar.com\/avatar\/55cb5e37c1efa326397366e6974cb338056df65cb50e7d64d1cf314e87504837?s=96&d=mm&r=g","caption":"Arnaldo Botto"},"url":"https:\/\/www.noticiasradioreflejos.com.ar\/2021\/author\/arnaldo\/"}]}},"_links":{"self":[{"href":"https:\/\/www.noticiasradioreflejos.com.ar\/2021\/wp-json\/wp\/v2\/posts\/105531","targetHints":{"allow":["GET"]}}],"collection":[{"href":"https:\/\/www.noticiasradioreflejos.com.ar\/2021\/wp-json\/wp\/v2\/posts"}],"about":[{"href":"https:\/\/www.noticiasradioreflejos.com.ar\/2021\/wp-json\/wp\/v2\/types\/post"}],"author":[{"embeddable":true,"href":"https:\/\/www.noticiasradioreflejos.com.ar\/2021\/wp-json\/wp\/v2\/users\/3"}],"replies":[{"embeddable":true,"href":"https:\/\/www.noticiasradioreflejos.com.ar\/2021\/wp-json\/wp\/v2\/comments?post=105531"}],"version-history":[{"count":1,"href":"https:\/\/www.noticiasradioreflejos.com.ar\/2021\/wp-json\/wp\/v2\/posts\/105531\/revisions"}],"predecessor-version":[{"id":105533,"href":"https:\/\/www.noticiasradioreflejos.com.ar\/2021\/wp-json\/wp\/v2\/posts\/105531\/revisions\/105533"}],"wp:attachment":[{"href":"https:\/\/www.noticiasradioreflejos.com.ar\/2021\/wp-json\/wp\/v2\/media?parent=105531"}],"wp:term":[{"taxonomy":"category","embeddable":true,"href":"https:\/\/www.noticiasradioreflejos.com.ar\/2021\/wp-json\/wp\/v2\/categories?post=105531"},{"taxonomy":"post_tag","embeddable":true,"href":"https:\/\/www.noticiasradioreflejos.com.ar\/2021\/wp-json\/wp\/v2\/tags?post=105531"}],"curies":[{"name":"wp","href":"https:\/\/api.w.org\/{rel}","templated":true}]}}