{"id":105526,"date":"2024-07-25T14:18:37","date_gmt":"2024-07-25T17:18:37","guid":{"rendered":"https:\/\/www.noticiasradioreflejos.com.ar\/2021\/?p=105526"},"modified":"2024-07-25T14:18:37","modified_gmt":"2024-07-25T17:18:37","slug":"puesta-en-valor-del-balneario-el-dique-en-sierra-de-la-ventana","status":"publish","type":"post","link":"https:\/\/www.noticiasradioreflejos.com.ar\/2021\/puesta-en-valor-del-balneario-el-dique-en-sierra-de-la-ventana\/","title":{"rendered":"Puesta en valor del balneario El Dique en Sierra de la Ventana"},"content":{"rendered":"<p>Frente a la necesidad de poner en valor y potenciar el balneario municipal \u201cEl Dique\u201d ubicado sobre el r\u00edo Sauce Grande en la localidad de Sierra de la Ventana, el Bloque JxC presenta Minuta de Comunicaci\u00f3n solicitando al Departamento Ejecutivo Municipal que analice la viabilidad y realice las gestiones necesarias para la adquisici\u00f3n del inmueble Partida 794 &#8211; Circ. IX &#8211; Sec. B &#8211; Qta. 4 &#8211; Manz. 4\u00aa, donde actualmente se encuentra el Camping Yamila.<!--more--><\/p>\n<p><a data-flickr-embed=\"true\" href=\"https:\/\/www.flickr.com\/photos\/182279889@N02\/53880701441\/in\/dateposted-public\/\" title=\"Derecho a la identidad de Origen - 1\"><img loading=\"lazy\" decoding=\"async\" src=\"https:\/\/live.staticflickr.com\/65535\/53880701441_b17abefb64_o.png\" width=\"940\" height=\"788\" alt=\"Derecho a la identidad de Origen - 1\"\/><\/a><script async src=\"\/\/embedr.flickr.com\/assets\/client-code.js\" charset=\"utf-8\"><\/script><\/p>\n<p>Tornquist, 25 de julio de 2024.<\/p>\n<p>VISTO<br \/>\n\tLa necesidad de poner en valor y potenciar el balneario municipal \u201cEl Dique\u201d ubicado sobre el r\u00edo Sauce Grande en la localidad de Sierra de la Ventana, y;<br \/>\nCONSIDERANDO<br \/>\n\tQue el balneario mencionado es uno de los m\u00e1s concurridos en per\u00edodos estivales;<br \/>\n\tQue lindante al balneario se encuentra el \u201cCamping Yamila\u201d;<br \/>\n\tQue seg\u00fan lo que se expone p\u00fablicamente el Camping estar\u00eda en venta;<br \/>\n\tQue el predio cuenta con proveedur\u00eda y ba\u00f1os;<br \/>\n\tQue creemos que la adquisici\u00f3n de las tierras mencionadas ser\u00eda un aporte muy importante al patrimonio municipal y el desarrollo tur\u00edstico, considerando que se trata de un espacio con restricciones de uso por la proximidad al R\u00edo;<br \/>\n\tQue ser\u00eda de utilidad que el Municipio adquiriera el predio para brindar servicios y poner en valor el balneario \u201cEl Dique\u201d;<br \/>\nPOR ELLO:<br \/>\nLOS BLOQUES DE JUNTOS Y JUNTOS POR EL CAMBIO<br \/>\nPROPONEN LA SIGUIENTE MINUTA DE COMUNICACI\u00d3N<\/p>\n<p>ARTICULO 1\u00b0: Solicitar al Departamento Ejecutivo Municipal que analice la viabilidad y realice las gestiones necesarias para la adquisici\u00f3n del inmueble Partida 794 &#8211;  Circ. IX &#8211; Sec. B &#8211; Qta. 4 &#8211; Manz. 4\u00aa.<br \/>\nARTICULO 2\u00b0: De forma. <\/p>\n","protected":false},"excerpt":{"rendered":"<p>Frente a la necesidad de poner en valor y potenciar el balneario municipal \u201cEl Dique\u201d ubicado sobre el r\u00edo Sauce Grande en la localidad de Sierra de la Ventana, el Bloque JxC presenta Minuta de Comunicaci\u00f3n solicitando al Departamento Ejecutivo Municipal que analice la viabilidad y realice las gestiones necesarias para la adquisici\u00f3n del inmueble [&hellip;]<\/p>\n","protected":false},"author":3,"featured_media":101686,"comment_status":"closed","ping_status":"closed","sticky":false,"template":"","format":"standard","meta":{"footnotes":""},"categories":[24],"tags":[],"class_list":["post-105526","post","type-post","status-publish","format-standard","has-post-thumbnail","hentry","category-politica"],"yoast_head":"<!-- This site is optimized with the Yoast SEO plugin v25.9 - https:\/\/yoast.com\/wordpress\/plugins\/seo\/ -->\n<title>Puesta en valor del balneario El Dique en Sierra de la Ventana - Noticias Radio Reflejos<\/title>\n<meta name=\"robots\" content=\"index, follow, max-snippet:-1, max-image-preview:large, max-video-preview:-1\" \/>\n<link rel=\"canonical\" href=\"https:\/\/www.noticiasradioreflejos.com.ar\/2021\/puesta-en-valor-del-balneario-el-dique-en-sierra-de-la-ventana\/\" \/>\n<meta property=\"og:locale\" content=\"es_ES\" \/>\n<meta property=\"og:type\" content=\"article\" \/>\n<meta property=\"og:title\" content=\"Puesta en valor del balneario El Dique en Sierra de la Ventana - Noticias Radio Reflejos\" \/>\n<meta property=\"og:description\" content=\"Frente a la necesidad de poner en valor y potenciar el balneario municipal \u201cEl Dique\u201d ubicado sobre el r\u00edo Sauce Grande en la localidad de Sierra de la Ventana, el Bloque JxC presenta Minuta de Comunicaci\u00f3n solicitando al Departamento Ejecutivo Municipal que analice la viabilidad y realice las gestiones necesarias para la adquisici\u00f3n del inmueble [&hellip;]\" \/>\n<meta property=\"og:url\" content=\"https:\/\/www.noticiasradioreflejos.com.ar\/2021\/puesta-en-valor-del-balneario-el-dique-en-sierra-de-la-ventana\/\" \/>\n<meta property=\"og:site_name\" content=\"Noticias Radio Reflejos\" \/>\n<meta property=\"article:published_time\" content=\"2024-07-25T17:18:37+00:00\" \/>\n<meta property=\"og:image\" content=\"https:\/\/www.noticiasradioreflejos.com.ar\/2021\/wp-content\/uploads\/2024\/04\/Juntos-tornquist.jpg\" \/>\n\t<meta property=\"og:image:width\" content=\"862\" \/>\n\t<meta property=\"og:image:height\" content=\"360\" \/>\n\t<meta property=\"og:image:type\" content=\"image\/jpeg\" \/>\n<meta name=\"author\" content=\"Arnaldo Botto\" \/>\n<meta name=\"twitter:card\" content=\"summary_large_image\" \/>\n<script type=\"application\/ld+json\" class=\"yoast-schema-graph\">{\"@context\":\"https:\/\/schema.org\",\"@graph\":[{\"@type\":\"WebPage\",\"@id\":\"https:\/\/www.noticiasradioreflejos.com.ar\/2021\/puesta-en-valor-del-balneario-el-dique-en-sierra-de-la-ventana\/\",\"url\":\"https:\/\/www.noticiasradioreflejos.com.ar\/2021\/puesta-en-valor-del-balneario-el-dique-en-sierra-de-la-ventana\/\",\"name\":\"Puesta en valor del balneario El Dique en Sierra de la Ventana - Noticias Radio Reflejos\",\"isPartOf\":{\"@id\":\"https:\/\/www.noticiasradioreflejos.com.ar\/2021\/#website\"},\"primaryImageOfPage\":{\"@id\":\"https:\/\/www.noticiasradioreflejos.com.ar\/2021\/puesta-en-valor-del-balneario-el-dique-en-sierra-de-la-ventana\/#primaryimage\"},\"image\":{\"@id\":\"https:\/\/www.noticiasradioreflejos.com.ar\/2021\/puesta-en-valor-del-balneario-el-dique-en-sierra-de-la-ventana\/#primaryimage\"},\"thumbnailUrl\":\"https:\/\/www.noticiasradioreflejos.com.ar\/2021\/wp-content\/uploads\/2024\/04\/Juntos-tornquist.jpg\",\"datePublished\":\"2024-07-25T17:18:37+00:00\",\"author\":{\"@id\":\"https:\/\/www.noticiasradioreflejos.com.ar\/2021\/#\/schema\/person\/ad82545263dcc5ec0996818884fd5fb1\"},\"breadcrumb\":{\"@id\":\"https:\/\/www.noticiasradioreflejos.com.ar\/2021\/puesta-en-valor-del-balneario-el-dique-en-sierra-de-la-ventana\/#breadcrumb\"},\"inLanguage\":\"es\",\"potentialAction\":[{\"@type\":\"ReadAction\",\"target\":[\"https:\/\/www.noticiasradioreflejos.com.ar\/2021\/puesta-en-valor-del-balneario-el-dique-en-sierra-de-la-ventana\/\"]}]},{\"@type\":\"ImageObject\",\"inLanguage\":\"es\",\"@id\":\"https:\/\/www.noticiasradioreflejos.com.ar\/2021\/puesta-en-valor-del-balneario-el-dique-en-sierra-de-la-ventana\/#primaryimage\",\"url\":\"https:\/\/www.noticiasradioreflejos.com.ar\/2021\/wp-content\/uploads\/2024\/04\/Juntos-tornquist.jpg\",\"contentUrl\":\"https:\/\/www.noticiasradioreflejos.com.ar\/2021\/wp-content\/uploads\/2024\/04\/Juntos-tornquist.jpg\",\"width\":862,\"height\":360},{\"@type\":\"BreadcrumbList\",\"@id\":\"https:\/\/www.noticiasradioreflejos.com.ar\/2021\/puesta-en-valor-del-balneario-el-dique-en-sierra-de-la-ventana\/#breadcrumb\",\"itemListElement\":[{\"@type\":\"ListItem\",\"position\":1,\"name\":\"Portada\",\"item\":\"https:\/\/www.noticiasradioreflejos.com.ar\/2021\/\"},{\"@type\":\"ListItem\",\"position\":2,\"name\":\"Puesta en valor del balneario El Dique en Sierra de la Ventana\"}]},{\"@type\":\"WebSite\",\"@id\":\"https:\/\/www.noticiasradioreflejos.com.ar\/2021\/#website\",\"url\":\"https:\/\/www.noticiasradioreflejos.com.ar\/2021\/\",\"name\":\"Noticias Radio Reflejos\",\"description\":\"Las noticias de mi comarca\",\"potentialAction\":[{\"@type\":\"SearchAction\",\"target\":{\"@type\":\"EntryPoint\",\"urlTemplate\":\"https:\/\/www.noticiasradioreflejos.com.ar\/2021\/?s={search_term_string}\"},\"query-input\":{\"@type\":\"PropertyValueSpecification\",\"valueRequired\":true,\"valueName\":\"search_term_string\"}}],\"inLanguage\":\"es\"},{\"@type\":\"Person\",\"@id\":\"https:\/\/www.noticiasradioreflejos.com.ar\/2021\/#\/schema\/person\/ad82545263dcc5ec0996818884fd5fb1\",\"name\":\"Arnaldo Botto\",\"image\":{\"@type\":\"ImageObject\",\"inLanguage\":\"es\",\"@id\":\"https:\/\/www.noticiasradioreflejos.com.ar\/2021\/#\/schema\/person\/image\/\",\"url\":\"https:\/\/secure.gravatar.com\/avatar\/55cb5e37c1efa326397366e6974cb338056df65cb50e7d64d1cf314e87504837?s=96&d=mm&r=g\",\"contentUrl\":\"https:\/\/secure.gravatar.com\/avatar\/55cb5e37c1efa326397366e6974cb338056df65cb50e7d64d1cf314e87504837?s=96&d=mm&r=g\",\"caption\":\"Arnaldo Botto\"},\"url\":\"https:\/\/www.noticiasradioreflejos.com.ar\/2021\/author\/arnaldo\/\"}]}<\/script>\n<!-- \/ Yoast SEO plugin. -->","yoast_head_json":{"title":"Puesta en valor del balneario El Dique en Sierra de la Ventana - Noticias Radio Reflejos","robots":{"index":"index","follow":"follow","max-snippet":"max-snippet:-1","max-image-preview":"max-image-preview:large","max-video-preview":"max-video-preview:-1"},"canonical":"https:\/\/www.noticiasradioreflejos.com.ar\/2021\/puesta-en-valor-del-balneario-el-dique-en-sierra-de-la-ventana\/","og_locale":"es_ES","og_type":"article","og_title":"Puesta en valor del balneario El Dique en Sierra de la Ventana - Noticias Radio Reflejos","og_description":"Frente a la necesidad de poner en valor y potenciar el balneario municipal \u201cEl Dique\u201d ubicado sobre el r\u00edo Sauce Grande en la localidad de Sierra de la Ventana, el Bloque JxC presenta Minuta de Comunicaci\u00f3n solicitando al Departamento Ejecutivo Municipal que analice la viabilidad y realice las gestiones necesarias para la adquisici\u00f3n del inmueble [&hellip;]","og_url":"https:\/\/www.noticiasradioreflejos.com.ar\/2021\/puesta-en-valor-del-balneario-el-dique-en-sierra-de-la-ventana\/","og_site_name":"Noticias Radio Reflejos","article_published_time":"2024-07-25T17:18:37+00:00","og_image":[{"width":862,"height":360,"url":"https:\/\/www.noticiasradioreflejos.com.ar\/2021\/wp-content\/uploads\/2024\/04\/Juntos-tornquist.jpg","type":"image\/jpeg"}],"author":"Arnaldo Botto","twitter_card":"summary_large_image","schema":{"@context":"https:\/\/schema.org","@graph":[{"@type":"WebPage","@id":"https:\/\/www.noticiasradioreflejos.com.ar\/2021\/puesta-en-valor-del-balneario-el-dique-en-sierra-de-la-ventana\/","url":"https:\/\/www.noticiasradioreflejos.com.ar\/2021\/puesta-en-valor-del-balneario-el-dique-en-sierra-de-la-ventana\/","name":"Puesta en valor del balneario El Dique en Sierra de la Ventana - Noticias Radio Reflejos","isPartOf":{"@id":"https:\/\/www.noticiasradioreflejos.com.ar\/2021\/#website"},"primaryImageOfPage":{"@id":"https:\/\/www.noticiasradioreflejos.com.ar\/2021\/puesta-en-valor-del-balneario-el-dique-en-sierra-de-la-ventana\/#primaryimage"},"image":{"@id":"https:\/\/www.noticiasradioreflejos.com.ar\/2021\/puesta-en-valor-del-balneario-el-dique-en-sierra-de-la-ventana\/#primaryimage"},"thumbnailUrl":"https:\/\/www.noticiasradioreflejos.com.ar\/2021\/wp-content\/uploads\/2024\/04\/Juntos-tornquist.jpg","datePublished":"2024-07-25T17:18:37+00:00","author":{"@id":"https:\/\/www.noticiasradioreflejos.com.ar\/2021\/#\/schema\/person\/ad82545263dcc5ec0996818884fd5fb1"},"breadcrumb":{"@id":"https:\/\/www.noticiasradioreflejos.com.ar\/2021\/puesta-en-valor-del-balneario-el-dique-en-sierra-de-la-ventana\/#breadcrumb"},"inLanguage":"es","potentialAction":[{"@type":"ReadAction","target":["https:\/\/www.noticiasradioreflejos.com.ar\/2021\/puesta-en-valor-del-balneario-el-dique-en-sierra-de-la-ventana\/"]}]},{"@type":"ImageObject","inLanguage":"es","@id":"https:\/\/www.noticiasradioreflejos.com.ar\/2021\/puesta-en-valor-del-balneario-el-dique-en-sierra-de-la-ventana\/#primaryimage","url":"https:\/\/www.noticiasradioreflejos.com.ar\/2021\/wp-content\/uploads\/2024\/04\/Juntos-tornquist.jpg","contentUrl":"https:\/\/www.noticiasradioreflejos.com.ar\/2021\/wp-content\/uploads\/2024\/04\/Juntos-tornquist.jpg","width":862,"height":360},{"@type":"BreadcrumbList","@id":"https:\/\/www.noticiasradioreflejos.com.ar\/2021\/puesta-en-valor-del-balneario-el-dique-en-sierra-de-la-ventana\/#breadcrumb","itemListElement":[{"@type":"ListItem","position":1,"name":"Portada","item":"https:\/\/www.noticiasradioreflejos.com.ar\/2021\/"},{"@type":"ListItem","position":2,"name":"Puesta en valor del balneario El Dique en Sierra de la Ventana"}]},{"@type":"WebSite","@id":"https:\/\/www.noticiasradioreflejos.com.ar\/2021\/#website","url":"https:\/\/www.noticiasradioreflejos.com.ar\/2021\/","name":"Noticias Radio Reflejos","description":"Las noticias de mi comarca","potentialAction":[{"@type":"SearchAction","target":{"@type":"EntryPoint","urlTemplate":"https:\/\/www.noticiasradioreflejos.com.ar\/2021\/?s={search_term_string}"},"query-input":{"@type":"PropertyValueSpecification","valueRequired":true,"valueName":"search_term_string"}}],"inLanguage":"es"},{"@type":"Person","@id":"https:\/\/www.noticiasradioreflejos.com.ar\/2021\/#\/schema\/person\/ad82545263dcc5ec0996818884fd5fb1","name":"Arnaldo Botto","image":{"@type":"ImageObject","inLanguage":"es","@id":"https:\/\/www.noticiasradioreflejos.com.ar\/2021\/#\/schema\/person\/image\/","url":"https:\/\/secure.gravatar.com\/avatar\/55cb5e37c1efa326397366e6974cb338056df65cb50e7d64d1cf314e87504837?s=96&d=mm&r=g","contentUrl":"https:\/\/secure.gravatar.com\/avatar\/55cb5e37c1efa326397366e6974cb338056df65cb50e7d64d1cf314e87504837?s=96&d=mm&r=g","caption":"Arnaldo Botto"},"url":"https:\/\/www.noticiasradioreflejos.com.ar\/2021\/author\/arnaldo\/"}]}},"_links":{"self":[{"href":"https:\/\/www.noticiasradioreflejos.com.ar\/2021\/wp-json\/wp\/v2\/posts\/105526","targetHints":{"allow":["GET"]}}],"collection":[{"href":"https:\/\/www.noticiasradioreflejos.com.ar\/2021\/wp-json\/wp\/v2\/posts"}],"about":[{"href":"https:\/\/www.noticiasradioreflejos.com.ar\/2021\/wp-json\/wp\/v2\/types\/post"}],"author":[{"embeddable":true,"href":"https:\/\/www.noticiasradioreflejos.com.ar\/2021\/wp-json\/wp\/v2\/users\/3"}],"replies":[{"embeddable":true,"href":"https:\/\/www.noticiasradioreflejos.com.ar\/2021\/wp-json\/wp\/v2\/comments?post=105526"}],"version-history":[{"count":1,"href":"https:\/\/www.noticiasradioreflejos.com.ar\/2021\/wp-json\/wp\/v2\/posts\/105526\/revisions"}],"predecessor-version":[{"id":105527,"href":"https:\/\/www.noticiasradioreflejos.com.ar\/2021\/wp-json\/wp\/v2\/posts\/105526\/revisions\/105527"}],"wp:featuredmedia":[{"embeddable":true,"href":"https:\/\/www.noticiasradioreflejos.com.ar\/2021\/wp-json\/wp\/v2\/media\/101686"}],"wp:attachment":[{"href":"https:\/\/www.noticiasradioreflejos.com.ar\/2021\/wp-json\/wp\/v2\/media?parent=105526"}],"wp:term":[{"taxonomy":"category","embeddable":true,"href":"https:\/\/www.noticiasradioreflejos.com.ar\/2021\/wp-json\/wp\/v2\/categories?post=105526"},{"taxonomy":"post_tag","embeddable":true,"href":"https:\/\/www.noticiasradioreflejos.com.ar\/2021\/wp-json\/wp\/v2\/tags?post=105526"}],"curies":[{"name":"wp","href":"https:\/\/api.w.org\/{rel}","templated":true}]}}