{"id":105384,"date":"2024-07-22T16:16:43","date_gmt":"2024-07-22T19:16:43","guid":{"rendered":"https:\/\/www.noticiasradioreflejos.com.ar\/2021\/?p=105384"},"modified":"2024-07-22T16:16:43","modified_gmt":"2024-07-22T19:16:43","slug":"anses-definira-pronto-el-nuevo-plus-y-bono-para-jubilados-y-pensionados","status":"publish","type":"post","link":"https:\/\/www.noticiasradioreflejos.com.ar\/2021\/anses-definira-pronto-el-nuevo-plus-y-bono-para-jubilados-y-pensionados\/","title":{"rendered":"ANSES definir\u00e1 pronto el nuevo plus y bono para jubilados y pensionados"},"content":{"rendered":"<p>Esto depende de que el Gobierno defina cu\u00e1l ser\u00e1 el nuevo Salario M\u00ednimo Vital y M\u00f3vil.<!--more--><br \/>\nLa Administraci\u00f3n Nacional de la Seguridad Social (ANSES) est\u00e1 pr\u00f3xima a <strong>definir el pago de un Plus para jubilados y pensionados<\/strong>\u00a0que cobran el haber m\u00ednimo y tienen 30 a\u00f1os de aporte. Adem\u00e1s, se debe definir si va a abonar un bono en agosto, que hasta ahora fue de $70.000 para las m\u00ednimas.<\/p>\n<div class=\"article-body\" data-tadevel-template=\"web\/article-body\">\n<div class=\"article-body-content\">\n<p>La definici\u00f3n<strong>\u00a0le corresponde al presidente\u00a0<\/strong>Javier Milei y se arbitrar\u00e1 en funci\u00f3n de los ingresos fiscales, que si se considera el super\u00e1vit alcanzado en el primer semestre, el beneficio podr\u00eda ser ajustado por la inflaci\u00f3n.<\/p>\n<p>Todo esto\u00a0<strong>depende de que el Gobierno defina cu\u00e1l ser\u00e1 el nuevo Salario M\u00ednimo Vital y M\u00f3vil\u00a0<\/strong>(SMVM), el cual no es actualizado desde abril de este a\u00f1o.<\/p>\n<h3>El salario m\u00ednimo la base de todo<\/h3>\n<p>En l\u00ednea con lo anterior, el 18 de julio se celebr\u00f3 la reuni\u00f3n del Consejo del Salario, sin embargo,<strong>\u00a0no fue exitosa<\/strong>\u00a0ya que no consigui\u00f3 el acuerdo entre empresarios y sindicalistas para subir el SMVM que desde mayo es de $334.315,12.<\/p>\n<p>Resulta indispensable aclarar que en junio no hubo una nueva actualizaci\u00f3n por lo que<strong>\u00a0el valor real del SMVM tuvo una ca\u00edda del 29,1%<\/strong>\u00a0con respecto a noviembre de 2023 (mes previo a que asumiera Javier Milei), y un 60,8% m\u00e1s bajo que el registrado en septiembre de 2011 (el mayor de la serie).<\/p>\n<p>Los trabajadores que perciben el SMVM<strong>\u00a0cobraban un plus de $9000\u00a0<\/strong>pesos por haberes m\u00ednimos y ahora con el aumento el mismo aumentar\u00eda. A su vez, se tiene que definir para agosto un nuevo bono y as\u00ed evitar que los ingresos de los jubilados y pensionados no sean inferiores a los de junio.<\/p>\n<p>El presidente sobre este tema detall\u00f3:<strong>\u00a0\u00abEl bono es discrecional\u00a0<\/strong>y nosotros tenemos que ser serios por eso s\u00f3lo va a haber bonos en funci\u00f3n de c\u00f3mo viene la situaci\u00f3n y los n\u00fameros fiscales\u00bb.<\/p>\n<h3>Los jubilados a la espera de buenas noticias<\/h3>\n<p>Cabe resaltar que desde marzo se paga un refuerzo de hasta $70.000 mensuales. Si esa pol\u00edtica siguiera vigente, el ingreso m\u00e1s bajo de un jubilado del sistema contributivo pasar\u00eda\u00a0<strong>de $285.580,82 a $295.450.<\/strong><\/p>\n<p>Por fuera de estos \u201cextras\u201d que se definir\u00e1n en las pr\u00f3ximas horas, las jubilaciones y pensiones subir\u00e1n de por s\u00ed un 4,6% en agosto, en l\u00ednea con la inflaci\u00f3n de junio. Con ello,<strong>\u00a0el haber m\u00ednimo se incrementar\u00e1<\/strong>\u00a0(aproximadamente) de $215.580,82 a $225.450 y el haber m\u00e1ximo de $1.450.654,81 a $1.517.050.<\/p>\n<p>Esto como cifras en bruto ya que al descontar el PAMI quedan netos $218.687 y $1.432.790 respectivamente. Solo en caso de no percibir dem\u00e1s descuentos como las moratorias.<\/p>\n<p>Agosto ser\u00e1 el quinto reajuste regido por la variaci\u00f3n del IPC. Modalidad que dio inicio en abril \u00a0por el DNU 274. Con esto, en los ocho primeros meses del a\u00f1o, los haberes habr\u00e1n incrementado (en nominal) un 113,3% y solo\u00a0<strong>hasta junio el reajuste fue de 95,75%,<\/strong>\u00a0\u00edndice superior al 79,8% que acumul\u00f3 en el primer semestre el IPC.<\/p>\n<p>No obstante, como el gobierno hab\u00eda fijado un bono de $70.000 para las m\u00ednimas, el cu\u00e1l no actualiz\u00f3 a la inflaci\u00f3n, quienes percibieran dicha cuant\u00eda<strong>\u00a0perdieron contra la inflaci\u00f3n.\u00a0<\/strong>En tanto, la suba total entre enero y junio fue del 72,3%.<\/p>\n<\/div>\n<\/div>\n","protected":false},"excerpt":{"rendered":"<p>Esto depende de que el Gobierno defina cu\u00e1l ser\u00e1 el nuevo Salario M\u00ednimo Vital y M\u00f3vil.<\/p>\n","protected":false},"author":3,"featured_media":98079,"comment_status":"closed","ping_status":"closed","sticky":false,"template":"","format":"standard","meta":{"footnotes":""},"categories":[36],"tags":[],"class_list":["post-105384","post","type-post","status-publish","format-standard","has-post-thumbnail","hentry","category-economia"],"yoast_head":"<!-- This site is optimized with the Yoast SEO plugin v25.9 - https:\/\/yoast.com\/wordpress\/plugins\/seo\/ -->\n<title>ANSES definir\u00e1 pronto el nuevo plus y bono para jubilados y pensionados - Noticias Radio Reflejos<\/title>\n<meta name=\"robots\" content=\"index, follow, max-snippet:-1, max-image-preview:large, max-video-preview:-1\" \/>\n<link rel=\"canonical\" href=\"https:\/\/www.noticiasradioreflejos.com.ar\/2021\/anses-definira-pronto-el-nuevo-plus-y-bono-para-jubilados-y-pensionados\/\" \/>\n<meta property=\"og:locale\" content=\"es_ES\" \/>\n<meta property=\"og:type\" content=\"article\" \/>\n<meta property=\"og:title\" content=\"ANSES definir\u00e1 pronto el nuevo plus y bono para jubilados y pensionados - Noticias Radio Reflejos\" \/>\n<meta property=\"og:description\" content=\"Esto depende de que el Gobierno defina cu\u00e1l ser\u00e1 el nuevo Salario M\u00ednimo Vital y M\u00f3vil.\" \/>\n<meta property=\"og:url\" content=\"https:\/\/www.noticiasradioreflejos.com.ar\/2021\/anses-definira-pronto-el-nuevo-plus-y-bono-para-jubilados-y-pensionados\/\" \/>\n<meta property=\"og:site_name\" content=\"Noticias Radio Reflejos\" \/>\n<meta property=\"article:published_time\" content=\"2024-07-22T19:16:43+00:00\" \/>\n<meta property=\"og:image\" content=\"https:\/\/www.noticiasradioreflejos.com.ar\/2021\/wp-content\/uploads\/2024\/01\/jubilados.jpeg\" \/>\n\t<meta property=\"og:image:width\" content=\"960\" \/>\n\t<meta property=\"og:image:height\" content=\"640\" \/>\n\t<meta property=\"og:image:type\" content=\"image\/jpeg\" \/>\n<meta name=\"author\" content=\"Arnaldo Botto\" \/>\n<meta name=\"twitter:card\" content=\"summary_large_image\" \/>\n<script type=\"application\/ld+json\" class=\"yoast-schema-graph\">{\"@context\":\"https:\/\/schema.org\",\"@graph\":[{\"@type\":\"WebPage\",\"@id\":\"https:\/\/www.noticiasradioreflejos.com.ar\/2021\/anses-definira-pronto-el-nuevo-plus-y-bono-para-jubilados-y-pensionados\/\",\"url\":\"https:\/\/www.noticiasradioreflejos.com.ar\/2021\/anses-definira-pronto-el-nuevo-plus-y-bono-para-jubilados-y-pensionados\/\",\"name\":\"ANSES definir\u00e1 pronto el nuevo plus y bono para jubilados y pensionados - Noticias Radio Reflejos\",\"isPartOf\":{\"@id\":\"https:\/\/www.noticiasradioreflejos.com.ar\/2021\/#website\"},\"primaryImageOfPage\":{\"@id\":\"https:\/\/www.noticiasradioreflejos.com.ar\/2021\/anses-definira-pronto-el-nuevo-plus-y-bono-para-jubilados-y-pensionados\/#primaryimage\"},\"image\":{\"@id\":\"https:\/\/www.noticiasradioreflejos.com.ar\/2021\/anses-definira-pronto-el-nuevo-plus-y-bono-para-jubilados-y-pensionados\/#primaryimage\"},\"thumbnailUrl\":\"https:\/\/www.noticiasradioreflejos.com.ar\/2021\/wp-content\/uploads\/2024\/01\/jubilados.jpeg\",\"datePublished\":\"2024-07-22T19:16:43+00:00\",\"author\":{\"@id\":\"https:\/\/www.noticiasradioreflejos.com.ar\/2021\/#\/schema\/person\/ad82545263dcc5ec0996818884fd5fb1\"},\"breadcrumb\":{\"@id\":\"https:\/\/www.noticiasradioreflejos.com.ar\/2021\/anses-definira-pronto-el-nuevo-plus-y-bono-para-jubilados-y-pensionados\/#breadcrumb\"},\"inLanguage\":\"es\",\"potentialAction\":[{\"@type\":\"ReadAction\",\"target\":[\"https:\/\/www.noticiasradioreflejos.com.ar\/2021\/anses-definira-pronto-el-nuevo-plus-y-bono-para-jubilados-y-pensionados\/\"]}]},{\"@type\":\"ImageObject\",\"inLanguage\":\"es\",\"@id\":\"https:\/\/www.noticiasradioreflejos.com.ar\/2021\/anses-definira-pronto-el-nuevo-plus-y-bono-para-jubilados-y-pensionados\/#primaryimage\",\"url\":\"https:\/\/www.noticiasradioreflejos.com.ar\/2021\/wp-content\/uploads\/2024\/01\/jubilados.jpeg\",\"contentUrl\":\"https:\/\/www.noticiasradioreflejos.com.ar\/2021\/wp-content\/uploads\/2024\/01\/jubilados.jpeg\",\"width\":960,\"height\":640},{\"@type\":\"BreadcrumbList\",\"@id\":\"https:\/\/www.noticiasradioreflejos.com.ar\/2021\/anses-definira-pronto-el-nuevo-plus-y-bono-para-jubilados-y-pensionados\/#breadcrumb\",\"itemListElement\":[{\"@type\":\"ListItem\",\"position\":1,\"name\":\"Portada\",\"item\":\"https:\/\/www.noticiasradioreflejos.com.ar\/2021\/\"},{\"@type\":\"ListItem\",\"position\":2,\"name\":\"ANSES definir\u00e1 pronto el nuevo plus y bono para jubilados y pensionados\"}]},{\"@type\":\"WebSite\",\"@id\":\"https:\/\/www.noticiasradioreflejos.com.ar\/2021\/#website\",\"url\":\"https:\/\/www.noticiasradioreflejos.com.ar\/2021\/\",\"name\":\"Noticias Radio Reflejos\",\"description\":\"Las noticias de mi comarca\",\"potentialAction\":[{\"@type\":\"SearchAction\",\"target\":{\"@type\":\"EntryPoint\",\"urlTemplate\":\"https:\/\/www.noticiasradioreflejos.com.ar\/2021\/?s={search_term_string}\"},\"query-input\":{\"@type\":\"PropertyValueSpecification\",\"valueRequired\":true,\"valueName\":\"search_term_string\"}}],\"inLanguage\":\"es\"},{\"@type\":\"Person\",\"@id\":\"https:\/\/www.noticiasradioreflejos.com.ar\/2021\/#\/schema\/person\/ad82545263dcc5ec0996818884fd5fb1\",\"name\":\"Arnaldo Botto\",\"image\":{\"@type\":\"ImageObject\",\"inLanguage\":\"es\",\"@id\":\"https:\/\/www.noticiasradioreflejos.com.ar\/2021\/#\/schema\/person\/image\/\",\"url\":\"https:\/\/secure.gravatar.com\/avatar\/55cb5e37c1efa326397366e6974cb338056df65cb50e7d64d1cf314e87504837?s=96&d=mm&r=g\",\"contentUrl\":\"https:\/\/secure.gravatar.com\/avatar\/55cb5e37c1efa326397366e6974cb338056df65cb50e7d64d1cf314e87504837?s=96&d=mm&r=g\",\"caption\":\"Arnaldo Botto\"},\"url\":\"https:\/\/www.noticiasradioreflejos.com.ar\/2021\/author\/arnaldo\/\"}]}<\/script>\n<!-- \/ Yoast SEO plugin. -->","yoast_head_json":{"title":"ANSES definir\u00e1 pronto el nuevo plus y bono para jubilados y pensionados - Noticias Radio Reflejos","robots":{"index":"index","follow":"follow","max-snippet":"max-snippet:-1","max-image-preview":"max-image-preview:large","max-video-preview":"max-video-preview:-1"},"canonical":"https:\/\/www.noticiasradioreflejos.com.ar\/2021\/anses-definira-pronto-el-nuevo-plus-y-bono-para-jubilados-y-pensionados\/","og_locale":"es_ES","og_type":"article","og_title":"ANSES definir\u00e1 pronto el nuevo plus y bono para jubilados y pensionados - Noticias Radio Reflejos","og_description":"Esto depende de que el Gobierno defina cu\u00e1l ser\u00e1 el nuevo Salario M\u00ednimo Vital y M\u00f3vil.","og_url":"https:\/\/www.noticiasradioreflejos.com.ar\/2021\/anses-definira-pronto-el-nuevo-plus-y-bono-para-jubilados-y-pensionados\/","og_site_name":"Noticias Radio Reflejos","article_published_time":"2024-07-22T19:16:43+00:00","og_image":[{"width":960,"height":640,"url":"https:\/\/www.noticiasradioreflejos.com.ar\/2021\/wp-content\/uploads\/2024\/01\/jubilados.jpeg","type":"image\/jpeg"}],"author":"Arnaldo Botto","twitter_card":"summary_large_image","schema":{"@context":"https:\/\/schema.org","@graph":[{"@type":"WebPage","@id":"https:\/\/www.noticiasradioreflejos.com.ar\/2021\/anses-definira-pronto-el-nuevo-plus-y-bono-para-jubilados-y-pensionados\/","url":"https:\/\/www.noticiasradioreflejos.com.ar\/2021\/anses-definira-pronto-el-nuevo-plus-y-bono-para-jubilados-y-pensionados\/","name":"ANSES definir\u00e1 pronto el nuevo plus y bono para jubilados y pensionados - Noticias Radio Reflejos","isPartOf":{"@id":"https:\/\/www.noticiasradioreflejos.com.ar\/2021\/#website"},"primaryImageOfPage":{"@id":"https:\/\/www.noticiasradioreflejos.com.ar\/2021\/anses-definira-pronto-el-nuevo-plus-y-bono-para-jubilados-y-pensionados\/#primaryimage"},"image":{"@id":"https:\/\/www.noticiasradioreflejos.com.ar\/2021\/anses-definira-pronto-el-nuevo-plus-y-bono-para-jubilados-y-pensionados\/#primaryimage"},"thumbnailUrl":"https:\/\/www.noticiasradioreflejos.com.ar\/2021\/wp-content\/uploads\/2024\/01\/jubilados.jpeg","datePublished":"2024-07-22T19:16:43+00:00","author":{"@id":"https:\/\/www.noticiasradioreflejos.com.ar\/2021\/#\/schema\/person\/ad82545263dcc5ec0996818884fd5fb1"},"breadcrumb":{"@id":"https:\/\/www.noticiasradioreflejos.com.ar\/2021\/anses-definira-pronto-el-nuevo-plus-y-bono-para-jubilados-y-pensionados\/#breadcrumb"},"inLanguage":"es","potentialAction":[{"@type":"ReadAction","target":["https:\/\/www.noticiasradioreflejos.com.ar\/2021\/anses-definira-pronto-el-nuevo-plus-y-bono-para-jubilados-y-pensionados\/"]}]},{"@type":"ImageObject","inLanguage":"es","@id":"https:\/\/www.noticiasradioreflejos.com.ar\/2021\/anses-definira-pronto-el-nuevo-plus-y-bono-para-jubilados-y-pensionados\/#primaryimage","url":"https:\/\/www.noticiasradioreflejos.com.ar\/2021\/wp-content\/uploads\/2024\/01\/jubilados.jpeg","contentUrl":"https:\/\/www.noticiasradioreflejos.com.ar\/2021\/wp-content\/uploads\/2024\/01\/jubilados.jpeg","width":960,"height":640},{"@type":"BreadcrumbList","@id":"https:\/\/www.noticiasradioreflejos.com.ar\/2021\/anses-definira-pronto-el-nuevo-plus-y-bono-para-jubilados-y-pensionados\/#breadcrumb","itemListElement":[{"@type":"ListItem","position":1,"name":"Portada","item":"https:\/\/www.noticiasradioreflejos.com.ar\/2021\/"},{"@type":"ListItem","position":2,"name":"ANSES definir\u00e1 pronto el nuevo plus y bono para jubilados y pensionados"}]},{"@type":"WebSite","@id":"https:\/\/www.noticiasradioreflejos.com.ar\/2021\/#website","url":"https:\/\/www.noticiasradioreflejos.com.ar\/2021\/","name":"Noticias Radio Reflejos","description":"Las noticias de mi comarca","potentialAction":[{"@type":"SearchAction","target":{"@type":"EntryPoint","urlTemplate":"https:\/\/www.noticiasradioreflejos.com.ar\/2021\/?s={search_term_string}"},"query-input":{"@type":"PropertyValueSpecification","valueRequired":true,"valueName":"search_term_string"}}],"inLanguage":"es"},{"@type":"Person","@id":"https:\/\/www.noticiasradioreflejos.com.ar\/2021\/#\/schema\/person\/ad82545263dcc5ec0996818884fd5fb1","name":"Arnaldo Botto","image":{"@type":"ImageObject","inLanguage":"es","@id":"https:\/\/www.noticiasradioreflejos.com.ar\/2021\/#\/schema\/person\/image\/","url":"https:\/\/secure.gravatar.com\/avatar\/55cb5e37c1efa326397366e6974cb338056df65cb50e7d64d1cf314e87504837?s=96&d=mm&r=g","contentUrl":"https:\/\/secure.gravatar.com\/avatar\/55cb5e37c1efa326397366e6974cb338056df65cb50e7d64d1cf314e87504837?s=96&d=mm&r=g","caption":"Arnaldo Botto"},"url":"https:\/\/www.noticiasradioreflejos.com.ar\/2021\/author\/arnaldo\/"}]}},"_links":{"self":[{"href":"https:\/\/www.noticiasradioreflejos.com.ar\/2021\/wp-json\/wp\/v2\/posts\/105384","targetHints":{"allow":["GET"]}}],"collection":[{"href":"https:\/\/www.noticiasradioreflejos.com.ar\/2021\/wp-json\/wp\/v2\/posts"}],"about":[{"href":"https:\/\/www.noticiasradioreflejos.com.ar\/2021\/wp-json\/wp\/v2\/types\/post"}],"author":[{"embeddable":true,"href":"https:\/\/www.noticiasradioreflejos.com.ar\/2021\/wp-json\/wp\/v2\/users\/3"}],"replies":[{"embeddable":true,"href":"https:\/\/www.noticiasradioreflejos.com.ar\/2021\/wp-json\/wp\/v2\/comments?post=105384"}],"version-history":[{"count":1,"href":"https:\/\/www.noticiasradioreflejos.com.ar\/2021\/wp-json\/wp\/v2\/posts\/105384\/revisions"}],"predecessor-version":[{"id":105385,"href":"https:\/\/www.noticiasradioreflejos.com.ar\/2021\/wp-json\/wp\/v2\/posts\/105384\/revisions\/105385"}],"wp:featuredmedia":[{"embeddable":true,"href":"https:\/\/www.noticiasradioreflejos.com.ar\/2021\/wp-json\/wp\/v2\/media\/98079"}],"wp:attachment":[{"href":"https:\/\/www.noticiasradioreflejos.com.ar\/2021\/wp-json\/wp\/v2\/media?parent=105384"}],"wp:term":[{"taxonomy":"category","embeddable":true,"href":"https:\/\/www.noticiasradioreflejos.com.ar\/2021\/wp-json\/wp\/v2\/categories?post=105384"},{"taxonomy":"post_tag","embeddable":true,"href":"https:\/\/www.noticiasradioreflejos.com.ar\/2021\/wp-json\/wp\/v2\/tags?post=105384"}],"curies":[{"name":"wp","href":"https:\/\/api.w.org\/{rel}","templated":true}]}}