{"id":105368,"date":"2024-07-22T15:16:23","date_gmt":"2024-07-22T18:16:23","guid":{"rendered":"https:\/\/www.noticiasradioreflejos.com.ar\/2021\/?p=105368"},"modified":"2024-07-22T15:16:23","modified_gmt":"2024-07-22T18:16:23","slug":"el-municipio-y-la-upso-brindaran-una-capacitacion-sobre-educacion-financiera","status":"publish","type":"post","link":"https:\/\/www.noticiasradioreflejos.com.ar\/2021\/el-municipio-y-la-upso-brindaran-una-capacitacion-sobre-educacion-financiera\/","title":{"rendered":"El municipio y la UPSO brindar\u00e1n una capacitaci\u00f3n sobre Educaci\u00f3n Financiera"},"content":{"rendered":"<p>La Secretar\u00eda de Ambiente y Desarrollo Productivo de Tornquist Municipio brindar\u00e1 una nueva jornada abierta a la comunidad: una capacitaci\u00f3n sobre Educaci\u00f3n Financiera.<!--more--><\/p>\n<p>La iniciativa tendr\u00e1 lugar el jueves 8 de agosto desde las 17.30 hs en el Sal\u00f3n de Actos del Colegio Nuestra Se\u00f1ora de Lujan (25 de Mayo 517), y estar\u00e1 a cargo del Lic. Pablo Obreque, de la Universidad Provincial del Sudoeste (UPSO).<\/p>\n<p>Durante la jornada, se abordar\u00e1n temas como prevenci\u00f3n de problemas financieros, reducci\u00f3n del estr\u00e9s financiero, empoderamiento econ\u00f3mico y contribuci\u00f3n al crecimiento econ\u00f3mico.<\/p>\n<p>La capacitaci\u00f3n es gratuita y est\u00e1 destinada a familias j\u00f3venes, j\u00f3venes adultos, grupos de bajos ingresos y adultos mayores.<\/p>\n<p>Los interesados en participar, se deben inscribir en el siguiente formulario: <a href=\"https:\/\/docs.google.com\/forms\/d\/e\/1FAIpQLScxACmKa3MrDR814C91oX-EOAOwlEmgdrohm2Sf2kroMDF99w\/viewform?usp=sf_link\" rel=\"noopener\" target=\"_blank\">https:\/\/docs.google.com\/forms\/d\/e\/1FAIpQLScxACmKa3MrDR814C91oX-EOAOwlEmgdrohm2Sf2kroMDF99w\/viewform?usp=sf_link<\/a>.<\/p>\n","protected":false},"excerpt":{"rendered":"<p>La Secretar\u00eda de Ambiente y Desarrollo Productivo de Tornquist Municipio brindar\u00e1 una nueva jornada abierta a la comunidad: una capacitaci\u00f3n sobre Educaci\u00f3n Financiera.<\/p>\n","protected":false},"author":3,"featured_media":105369,"comment_status":"closed","ping_status":"closed","sticky":false,"template":"","format":"standard","meta":{"footnotes":""},"categories":[36],"tags":[],"class_list":["post-105368","post","type-post","status-publish","format-standard","has-post-thumbnail","hentry","category-economia"],"yoast_head":"<!-- This site is optimized with the Yoast SEO plugin v25.9 - https:\/\/yoast.com\/wordpress\/plugins\/seo\/ -->\n<title>El municipio y la UPSO brindar\u00e1n una capacitaci\u00f3n sobre Educaci\u00f3n Financiera - Noticias Radio Reflejos<\/title>\n<meta name=\"robots\" content=\"index, follow, max-snippet:-1, max-image-preview:large, max-video-preview:-1\" \/>\n<link rel=\"canonical\" href=\"https:\/\/www.noticiasradioreflejos.com.ar\/2021\/el-municipio-y-la-upso-brindaran-una-capacitacion-sobre-educacion-financiera\/\" \/>\n<meta property=\"og:locale\" content=\"es_ES\" \/>\n<meta property=\"og:type\" content=\"article\" \/>\n<meta property=\"og:title\" content=\"El municipio y la UPSO brindar\u00e1n una capacitaci\u00f3n sobre Educaci\u00f3n Financiera - Noticias Radio Reflejos\" \/>\n<meta property=\"og:description\" content=\"La Secretar\u00eda de Ambiente y Desarrollo Productivo de Tornquist Municipio brindar\u00e1 una nueva jornada abierta a la comunidad: una capacitaci\u00f3n sobre Educaci\u00f3n Financiera.\" \/>\n<meta property=\"og:url\" content=\"https:\/\/www.noticiasradioreflejos.com.ar\/2021\/el-municipio-y-la-upso-brindaran-una-capacitacion-sobre-educacion-financiera\/\" \/>\n<meta property=\"og:site_name\" content=\"Noticias Radio Reflejos\" \/>\n<meta property=\"article:published_time\" content=\"2024-07-22T18:16:23+00:00\" \/>\n<meta property=\"og:image\" content=\"https:\/\/www.noticiasradioreflejos.com.ar\/2021\/wp-content\/uploads\/2024\/07\/\u00bfQue-es-la-educacion-financiera.jpg\" \/>\n\t<meta property=\"og:image:width\" content=\"1920\" \/>\n\t<meta property=\"og:image:height\" content=\"1080\" \/>\n\t<meta property=\"og:image:type\" content=\"image\/jpeg\" \/>\n<meta name=\"author\" content=\"Arnaldo Botto\" \/>\n<meta name=\"twitter:card\" content=\"summary_large_image\" \/>\n<script type=\"application\/ld+json\" class=\"yoast-schema-graph\">{\"@context\":\"https:\/\/schema.org\",\"@graph\":[{\"@type\":\"WebPage\",\"@id\":\"https:\/\/www.noticiasradioreflejos.com.ar\/2021\/el-municipio-y-la-upso-brindaran-una-capacitacion-sobre-educacion-financiera\/\",\"url\":\"https:\/\/www.noticiasradioreflejos.com.ar\/2021\/el-municipio-y-la-upso-brindaran-una-capacitacion-sobre-educacion-financiera\/\",\"name\":\"El municipio y la UPSO brindar\u00e1n una capacitaci\u00f3n sobre Educaci\u00f3n Financiera - Noticias Radio Reflejos\",\"isPartOf\":{\"@id\":\"https:\/\/www.noticiasradioreflejos.com.ar\/2021\/#website\"},\"primaryImageOfPage\":{\"@id\":\"https:\/\/www.noticiasradioreflejos.com.ar\/2021\/el-municipio-y-la-upso-brindaran-una-capacitacion-sobre-educacion-financiera\/#primaryimage\"},\"image\":{\"@id\":\"https:\/\/www.noticiasradioreflejos.com.ar\/2021\/el-municipio-y-la-upso-brindaran-una-capacitacion-sobre-educacion-financiera\/#primaryimage\"},\"thumbnailUrl\":\"https:\/\/www.noticiasradioreflejos.com.ar\/2021\/wp-content\/uploads\/2024\/07\/\u00bfQue-es-la-educacion-financiera.jpg\",\"datePublished\":\"2024-07-22T18:16:23+00:00\",\"author\":{\"@id\":\"https:\/\/www.noticiasradioreflejos.com.ar\/2021\/#\/schema\/person\/ad82545263dcc5ec0996818884fd5fb1\"},\"breadcrumb\":{\"@id\":\"https:\/\/www.noticiasradioreflejos.com.ar\/2021\/el-municipio-y-la-upso-brindaran-una-capacitacion-sobre-educacion-financiera\/#breadcrumb\"},\"inLanguage\":\"es\",\"potentialAction\":[{\"@type\":\"ReadAction\",\"target\":[\"https:\/\/www.noticiasradioreflejos.com.ar\/2021\/el-municipio-y-la-upso-brindaran-una-capacitacion-sobre-educacion-financiera\/\"]}]},{\"@type\":\"ImageObject\",\"inLanguage\":\"es\",\"@id\":\"https:\/\/www.noticiasradioreflejos.com.ar\/2021\/el-municipio-y-la-upso-brindaran-una-capacitacion-sobre-educacion-financiera\/#primaryimage\",\"url\":\"https:\/\/www.noticiasradioreflejos.com.ar\/2021\/wp-content\/uploads\/2024\/07\/\u00bfQue-es-la-educacion-financiera.jpg\",\"contentUrl\":\"https:\/\/www.noticiasradioreflejos.com.ar\/2021\/wp-content\/uploads\/2024\/07\/\u00bfQue-es-la-educacion-financiera.jpg\",\"width\":1920,\"height\":1080,\"caption\":\"xr:d:DAFKP3apYtw:124,j:33889809395,t:22082805\"},{\"@type\":\"BreadcrumbList\",\"@id\":\"https:\/\/www.noticiasradioreflejos.com.ar\/2021\/el-municipio-y-la-upso-brindaran-una-capacitacion-sobre-educacion-financiera\/#breadcrumb\",\"itemListElement\":[{\"@type\":\"ListItem\",\"position\":1,\"name\":\"Portada\",\"item\":\"https:\/\/www.noticiasradioreflejos.com.ar\/2021\/\"},{\"@type\":\"ListItem\",\"position\":2,\"name\":\"El municipio y la UPSO brindar\u00e1n una capacitaci\u00f3n sobre Educaci\u00f3n Financiera\"}]},{\"@type\":\"WebSite\",\"@id\":\"https:\/\/www.noticiasradioreflejos.com.ar\/2021\/#website\",\"url\":\"https:\/\/www.noticiasradioreflejos.com.ar\/2021\/\",\"name\":\"Noticias Radio Reflejos\",\"description\":\"Las noticias de mi comarca\",\"potentialAction\":[{\"@type\":\"SearchAction\",\"target\":{\"@type\":\"EntryPoint\",\"urlTemplate\":\"https:\/\/www.noticiasradioreflejos.com.ar\/2021\/?s={search_term_string}\"},\"query-input\":{\"@type\":\"PropertyValueSpecification\",\"valueRequired\":true,\"valueName\":\"search_term_string\"}}],\"inLanguage\":\"es\"},{\"@type\":\"Person\",\"@id\":\"https:\/\/www.noticiasradioreflejos.com.ar\/2021\/#\/schema\/person\/ad82545263dcc5ec0996818884fd5fb1\",\"name\":\"Arnaldo Botto\",\"image\":{\"@type\":\"ImageObject\",\"inLanguage\":\"es\",\"@id\":\"https:\/\/www.noticiasradioreflejos.com.ar\/2021\/#\/schema\/person\/image\/\",\"url\":\"https:\/\/secure.gravatar.com\/avatar\/55cb5e37c1efa326397366e6974cb338056df65cb50e7d64d1cf314e87504837?s=96&d=mm&r=g\",\"contentUrl\":\"https:\/\/secure.gravatar.com\/avatar\/55cb5e37c1efa326397366e6974cb338056df65cb50e7d64d1cf314e87504837?s=96&d=mm&r=g\",\"caption\":\"Arnaldo Botto\"},\"url\":\"https:\/\/www.noticiasradioreflejos.com.ar\/2021\/author\/arnaldo\/\"}]}<\/script>\n<!-- \/ Yoast SEO plugin. -->","yoast_head_json":{"title":"El municipio y la UPSO brindar\u00e1n una capacitaci\u00f3n sobre Educaci\u00f3n Financiera - Noticias Radio Reflejos","robots":{"index":"index","follow":"follow","max-snippet":"max-snippet:-1","max-image-preview":"max-image-preview:large","max-video-preview":"max-video-preview:-1"},"canonical":"https:\/\/www.noticiasradioreflejos.com.ar\/2021\/el-municipio-y-la-upso-brindaran-una-capacitacion-sobre-educacion-financiera\/","og_locale":"es_ES","og_type":"article","og_title":"El municipio y la UPSO brindar\u00e1n una capacitaci\u00f3n sobre Educaci\u00f3n Financiera - Noticias Radio Reflejos","og_description":"La Secretar\u00eda de Ambiente y Desarrollo Productivo de Tornquist Municipio brindar\u00e1 una nueva jornada abierta a la comunidad: una capacitaci\u00f3n sobre Educaci\u00f3n Financiera.","og_url":"https:\/\/www.noticiasradioreflejos.com.ar\/2021\/el-municipio-y-la-upso-brindaran-una-capacitacion-sobre-educacion-financiera\/","og_site_name":"Noticias Radio Reflejos","article_published_time":"2024-07-22T18:16:23+00:00","og_image":[{"width":1920,"height":1080,"url":"https:\/\/www.noticiasradioreflejos.com.ar\/2021\/wp-content\/uploads\/2024\/07\/\u00bfQue-es-la-educacion-financiera.jpg","type":"image\/jpeg"}],"author":"Arnaldo Botto","twitter_card":"summary_large_image","schema":{"@context":"https:\/\/schema.org","@graph":[{"@type":"WebPage","@id":"https:\/\/www.noticiasradioreflejos.com.ar\/2021\/el-municipio-y-la-upso-brindaran-una-capacitacion-sobre-educacion-financiera\/","url":"https:\/\/www.noticiasradioreflejos.com.ar\/2021\/el-municipio-y-la-upso-brindaran-una-capacitacion-sobre-educacion-financiera\/","name":"El municipio y la UPSO brindar\u00e1n una capacitaci\u00f3n sobre Educaci\u00f3n Financiera - Noticias Radio Reflejos","isPartOf":{"@id":"https:\/\/www.noticiasradioreflejos.com.ar\/2021\/#website"},"primaryImageOfPage":{"@id":"https:\/\/www.noticiasradioreflejos.com.ar\/2021\/el-municipio-y-la-upso-brindaran-una-capacitacion-sobre-educacion-financiera\/#primaryimage"},"image":{"@id":"https:\/\/www.noticiasradioreflejos.com.ar\/2021\/el-municipio-y-la-upso-brindaran-una-capacitacion-sobre-educacion-financiera\/#primaryimage"},"thumbnailUrl":"https:\/\/www.noticiasradioreflejos.com.ar\/2021\/wp-content\/uploads\/2024\/07\/\u00bfQue-es-la-educacion-financiera.jpg","datePublished":"2024-07-22T18:16:23+00:00","author":{"@id":"https:\/\/www.noticiasradioreflejos.com.ar\/2021\/#\/schema\/person\/ad82545263dcc5ec0996818884fd5fb1"},"breadcrumb":{"@id":"https:\/\/www.noticiasradioreflejos.com.ar\/2021\/el-municipio-y-la-upso-brindaran-una-capacitacion-sobre-educacion-financiera\/#breadcrumb"},"inLanguage":"es","potentialAction":[{"@type":"ReadAction","target":["https:\/\/www.noticiasradioreflejos.com.ar\/2021\/el-municipio-y-la-upso-brindaran-una-capacitacion-sobre-educacion-financiera\/"]}]},{"@type":"ImageObject","inLanguage":"es","@id":"https:\/\/www.noticiasradioreflejos.com.ar\/2021\/el-municipio-y-la-upso-brindaran-una-capacitacion-sobre-educacion-financiera\/#primaryimage","url":"https:\/\/www.noticiasradioreflejos.com.ar\/2021\/wp-content\/uploads\/2024\/07\/\u00bfQue-es-la-educacion-financiera.jpg","contentUrl":"https:\/\/www.noticiasradioreflejos.com.ar\/2021\/wp-content\/uploads\/2024\/07\/\u00bfQue-es-la-educacion-financiera.jpg","width":1920,"height":1080,"caption":"xr:d:DAFKP3apYtw:124,j:33889809395,t:22082805"},{"@type":"BreadcrumbList","@id":"https:\/\/www.noticiasradioreflejos.com.ar\/2021\/el-municipio-y-la-upso-brindaran-una-capacitacion-sobre-educacion-financiera\/#breadcrumb","itemListElement":[{"@type":"ListItem","position":1,"name":"Portada","item":"https:\/\/www.noticiasradioreflejos.com.ar\/2021\/"},{"@type":"ListItem","position":2,"name":"El municipio y la UPSO brindar\u00e1n una capacitaci\u00f3n sobre Educaci\u00f3n Financiera"}]},{"@type":"WebSite","@id":"https:\/\/www.noticiasradioreflejos.com.ar\/2021\/#website","url":"https:\/\/www.noticiasradioreflejos.com.ar\/2021\/","name":"Noticias Radio Reflejos","description":"Las noticias de mi comarca","potentialAction":[{"@type":"SearchAction","target":{"@type":"EntryPoint","urlTemplate":"https:\/\/www.noticiasradioreflejos.com.ar\/2021\/?s={search_term_string}"},"query-input":{"@type":"PropertyValueSpecification","valueRequired":true,"valueName":"search_term_string"}}],"inLanguage":"es"},{"@type":"Person","@id":"https:\/\/www.noticiasradioreflejos.com.ar\/2021\/#\/schema\/person\/ad82545263dcc5ec0996818884fd5fb1","name":"Arnaldo Botto","image":{"@type":"ImageObject","inLanguage":"es","@id":"https:\/\/www.noticiasradioreflejos.com.ar\/2021\/#\/schema\/person\/image\/","url":"https:\/\/secure.gravatar.com\/avatar\/55cb5e37c1efa326397366e6974cb338056df65cb50e7d64d1cf314e87504837?s=96&d=mm&r=g","contentUrl":"https:\/\/secure.gravatar.com\/avatar\/55cb5e37c1efa326397366e6974cb338056df65cb50e7d64d1cf314e87504837?s=96&d=mm&r=g","caption":"Arnaldo Botto"},"url":"https:\/\/www.noticiasradioreflejos.com.ar\/2021\/author\/arnaldo\/"}]}},"_links":{"self":[{"href":"https:\/\/www.noticiasradioreflejos.com.ar\/2021\/wp-json\/wp\/v2\/posts\/105368","targetHints":{"allow":["GET"]}}],"collection":[{"href":"https:\/\/www.noticiasradioreflejos.com.ar\/2021\/wp-json\/wp\/v2\/posts"}],"about":[{"href":"https:\/\/www.noticiasradioreflejos.com.ar\/2021\/wp-json\/wp\/v2\/types\/post"}],"author":[{"embeddable":true,"href":"https:\/\/www.noticiasradioreflejos.com.ar\/2021\/wp-json\/wp\/v2\/users\/3"}],"replies":[{"embeddable":true,"href":"https:\/\/www.noticiasradioreflejos.com.ar\/2021\/wp-json\/wp\/v2\/comments?post=105368"}],"version-history":[{"count":1,"href":"https:\/\/www.noticiasradioreflejos.com.ar\/2021\/wp-json\/wp\/v2\/posts\/105368\/revisions"}],"predecessor-version":[{"id":105370,"href":"https:\/\/www.noticiasradioreflejos.com.ar\/2021\/wp-json\/wp\/v2\/posts\/105368\/revisions\/105370"}],"wp:featuredmedia":[{"embeddable":true,"href":"https:\/\/www.noticiasradioreflejos.com.ar\/2021\/wp-json\/wp\/v2\/media\/105369"}],"wp:attachment":[{"href":"https:\/\/www.noticiasradioreflejos.com.ar\/2021\/wp-json\/wp\/v2\/media?parent=105368"}],"wp:term":[{"taxonomy":"category","embeddable":true,"href":"https:\/\/www.noticiasradioreflejos.com.ar\/2021\/wp-json\/wp\/v2\/categories?post=105368"},{"taxonomy":"post_tag","embeddable":true,"href":"https:\/\/www.noticiasradioreflejos.com.ar\/2021\/wp-json\/wp\/v2\/tags?post=105368"}],"curies":[{"name":"wp","href":"https:\/\/api.w.org\/{rel}","templated":true}]}}