{"id":105362,"date":"2024-07-22T14:58:59","date_gmt":"2024-07-22T17:58:59","guid":{"rendered":"https:\/\/www.noticiasradioreflejos.com.ar\/2021\/?p=105362"},"modified":"2024-07-22T14:58:59","modified_gmt":"2024-07-22T17:58:59","slug":"nuevo-encuentro-del-ciclo-de-formacion-emergencias-en-salud","status":"publish","type":"post","link":"https:\/\/www.noticiasradioreflejos.com.ar\/2021\/nuevo-encuentro-del-ciclo-de-formacion-emergencias-en-salud\/","title":{"rendered":"Nuevo encuentro del Ciclo de Formaci\u00f3n \u2018Emergencias en salud\u2019"},"content":{"rendered":"<p>El mi\u00e9rcoles 7 y el jueves 8 de agosto, se realizar\u00e1 una nueva jornada del Ciclo de Formaci\u00f3n \u2018Emergencias en Salud\u2019, llevado adelante por la Secretar\u00eda de Salud de Tornquist Municipio.<!--more--><\/p>\n<p><a data-flickr-embed=\"true\" href=\"https:\/\/www.flickr.com\/photos\/182279889@N02\/53874326395\/in\/dateposted-public\/\" title=\"4to Ciclo de Salud\"><img loading=\"lazy\" decoding=\"async\" src=\"https:\/\/live.staticflickr.com\/65535\/53874326395_ae7d422f8e_b.jpg\" width=\"1024\" height=\"1024\" alt=\"4to Ciclo de Salud\"\/><\/a><script async src=\"\/\/embedr.flickr.com\/assets\/client-code.js\" charset=\"utf-8\"><\/script><\/p>\n<p>La capacitaci\u00f3n, la cuarta de la iniciativa, ser\u00e1 sobre \u00abUrgencias pedi\u00e1tricas en la guardia general\u00bb, estar\u00e1 a cargo del Dr. Oscar Valcarcel y se llevar\u00e1 a cabo en el Aula Ambiental del Parque Ambiental de Tornquist.<\/p>\n<p>Horarios:<\/p>\n<p>Mi\u00e9rcoles 7\/8: de 9 a 12 hs<\/p>\n<p>Jueves 8\/8: de 15 a 18 hs<\/p>\n<p>Los interesados en participar, deben inscribirse a trav\u00e9s del siguiente formulario: <a href=\"https:\/\/docs.google.com\/forms\/d\/e\/1FAIpQLSeCpiSCM8yM9kuE4OjA_4CqpF1OJdsYblQNo4y-iFEPpzA_VQ\/viewform\" rel=\"noopener\" target=\"_blank\">https:\/\/docs.google.com\/forms\/d\/e\/1FAIpQLSeCpiSCM8yM9kuE4OjA_4CqpF1OJdsYblQNo4y-iFEPpzA_VQ\/viewform<\/a>.<\/p>\n","protected":false},"excerpt":{"rendered":"<p>El mi\u00e9rcoles 7 y el jueves 8 de agosto, se realizar\u00e1 una nueva jornada del Ciclo de Formaci\u00f3n \u2018Emergencias en Salud\u2019, llevado adelante por la Secretar\u00eda de Salud de Tornquist Municipio.<\/p>\n","protected":false},"author":3,"featured_media":0,"comment_status":"closed","ping_status":"closed","sticky":false,"template":"","format":"standard","meta":{"footnotes":""},"categories":[30],"tags":[],"class_list":["post-105362","post","type-post","status-publish","format-standard","hentry","category-salud"],"yoast_head":"<!-- This site is optimized with the Yoast SEO plugin v25.9 - https:\/\/yoast.com\/wordpress\/plugins\/seo\/ -->\n<title>Nuevo encuentro del Ciclo de Formaci\u00f3n \u2018Emergencias en salud\u2019 - Noticias Radio Reflejos<\/title>\n<meta name=\"robots\" content=\"index, follow, max-snippet:-1, max-image-preview:large, max-video-preview:-1\" \/>\n<link rel=\"canonical\" href=\"https:\/\/www.noticiasradioreflejos.com.ar\/2021\/nuevo-encuentro-del-ciclo-de-formacion-emergencias-en-salud\/\" \/>\n<meta property=\"og:locale\" content=\"es_ES\" \/>\n<meta property=\"og:type\" content=\"article\" \/>\n<meta property=\"og:title\" content=\"Nuevo encuentro del Ciclo de Formaci\u00f3n \u2018Emergencias en salud\u2019 - Noticias Radio Reflejos\" \/>\n<meta property=\"og:description\" content=\"El mi\u00e9rcoles 7 y el jueves 8 de agosto, se realizar\u00e1 una nueva jornada del Ciclo de Formaci\u00f3n \u2018Emergencias en Salud\u2019, llevado adelante por la Secretar\u00eda de Salud de Tornquist Municipio.\" \/>\n<meta property=\"og:url\" content=\"https:\/\/www.noticiasradioreflejos.com.ar\/2021\/nuevo-encuentro-del-ciclo-de-formacion-emergencias-en-salud\/\" \/>\n<meta property=\"og:site_name\" content=\"Noticias Radio Reflejos\" \/>\n<meta property=\"article:published_time\" content=\"2024-07-22T17:58:59+00:00\" \/>\n<meta property=\"og:image\" content=\"https:\/\/live.staticflickr.com\/65535\/53874326395_ae7d422f8e_b.jpg\" \/>\n<meta name=\"author\" content=\"Arnaldo Botto\" \/>\n<meta name=\"twitter:card\" content=\"summary_large_image\" \/>\n<script type=\"application\/ld+json\" class=\"yoast-schema-graph\">{\"@context\":\"https:\/\/schema.org\",\"@graph\":[{\"@type\":\"WebPage\",\"@id\":\"https:\/\/www.noticiasradioreflejos.com.ar\/2021\/nuevo-encuentro-del-ciclo-de-formacion-emergencias-en-salud\/\",\"url\":\"https:\/\/www.noticiasradioreflejos.com.ar\/2021\/nuevo-encuentro-del-ciclo-de-formacion-emergencias-en-salud\/\",\"name\":\"Nuevo encuentro del Ciclo de Formaci\u00f3n \u2018Emergencias en salud\u2019 - Noticias Radio Reflejos\",\"isPartOf\":{\"@id\":\"https:\/\/www.noticiasradioreflejos.com.ar\/2021\/#website\"},\"primaryImageOfPage\":{\"@id\":\"https:\/\/www.noticiasradioreflejos.com.ar\/2021\/nuevo-encuentro-del-ciclo-de-formacion-emergencias-en-salud\/#primaryimage\"},\"image\":{\"@id\":\"https:\/\/www.noticiasradioreflejos.com.ar\/2021\/nuevo-encuentro-del-ciclo-de-formacion-emergencias-en-salud\/#primaryimage\"},\"thumbnailUrl\":\"https:\/\/live.staticflickr.com\/65535\/53874326395_ae7d422f8e_b.jpg\",\"datePublished\":\"2024-07-22T17:58:59+00:00\",\"author\":{\"@id\":\"https:\/\/www.noticiasradioreflejos.com.ar\/2021\/#\/schema\/person\/ad82545263dcc5ec0996818884fd5fb1\"},\"breadcrumb\":{\"@id\":\"https:\/\/www.noticiasradioreflejos.com.ar\/2021\/nuevo-encuentro-del-ciclo-de-formacion-emergencias-en-salud\/#breadcrumb\"},\"inLanguage\":\"es\",\"potentialAction\":[{\"@type\":\"ReadAction\",\"target\":[\"https:\/\/www.noticiasradioreflejos.com.ar\/2021\/nuevo-encuentro-del-ciclo-de-formacion-emergencias-en-salud\/\"]}]},{\"@type\":\"ImageObject\",\"inLanguage\":\"es\",\"@id\":\"https:\/\/www.noticiasradioreflejos.com.ar\/2021\/nuevo-encuentro-del-ciclo-de-formacion-emergencias-en-salud\/#primaryimage\",\"url\":\"https:\/\/live.staticflickr.com\/65535\/53874326395_ae7d422f8e_b.jpg\",\"contentUrl\":\"https:\/\/live.staticflickr.com\/65535\/53874326395_ae7d422f8e_b.jpg\"},{\"@type\":\"BreadcrumbList\",\"@id\":\"https:\/\/www.noticiasradioreflejos.com.ar\/2021\/nuevo-encuentro-del-ciclo-de-formacion-emergencias-en-salud\/#breadcrumb\",\"itemListElement\":[{\"@type\":\"ListItem\",\"position\":1,\"name\":\"Portada\",\"item\":\"https:\/\/www.noticiasradioreflejos.com.ar\/2021\/\"},{\"@type\":\"ListItem\",\"position\":2,\"name\":\"Nuevo encuentro del Ciclo de Formaci\u00f3n \u2018Emergencias en salud\u2019\"}]},{\"@type\":\"WebSite\",\"@id\":\"https:\/\/www.noticiasradioreflejos.com.ar\/2021\/#website\",\"url\":\"https:\/\/www.noticiasradioreflejos.com.ar\/2021\/\",\"name\":\"Noticias Radio Reflejos\",\"description\":\"Las noticias de mi comarca\",\"potentialAction\":[{\"@type\":\"SearchAction\",\"target\":{\"@type\":\"EntryPoint\",\"urlTemplate\":\"https:\/\/www.noticiasradioreflejos.com.ar\/2021\/?s={search_term_string}\"},\"query-input\":{\"@type\":\"PropertyValueSpecification\",\"valueRequired\":true,\"valueName\":\"search_term_string\"}}],\"inLanguage\":\"es\"},{\"@type\":\"Person\",\"@id\":\"https:\/\/www.noticiasradioreflejos.com.ar\/2021\/#\/schema\/person\/ad82545263dcc5ec0996818884fd5fb1\",\"name\":\"Arnaldo Botto\",\"image\":{\"@type\":\"ImageObject\",\"inLanguage\":\"es\",\"@id\":\"https:\/\/www.noticiasradioreflejos.com.ar\/2021\/#\/schema\/person\/image\/\",\"url\":\"https:\/\/secure.gravatar.com\/avatar\/55cb5e37c1efa326397366e6974cb338056df65cb50e7d64d1cf314e87504837?s=96&d=mm&r=g\",\"contentUrl\":\"https:\/\/secure.gravatar.com\/avatar\/55cb5e37c1efa326397366e6974cb338056df65cb50e7d64d1cf314e87504837?s=96&d=mm&r=g\",\"caption\":\"Arnaldo Botto\"},\"url\":\"https:\/\/www.noticiasradioreflejos.com.ar\/2021\/author\/arnaldo\/\"}]}<\/script>\n<!-- \/ Yoast SEO plugin. -->","yoast_head_json":{"title":"Nuevo encuentro del Ciclo de Formaci\u00f3n \u2018Emergencias en salud\u2019 - Noticias Radio Reflejos","robots":{"index":"index","follow":"follow","max-snippet":"max-snippet:-1","max-image-preview":"max-image-preview:large","max-video-preview":"max-video-preview:-1"},"canonical":"https:\/\/www.noticiasradioreflejos.com.ar\/2021\/nuevo-encuentro-del-ciclo-de-formacion-emergencias-en-salud\/","og_locale":"es_ES","og_type":"article","og_title":"Nuevo encuentro del Ciclo de Formaci\u00f3n \u2018Emergencias en salud\u2019 - Noticias Radio Reflejos","og_description":"El mi\u00e9rcoles 7 y el jueves 8 de agosto, se realizar\u00e1 una nueva jornada del Ciclo de Formaci\u00f3n \u2018Emergencias en Salud\u2019, llevado adelante por la Secretar\u00eda de Salud de Tornquist Municipio.","og_url":"https:\/\/www.noticiasradioreflejos.com.ar\/2021\/nuevo-encuentro-del-ciclo-de-formacion-emergencias-en-salud\/","og_site_name":"Noticias Radio Reflejos","article_published_time":"2024-07-22T17:58:59+00:00","og_image":[{"url":"https:\/\/live.staticflickr.com\/65535\/53874326395_ae7d422f8e_b.jpg","type":"","width":"","height":""}],"author":"Arnaldo Botto","twitter_card":"summary_large_image","schema":{"@context":"https:\/\/schema.org","@graph":[{"@type":"WebPage","@id":"https:\/\/www.noticiasradioreflejos.com.ar\/2021\/nuevo-encuentro-del-ciclo-de-formacion-emergencias-en-salud\/","url":"https:\/\/www.noticiasradioreflejos.com.ar\/2021\/nuevo-encuentro-del-ciclo-de-formacion-emergencias-en-salud\/","name":"Nuevo encuentro del Ciclo de Formaci\u00f3n \u2018Emergencias en salud\u2019 - Noticias Radio Reflejos","isPartOf":{"@id":"https:\/\/www.noticiasradioreflejos.com.ar\/2021\/#website"},"primaryImageOfPage":{"@id":"https:\/\/www.noticiasradioreflejos.com.ar\/2021\/nuevo-encuentro-del-ciclo-de-formacion-emergencias-en-salud\/#primaryimage"},"image":{"@id":"https:\/\/www.noticiasradioreflejos.com.ar\/2021\/nuevo-encuentro-del-ciclo-de-formacion-emergencias-en-salud\/#primaryimage"},"thumbnailUrl":"https:\/\/live.staticflickr.com\/65535\/53874326395_ae7d422f8e_b.jpg","datePublished":"2024-07-22T17:58:59+00:00","author":{"@id":"https:\/\/www.noticiasradioreflejos.com.ar\/2021\/#\/schema\/person\/ad82545263dcc5ec0996818884fd5fb1"},"breadcrumb":{"@id":"https:\/\/www.noticiasradioreflejos.com.ar\/2021\/nuevo-encuentro-del-ciclo-de-formacion-emergencias-en-salud\/#breadcrumb"},"inLanguage":"es","potentialAction":[{"@type":"ReadAction","target":["https:\/\/www.noticiasradioreflejos.com.ar\/2021\/nuevo-encuentro-del-ciclo-de-formacion-emergencias-en-salud\/"]}]},{"@type":"ImageObject","inLanguage":"es","@id":"https:\/\/www.noticiasradioreflejos.com.ar\/2021\/nuevo-encuentro-del-ciclo-de-formacion-emergencias-en-salud\/#primaryimage","url":"https:\/\/live.staticflickr.com\/65535\/53874326395_ae7d422f8e_b.jpg","contentUrl":"https:\/\/live.staticflickr.com\/65535\/53874326395_ae7d422f8e_b.jpg"},{"@type":"BreadcrumbList","@id":"https:\/\/www.noticiasradioreflejos.com.ar\/2021\/nuevo-encuentro-del-ciclo-de-formacion-emergencias-en-salud\/#breadcrumb","itemListElement":[{"@type":"ListItem","position":1,"name":"Portada","item":"https:\/\/www.noticiasradioreflejos.com.ar\/2021\/"},{"@type":"ListItem","position":2,"name":"Nuevo encuentro del Ciclo de Formaci\u00f3n \u2018Emergencias en salud\u2019"}]},{"@type":"WebSite","@id":"https:\/\/www.noticiasradioreflejos.com.ar\/2021\/#website","url":"https:\/\/www.noticiasradioreflejos.com.ar\/2021\/","name":"Noticias Radio Reflejos","description":"Las noticias de mi comarca","potentialAction":[{"@type":"SearchAction","target":{"@type":"EntryPoint","urlTemplate":"https:\/\/www.noticiasradioreflejos.com.ar\/2021\/?s={search_term_string}"},"query-input":{"@type":"PropertyValueSpecification","valueRequired":true,"valueName":"search_term_string"}}],"inLanguage":"es"},{"@type":"Person","@id":"https:\/\/www.noticiasradioreflejos.com.ar\/2021\/#\/schema\/person\/ad82545263dcc5ec0996818884fd5fb1","name":"Arnaldo Botto","image":{"@type":"ImageObject","inLanguage":"es","@id":"https:\/\/www.noticiasradioreflejos.com.ar\/2021\/#\/schema\/person\/image\/","url":"https:\/\/secure.gravatar.com\/avatar\/55cb5e37c1efa326397366e6974cb338056df65cb50e7d64d1cf314e87504837?s=96&d=mm&r=g","contentUrl":"https:\/\/secure.gravatar.com\/avatar\/55cb5e37c1efa326397366e6974cb338056df65cb50e7d64d1cf314e87504837?s=96&d=mm&r=g","caption":"Arnaldo Botto"},"url":"https:\/\/www.noticiasradioreflejos.com.ar\/2021\/author\/arnaldo\/"}]}},"_links":{"self":[{"href":"https:\/\/www.noticiasradioreflejos.com.ar\/2021\/wp-json\/wp\/v2\/posts\/105362","targetHints":{"allow":["GET"]}}],"collection":[{"href":"https:\/\/www.noticiasradioreflejos.com.ar\/2021\/wp-json\/wp\/v2\/posts"}],"about":[{"href":"https:\/\/www.noticiasradioreflejos.com.ar\/2021\/wp-json\/wp\/v2\/types\/post"}],"author":[{"embeddable":true,"href":"https:\/\/www.noticiasradioreflejos.com.ar\/2021\/wp-json\/wp\/v2\/users\/3"}],"replies":[{"embeddable":true,"href":"https:\/\/www.noticiasradioreflejos.com.ar\/2021\/wp-json\/wp\/v2\/comments?post=105362"}],"version-history":[{"count":1,"href":"https:\/\/www.noticiasradioreflejos.com.ar\/2021\/wp-json\/wp\/v2\/posts\/105362\/revisions"}],"predecessor-version":[{"id":105364,"href":"https:\/\/www.noticiasradioreflejos.com.ar\/2021\/wp-json\/wp\/v2\/posts\/105362\/revisions\/105364"}],"wp:attachment":[{"href":"https:\/\/www.noticiasradioreflejos.com.ar\/2021\/wp-json\/wp\/v2\/media?parent=105362"}],"wp:term":[{"taxonomy":"category","embeddable":true,"href":"https:\/\/www.noticiasradioreflejos.com.ar\/2021\/wp-json\/wp\/v2\/categories?post=105362"},{"taxonomy":"post_tag","embeddable":true,"href":"https:\/\/www.noticiasradioreflejos.com.ar\/2021\/wp-json\/wp\/v2\/tags?post=105362"}],"curies":[{"name":"wp","href":"https:\/\/api.w.org\/{rel}","templated":true}]}}