{"id":105261,"date":"2024-07-18T22:35:14","date_gmt":"2024-07-19T01:35:14","guid":{"rendered":"https:\/\/www.noticiasradioreflejos.com.ar\/2021\/?p=105261"},"modified":"2024-07-18T22:35:14","modified_gmt":"2024-07-19T01:35:14","slug":"cordoba-el-fuego-afecto-mas-de-6-000-hectareas-pero-seria-contenido-en-las-proximas-horas","status":"publish","type":"post","link":"https:\/\/www.noticiasradioreflejos.com.ar\/2021\/cordoba-el-fuego-afecto-mas-de-6-000-hectareas-pero-seria-contenido-en-las-proximas-horas\/","title":{"rendered":"C\u00f3rdoba: el fuego afect\u00f3 m\u00e1s de 6.000 hect\u00e1reas pero ser\u00eda contenido en las pr\u00f3ximas horas"},"content":{"rendered":"<p>Todo depender\u00e1 de las condiciones clim\u00e1ticas en las cercan\u00edas del cerro Champaqu\u00ed.<!--more--><\/p>\n<div class=\"columns\" data-tadevel-template=\"web\/article-columns\">\n<div class=\"column-main\">\n<div class=\"article-body\" data-tadevel-template=\"web\/article-body\">\n<div class=\"article-body-content\">\n<p>Unas\u00a0<strong>6.500 hect\u00e1reas<\/strong>\u00a0fueron afectadas por las llamas en las inmediaciones del\u00a0<strong>cerro Champaqu\u00ed,\u00a0<\/strong>en el mayor incendio de los \u00faltimos a\u00f1os que se registr\u00f3 en la provincia de C\u00f3rdoba, seg\u00fan confirmaron las autoridades.<\/p>\n<p><strong>De todas maneras, se estima que en el transcurso de este viernes los brigadistas estar\u00edan en condiciones de contenerlo, si es que las condiciones clim\u00e1ticas lo permiten.<\/strong><\/p>\n<p><strong>\u00abSi no hay sorpresas con el clima, suponemos que este viernes quedar\u00e1 contenido para empezar con guardias de cenizas\u00bb<\/strong>, dijo el jefe operativo de la Federaci\u00f3n de Bomberos Voluntarios de C\u00f3rdoba,<strong>\u00a0Gustavo Nicola.<\/strong><\/p>\n<p>La zona afectada no incluye la cima del cerro Champaqu\u00ed y la base, donde se ubican la escuela y los refugios, sino un \u00e1rea ubicada m\u00e1s al sur, en direcci\u00f3n al cerro Los Linderos.<\/p>\n<p>Adem\u00e1s, Nicola se\u00f1al\u00f3 en declaraciones al diario La Voz del Interior, que\u00a0<strong>\u00abDe este lado qued\u00f3 casi contenido ya, el fuego dej\u00f3 de avanzar,<\/strong>\u00a0Un solo sector sigue quemando, sobre el filo de las Sierras, en los puntos m\u00e1s altos, pero all\u00ed qued\u00f3 todo rodeado por pastizales antes quemados, por lo que no tendr\u00e1 avances y se\u00a0<strong>autoextinguir\u00e1\u00bb\u00a0<\/strong>con el correr de las horas.<\/p>\n<p><strong>El incendio que se hab\u00eda originado el domingo pasado en la zona m\u00e1s alta de las Sierras Grandes, entrar\u00e1 en su sexto d\u00eda, aunque la mayor parte de los focos est\u00e1n circunscriptos.<\/strong><\/p>\n<p>El cerro\u00a0<strong>Champaqu\u00ed<\/strong>\u00a0alcanza los 2.790 metros y es el m\u00e1s alto de C\u00f3rdoba. Adem\u00e1s, es el punto elegido por los amantes del<strong>\u00a0trekking y el monta\u00f1ismo<\/strong>. Desde la cumbre se puede observar el Valle de Traslasierras y el Valle de Calamuchita.<\/p>\n<\/div>\n<\/div>\n<\/div>\n<\/div>\n","protected":false},"excerpt":{"rendered":"<p>Todo depender\u00e1 de las condiciones clim\u00e1ticas en las cercan\u00edas del cerro Champaqu\u00ed.<\/p>\n","protected":false},"author":3,"featured_media":105262,"comment_status":"closed","ping_status":"closed","sticky":false,"template":"","format":"standard","meta":{"footnotes":""},"categories":[29],"tags":[],"class_list":["post-105261","post","type-post","status-publish","format-standard","has-post-thumbnail","hentry","category-policiales"],"yoast_head":"<!-- This site is optimized with the Yoast SEO plugin v25.9 - https:\/\/yoast.com\/wordpress\/plugins\/seo\/ -->\n<title>C\u00f3rdoba: el fuego afect\u00f3 m\u00e1s de 6.000 hect\u00e1reas pero ser\u00eda contenido en las pr\u00f3ximas horas - Noticias Radio Reflejos<\/title>\n<meta name=\"robots\" content=\"index, follow, max-snippet:-1, max-image-preview:large, max-video-preview:-1\" \/>\n<link rel=\"canonical\" href=\"https:\/\/www.noticiasradioreflejos.com.ar\/2021\/cordoba-el-fuego-afecto-mas-de-6-000-hectareas-pero-seria-contenido-en-las-proximas-horas\/\" \/>\n<meta property=\"og:locale\" content=\"es_ES\" \/>\n<meta property=\"og:type\" content=\"article\" \/>\n<meta property=\"og:title\" content=\"C\u00f3rdoba: el fuego afect\u00f3 m\u00e1s de 6.000 hect\u00e1reas pero ser\u00eda contenido en las pr\u00f3ximas horas - Noticias Radio Reflejos\" \/>\n<meta property=\"og:description\" content=\"Todo depender\u00e1 de las condiciones clim\u00e1ticas en las cercan\u00edas del cerro Champaqu\u00ed.\" \/>\n<meta property=\"og:url\" content=\"https:\/\/www.noticiasradioreflejos.com.ar\/2021\/cordoba-el-fuego-afecto-mas-de-6-000-hectareas-pero-seria-contenido-en-las-proximas-horas\/\" \/>\n<meta property=\"og:site_name\" content=\"Noticias Radio Reflejos\" \/>\n<meta property=\"article:published_time\" content=\"2024-07-19T01:35:14+00:00\" \/>\n<meta property=\"og:image\" content=\"https:\/\/www.noticiasradioreflejos.com.ar\/2021\/wp-content\/uploads\/2024\/07\/Fuego-en-Cordoba.jpg\" \/>\n\t<meta property=\"og:image:width\" content=\"980\" \/>\n\t<meta property=\"og:image:height\" content=\"640\" \/>\n\t<meta property=\"og:image:type\" content=\"image\/jpeg\" \/>\n<meta name=\"author\" content=\"Arnaldo Botto\" \/>\n<meta name=\"twitter:card\" content=\"summary_large_image\" \/>\n<script type=\"application\/ld+json\" class=\"yoast-schema-graph\">{\"@context\":\"https:\/\/schema.org\",\"@graph\":[{\"@type\":\"WebPage\",\"@id\":\"https:\/\/www.noticiasradioreflejos.com.ar\/2021\/cordoba-el-fuego-afecto-mas-de-6-000-hectareas-pero-seria-contenido-en-las-proximas-horas\/\",\"url\":\"https:\/\/www.noticiasradioreflejos.com.ar\/2021\/cordoba-el-fuego-afecto-mas-de-6-000-hectareas-pero-seria-contenido-en-las-proximas-horas\/\",\"name\":\"C\u00f3rdoba: el fuego afect\u00f3 m\u00e1s de 6.000 hect\u00e1reas pero ser\u00eda contenido en las pr\u00f3ximas horas - Noticias Radio Reflejos\",\"isPartOf\":{\"@id\":\"https:\/\/www.noticiasradioreflejos.com.ar\/2021\/#website\"},\"primaryImageOfPage\":{\"@id\":\"https:\/\/www.noticiasradioreflejos.com.ar\/2021\/cordoba-el-fuego-afecto-mas-de-6-000-hectareas-pero-seria-contenido-en-las-proximas-horas\/#primaryimage\"},\"image\":{\"@id\":\"https:\/\/www.noticiasradioreflejos.com.ar\/2021\/cordoba-el-fuego-afecto-mas-de-6-000-hectareas-pero-seria-contenido-en-las-proximas-horas\/#primaryimage\"},\"thumbnailUrl\":\"https:\/\/www.noticiasradioreflejos.com.ar\/2021\/wp-content\/uploads\/2024\/07\/Fuego-en-Cordoba.jpg\",\"datePublished\":\"2024-07-19T01:35:14+00:00\",\"author\":{\"@id\":\"https:\/\/www.noticiasradioreflejos.com.ar\/2021\/#\/schema\/person\/ad82545263dcc5ec0996818884fd5fb1\"},\"breadcrumb\":{\"@id\":\"https:\/\/www.noticiasradioreflejos.com.ar\/2021\/cordoba-el-fuego-afecto-mas-de-6-000-hectareas-pero-seria-contenido-en-las-proximas-horas\/#breadcrumb\"},\"inLanguage\":\"es\",\"potentialAction\":[{\"@type\":\"ReadAction\",\"target\":[\"https:\/\/www.noticiasradioreflejos.com.ar\/2021\/cordoba-el-fuego-afecto-mas-de-6-000-hectareas-pero-seria-contenido-en-las-proximas-horas\/\"]}]},{\"@type\":\"ImageObject\",\"inLanguage\":\"es\",\"@id\":\"https:\/\/www.noticiasradioreflejos.com.ar\/2021\/cordoba-el-fuego-afecto-mas-de-6-000-hectareas-pero-seria-contenido-en-las-proximas-horas\/#primaryimage\",\"url\":\"https:\/\/www.noticiasradioreflejos.com.ar\/2021\/wp-content\/uploads\/2024\/07\/Fuego-en-Cordoba.jpg\",\"contentUrl\":\"https:\/\/www.noticiasradioreflejos.com.ar\/2021\/wp-content\/uploads\/2024\/07\/Fuego-en-Cordoba.jpg\",\"width\":980,\"height\":640},{\"@type\":\"BreadcrumbList\",\"@id\":\"https:\/\/www.noticiasradioreflejos.com.ar\/2021\/cordoba-el-fuego-afecto-mas-de-6-000-hectareas-pero-seria-contenido-en-las-proximas-horas\/#breadcrumb\",\"itemListElement\":[{\"@type\":\"ListItem\",\"position\":1,\"name\":\"Portada\",\"item\":\"https:\/\/www.noticiasradioreflejos.com.ar\/2021\/\"},{\"@type\":\"ListItem\",\"position\":2,\"name\":\"C\u00f3rdoba: el fuego afect\u00f3 m\u00e1s de 6.000 hect\u00e1reas pero ser\u00eda contenido en las pr\u00f3ximas horas\"}]},{\"@type\":\"WebSite\",\"@id\":\"https:\/\/www.noticiasradioreflejos.com.ar\/2021\/#website\",\"url\":\"https:\/\/www.noticiasradioreflejos.com.ar\/2021\/\",\"name\":\"Noticias Radio Reflejos\",\"description\":\"Las noticias de mi comarca\",\"potentialAction\":[{\"@type\":\"SearchAction\",\"target\":{\"@type\":\"EntryPoint\",\"urlTemplate\":\"https:\/\/www.noticiasradioreflejos.com.ar\/2021\/?s={search_term_string}\"},\"query-input\":{\"@type\":\"PropertyValueSpecification\",\"valueRequired\":true,\"valueName\":\"search_term_string\"}}],\"inLanguage\":\"es\"},{\"@type\":\"Person\",\"@id\":\"https:\/\/www.noticiasradioreflejos.com.ar\/2021\/#\/schema\/person\/ad82545263dcc5ec0996818884fd5fb1\",\"name\":\"Arnaldo Botto\",\"image\":{\"@type\":\"ImageObject\",\"inLanguage\":\"es\",\"@id\":\"https:\/\/www.noticiasradioreflejos.com.ar\/2021\/#\/schema\/person\/image\/\",\"url\":\"https:\/\/secure.gravatar.com\/avatar\/55cb5e37c1efa326397366e6974cb338056df65cb50e7d64d1cf314e87504837?s=96&d=mm&r=g\",\"contentUrl\":\"https:\/\/secure.gravatar.com\/avatar\/55cb5e37c1efa326397366e6974cb338056df65cb50e7d64d1cf314e87504837?s=96&d=mm&r=g\",\"caption\":\"Arnaldo Botto\"},\"url\":\"https:\/\/www.noticiasradioreflejos.com.ar\/2021\/author\/arnaldo\/\"}]}<\/script>\n<!-- \/ Yoast SEO plugin. -->","yoast_head_json":{"title":"C\u00f3rdoba: el fuego afect\u00f3 m\u00e1s de 6.000 hect\u00e1reas pero ser\u00eda contenido en las pr\u00f3ximas horas - Noticias Radio Reflejos","robots":{"index":"index","follow":"follow","max-snippet":"max-snippet:-1","max-image-preview":"max-image-preview:large","max-video-preview":"max-video-preview:-1"},"canonical":"https:\/\/www.noticiasradioreflejos.com.ar\/2021\/cordoba-el-fuego-afecto-mas-de-6-000-hectareas-pero-seria-contenido-en-las-proximas-horas\/","og_locale":"es_ES","og_type":"article","og_title":"C\u00f3rdoba: el fuego afect\u00f3 m\u00e1s de 6.000 hect\u00e1reas pero ser\u00eda contenido en las pr\u00f3ximas horas - Noticias Radio Reflejos","og_description":"Todo depender\u00e1 de las condiciones clim\u00e1ticas en las cercan\u00edas del cerro Champaqu\u00ed.","og_url":"https:\/\/www.noticiasradioreflejos.com.ar\/2021\/cordoba-el-fuego-afecto-mas-de-6-000-hectareas-pero-seria-contenido-en-las-proximas-horas\/","og_site_name":"Noticias Radio Reflejos","article_published_time":"2024-07-19T01:35:14+00:00","og_image":[{"width":980,"height":640,"url":"https:\/\/www.noticiasradioreflejos.com.ar\/2021\/wp-content\/uploads\/2024\/07\/Fuego-en-Cordoba.jpg","type":"image\/jpeg"}],"author":"Arnaldo Botto","twitter_card":"summary_large_image","schema":{"@context":"https:\/\/schema.org","@graph":[{"@type":"WebPage","@id":"https:\/\/www.noticiasradioreflejos.com.ar\/2021\/cordoba-el-fuego-afecto-mas-de-6-000-hectareas-pero-seria-contenido-en-las-proximas-horas\/","url":"https:\/\/www.noticiasradioreflejos.com.ar\/2021\/cordoba-el-fuego-afecto-mas-de-6-000-hectareas-pero-seria-contenido-en-las-proximas-horas\/","name":"C\u00f3rdoba: el fuego afect\u00f3 m\u00e1s de 6.000 hect\u00e1reas pero ser\u00eda contenido en las pr\u00f3ximas horas - Noticias Radio Reflejos","isPartOf":{"@id":"https:\/\/www.noticiasradioreflejos.com.ar\/2021\/#website"},"primaryImageOfPage":{"@id":"https:\/\/www.noticiasradioreflejos.com.ar\/2021\/cordoba-el-fuego-afecto-mas-de-6-000-hectareas-pero-seria-contenido-en-las-proximas-horas\/#primaryimage"},"image":{"@id":"https:\/\/www.noticiasradioreflejos.com.ar\/2021\/cordoba-el-fuego-afecto-mas-de-6-000-hectareas-pero-seria-contenido-en-las-proximas-horas\/#primaryimage"},"thumbnailUrl":"https:\/\/www.noticiasradioreflejos.com.ar\/2021\/wp-content\/uploads\/2024\/07\/Fuego-en-Cordoba.jpg","datePublished":"2024-07-19T01:35:14+00:00","author":{"@id":"https:\/\/www.noticiasradioreflejos.com.ar\/2021\/#\/schema\/person\/ad82545263dcc5ec0996818884fd5fb1"},"breadcrumb":{"@id":"https:\/\/www.noticiasradioreflejos.com.ar\/2021\/cordoba-el-fuego-afecto-mas-de-6-000-hectareas-pero-seria-contenido-en-las-proximas-horas\/#breadcrumb"},"inLanguage":"es","potentialAction":[{"@type":"ReadAction","target":["https:\/\/www.noticiasradioreflejos.com.ar\/2021\/cordoba-el-fuego-afecto-mas-de-6-000-hectareas-pero-seria-contenido-en-las-proximas-horas\/"]}]},{"@type":"ImageObject","inLanguage":"es","@id":"https:\/\/www.noticiasradioreflejos.com.ar\/2021\/cordoba-el-fuego-afecto-mas-de-6-000-hectareas-pero-seria-contenido-en-las-proximas-horas\/#primaryimage","url":"https:\/\/www.noticiasradioreflejos.com.ar\/2021\/wp-content\/uploads\/2024\/07\/Fuego-en-Cordoba.jpg","contentUrl":"https:\/\/www.noticiasradioreflejos.com.ar\/2021\/wp-content\/uploads\/2024\/07\/Fuego-en-Cordoba.jpg","width":980,"height":640},{"@type":"BreadcrumbList","@id":"https:\/\/www.noticiasradioreflejos.com.ar\/2021\/cordoba-el-fuego-afecto-mas-de-6-000-hectareas-pero-seria-contenido-en-las-proximas-horas\/#breadcrumb","itemListElement":[{"@type":"ListItem","position":1,"name":"Portada","item":"https:\/\/www.noticiasradioreflejos.com.ar\/2021\/"},{"@type":"ListItem","position":2,"name":"C\u00f3rdoba: el fuego afect\u00f3 m\u00e1s de 6.000 hect\u00e1reas pero ser\u00eda contenido en las pr\u00f3ximas horas"}]},{"@type":"WebSite","@id":"https:\/\/www.noticiasradioreflejos.com.ar\/2021\/#website","url":"https:\/\/www.noticiasradioreflejos.com.ar\/2021\/","name":"Noticias Radio Reflejos","description":"Las noticias de mi comarca","potentialAction":[{"@type":"SearchAction","target":{"@type":"EntryPoint","urlTemplate":"https:\/\/www.noticiasradioreflejos.com.ar\/2021\/?s={search_term_string}"},"query-input":{"@type":"PropertyValueSpecification","valueRequired":true,"valueName":"search_term_string"}}],"inLanguage":"es"},{"@type":"Person","@id":"https:\/\/www.noticiasradioreflejos.com.ar\/2021\/#\/schema\/person\/ad82545263dcc5ec0996818884fd5fb1","name":"Arnaldo Botto","image":{"@type":"ImageObject","inLanguage":"es","@id":"https:\/\/www.noticiasradioreflejos.com.ar\/2021\/#\/schema\/person\/image\/","url":"https:\/\/secure.gravatar.com\/avatar\/55cb5e37c1efa326397366e6974cb338056df65cb50e7d64d1cf314e87504837?s=96&d=mm&r=g","contentUrl":"https:\/\/secure.gravatar.com\/avatar\/55cb5e37c1efa326397366e6974cb338056df65cb50e7d64d1cf314e87504837?s=96&d=mm&r=g","caption":"Arnaldo Botto"},"url":"https:\/\/www.noticiasradioreflejos.com.ar\/2021\/author\/arnaldo\/"}]}},"_links":{"self":[{"href":"https:\/\/www.noticiasradioreflejos.com.ar\/2021\/wp-json\/wp\/v2\/posts\/105261","targetHints":{"allow":["GET"]}}],"collection":[{"href":"https:\/\/www.noticiasradioreflejos.com.ar\/2021\/wp-json\/wp\/v2\/posts"}],"about":[{"href":"https:\/\/www.noticiasradioreflejos.com.ar\/2021\/wp-json\/wp\/v2\/types\/post"}],"author":[{"embeddable":true,"href":"https:\/\/www.noticiasradioreflejos.com.ar\/2021\/wp-json\/wp\/v2\/users\/3"}],"replies":[{"embeddable":true,"href":"https:\/\/www.noticiasradioreflejos.com.ar\/2021\/wp-json\/wp\/v2\/comments?post=105261"}],"version-history":[{"count":1,"href":"https:\/\/www.noticiasradioreflejos.com.ar\/2021\/wp-json\/wp\/v2\/posts\/105261\/revisions"}],"predecessor-version":[{"id":105263,"href":"https:\/\/www.noticiasradioreflejos.com.ar\/2021\/wp-json\/wp\/v2\/posts\/105261\/revisions\/105263"}],"wp:featuredmedia":[{"embeddable":true,"href":"https:\/\/www.noticiasradioreflejos.com.ar\/2021\/wp-json\/wp\/v2\/media\/105262"}],"wp:attachment":[{"href":"https:\/\/www.noticiasradioreflejos.com.ar\/2021\/wp-json\/wp\/v2\/media?parent=105261"}],"wp:term":[{"taxonomy":"category","embeddable":true,"href":"https:\/\/www.noticiasradioreflejos.com.ar\/2021\/wp-json\/wp\/v2\/categories?post=105261"},{"taxonomy":"post_tag","embeddable":true,"href":"https:\/\/www.noticiasradioreflejos.com.ar\/2021\/wp-json\/wp\/v2\/tags?post=105261"}],"curies":[{"name":"wp","href":"https:\/\/api.w.org\/{rel}","templated":true}]}}