{"id":105248,"date":"2024-07-18T19:32:50","date_gmt":"2024-07-18T22:32:50","guid":{"rendered":"https:\/\/www.noticiasradioreflejos.com.ar\/2021\/?p=105248"},"modified":"2024-07-18T20:18:46","modified_gmt":"2024-07-18T23:18:46","slug":"vuelco-en-la-ruta-72-a-1-km-del-cruce-con-la-76","status":"publish","type":"post","link":"https:\/\/www.noticiasradioreflejos.com.ar\/2021\/vuelco-en-la-ruta-72-a-1-km-del-cruce-con-la-76\/","title":{"rendered":"Vuelco en la ruta 72 a 1 km del cruce con la 76"},"content":{"rendered":"<p>Bomberos Voluntarios de Sierra de la Ventana acuden a un llamado emergencia por un siniestro vial a unos 8 kms de la localidad.<!--more--><\/p>\n<p>*Sintesis:* fecha, 19:10 hs alertados por un\u00a0 llamado telefonico, bomberos y polic\u00eda de la localidad intervienen en accidente sobre Ruta Provincial 76,\u00a0 km 1.5;<\/p>\n<p>&nbsp;<br \/>\n<a href=\"https:\/\/flic.kr\/p\/2q4Zbf1\"><img loading=\"lazy\" decoding=\"async\" src=\"https:\/\/live.staticflickr.com\/65535\/53866360300_959b46c4d8_z.jpg\" alt=\"Vuelco en la ruta 72\" width=\"480\" height=\"640\" \/><\/a><br \/>\n&nbsp;<\/p>\n<p>arribado al lugar se constata que un utilitario Renault Kangoo dominio *AB943LY* al mando de *LOPEZ MARIANO (45- residente)* que el mismo se dirig\u00eda Tornquist &#8211; Sierra de la ventana, mismo pierde control despistando mano contraria colisionando \u00e1rbol en pr\u00e9stamo.<\/p>\n<p>No posee lesiones visibles .<\/p>\n<p>No se corta ruta, se traslada para control a hospital menor Emilio Aldaya de Sierra de la Ventana.<\/p>\n<p>No s\u00e9 instruyen actuaciones<\/p>\n","protected":false},"excerpt":{"rendered":"<p>Bomberos Voluntarios de Sierra de la Ventana acuden a un llamado emergencia por un siniestro vial a unos 8 kms de la localidad.<\/p>\n","protected":false},"author":3,"featured_media":105251,"comment_status":"closed","ping_status":"closed","sticky":false,"template":"","format":"standard","meta":{"footnotes":""},"categories":[29],"tags":[],"class_list":["post-105248","post","type-post","status-publish","format-standard","has-post-thumbnail","hentry","category-policiales"],"yoast_head":"<!-- This site is optimized with the Yoast SEO plugin v25.9 - https:\/\/yoast.com\/wordpress\/plugins\/seo\/ -->\n<title>Vuelco en la ruta 72 a 1 km del cruce con la 76 - Noticias Radio Reflejos<\/title>\n<meta name=\"robots\" content=\"index, follow, max-snippet:-1, max-image-preview:large, max-video-preview:-1\" \/>\n<link rel=\"canonical\" href=\"https:\/\/www.noticiasradioreflejos.com.ar\/2021\/vuelco-en-la-ruta-72-a-1-km-del-cruce-con-la-76\/\" \/>\n<meta property=\"og:locale\" content=\"es_ES\" \/>\n<meta property=\"og:type\" content=\"article\" \/>\n<meta property=\"og:title\" content=\"Vuelco en la ruta 72 a 1 km del cruce con la 76 - Noticias Radio Reflejos\" \/>\n<meta property=\"og:description\" content=\"Bomberos Voluntarios de Sierra de la Ventana acuden a un llamado emergencia por un siniestro vial a unos 8 kms de la localidad.\" \/>\n<meta property=\"og:url\" content=\"https:\/\/www.noticiasradioreflejos.com.ar\/2021\/vuelco-en-la-ruta-72-a-1-km-del-cruce-con-la-76\/\" \/>\n<meta property=\"og:site_name\" content=\"Noticias Radio Reflejos\" \/>\n<meta property=\"article:published_time\" content=\"2024-07-18T22:32:50+00:00\" \/>\n<meta property=\"article:modified_time\" content=\"2024-07-18T23:18:46+00:00\" \/>\n<meta property=\"og:image\" content=\"https:\/\/www.noticiasradioreflejos.com.ar\/2021\/wp-content\/uploads\/2024\/07\/IMG-20240718-WA0066.jpg\" \/>\n\t<meta property=\"og:image:width\" content=\"960\" \/>\n\t<meta property=\"og:image:height\" content=\"1280\" \/>\n\t<meta property=\"og:image:type\" content=\"image\/jpeg\" \/>\n<meta name=\"author\" content=\"Arnaldo Botto\" \/>\n<meta name=\"twitter:card\" content=\"summary_large_image\" \/>\n<script type=\"application\/ld+json\" class=\"yoast-schema-graph\">{\"@context\":\"https:\/\/schema.org\",\"@graph\":[{\"@type\":\"WebPage\",\"@id\":\"https:\/\/www.noticiasradioreflejos.com.ar\/2021\/vuelco-en-la-ruta-72-a-1-km-del-cruce-con-la-76\/\",\"url\":\"https:\/\/www.noticiasradioreflejos.com.ar\/2021\/vuelco-en-la-ruta-72-a-1-km-del-cruce-con-la-76\/\",\"name\":\"Vuelco en la ruta 72 a 1 km del cruce con la 76 - Noticias Radio Reflejos\",\"isPartOf\":{\"@id\":\"https:\/\/www.noticiasradioreflejos.com.ar\/2021\/#website\"},\"primaryImageOfPage\":{\"@id\":\"https:\/\/www.noticiasradioreflejos.com.ar\/2021\/vuelco-en-la-ruta-72-a-1-km-del-cruce-con-la-76\/#primaryimage\"},\"image\":{\"@id\":\"https:\/\/www.noticiasradioreflejos.com.ar\/2021\/vuelco-en-la-ruta-72-a-1-km-del-cruce-con-la-76\/#primaryimage\"},\"thumbnailUrl\":\"https:\/\/www.noticiasradioreflejos.com.ar\/2021\/wp-content\/uploads\/2024\/07\/IMG-20240718-WA0066.jpg\",\"datePublished\":\"2024-07-18T22:32:50+00:00\",\"dateModified\":\"2024-07-18T23:18:46+00:00\",\"author\":{\"@id\":\"https:\/\/www.noticiasradioreflejos.com.ar\/2021\/#\/schema\/person\/ad82545263dcc5ec0996818884fd5fb1\"},\"breadcrumb\":{\"@id\":\"https:\/\/www.noticiasradioreflejos.com.ar\/2021\/vuelco-en-la-ruta-72-a-1-km-del-cruce-con-la-76\/#breadcrumb\"},\"inLanguage\":\"es\",\"potentialAction\":[{\"@type\":\"ReadAction\",\"target\":[\"https:\/\/www.noticiasradioreflejos.com.ar\/2021\/vuelco-en-la-ruta-72-a-1-km-del-cruce-con-la-76\/\"]}]},{\"@type\":\"ImageObject\",\"inLanguage\":\"es\",\"@id\":\"https:\/\/www.noticiasradioreflejos.com.ar\/2021\/vuelco-en-la-ruta-72-a-1-km-del-cruce-con-la-76\/#primaryimage\",\"url\":\"https:\/\/www.noticiasradioreflejos.com.ar\/2021\/wp-content\/uploads\/2024\/07\/IMG-20240718-WA0066.jpg\",\"contentUrl\":\"https:\/\/www.noticiasradioreflejos.com.ar\/2021\/wp-content\/uploads\/2024\/07\/IMG-20240718-WA0066.jpg\",\"width\":960,\"height\":1280},{\"@type\":\"BreadcrumbList\",\"@id\":\"https:\/\/www.noticiasradioreflejos.com.ar\/2021\/vuelco-en-la-ruta-72-a-1-km-del-cruce-con-la-76\/#breadcrumb\",\"itemListElement\":[{\"@type\":\"ListItem\",\"position\":1,\"name\":\"Portada\",\"item\":\"https:\/\/www.noticiasradioreflejos.com.ar\/2021\/\"},{\"@type\":\"ListItem\",\"position\":2,\"name\":\"Vuelco en la ruta 72 a 1 km del cruce con la 76\"}]},{\"@type\":\"WebSite\",\"@id\":\"https:\/\/www.noticiasradioreflejos.com.ar\/2021\/#website\",\"url\":\"https:\/\/www.noticiasradioreflejos.com.ar\/2021\/\",\"name\":\"Noticias Radio Reflejos\",\"description\":\"Las noticias de mi comarca\",\"potentialAction\":[{\"@type\":\"SearchAction\",\"target\":{\"@type\":\"EntryPoint\",\"urlTemplate\":\"https:\/\/www.noticiasradioreflejos.com.ar\/2021\/?s={search_term_string}\"},\"query-input\":{\"@type\":\"PropertyValueSpecification\",\"valueRequired\":true,\"valueName\":\"search_term_string\"}}],\"inLanguage\":\"es\"},{\"@type\":\"Person\",\"@id\":\"https:\/\/www.noticiasradioreflejos.com.ar\/2021\/#\/schema\/person\/ad82545263dcc5ec0996818884fd5fb1\",\"name\":\"Arnaldo Botto\",\"image\":{\"@type\":\"ImageObject\",\"inLanguage\":\"es\",\"@id\":\"https:\/\/www.noticiasradioreflejos.com.ar\/2021\/#\/schema\/person\/image\/\",\"url\":\"https:\/\/secure.gravatar.com\/avatar\/55cb5e37c1efa326397366e6974cb338056df65cb50e7d64d1cf314e87504837?s=96&d=mm&r=g\",\"contentUrl\":\"https:\/\/secure.gravatar.com\/avatar\/55cb5e37c1efa326397366e6974cb338056df65cb50e7d64d1cf314e87504837?s=96&d=mm&r=g\",\"caption\":\"Arnaldo Botto\"},\"url\":\"https:\/\/www.noticiasradioreflejos.com.ar\/2021\/author\/arnaldo\/\"}]}<\/script>\n<!-- \/ Yoast SEO plugin. -->","yoast_head_json":{"title":"Vuelco en la ruta 72 a 1 km del cruce con la 76 - Noticias Radio Reflejos","robots":{"index":"index","follow":"follow","max-snippet":"max-snippet:-1","max-image-preview":"max-image-preview:large","max-video-preview":"max-video-preview:-1"},"canonical":"https:\/\/www.noticiasradioreflejos.com.ar\/2021\/vuelco-en-la-ruta-72-a-1-km-del-cruce-con-la-76\/","og_locale":"es_ES","og_type":"article","og_title":"Vuelco en la ruta 72 a 1 km del cruce con la 76 - Noticias Radio Reflejos","og_description":"Bomberos Voluntarios de Sierra de la Ventana acuden a un llamado emergencia por un siniestro vial a unos 8 kms de la localidad.","og_url":"https:\/\/www.noticiasradioreflejos.com.ar\/2021\/vuelco-en-la-ruta-72-a-1-km-del-cruce-con-la-76\/","og_site_name":"Noticias Radio Reflejos","article_published_time":"2024-07-18T22:32:50+00:00","article_modified_time":"2024-07-18T23:18:46+00:00","og_image":[{"width":960,"height":1280,"url":"https:\/\/www.noticiasradioreflejos.com.ar\/2021\/wp-content\/uploads\/2024\/07\/IMG-20240718-WA0066.jpg","type":"image\/jpeg"}],"author":"Arnaldo Botto","twitter_card":"summary_large_image","schema":{"@context":"https:\/\/schema.org","@graph":[{"@type":"WebPage","@id":"https:\/\/www.noticiasradioreflejos.com.ar\/2021\/vuelco-en-la-ruta-72-a-1-km-del-cruce-con-la-76\/","url":"https:\/\/www.noticiasradioreflejos.com.ar\/2021\/vuelco-en-la-ruta-72-a-1-km-del-cruce-con-la-76\/","name":"Vuelco en la ruta 72 a 1 km del cruce con la 76 - Noticias Radio Reflejos","isPartOf":{"@id":"https:\/\/www.noticiasradioreflejos.com.ar\/2021\/#website"},"primaryImageOfPage":{"@id":"https:\/\/www.noticiasradioreflejos.com.ar\/2021\/vuelco-en-la-ruta-72-a-1-km-del-cruce-con-la-76\/#primaryimage"},"image":{"@id":"https:\/\/www.noticiasradioreflejos.com.ar\/2021\/vuelco-en-la-ruta-72-a-1-km-del-cruce-con-la-76\/#primaryimage"},"thumbnailUrl":"https:\/\/www.noticiasradioreflejos.com.ar\/2021\/wp-content\/uploads\/2024\/07\/IMG-20240718-WA0066.jpg","datePublished":"2024-07-18T22:32:50+00:00","dateModified":"2024-07-18T23:18:46+00:00","author":{"@id":"https:\/\/www.noticiasradioreflejos.com.ar\/2021\/#\/schema\/person\/ad82545263dcc5ec0996818884fd5fb1"},"breadcrumb":{"@id":"https:\/\/www.noticiasradioreflejos.com.ar\/2021\/vuelco-en-la-ruta-72-a-1-km-del-cruce-con-la-76\/#breadcrumb"},"inLanguage":"es","potentialAction":[{"@type":"ReadAction","target":["https:\/\/www.noticiasradioreflejos.com.ar\/2021\/vuelco-en-la-ruta-72-a-1-km-del-cruce-con-la-76\/"]}]},{"@type":"ImageObject","inLanguage":"es","@id":"https:\/\/www.noticiasradioreflejos.com.ar\/2021\/vuelco-en-la-ruta-72-a-1-km-del-cruce-con-la-76\/#primaryimage","url":"https:\/\/www.noticiasradioreflejos.com.ar\/2021\/wp-content\/uploads\/2024\/07\/IMG-20240718-WA0066.jpg","contentUrl":"https:\/\/www.noticiasradioreflejos.com.ar\/2021\/wp-content\/uploads\/2024\/07\/IMG-20240718-WA0066.jpg","width":960,"height":1280},{"@type":"BreadcrumbList","@id":"https:\/\/www.noticiasradioreflejos.com.ar\/2021\/vuelco-en-la-ruta-72-a-1-km-del-cruce-con-la-76\/#breadcrumb","itemListElement":[{"@type":"ListItem","position":1,"name":"Portada","item":"https:\/\/www.noticiasradioreflejos.com.ar\/2021\/"},{"@type":"ListItem","position":2,"name":"Vuelco en la ruta 72 a 1 km del cruce con la 76"}]},{"@type":"WebSite","@id":"https:\/\/www.noticiasradioreflejos.com.ar\/2021\/#website","url":"https:\/\/www.noticiasradioreflejos.com.ar\/2021\/","name":"Noticias Radio Reflejos","description":"Las noticias de mi comarca","potentialAction":[{"@type":"SearchAction","target":{"@type":"EntryPoint","urlTemplate":"https:\/\/www.noticiasradioreflejos.com.ar\/2021\/?s={search_term_string}"},"query-input":{"@type":"PropertyValueSpecification","valueRequired":true,"valueName":"search_term_string"}}],"inLanguage":"es"},{"@type":"Person","@id":"https:\/\/www.noticiasradioreflejos.com.ar\/2021\/#\/schema\/person\/ad82545263dcc5ec0996818884fd5fb1","name":"Arnaldo Botto","image":{"@type":"ImageObject","inLanguage":"es","@id":"https:\/\/www.noticiasradioreflejos.com.ar\/2021\/#\/schema\/person\/image\/","url":"https:\/\/secure.gravatar.com\/avatar\/55cb5e37c1efa326397366e6974cb338056df65cb50e7d64d1cf314e87504837?s=96&d=mm&r=g","contentUrl":"https:\/\/secure.gravatar.com\/avatar\/55cb5e37c1efa326397366e6974cb338056df65cb50e7d64d1cf314e87504837?s=96&d=mm&r=g","caption":"Arnaldo Botto"},"url":"https:\/\/www.noticiasradioreflejos.com.ar\/2021\/author\/arnaldo\/"}]}},"_links":{"self":[{"href":"https:\/\/www.noticiasradioreflejos.com.ar\/2021\/wp-json\/wp\/v2\/posts\/105248","targetHints":{"allow":["GET"]}}],"collection":[{"href":"https:\/\/www.noticiasradioreflejos.com.ar\/2021\/wp-json\/wp\/v2\/posts"}],"about":[{"href":"https:\/\/www.noticiasradioreflejos.com.ar\/2021\/wp-json\/wp\/v2\/types\/post"}],"author":[{"embeddable":true,"href":"https:\/\/www.noticiasradioreflejos.com.ar\/2021\/wp-json\/wp\/v2\/users\/3"}],"replies":[{"embeddable":true,"href":"https:\/\/www.noticiasradioreflejos.com.ar\/2021\/wp-json\/wp\/v2\/comments?post=105248"}],"version-history":[{"count":3,"href":"https:\/\/www.noticiasradioreflejos.com.ar\/2021\/wp-json\/wp\/v2\/posts\/105248\/revisions"}],"predecessor-version":[{"id":105252,"href":"https:\/\/www.noticiasradioreflejos.com.ar\/2021\/wp-json\/wp\/v2\/posts\/105248\/revisions\/105252"}],"wp:featuredmedia":[{"embeddable":true,"href":"https:\/\/www.noticiasradioreflejos.com.ar\/2021\/wp-json\/wp\/v2\/media\/105251"}],"wp:attachment":[{"href":"https:\/\/www.noticiasradioreflejos.com.ar\/2021\/wp-json\/wp\/v2\/media?parent=105248"}],"wp:term":[{"taxonomy":"category","embeddable":true,"href":"https:\/\/www.noticiasradioreflejos.com.ar\/2021\/wp-json\/wp\/v2\/categories?post=105248"},{"taxonomy":"post_tag","embeddable":true,"href":"https:\/\/www.noticiasradioreflejos.com.ar\/2021\/wp-json\/wp\/v2\/tags?post=105248"}],"curies":[{"name":"wp","href":"https:\/\/api.w.org\/{rel}","templated":true}]}}