{"id":105202,"date":"2024-07-18T11:40:26","date_gmt":"2024-07-18T14:40:26","guid":{"rendered":"https:\/\/www.noticiasradioreflejos.com.ar\/2021\/?p=105202"},"modified":"2024-07-18T11:40:26","modified_gmt":"2024-07-18T14:40:26","slug":"un-informe-de-cammesa-alerto-que-puede-haber-cortes-masivos-de-luz-en-el-verano","status":"publish","type":"post","link":"https:\/\/www.noticiasradioreflejos.com.ar\/2021\/un-informe-de-cammesa-alerto-que-puede-haber-cortes-masivos-de-luz-en-el-verano\/","title":{"rendered":"Un informe de Cammesa alert\u00f3 que puede haber cortes masivos de luz en el verano"},"content":{"rendered":"<p>La compa\u00f1\u00eda que administra el mercado el\u00e9ctrico mayorista en la Argentina estima que en febrero habr\u00e1 un pico de consumo r\u00e9cord que har\u00e1 insuficiente la energ\u00eda producida en el sistema<!--more--><\/p>\n<div class=\"body-article\">\n<div class=\"visual__image\"><img loading=\"lazy\" decoding=\"async\" class=\"\" src=\"https:\/\/www.infobae.com\/new-resizer\/oXvK8moiNwOs2cP3monx_xkh59Y=\/420x280\/filters:format(webp):quality(85)\/cloudfront-us-east-1.images.arcpublishing.com\/infobae\/75PDF35JH23UREYXJNTD5GWB5Q.jpg%20420w\" sizes=\"auto, (min-width: 1560px) 856px, (min-width: 1000px) calc(74.63vw - 293px), (min-width: 780px) calc(100vw - 376px), (min-width: 580px) calc(100vw - 32px), 100vw\" srcset=\"https:\/\/www.infobae.com\/new-resizer\/oXvK8moiNwOs2cP3monx_xkh59Y=\/420x280\/filters:format(webp):quality(85)\/cloudfront-us-east-1.images.arcpublishing.com\/infobae\/75PDF35JH23UREYXJNTD5GWB5Q.jpg 420w,https:\/\/www.infobae.com\/new-resizer\/HNSf3y7zlyGOYwWlOmnjIBlupko=\/768x512\/filters:format(webp):quality(85)\/cloudfront-us-east-1.images.arcpublishing.com\/infobae\/75PDF35JH23UREYXJNTD5GWB5Q.jpg 768w,https:\/\/www.infobae.com\/new-resizer\/1nGy-BdTzOY_qyt3V8P6VgUoZG8=\/992x661\/filters:format(webp):quality(85)\/cloudfront-us-east-1.images.arcpublishing.com\/infobae\/75PDF35JH23UREYXJNTD5GWB5Q.jpg 992w,https:\/\/www.infobae.com\/new-resizer\/ddk8Z0ITjUz6FEySvPuvIkpSFiw=\/1200x800\/filters:format(webp):quality(85)\/cloudfront-us-east-1.images.arcpublishing.com\/infobae\/75PDF35JH23UREYXJNTD5GWB5Q.jpg 1200w,https:\/\/www.infobae.com\/new-resizer\/6fDMIHkn0kHpPFuhHmySsNrtcwY=\/1440x960\/filters:format(webp):quality(85)\/cloudfront-us-east-1.images.arcpublishing.com\/infobae\/75PDF35JH23UREYXJNTD5GWB5Q.jpg 1440w\" alt=\"El consumo de energ\u00eda podr\u00eda llegar a los 30.700 megavatios (MW), m\u00e1s de 1.000 MW por encima del r\u00e9cord hist\u00f3rico registrado en febrero de este a\u00f1o (Reuters)\" width=\"800\" height=\"528\" data-src=\"https:\/\/www.infobae.com\/new-resizer\/oXvK8moiNwOs2cP3monx_xkh59Y=\/420x280\/filters:format(webp):quality(85)\/cloudfront-us-east-1.images.arcpublishing.com\/infobae\/75PDF35JH23UREYXJNTD5GWB5Q.jpg 420w\" \/><em>El consumo de energ\u00eda podr\u00eda llegar a los 30.700 megavatios (MW), m\u00e1s de 1.000 MW por encima del r\u00e9cord hist\u00f3rico registrado en febrero de este a\u00f1o (Reuters)<\/em><\/div>\n<p data-mrf-recirculation=\"Links inline\">\n<p class=\"paragraph\" data-mrf-recirculation=\"Links inline\">La administraci\u00f3n de\u00a0<b>Javier Milei<\/b>\u00a0podr\u00eda enfrentarse a un serio problema energ\u00e9tico durante el pr\u00f3ximo verano si no toma medidas de contingencia de forma inmediata, seg\u00fan estimaciones del sector. Un informe oficial fechado el 25 de junio advierte que la energ\u00eda producida en el parque local de generaci\u00f3n, sumadas a las importaciones de electricidad desde pa\u00edses vecinos,\u00a0<b>no alcanzar\u00eda para abastecer el pico de demanda previsto para los primeros meses de 2025<\/b>.<\/p>\n<p class=\"paragraph\" data-mrf-recirculation=\"Links inline\">El consumo de energ\u00eda podr\u00eda llegar a los 30.700 megavatios (MW), m\u00e1s de 1.000 MW por encima del r\u00e9cord hist\u00f3rico registrado en febrero de este a\u00f1o, seg\u00fan el informe de Cammesa al que tuvo acceso el portal especializado Econojournal. El an\u00e1lisis de la compa\u00f1\u00eda que administra el mercado el\u00e9ctrico mayorista y que es controlada por el gobierno sostuvo si se corrobora este escenario habr\u00e1 c<b>ortes masivos de suministro el\u00e9ctrico en el pa\u00eds<\/b>. El reporte elaborado por t\u00e9cnicos de Cammesa destaca que \u201cde no contar con la importaci\u00f3n considerada y agotando las reservas operativas, ser\u00e1 necesario realizar cortes a la demanda\u201d.<\/p>\n<div class=\"headline-wrapper\">\n<h2 class=\"header headline-class-h2\">Problemas en generaci\u00f3n y transmisi\u00f3n<\/h2>\n<\/div>\n<p class=\"paragraph\" data-mrf-recirculation=\"Links inline\">El informe de Cammesa se\u00f1ala que la generaci\u00f3n t\u00e9rmica, hidr\u00e1ulica, renovable y nuclear, m\u00e1s las importaciones, no alcanzar\u00e1 para abastecer la demanda ante las olas de calor cada vez m\u00e1s frecuentes. En los \u00faltimos a\u00f1os, la ciudad de Buenos Aires ha experimentado hasta seis olas de calor y 21 d\u00edas consecutivos de temperaturas superiores a 25\u00b0C. La proyecci\u00f3n realizada por la compa\u00f1\u00eda encargada del despacho se desprende tras la decisi\u00f3n de la Secretar\u00eda de Energ\u00eda de cancelar la licitaci\u00f3n TerConf, que preve\u00eda la ampliaci\u00f3n del parque termoel\u00e9ctrico con proyectos ya adjudicados.<\/p>\n<div class=\"blockquote\">\n<blockquote class=\"color_figcaption\"><p>\u201cDe no contar con la importaci\u00f3n considerada y agotando las reservas operativas, ser\u00e1 necesario realizar cortes a la demanda\u201d<\/p><\/blockquote>\n<\/div>\n<p class=\"paragraph\" data-mrf-recirculation=\"Links inline\">En base a la simulaci\u00f3n de los t\u00e9cnicos de la Compa\u00f1\u00eda Administradora del Mercado Mayorista El\u00e9ctrico (Cammesa), entre diciembre y marzo de 2025 el sistema el\u00e9ctrico nacional alcanzar\u00eda una demanda de potencia m\u00e1xima de entre 30.500 y 30.700 MW. Existe un riesgo de que no se puedan cubrir entre 1.000 y 3.000 MW, hasta el 10% del total, en los d\u00edas cercanos al r\u00e9cord.<\/p>\n<p class=\"paragraph\" data-mrf-recirculation=\"Links inline\">El informe resalta que \u201cen horario de m\u00e1xima demanda se operar\u00eda con reservas rotantes reducidas y en evidente riesgo de Energ\u00eda No Suministrada (ENS) para condici\u00f3n n-1\u2033. En la jerga del sector, \u201cn-1\u2033 se refiere al faltante de un elemento frente a la condici\u00f3n \u201cn\u201d de referencia (completa y sin restricciones). Por ejemplo, con todas las l\u00edneas de transmisi\u00f3n disponibles y en servicio, la condici\u00f3n es \u201cn\u201d, pero si una l\u00ednea sale de servicio se pasa a la condici\u00f3n \u201cn-1\u2033.<\/p>\n<p class=\"paragraph\" data-mrf-recirculation=\"Links inline\">Tras la\u00a0<b>cancelaci\u00f3n de la licitaci\u00f3n TerConf\u00a0<\/b>por parte la Secretar\u00eda de Energ\u00eda, que preve\u00eda la ampliaci\u00f3n del parque termoel\u00e9ctrico en 3.340 MW, el gobierno deber\u00e1 reaccionar r\u00e1pidamente para intentar robustecer el parque de generaci\u00f3n y el sistema de transmisi\u00f3n de energ\u00eda. Esta decisi\u00f3n es una de las causas principales del riesgo de apagones, ya que la licitaci\u00f3n hab\u00eda sido adjudicada por la administraci\u00f3n anterior en noviembre de 2023 para garantizar la confiabilidad del suministro en nodos cr\u00edticos como Buenos Aires.<\/p>\n<p class=\"paragraph\" data-mrf-recirculation=\"Links inline\">La cancelaci\u00f3n de la Terconf, que implicaba inversiones en torno a los USD 4.000 millones, dej\u00f3 malhumor en el sector que exige un nuevo esquema orientado a aumentar la generaci\u00f3n con cierta urgencia.<\/p>\n<div class=\"headline-wrapper\">\n<h2 class=\"header headline-class-h2\">Riesgos de cortes programados<\/h2>\n<\/div>\n<p class=\"paragraph\" data-mrf-recirculation=\"Links inline\">Seg\u00fan el documento oficial, la probabilidad de abastecer el pico m\u00e1ximo con las reservas requeridas es del 80,9%, lo que deja un 19% de probabilidad de necesitar medidas operativas adicionales, como disminuir la capacidad de reservas o iniciar cortes programados de energ\u00eda.<\/p>\n<p class=\"paragraph\" data-mrf-recirculation=\"Links inline\">De acuerdo con las simulaciones, si se contara con una oferta adicional de 3.000 MW, la capacidad m\u00e1xima de importaciones de Uruguay, Brasil, Paraguay, Bolivia y Chile, la probabilidad de cubrir el pico de demanda ascender\u00eda al 97%. Sin embargo, esta suposici\u00f3n depende de que todo el resto del sistema funcione tal cual lo previsto: m\u00e1xima disponibilidad de gas y combustibles l\u00edquidos para la generaci\u00f3n t\u00e9rmica, operaci\u00f3n normal en las centrales nucleares y los parques e\u00f3licos y solares, y uso del agua de las represas hidroel\u00e9ctricas.<\/p>\n<div class=\"visual__image\"><img loading=\"lazy\" decoding=\"async\" class=\"\" src=\"https:\/\/www.infobae.com\/new-resizer\/EW0GBmMKPtug_r4M2EMGnjYhX0g=\/420x236\/filters:format(webp):quality(85)\/cloudfront-us-east-1.images.arcpublishing.com\/infobae\/D37MXXNN4RFG5KD3JZO5O5ULSA.jpg%20420w\" sizes=\"auto, (min-width: 1560px) 856px, (min-width: 1000px) calc(74.63vw - 293px), (min-width: 780px) calc(100vw - 376px), (min-width: 580px) calc(100vw - 32px), 100vw\" srcset=\"https:\/\/www.infobae.com\/new-resizer\/EW0GBmMKPtug_r4M2EMGnjYhX0g=\/420x236\/filters:format(webp):quality(85)\/cloudfront-us-east-1.images.arcpublishing.com\/infobae\/D37MXXNN4RFG5KD3JZO5O5ULSA.jpg 420w,https:\/\/www.infobae.com\/new-resizer\/8aNhwkoRXTxGG-mszQvpy_raqHE=\/768x432\/filters:format(webp):quality(85)\/cloudfront-us-east-1.images.arcpublishing.com\/infobae\/D37MXXNN4RFG5KD3JZO5O5ULSA.jpg 768w,https:\/\/www.infobae.com\/new-resizer\/TA80LaQ3t1irBUuDlFtvsjsfL3g=\/992x558\/filters:format(webp):quality(85)\/cloudfront-us-east-1.images.arcpublishing.com\/infobae\/D37MXXNN4RFG5KD3JZO5O5ULSA.jpg 992w,https:\/\/www.infobae.com\/new-resizer\/DRd-CGKO0nVjsGYRChk5xkr7Vi0=\/1200x675\/filters:format(webp):quality(85)\/cloudfront-us-east-1.images.arcpublishing.com\/infobae\/D37MXXNN4RFG5KD3JZO5O5ULSA.jpg 1200w,https:\/\/www.infobae.com\/new-resizer\/uzc6hDhwBVUGVpdmc-SP5m5qE9Y=\/1440x810\/filters:format(webp):quality(85)\/cloudfront-us-east-1.images.arcpublishing.com\/infobae\/D37MXXNN4RFG5KD3JZO5O5ULSA.jpg 1440w\" alt=\"Los cortes de luz volvieron a golpear el \u00faltimo verano, pero por problemas en la distribuci\u00f3n. Ahora, podr\u00eda ser insuficiente tambi\u00e9n la generaci\u00f3n (Nicol\u00e1s Stulberg)\" width=\"1920\" height=\"1079\" data-src=\"https:\/\/www.infobae.com\/new-resizer\/EW0GBmMKPtug_r4M2EMGnjYhX0g=\/420x236\/filters:format(webp):quality(85)\/cloudfront-us-east-1.images.arcpublishing.com\/infobae\/D37MXXNN4RFG5KD3JZO5O5ULSA.jpg 420w\" \/><em>Los cortes de luz volvieron a golpear el \u00faltimo verano, pero por problemas en la distribuci\u00f3n. Ahora, podr\u00eda ser insuficiente tambi\u00e9n la generaci\u00f3n (Nicol\u00e1s Stulberg)<\/em><\/div>\n<p data-mrf-recirculation=\"Links inline\">\n<p class=\"paragraph\" data-mrf-recirculation=\"Links inline\">La situaci\u00f3n se agrava por los problemas financieros de las generadoras de energ\u00eda. Estas empresas est\u00e1n al l\u00edmite en sus finanzas debido al pago de la energ\u00eda con un bono en d\u00f3lares (el AE38D) y un recorte del 50% efectivo en lugar de la cancelaci\u00f3n de subsidios. Esta decisi\u00f3n, aceptada de mala gana por las empresas, les achic\u00f3 su caja para financiar inversiones de mantenimiento en sus m\u00e1quinas, aumentando el riesgo de que no est\u00e9n disponibles cuando m\u00e1s se las necesita.<\/p>\n<p class=\"paragraph\" data-mrf-recirculation=\"Links inline\">Adem\u00e1s, la cancelaci\u00f3n de la licitaci\u00f3n TerConf ha retrasado proyectos esenciales para aumentar la capacidad de generaci\u00f3n y transmisi\u00f3n de energ\u00eda. El sistema de obras AMBA I y AMBA II, que contaba con financiamiento de China por unos 1.300 millones de d\u00f3lares, se cay\u00f3 debido a la decisi\u00f3n de Javier Milei de enfriar la relaci\u00f3n pol\u00edtica y comercial con el r\u00e9gimen comunista. Estas obras inclu\u00edan las estaciones transformadoras Plomer y Smith, en las afueras del Gran Buenos Aires, cuya falta de implementaci\u00f3n podr\u00eda agravar los problemas de suministro en la regi\u00f3n.<\/p>\n<p class=\"paragraph\" data-mrf-recirculation=\"Links inline\">El informe destaca que los principales problemas podr\u00edan ocurrir entre la semana 9 y 10 de 2025, del 27 de febrero al 12 de marzo. En ese per\u00edodo, el Gran Buenos Aires podr\u00eda superar la demanda de 11.200 MW de marzo de 2023 y tener sobrecargas en sus l\u00edneas de alta tensi\u00f3n, con una capacidad de generaci\u00f3n al l\u00edmite.<\/p>\n<\/div>\n<p data-mrf-recirculation=\"Links inline\">\n<p data-mrf-recirculation=\"Links inline\">\n<p data-mrf-recirculation=\"Links inline\"><em><strong>Fuente Infobae<\/strong><\/em><\/p>\n","protected":false},"excerpt":{"rendered":"<p>La compa\u00f1\u00eda que administra el mercado el\u00e9ctrico mayorista en la Argentina estima que en febrero habr\u00e1 un pico de consumo r\u00e9cord que har\u00e1 insuficiente la energ\u00eda producida en el sistema<\/p>\n","protected":false},"author":3,"featured_media":85470,"comment_status":"closed","ping_status":"closed","sticky":false,"template":"","format":"standard","meta":{"footnotes":""},"categories":[36,26,33],"tags":[48],"class_list":["post-105202","post","type-post","status-publish","format-standard","has-post-thumbnail","hentry","category-economia","category-sociedad","category-turismo","tag-destacada"],"yoast_head":"<!-- This site is optimized with the Yoast SEO plugin v25.9 - https:\/\/yoast.com\/wordpress\/plugins\/seo\/ -->\n<title>Un informe de Cammesa alert\u00f3 que puede haber cortes masivos de luz en el verano - Noticias Radio Reflejos<\/title>\n<meta name=\"robots\" content=\"index, follow, max-snippet:-1, max-image-preview:large, max-video-preview:-1\" \/>\n<link rel=\"canonical\" href=\"https:\/\/www.noticiasradioreflejos.com.ar\/2021\/un-informe-de-cammesa-alerto-que-puede-haber-cortes-masivos-de-luz-en-el-verano\/\" \/>\n<meta property=\"og:locale\" content=\"es_ES\" \/>\n<meta property=\"og:type\" content=\"article\" \/>\n<meta property=\"og:title\" content=\"Un informe de Cammesa alert\u00f3 que puede haber cortes masivos de luz en el verano - Noticias Radio Reflejos\" \/>\n<meta property=\"og:description\" content=\"La compa\u00f1\u00eda que administra el mercado el\u00e9ctrico mayorista en la Argentina estima que en febrero habr\u00e1 un pico de consumo r\u00e9cord que har\u00e1 insuficiente la energ\u00eda producida en el sistema\" \/>\n<meta property=\"og:url\" content=\"https:\/\/www.noticiasradioreflejos.com.ar\/2021\/un-informe-de-cammesa-alerto-que-puede-haber-cortes-masivos-de-luz-en-el-verano\/\" \/>\n<meta property=\"og:site_name\" content=\"Noticias Radio Reflejos\" \/>\n<meta property=\"article:published_time\" content=\"2024-07-18T14:40:26+00:00\" \/>\n<meta property=\"og:image\" content=\"https:\/\/www.noticiasradioreflejos.com.ar\/2021\/wp-content\/uploads\/2023\/03\/electricidad.jpg\" \/>\n\t<meta property=\"og:image:width\" content=\"730\" \/>\n\t<meta property=\"og:image:height\" content=\"411\" \/>\n\t<meta property=\"og:image:type\" content=\"image\/jpeg\" \/>\n<meta name=\"author\" content=\"Arnaldo Botto\" \/>\n<meta name=\"twitter:card\" content=\"summary_large_image\" \/>\n<script type=\"application\/ld+json\" class=\"yoast-schema-graph\">{\"@context\":\"https:\/\/schema.org\",\"@graph\":[{\"@type\":\"WebPage\",\"@id\":\"https:\/\/www.noticiasradioreflejos.com.ar\/2021\/un-informe-de-cammesa-alerto-que-puede-haber-cortes-masivos-de-luz-en-el-verano\/\",\"url\":\"https:\/\/www.noticiasradioreflejos.com.ar\/2021\/un-informe-de-cammesa-alerto-que-puede-haber-cortes-masivos-de-luz-en-el-verano\/\",\"name\":\"Un informe de Cammesa alert\u00f3 que puede haber cortes masivos de luz en el verano - Noticias Radio Reflejos\",\"isPartOf\":{\"@id\":\"https:\/\/www.noticiasradioreflejos.com.ar\/2021\/#website\"},\"primaryImageOfPage\":{\"@id\":\"https:\/\/www.noticiasradioreflejos.com.ar\/2021\/un-informe-de-cammesa-alerto-que-puede-haber-cortes-masivos-de-luz-en-el-verano\/#primaryimage\"},\"image\":{\"@id\":\"https:\/\/www.noticiasradioreflejos.com.ar\/2021\/un-informe-de-cammesa-alerto-que-puede-haber-cortes-masivos-de-luz-en-el-verano\/#primaryimage\"},\"thumbnailUrl\":\"https:\/\/www.noticiasradioreflejos.com.ar\/2021\/wp-content\/uploads\/2023\/03\/electricidad.jpg\",\"datePublished\":\"2024-07-18T14:40:26+00:00\",\"author\":{\"@id\":\"https:\/\/www.noticiasradioreflejos.com.ar\/2021\/#\/schema\/person\/ad82545263dcc5ec0996818884fd5fb1\"},\"breadcrumb\":{\"@id\":\"https:\/\/www.noticiasradioreflejos.com.ar\/2021\/un-informe-de-cammesa-alerto-que-puede-haber-cortes-masivos-de-luz-en-el-verano\/#breadcrumb\"},\"inLanguage\":\"es\",\"potentialAction\":[{\"@type\":\"ReadAction\",\"target\":[\"https:\/\/www.noticiasradioreflejos.com.ar\/2021\/un-informe-de-cammesa-alerto-que-puede-haber-cortes-masivos-de-luz-en-el-verano\/\"]}]},{\"@type\":\"ImageObject\",\"inLanguage\":\"es\",\"@id\":\"https:\/\/www.noticiasradioreflejos.com.ar\/2021\/un-informe-de-cammesa-alerto-que-puede-haber-cortes-masivos-de-luz-en-el-verano\/#primaryimage\",\"url\":\"https:\/\/www.noticiasradioreflejos.com.ar\/2021\/wp-content\/uploads\/2023\/03\/electricidad.jpg\",\"contentUrl\":\"https:\/\/www.noticiasradioreflejos.com.ar\/2021\/wp-content\/uploads\/2023\/03\/electricidad.jpg\",\"width\":730,\"height\":411},{\"@type\":\"BreadcrumbList\",\"@id\":\"https:\/\/www.noticiasradioreflejos.com.ar\/2021\/un-informe-de-cammesa-alerto-que-puede-haber-cortes-masivos-de-luz-en-el-verano\/#breadcrumb\",\"itemListElement\":[{\"@type\":\"ListItem\",\"position\":1,\"name\":\"Portada\",\"item\":\"https:\/\/www.noticiasradioreflejos.com.ar\/2021\/\"},{\"@type\":\"ListItem\",\"position\":2,\"name\":\"Un informe de Cammesa alert\u00f3 que puede haber cortes masivos de luz en el verano\"}]},{\"@type\":\"WebSite\",\"@id\":\"https:\/\/www.noticiasradioreflejos.com.ar\/2021\/#website\",\"url\":\"https:\/\/www.noticiasradioreflejos.com.ar\/2021\/\",\"name\":\"Noticias Radio Reflejos\",\"description\":\"Las noticias de mi comarca\",\"potentialAction\":[{\"@type\":\"SearchAction\",\"target\":{\"@type\":\"EntryPoint\",\"urlTemplate\":\"https:\/\/www.noticiasradioreflejos.com.ar\/2021\/?s={search_term_string}\"},\"query-input\":{\"@type\":\"PropertyValueSpecification\",\"valueRequired\":true,\"valueName\":\"search_term_string\"}}],\"inLanguage\":\"es\"},{\"@type\":\"Person\",\"@id\":\"https:\/\/www.noticiasradioreflejos.com.ar\/2021\/#\/schema\/person\/ad82545263dcc5ec0996818884fd5fb1\",\"name\":\"Arnaldo Botto\",\"image\":{\"@type\":\"ImageObject\",\"inLanguage\":\"es\",\"@id\":\"https:\/\/www.noticiasradioreflejos.com.ar\/2021\/#\/schema\/person\/image\/\",\"url\":\"https:\/\/secure.gravatar.com\/avatar\/55cb5e37c1efa326397366e6974cb338056df65cb50e7d64d1cf314e87504837?s=96&d=mm&r=g\",\"contentUrl\":\"https:\/\/secure.gravatar.com\/avatar\/55cb5e37c1efa326397366e6974cb338056df65cb50e7d64d1cf314e87504837?s=96&d=mm&r=g\",\"caption\":\"Arnaldo Botto\"},\"url\":\"https:\/\/www.noticiasradioreflejos.com.ar\/2021\/author\/arnaldo\/\"}]}<\/script>\n<!-- \/ Yoast SEO plugin. -->","yoast_head_json":{"title":"Un informe de Cammesa alert\u00f3 que puede haber cortes masivos de luz en el verano - Noticias Radio Reflejos","robots":{"index":"index","follow":"follow","max-snippet":"max-snippet:-1","max-image-preview":"max-image-preview:large","max-video-preview":"max-video-preview:-1"},"canonical":"https:\/\/www.noticiasradioreflejos.com.ar\/2021\/un-informe-de-cammesa-alerto-que-puede-haber-cortes-masivos-de-luz-en-el-verano\/","og_locale":"es_ES","og_type":"article","og_title":"Un informe de Cammesa alert\u00f3 que puede haber cortes masivos de luz en el verano - Noticias Radio Reflejos","og_description":"La compa\u00f1\u00eda que administra el mercado el\u00e9ctrico mayorista en la Argentina estima que en febrero habr\u00e1 un pico de consumo r\u00e9cord que har\u00e1 insuficiente la energ\u00eda producida en el sistema","og_url":"https:\/\/www.noticiasradioreflejos.com.ar\/2021\/un-informe-de-cammesa-alerto-que-puede-haber-cortes-masivos-de-luz-en-el-verano\/","og_site_name":"Noticias Radio Reflejos","article_published_time":"2024-07-18T14:40:26+00:00","og_image":[{"width":730,"height":411,"url":"https:\/\/www.noticiasradioreflejos.com.ar\/2021\/wp-content\/uploads\/2023\/03\/electricidad.jpg","type":"image\/jpeg"}],"author":"Arnaldo Botto","twitter_card":"summary_large_image","schema":{"@context":"https:\/\/schema.org","@graph":[{"@type":"WebPage","@id":"https:\/\/www.noticiasradioreflejos.com.ar\/2021\/un-informe-de-cammesa-alerto-que-puede-haber-cortes-masivos-de-luz-en-el-verano\/","url":"https:\/\/www.noticiasradioreflejos.com.ar\/2021\/un-informe-de-cammesa-alerto-que-puede-haber-cortes-masivos-de-luz-en-el-verano\/","name":"Un informe de Cammesa alert\u00f3 que puede haber cortes masivos de luz en el verano - Noticias Radio Reflejos","isPartOf":{"@id":"https:\/\/www.noticiasradioreflejos.com.ar\/2021\/#website"},"primaryImageOfPage":{"@id":"https:\/\/www.noticiasradioreflejos.com.ar\/2021\/un-informe-de-cammesa-alerto-que-puede-haber-cortes-masivos-de-luz-en-el-verano\/#primaryimage"},"image":{"@id":"https:\/\/www.noticiasradioreflejos.com.ar\/2021\/un-informe-de-cammesa-alerto-que-puede-haber-cortes-masivos-de-luz-en-el-verano\/#primaryimage"},"thumbnailUrl":"https:\/\/www.noticiasradioreflejos.com.ar\/2021\/wp-content\/uploads\/2023\/03\/electricidad.jpg","datePublished":"2024-07-18T14:40:26+00:00","author":{"@id":"https:\/\/www.noticiasradioreflejos.com.ar\/2021\/#\/schema\/person\/ad82545263dcc5ec0996818884fd5fb1"},"breadcrumb":{"@id":"https:\/\/www.noticiasradioreflejos.com.ar\/2021\/un-informe-de-cammesa-alerto-que-puede-haber-cortes-masivos-de-luz-en-el-verano\/#breadcrumb"},"inLanguage":"es","potentialAction":[{"@type":"ReadAction","target":["https:\/\/www.noticiasradioreflejos.com.ar\/2021\/un-informe-de-cammesa-alerto-que-puede-haber-cortes-masivos-de-luz-en-el-verano\/"]}]},{"@type":"ImageObject","inLanguage":"es","@id":"https:\/\/www.noticiasradioreflejos.com.ar\/2021\/un-informe-de-cammesa-alerto-que-puede-haber-cortes-masivos-de-luz-en-el-verano\/#primaryimage","url":"https:\/\/www.noticiasradioreflejos.com.ar\/2021\/wp-content\/uploads\/2023\/03\/electricidad.jpg","contentUrl":"https:\/\/www.noticiasradioreflejos.com.ar\/2021\/wp-content\/uploads\/2023\/03\/electricidad.jpg","width":730,"height":411},{"@type":"BreadcrumbList","@id":"https:\/\/www.noticiasradioreflejos.com.ar\/2021\/un-informe-de-cammesa-alerto-que-puede-haber-cortes-masivos-de-luz-en-el-verano\/#breadcrumb","itemListElement":[{"@type":"ListItem","position":1,"name":"Portada","item":"https:\/\/www.noticiasradioreflejos.com.ar\/2021\/"},{"@type":"ListItem","position":2,"name":"Un informe de Cammesa alert\u00f3 que puede haber cortes masivos de luz en el verano"}]},{"@type":"WebSite","@id":"https:\/\/www.noticiasradioreflejos.com.ar\/2021\/#website","url":"https:\/\/www.noticiasradioreflejos.com.ar\/2021\/","name":"Noticias Radio Reflejos","description":"Las noticias de mi comarca","potentialAction":[{"@type":"SearchAction","target":{"@type":"EntryPoint","urlTemplate":"https:\/\/www.noticiasradioreflejos.com.ar\/2021\/?s={search_term_string}"},"query-input":{"@type":"PropertyValueSpecification","valueRequired":true,"valueName":"search_term_string"}}],"inLanguage":"es"},{"@type":"Person","@id":"https:\/\/www.noticiasradioreflejos.com.ar\/2021\/#\/schema\/person\/ad82545263dcc5ec0996818884fd5fb1","name":"Arnaldo Botto","image":{"@type":"ImageObject","inLanguage":"es","@id":"https:\/\/www.noticiasradioreflejos.com.ar\/2021\/#\/schema\/person\/image\/","url":"https:\/\/secure.gravatar.com\/avatar\/55cb5e37c1efa326397366e6974cb338056df65cb50e7d64d1cf314e87504837?s=96&d=mm&r=g","contentUrl":"https:\/\/secure.gravatar.com\/avatar\/55cb5e37c1efa326397366e6974cb338056df65cb50e7d64d1cf314e87504837?s=96&d=mm&r=g","caption":"Arnaldo Botto"},"url":"https:\/\/www.noticiasradioreflejos.com.ar\/2021\/author\/arnaldo\/"}]}},"_links":{"self":[{"href":"https:\/\/www.noticiasradioreflejos.com.ar\/2021\/wp-json\/wp\/v2\/posts\/105202","targetHints":{"allow":["GET"]}}],"collection":[{"href":"https:\/\/www.noticiasradioreflejos.com.ar\/2021\/wp-json\/wp\/v2\/posts"}],"about":[{"href":"https:\/\/www.noticiasradioreflejos.com.ar\/2021\/wp-json\/wp\/v2\/types\/post"}],"author":[{"embeddable":true,"href":"https:\/\/www.noticiasradioreflejos.com.ar\/2021\/wp-json\/wp\/v2\/users\/3"}],"replies":[{"embeddable":true,"href":"https:\/\/www.noticiasradioreflejos.com.ar\/2021\/wp-json\/wp\/v2\/comments?post=105202"}],"version-history":[{"count":1,"href":"https:\/\/www.noticiasradioreflejos.com.ar\/2021\/wp-json\/wp\/v2\/posts\/105202\/revisions"}],"predecessor-version":[{"id":105203,"href":"https:\/\/www.noticiasradioreflejos.com.ar\/2021\/wp-json\/wp\/v2\/posts\/105202\/revisions\/105203"}],"wp:featuredmedia":[{"embeddable":true,"href":"https:\/\/www.noticiasradioreflejos.com.ar\/2021\/wp-json\/wp\/v2\/media\/85470"}],"wp:attachment":[{"href":"https:\/\/www.noticiasradioreflejos.com.ar\/2021\/wp-json\/wp\/v2\/media?parent=105202"}],"wp:term":[{"taxonomy":"category","embeddable":true,"href":"https:\/\/www.noticiasradioreflejos.com.ar\/2021\/wp-json\/wp\/v2\/categories?post=105202"},{"taxonomy":"post_tag","embeddable":true,"href":"https:\/\/www.noticiasradioreflejos.com.ar\/2021\/wp-json\/wp\/v2\/tags?post=105202"}],"curies":[{"name":"wp","href":"https:\/\/api.w.org\/{rel}","templated":true}]}}