{"id":105122,"date":"2024-07-17T10:27:18","date_gmt":"2024-07-17T13:27:18","guid":{"rendered":"https:\/\/www.noticiasradioreflejos.com.ar\/2021\/?p=105122"},"modified":"2024-07-17T10:27:18","modified_gmt":"2024-07-17T13:27:18","slug":"con-la-presencia-de-la-ministra-de-ambiente-este-jueves-se-inaugurara-el-parque-ambiental-de-tornquist","status":"publish","type":"post","link":"https:\/\/www.noticiasradioreflejos.com.ar\/2021\/con-la-presencia-de-la-ministra-de-ambiente-este-jueves-se-inaugurara-el-parque-ambiental-de-tornquist\/","title":{"rendered":"Con la presencia de la Ministra de Ambiente este jueves se inaugurar\u00e1 el Parque Ambiental de Tornquist"},"content":{"rendered":"<p>Con la visita de la Ministra de Ambiente de la Provincia de Buenos Aires, Daniela Vilar, el jueves 18 venidero se inaugurar\u00e1 oficialmente el Parque Ambiental de Tornquist, ubicado en Av. Lavalle al 900.<!--more--><\/p>\n<p>La jornada, que contar\u00e1 con la presencia de la intendenta interina, Estefan\u00eda Bordoni, y miembros del gabinete ejecutivo, se desarrollar\u00e1 en el marco de \u2018Ambiente en tu Barrio\u2019, que se llevar\u00e1 adelante durante cuatro d\u00edas con talleres de reciclaje, compostaje y huerta org\u00e1nica.<\/p>\n<p>Durante los d\u00edas 18 y 19, la actividad se concentrar\u00e1 en el Parque Ambiental, mientras que el 20 y el 21, tendr\u00e1 lugar en el Parque Provincial \u2018Ernesto Tornquist\u2019.<\/p>\n<p>\u2018Ambiente en tu Barrio\u2019 es una propuesta dise\u00f1ada para acercar la educaci\u00f3n ambiental a todos los barrios de la provincia. Con un stand interactivo, cuenta con propuestas y talleres para que los vecinos y vecinas tengan la posibilidad de conocer y experimentar con nuevos h\u00e1bitos y pr\u00e1cticas m\u00e1s amigables con el ambiente.<\/p>\n<p>Desde un muestrario de pl\u00e1sticos, huertas, plantas nativas, alimentaci\u00f3n saludable, hasta los talleres de compost y separaci\u00f3n en origen, todos y todas, desde los m\u00e1s chicos hasta los m\u00e1s grandes, tienen cosas que aprender. Por eso, con distintos abordajes y modalidades, se pretende acercar la educaci\u00f3n ambiental desde el encuentro y el disfrute.<\/p>\n<p>&nbsp;<\/p>\n<h4>Cronograma de actividades:<\/h4>\n<p>&nbsp;<\/p>\n<p>Jueves 18<\/p>\n<p>-11 hs: Taller de Humedales (Aula Ambiental).<\/p>\n<p>-14 hs: Taller de Compost (Aula Ambiental).<\/p>\n<p>-17hs: Inauguraci\u00f3n Parque<\/p>\n<p>Viernes 19<\/p>\n<p>-11 hs: Taller de Energ\u00edas Limpias (Aula Ambiental).<\/p>\n<p>-14 hs Taller de Nativas (Aula Ambiental).<\/p>\n<p>S\u00e1bado 20 (Parque Provincial)<\/p>\n<p>\u2060-11 hs: Taller de Energ\u00edas Limpias.<\/p>\n<p>-14 hs: Taller sobre RSU (Separaci\u00f3n de Residuos en Origen)<\/p>\n<p>Domingo 21 (Parque Provincial)<\/p>\n<p>\u2060-11 hs: Taller de Energ\u00edas Limpias.<\/p>\n<p>\u2060-14 hs: Taller sobre RSU (Separaci\u00f3n de Residuos en Origen)<\/p>\n","protected":false},"excerpt":{"rendered":"<p>Con la visita de la Ministra de Ambiente de la Provincia de Buenos Aires, Daniela Vilar, el jueves 18 venidero se inaugurar\u00e1 oficialmente el Parque Ambiental de Tornquist, ubicado en Av. Lavalle al 900.<\/p>\n","protected":false},"author":3,"featured_media":102620,"comment_status":"closed","ping_status":"closed","sticky":false,"template":"","format":"standard","meta":{"footnotes":""},"categories":[28],"tags":[48],"class_list":["post-105122","post","type-post","status-publish","format-standard","has-post-thumbnail","hentry","category-municipales","tag-destacada"],"yoast_head":"<!-- This site is optimized with the Yoast SEO plugin v25.9 - https:\/\/yoast.com\/wordpress\/plugins\/seo\/ -->\n<title>Con la presencia de la Ministra de Ambiente este jueves se inaugurar\u00e1 el Parque Ambiental de Tornquist - Noticias Radio Reflejos<\/title>\n<meta name=\"robots\" content=\"index, follow, max-snippet:-1, max-image-preview:large, max-video-preview:-1\" \/>\n<link rel=\"canonical\" href=\"https:\/\/www.noticiasradioreflejos.com.ar\/2021\/con-la-presencia-de-la-ministra-de-ambiente-este-jueves-se-inaugurara-el-parque-ambiental-de-tornquist\/\" \/>\n<meta property=\"og:locale\" content=\"es_ES\" \/>\n<meta property=\"og:type\" content=\"article\" \/>\n<meta property=\"og:title\" content=\"Con la presencia de la Ministra de Ambiente este jueves se inaugurar\u00e1 el Parque Ambiental de Tornquist - Noticias Radio Reflejos\" \/>\n<meta property=\"og:description\" content=\"Con la visita de la Ministra de Ambiente de la Provincia de Buenos Aires, Daniela Vilar, el jueves 18 venidero se inaugurar\u00e1 oficialmente el Parque Ambiental de Tornquist, ubicado en Av. Lavalle al 900.\" \/>\n<meta property=\"og:url\" content=\"https:\/\/www.noticiasradioreflejos.com.ar\/2021\/con-la-presencia-de-la-ministra-de-ambiente-este-jueves-se-inaugurara-el-parque-ambiental-de-tornquist\/\" \/>\n<meta property=\"og:site_name\" content=\"Noticias Radio Reflejos\" \/>\n<meta property=\"article:published_time\" content=\"2024-07-17T13:27:18+00:00\" \/>\n<meta property=\"og:image\" content=\"https:\/\/www.noticiasradioreflejos.com.ar\/2021\/wp-content\/uploads\/2024\/05\/parque-Lainez-3.jpeg\" \/>\n\t<meta property=\"og:image:width\" content=\"1600\" \/>\n\t<meta property=\"og:image:height\" content=\"900\" \/>\n\t<meta property=\"og:image:type\" content=\"image\/jpeg\" \/>\n<meta name=\"author\" content=\"Arnaldo Botto\" \/>\n<meta name=\"twitter:card\" content=\"summary_large_image\" \/>\n<script type=\"application\/ld+json\" class=\"yoast-schema-graph\">{\"@context\":\"https:\/\/schema.org\",\"@graph\":[{\"@type\":\"WebPage\",\"@id\":\"https:\/\/www.noticiasradioreflejos.com.ar\/2021\/con-la-presencia-de-la-ministra-de-ambiente-este-jueves-se-inaugurara-el-parque-ambiental-de-tornquist\/\",\"url\":\"https:\/\/www.noticiasradioreflejos.com.ar\/2021\/con-la-presencia-de-la-ministra-de-ambiente-este-jueves-se-inaugurara-el-parque-ambiental-de-tornquist\/\",\"name\":\"Con la presencia de la Ministra de Ambiente este jueves se inaugurar\u00e1 el Parque Ambiental de Tornquist - Noticias Radio Reflejos\",\"isPartOf\":{\"@id\":\"https:\/\/www.noticiasradioreflejos.com.ar\/2021\/#website\"},\"primaryImageOfPage\":{\"@id\":\"https:\/\/www.noticiasradioreflejos.com.ar\/2021\/con-la-presencia-de-la-ministra-de-ambiente-este-jueves-se-inaugurara-el-parque-ambiental-de-tornquist\/#primaryimage\"},\"image\":{\"@id\":\"https:\/\/www.noticiasradioreflejos.com.ar\/2021\/con-la-presencia-de-la-ministra-de-ambiente-este-jueves-se-inaugurara-el-parque-ambiental-de-tornquist\/#primaryimage\"},\"thumbnailUrl\":\"https:\/\/www.noticiasradioreflejos.com.ar\/2021\/wp-content\/uploads\/2024\/05\/parque-Lainez-3.jpeg\",\"datePublished\":\"2024-07-17T13:27:18+00:00\",\"author\":{\"@id\":\"https:\/\/www.noticiasradioreflejos.com.ar\/2021\/#\/schema\/person\/ad82545263dcc5ec0996818884fd5fb1\"},\"breadcrumb\":{\"@id\":\"https:\/\/www.noticiasradioreflejos.com.ar\/2021\/con-la-presencia-de-la-ministra-de-ambiente-este-jueves-se-inaugurara-el-parque-ambiental-de-tornquist\/#breadcrumb\"},\"inLanguage\":\"es\",\"potentialAction\":[{\"@type\":\"ReadAction\",\"target\":[\"https:\/\/www.noticiasradioreflejos.com.ar\/2021\/con-la-presencia-de-la-ministra-de-ambiente-este-jueves-se-inaugurara-el-parque-ambiental-de-tornquist\/\"]}]},{\"@type\":\"ImageObject\",\"inLanguage\":\"es\",\"@id\":\"https:\/\/www.noticiasradioreflejos.com.ar\/2021\/con-la-presencia-de-la-ministra-de-ambiente-este-jueves-se-inaugurara-el-parque-ambiental-de-tornquist\/#primaryimage\",\"url\":\"https:\/\/www.noticiasradioreflejos.com.ar\/2021\/wp-content\/uploads\/2024\/05\/parque-Lainez-3.jpeg\",\"contentUrl\":\"https:\/\/www.noticiasradioreflejos.com.ar\/2021\/wp-content\/uploads\/2024\/05\/parque-Lainez-3.jpeg\",\"width\":1600,\"height\":900},{\"@type\":\"BreadcrumbList\",\"@id\":\"https:\/\/www.noticiasradioreflejos.com.ar\/2021\/con-la-presencia-de-la-ministra-de-ambiente-este-jueves-se-inaugurara-el-parque-ambiental-de-tornquist\/#breadcrumb\",\"itemListElement\":[{\"@type\":\"ListItem\",\"position\":1,\"name\":\"Portada\",\"item\":\"https:\/\/www.noticiasradioreflejos.com.ar\/2021\/\"},{\"@type\":\"ListItem\",\"position\":2,\"name\":\"Con la presencia de la Ministra de Ambiente este jueves se inaugurar\u00e1 el Parque Ambiental de Tornquist\"}]},{\"@type\":\"WebSite\",\"@id\":\"https:\/\/www.noticiasradioreflejos.com.ar\/2021\/#website\",\"url\":\"https:\/\/www.noticiasradioreflejos.com.ar\/2021\/\",\"name\":\"Noticias Radio Reflejos\",\"description\":\"Las noticias de mi comarca\",\"potentialAction\":[{\"@type\":\"SearchAction\",\"target\":{\"@type\":\"EntryPoint\",\"urlTemplate\":\"https:\/\/www.noticiasradioreflejos.com.ar\/2021\/?s={search_term_string}\"},\"query-input\":{\"@type\":\"PropertyValueSpecification\",\"valueRequired\":true,\"valueName\":\"search_term_string\"}}],\"inLanguage\":\"es\"},{\"@type\":\"Person\",\"@id\":\"https:\/\/www.noticiasradioreflejos.com.ar\/2021\/#\/schema\/person\/ad82545263dcc5ec0996818884fd5fb1\",\"name\":\"Arnaldo Botto\",\"image\":{\"@type\":\"ImageObject\",\"inLanguage\":\"es\",\"@id\":\"https:\/\/www.noticiasradioreflejos.com.ar\/2021\/#\/schema\/person\/image\/\",\"url\":\"https:\/\/secure.gravatar.com\/avatar\/55cb5e37c1efa326397366e6974cb338056df65cb50e7d64d1cf314e87504837?s=96&d=mm&r=g\",\"contentUrl\":\"https:\/\/secure.gravatar.com\/avatar\/55cb5e37c1efa326397366e6974cb338056df65cb50e7d64d1cf314e87504837?s=96&d=mm&r=g\",\"caption\":\"Arnaldo Botto\"},\"url\":\"https:\/\/www.noticiasradioreflejos.com.ar\/2021\/author\/arnaldo\/\"}]}<\/script>\n<!-- \/ Yoast SEO plugin. -->","yoast_head_json":{"title":"Con la presencia de la Ministra de Ambiente este jueves se inaugurar\u00e1 el Parque Ambiental de Tornquist - Noticias Radio Reflejos","robots":{"index":"index","follow":"follow","max-snippet":"max-snippet:-1","max-image-preview":"max-image-preview:large","max-video-preview":"max-video-preview:-1"},"canonical":"https:\/\/www.noticiasradioreflejos.com.ar\/2021\/con-la-presencia-de-la-ministra-de-ambiente-este-jueves-se-inaugurara-el-parque-ambiental-de-tornquist\/","og_locale":"es_ES","og_type":"article","og_title":"Con la presencia de la Ministra de Ambiente este jueves se inaugurar\u00e1 el Parque Ambiental de Tornquist - Noticias Radio Reflejos","og_description":"Con la visita de la Ministra de Ambiente de la Provincia de Buenos Aires, Daniela Vilar, el jueves 18 venidero se inaugurar\u00e1 oficialmente el Parque Ambiental de Tornquist, ubicado en Av. Lavalle al 900.","og_url":"https:\/\/www.noticiasradioreflejos.com.ar\/2021\/con-la-presencia-de-la-ministra-de-ambiente-este-jueves-se-inaugurara-el-parque-ambiental-de-tornquist\/","og_site_name":"Noticias Radio Reflejos","article_published_time":"2024-07-17T13:27:18+00:00","og_image":[{"width":1600,"height":900,"url":"https:\/\/www.noticiasradioreflejos.com.ar\/2021\/wp-content\/uploads\/2024\/05\/parque-Lainez-3.jpeg","type":"image\/jpeg"}],"author":"Arnaldo Botto","twitter_card":"summary_large_image","schema":{"@context":"https:\/\/schema.org","@graph":[{"@type":"WebPage","@id":"https:\/\/www.noticiasradioreflejos.com.ar\/2021\/con-la-presencia-de-la-ministra-de-ambiente-este-jueves-se-inaugurara-el-parque-ambiental-de-tornquist\/","url":"https:\/\/www.noticiasradioreflejos.com.ar\/2021\/con-la-presencia-de-la-ministra-de-ambiente-este-jueves-se-inaugurara-el-parque-ambiental-de-tornquist\/","name":"Con la presencia de la Ministra de Ambiente este jueves se inaugurar\u00e1 el Parque Ambiental de Tornquist - Noticias Radio Reflejos","isPartOf":{"@id":"https:\/\/www.noticiasradioreflejos.com.ar\/2021\/#website"},"primaryImageOfPage":{"@id":"https:\/\/www.noticiasradioreflejos.com.ar\/2021\/con-la-presencia-de-la-ministra-de-ambiente-este-jueves-se-inaugurara-el-parque-ambiental-de-tornquist\/#primaryimage"},"image":{"@id":"https:\/\/www.noticiasradioreflejos.com.ar\/2021\/con-la-presencia-de-la-ministra-de-ambiente-este-jueves-se-inaugurara-el-parque-ambiental-de-tornquist\/#primaryimage"},"thumbnailUrl":"https:\/\/www.noticiasradioreflejos.com.ar\/2021\/wp-content\/uploads\/2024\/05\/parque-Lainez-3.jpeg","datePublished":"2024-07-17T13:27:18+00:00","author":{"@id":"https:\/\/www.noticiasradioreflejos.com.ar\/2021\/#\/schema\/person\/ad82545263dcc5ec0996818884fd5fb1"},"breadcrumb":{"@id":"https:\/\/www.noticiasradioreflejos.com.ar\/2021\/con-la-presencia-de-la-ministra-de-ambiente-este-jueves-se-inaugurara-el-parque-ambiental-de-tornquist\/#breadcrumb"},"inLanguage":"es","potentialAction":[{"@type":"ReadAction","target":["https:\/\/www.noticiasradioreflejos.com.ar\/2021\/con-la-presencia-de-la-ministra-de-ambiente-este-jueves-se-inaugurara-el-parque-ambiental-de-tornquist\/"]}]},{"@type":"ImageObject","inLanguage":"es","@id":"https:\/\/www.noticiasradioreflejos.com.ar\/2021\/con-la-presencia-de-la-ministra-de-ambiente-este-jueves-se-inaugurara-el-parque-ambiental-de-tornquist\/#primaryimage","url":"https:\/\/www.noticiasradioreflejos.com.ar\/2021\/wp-content\/uploads\/2024\/05\/parque-Lainez-3.jpeg","contentUrl":"https:\/\/www.noticiasradioreflejos.com.ar\/2021\/wp-content\/uploads\/2024\/05\/parque-Lainez-3.jpeg","width":1600,"height":900},{"@type":"BreadcrumbList","@id":"https:\/\/www.noticiasradioreflejos.com.ar\/2021\/con-la-presencia-de-la-ministra-de-ambiente-este-jueves-se-inaugurara-el-parque-ambiental-de-tornquist\/#breadcrumb","itemListElement":[{"@type":"ListItem","position":1,"name":"Portada","item":"https:\/\/www.noticiasradioreflejos.com.ar\/2021\/"},{"@type":"ListItem","position":2,"name":"Con la presencia de la Ministra de Ambiente este jueves se inaugurar\u00e1 el Parque Ambiental de Tornquist"}]},{"@type":"WebSite","@id":"https:\/\/www.noticiasradioreflejos.com.ar\/2021\/#website","url":"https:\/\/www.noticiasradioreflejos.com.ar\/2021\/","name":"Noticias Radio Reflejos","description":"Las noticias de mi comarca","potentialAction":[{"@type":"SearchAction","target":{"@type":"EntryPoint","urlTemplate":"https:\/\/www.noticiasradioreflejos.com.ar\/2021\/?s={search_term_string}"},"query-input":{"@type":"PropertyValueSpecification","valueRequired":true,"valueName":"search_term_string"}}],"inLanguage":"es"},{"@type":"Person","@id":"https:\/\/www.noticiasradioreflejos.com.ar\/2021\/#\/schema\/person\/ad82545263dcc5ec0996818884fd5fb1","name":"Arnaldo Botto","image":{"@type":"ImageObject","inLanguage":"es","@id":"https:\/\/www.noticiasradioreflejos.com.ar\/2021\/#\/schema\/person\/image\/","url":"https:\/\/secure.gravatar.com\/avatar\/55cb5e37c1efa326397366e6974cb338056df65cb50e7d64d1cf314e87504837?s=96&d=mm&r=g","contentUrl":"https:\/\/secure.gravatar.com\/avatar\/55cb5e37c1efa326397366e6974cb338056df65cb50e7d64d1cf314e87504837?s=96&d=mm&r=g","caption":"Arnaldo Botto"},"url":"https:\/\/www.noticiasradioreflejos.com.ar\/2021\/author\/arnaldo\/"}]}},"_links":{"self":[{"href":"https:\/\/www.noticiasradioreflejos.com.ar\/2021\/wp-json\/wp\/v2\/posts\/105122","targetHints":{"allow":["GET"]}}],"collection":[{"href":"https:\/\/www.noticiasradioreflejos.com.ar\/2021\/wp-json\/wp\/v2\/posts"}],"about":[{"href":"https:\/\/www.noticiasradioreflejos.com.ar\/2021\/wp-json\/wp\/v2\/types\/post"}],"author":[{"embeddable":true,"href":"https:\/\/www.noticiasradioreflejos.com.ar\/2021\/wp-json\/wp\/v2\/users\/3"}],"replies":[{"embeddable":true,"href":"https:\/\/www.noticiasradioreflejos.com.ar\/2021\/wp-json\/wp\/v2\/comments?post=105122"}],"version-history":[{"count":1,"href":"https:\/\/www.noticiasradioreflejos.com.ar\/2021\/wp-json\/wp\/v2\/posts\/105122\/revisions"}],"predecessor-version":[{"id":105123,"href":"https:\/\/www.noticiasradioreflejos.com.ar\/2021\/wp-json\/wp\/v2\/posts\/105122\/revisions\/105123"}],"wp:featuredmedia":[{"embeddable":true,"href":"https:\/\/www.noticiasradioreflejos.com.ar\/2021\/wp-json\/wp\/v2\/media\/102620"}],"wp:attachment":[{"href":"https:\/\/www.noticiasradioreflejos.com.ar\/2021\/wp-json\/wp\/v2\/media?parent=105122"}],"wp:term":[{"taxonomy":"category","embeddable":true,"href":"https:\/\/www.noticiasradioreflejos.com.ar\/2021\/wp-json\/wp\/v2\/categories?post=105122"},{"taxonomy":"post_tag","embeddable":true,"href":"https:\/\/www.noticiasradioreflejos.com.ar\/2021\/wp-json\/wp\/v2\/tags?post=105122"}],"curies":[{"name":"wp","href":"https:\/\/api.w.org\/{rel}","templated":true}]}}