{"id":105120,"date":"2024-07-17T08:46:38","date_gmt":"2024-07-17T11:46:38","guid":{"rendered":"https:\/\/www.noticiasradioreflejos.com.ar\/2021\/?p=105120"},"modified":"2024-07-17T08:46:38","modified_gmt":"2024-07-17T11:46:38","slug":"el-covid-aun-latente-secuelas-y-vacunas-siguen-dando-que-hablar","status":"publish","type":"post","link":"https:\/\/www.noticiasradioreflejos.com.ar\/2021\/el-covid-aun-latente-secuelas-y-vacunas-siguen-dando-que-hablar\/","title":{"rendered":"El Covid a\u00fan latente: secuelas y vacunas siguen dando qu\u00e9 hablar"},"content":{"rendered":"<p>El Covid-19 pudo debilitar el sistema inmunol\u00f3gico de infectados, como acaba de descubrir la ciencia, y en algunos casos \u00abraros\u00bb, las vacunas que salvaron millones de vidas da\u00f1aron la salud.<!--more--><\/p>\n<div class=\"columns\" data-tadevel-template=\"web\/article-columns\">\n<div class=\"column-main\">\n<div class=\"article-body\" data-tadevel-template=\"web\/article-body\">\n<div class=\"article-body-content\">\n<p>Las\u00a0<a href=\"https:\/\/noticiasargentinas.com\/sociedad\/denunciaron-al-estado-argentino-y-a-astrazeneca-por-la-vacuna-del-covid--una-mujer-pide-mas-de--90-millones_a6645286fb6f0421c408d04df\"><strong>vacunas contra el Covid-19<\/strong><\/a>\u00a0evitaron unos 14,4 millones de muertes en todo el mundo durante la pandemia, pero volvieron a la picota por\u00a0<strong>denuncias ante lesiones card\u00edacas,<\/strong>\u00a0presuntamente causadas por la inoculaci\u00f3n, y reclamos judiciales contra el laboratorio\u00a0<strong>AstraZeneca<\/strong>\u00a0vinculados a la\u00a0<strong>inmunizaci\u00f3n con AZD1222.\u00a0<\/strong><\/p>\n<p>En el caso de las\u00a0<strong>secuelas\u00a0<\/strong>que dejaron en el tiempo\u00a0<strong>infecciones con coronavirus,<\/strong>\u00a0el\u00a0<strong>debilitamiento del sistema inmunol\u00f3gico de manera prolongada\u00a0<\/strong>acaba de ser descubierta por cient\u00edficos de la Universidad de Medicina de Viena (UniMed), y publicada en la revista \u00abAllergy\u00bb.<\/p>\n<p>Estos hallazgos proporcionan una base importante para futuros estudios sobre el\u00a0<strong>Covid persistente<\/strong>, tambi\u00e9n conocido como\u00a0<strong>\u2018long Covid\u2019,<\/strong>\u00a0comunic\u00f3 UniMed.<\/p>\n<p>Consiste en\u00a0<strong>un deterioro en la funci\u00f3n de la m\u00e9dula \u00f3sea,\u00a0<\/strong>que es el principal<strong>\u00a0centro de producci\u00f3n de c\u00e9lulas inmunitarias<\/strong>, debido al cual\u00a0<strong>el sistema inmunol\u00f3gico de los pacientes recuperados podr\u00eda no responder adecuadamente tras la infecci\u00f3n.<\/strong><\/p>\n<p>El estudio comenz\u00f3 cuando\u00a0<strong>a\u00fan no se contaba con vacunas contra el coronavirus,<\/strong>\u00a0por lo que ninguno de los participantes hab\u00eda sido vacunado, lo cual proporciona\u00a0<strong>un contexto \u00fanico para entender el impacto del virus en un sistema inmunol\u00f3gico no influenciado por la vacunaci\u00f3n<\/strong>.<\/p>\n<p>De modo que no se relacionan directamente con los cuestionamientos que surgieron que esgrim\u00edan\u00a0<strong>supuestas consecuencias\u00a0<\/strong>provocadas por la\u00a0<strong>vacunaci\u00f3n,\u00a0<\/strong>versus la difusi\u00f3n, en paralelo, de\u00a0<strong>la efectividad que tuvo.<\/strong><\/p>\n<p>Lo corroboran los resultados de la investigaci\u00f3n realizada por expertos de diversas universidades del pa\u00eds que analizaron datos del Ministerio de Salud de la Naci\u00f3n, correspondientes al per\u00edodo 2020-2022.<\/p>\n<p>Evidenciaron\u00a0<strong>una reducci\u00f3n de 16 a 18 veces en las tasas de mortalidad por Covid-19 durante el 2022 en ni\u00f1os y adolescentes argentinos que recibieron al menos dos dosis de la vacuna<\/strong>, en comparaci\u00f3n con los\u00a0<strong>no vacunados<\/strong>, de acuerdo con un estudio publicado por la revista especializada Vaccine.<\/p>\n<p>As\u00ed, la presidenta de la Comisi\u00f3n Nacional de Inmunizaciones (CoNaIn), Angela Gentile, afirm\u00f3 que \u00abestos resultados demuestran que<strong>\u00a0la vacunaci\u00f3n pedi\u00e1trica cumple un rol fundamental en la lucha contra el Covid-19\u00a0<\/strong>y, una vez m\u00e1s, la importancia de las vacunas para salvar vidas\u00bb.<\/p>\n<p>Sin embargo,\u00a0<strong>el estudio no mostr\u00f3 una reducci\u00f3n similar en el grupo que abarca a infantes de 0 a 2 a\u00f1os.<\/strong><\/p>\n<p>\u201cEste grupo tuvo un\u00a0<strong>acceso m\u00e1s tard\u00edo a la vacunaci\u00f3n y una menor cobertura<\/strong>\u00a0y esto podr\u00eda explicar la diferencia en los resultados\u201d, agreg\u00f3 el m\u00e9dico especialista en infectolog\u00eda pedi\u00e1trica,\u00a0<strong>Roberto Debbag<\/strong>.<\/p>\n<p><strong>Argentina fue uno de los primeros pa\u00edses en iniciar la vacunaci\u00f3n pedi\u00e1trica contra el Covid-19.\u00a0<\/strong><\/p>\n<p>La aplicaci\u00f3n a adolescentes de 12 a\u00f1os o m\u00e1s comenz\u00f3 en agosto de 2021, y en octubre lleg\u00f3 a ni\u00f1os y ni\u00f1as de tres a\u00f1os o m\u00e1s, mientras que en beb\u00e9s de 6 meses a 2 a\u00f1os, con un r\u00e9gimen de dos dosis, se inici\u00f3 en octubre de 2022.<\/p>\n<h3>La vacuna sigue vigente<\/h3>\n<p>Transcurridos dos a\u00f1os, se insiste con la importancia de la aplicaci\u00f3n anual de la vacuna.<\/p>\n<p>\u00abNo podemos bajar la guardia. Es fundamental que<strong>\u00a0tanto ni\u00f1os como adultos contin\u00faen recibiendo las dosis cada seis meses o un a\u00f1o<\/strong>, seg\u00fan recomienden las autoridades sanitarias\u201d, enfatiz\u00f3 Gentile.<\/p>\n<p>El Ministerio de Salud indica al respecto que todas las personas, a partir de los 6 meses de edad,\u00a0<strong>deben contar con un esquema primario y al menos un refuerzo aplicado\u00a0<\/strong>y que\u00a0<strong>la frecuencia de estos refuerzos var\u00eda seg\u00fan el nivel de riesgo<\/strong>:<br \/>\n<strong>Personas de alto riesgo<\/strong>: (mayores de 50 a\u00f1os, embarazadas e inmunocomprometidos): se recomienda una dosis de refuerzo cada 6 meses.<br \/>\n<strong>Personas de riesgo intermedio<\/strong>: (menores de 50 a\u00f1os con enfermedades cr\u00f3nicas no inmunosupresoras, personal de salud y personal estrat\u00e9gico): se sugiere una dosis de refuerzo a los 6 meses de la \u00faltima dosis.<br \/>\n<strong>Personas de bajo riesgo:<\/strong>\u00a0(entre 6 meses y 49 a\u00f1os sin comorbilidades): se aconseja una dosis de refuerzo a los 12 meses de la \u00faltima dosis.<\/p>\n<p>\u00abActualmente, las\u00a0<strong>subvariantes de Omicron\u00a0<\/strong>son los responsables del 100% de los casos de Covid-19 en Argentina\u00bb, se\u00f1al\u00f3 Debbag.<\/p>\n<p>\u00abSeguir vacun\u00e1ndonos es muy importante para mantener una protecci\u00f3n efectiva contra las variantes circulantes y las emergentes. Debemos asegurarnos de que todos, incluyendo ni\u00f1os y adolescentes, est\u00e9n al d\u00eda con las dosis actualizadas\u201d, a\u00f1adi\u00f3.<\/p>\n<h3>Vuelco a la pandemia<\/h3>\n<p>Las sensaciones se invirtieron, desde finales de diciembre de 2020, las vacunas contra la Covid-19 hab\u00edan dado un vuelco a la pandemia y abrieron un camino de vuelta a la normalidad.<\/p>\n<p>Pero la resonante demanda de mayo de 2023 en el tribunal del Reino Unido contra el\u00a0<strong>gigante farmac\u00e9utico AstraZeneca,<\/strong>\u00a0que adujo ante la presentaci\u00f3n judicial realizada por 51 personas que el\u00a0<strong>s\u00edndrome de trombosis con trombocitopenia<\/strong>\u00a0(TTS) \u201cno es causado por la vacuna a nivel gen\u00e9rico.<\/p>\n<p>Pero reconoci\u00f3 en el estrado que\u00a0<strong>en casos extremadamente raros<\/strong>, la inmunizaci\u00f3n con la<strong>\u00a0vacuna AZD1222<\/strong>\u00a0-elaborada en colaboraci\u00f3n con la Universidad de Oxford-, puede desencadenar el\u00a0<strong>s\u00edndrome de trombosis con TTS<\/strong>, un trastorno poco com\u00fan que se caracteriza por\u00a0<strong>un nivel bajo de plaquetas y afecta la coagulaci\u00f3n.<\/strong><\/p>\n<p>Simult\u00e1neamente,\u00a0<strong>m\u00e1s de 13.000 personas presentaron reclamos a un fondo gubernamental que indemniza lesiones causadas por la vacuna contra Covid<\/strong>.<\/p>\n<p>No obstante, hasta ahora\u00a0<strong>solo se indemniz\u00f3 a una decena<\/strong>, casi todas ellas por un\u00a0<strong>problema card\u00edaco a partir de las vacunas.<\/strong><\/p>\n<p>Un relevamiento period\u00edstico efectuado por The New York Times calcul\u00f3 que\u00a0<strong>m\u00e1s de 270 millones de estadounidenses recibieron alrededor de 677 millones de dosis de las vacunas contra Covid<\/strong>, e incluso\u00a0<strong>los efectos secundarios m\u00e1s raros \u2014que se producen, por ejemplo, en solo el 0,001 por ciento de los pacientes\u2014<\/strong>\u00a0podr\u00edan significar que\u00a0<strong>miles de receptores se hayan visto afectados.<\/strong><\/p>\n<p>En cambio, la Universidad de Medicina de Viena (UniMed) descubri\u00f3 que<strong>\u00a0ciertas consecuencias a largo plazo del Covid-19 podr\u00edan estar relacionadas con el da\u00f1o al sistema inmunitario celular\u00a0<\/strong>causado por el virus.<\/p>\n<p>El estudio, que comenz\u00f3 en 2020, se centr\u00f3 en analizar par\u00e1metros inmunitarios en dos grupos de individuos:\u00a0<strong>133 personas que se hab\u00edan recuperado de la enfermedad y 98 que no hab\u00edan contra\u00eddo la infecci\u00f3n<\/strong>.<\/p>\n<p>Se evaluaron el n\u00famero y la composici\u00f3n de varias\u00a0<strong>c\u00e9lulas inmunitarias,<\/strong>\u00a0as\u00ed como los factores de crecimiento en la sangre, cruciales para la regulaci\u00f3n del crecimiento celular, en los pacientes recuperados a las diez semanas y diez meses de haber superado el virus.<\/p>\n<p>Esas consecuencias radicar\u00edan en la\u00a0<strong>\u00abaparentemente reducida maduraci\u00f3n y\/o emigraci\u00f3n de c\u00e9lulas inmunitarias de la m\u00e9dula \u00f3sea\u00bb<\/strong>, a\u00f1adi\u00f3 el catedr\u00e1tico<strong>\u00a0Winfried Pickl,<\/strong>\u00a0director del equipo investigador.<\/p>\n<p>\u00abIncluso despu\u00e9s de cursos leves de la enfermedad, encontramos una\u00a0<strong>reducci\u00f3n significativa de las c\u00e9lulas inmunitarias en la sangre<\/strong>\u00ab, subray\u00f3 el especialista en inmunolog\u00eda.<\/p>\n<p>Explic\u00f3 que \u00abde forma no del todo inesperada, diez semanas despu\u00e9s de la infecci\u00f3n, los pacientes recuperados mostraban claros signos de activaci\u00f3n inmunitaria tanto en las c\u00e9lulas T como en las B (los gl\u00f3bulos blancos), en contraste con los sujetos de prueba sanos\u00bb, se\u00f1ala Pickl.<\/p>\n<p>Hasta una\u00a0<strong>enfermedad leve puede provocar una disminuci\u00f3n notable en la cantidad de c\u00e9lulas inmunitarias en la sangre<\/strong>, previno.<\/p>\n<\/div>\n<\/div>\n<\/div>\n<\/div>\n","protected":false},"excerpt":{"rendered":"<p>El Covid-19 pudo debilitar el sistema inmunol\u00f3gico de infectados, como acaba de descubrir la ciencia, y en algunos casos \u00abraros\u00bb, las vacunas que salvaron millones de vidas da\u00f1aron la salud.<\/p>\n","protected":false},"author":3,"featured_media":97655,"comment_status":"closed","ping_status":"closed","sticky":false,"template":"","format":"standard","meta":{"footnotes":""},"categories":[46,30,26],"tags":[],"class_list":["post-105120","post","type-post","status-publish","format-standard","has-post-thumbnail","hentry","category-ciencia-y-tecnologia","category-salud","category-sociedad"],"yoast_head":"<!-- This site is optimized with the Yoast SEO plugin v25.9 - https:\/\/yoast.com\/wordpress\/plugins\/seo\/ -->\n<title>El Covid a\u00fan latente: secuelas y vacunas siguen dando qu\u00e9 hablar - Noticias Radio Reflejos<\/title>\n<meta name=\"robots\" content=\"index, follow, max-snippet:-1, max-image-preview:large, max-video-preview:-1\" \/>\n<link rel=\"canonical\" href=\"https:\/\/www.noticiasradioreflejos.com.ar\/2021\/el-covid-aun-latente-secuelas-y-vacunas-siguen-dando-que-hablar\/\" \/>\n<meta property=\"og:locale\" content=\"es_ES\" \/>\n<meta property=\"og:type\" content=\"article\" \/>\n<meta property=\"og:title\" content=\"El Covid a\u00fan latente: secuelas y vacunas siguen dando qu\u00e9 hablar - Noticias Radio Reflejos\" \/>\n<meta property=\"og:description\" content=\"El Covid-19 pudo debilitar el sistema inmunol\u00f3gico de infectados, como acaba de descubrir la ciencia, y en algunos casos \u00abraros\u00bb, las vacunas que salvaron millones de vidas da\u00f1aron la salud.\" \/>\n<meta property=\"og:url\" content=\"https:\/\/www.noticiasradioreflejos.com.ar\/2021\/el-covid-aun-latente-secuelas-y-vacunas-siguen-dando-que-hablar\/\" \/>\n<meta property=\"og:site_name\" content=\"Noticias Radio Reflejos\" \/>\n<meta property=\"article:published_time\" content=\"2024-07-17T11:46:38+00:00\" \/>\n<meta property=\"og:image\" content=\"https:\/\/www.noticiasradioreflejos.com.ar\/2021\/wp-content\/uploads\/2024\/01\/isopados-covid.jpg\" \/>\n\t<meta property=\"og:image:width\" content=\"960\" \/>\n\t<meta property=\"og:image:height\" content=\"640\" \/>\n\t<meta property=\"og:image:type\" content=\"image\/jpeg\" \/>\n<meta name=\"author\" content=\"Arnaldo Botto\" \/>\n<meta name=\"twitter:card\" content=\"summary_large_image\" \/>\n<script type=\"application\/ld+json\" class=\"yoast-schema-graph\">{\"@context\":\"https:\/\/schema.org\",\"@graph\":[{\"@type\":\"WebPage\",\"@id\":\"https:\/\/www.noticiasradioreflejos.com.ar\/2021\/el-covid-aun-latente-secuelas-y-vacunas-siguen-dando-que-hablar\/\",\"url\":\"https:\/\/www.noticiasradioreflejos.com.ar\/2021\/el-covid-aun-latente-secuelas-y-vacunas-siguen-dando-que-hablar\/\",\"name\":\"El Covid a\u00fan latente: secuelas y vacunas siguen dando qu\u00e9 hablar - Noticias Radio Reflejos\",\"isPartOf\":{\"@id\":\"https:\/\/www.noticiasradioreflejos.com.ar\/2021\/#website\"},\"primaryImageOfPage\":{\"@id\":\"https:\/\/www.noticiasradioreflejos.com.ar\/2021\/el-covid-aun-latente-secuelas-y-vacunas-siguen-dando-que-hablar\/#primaryimage\"},\"image\":{\"@id\":\"https:\/\/www.noticiasradioreflejos.com.ar\/2021\/el-covid-aun-latente-secuelas-y-vacunas-siguen-dando-que-hablar\/#primaryimage\"},\"thumbnailUrl\":\"https:\/\/www.noticiasradioreflejos.com.ar\/2021\/wp-content\/uploads\/2024\/01\/isopados-covid.jpg\",\"datePublished\":\"2024-07-17T11:46:38+00:00\",\"author\":{\"@id\":\"https:\/\/www.noticiasradioreflejos.com.ar\/2021\/#\/schema\/person\/ad82545263dcc5ec0996818884fd5fb1\"},\"breadcrumb\":{\"@id\":\"https:\/\/www.noticiasradioreflejos.com.ar\/2021\/el-covid-aun-latente-secuelas-y-vacunas-siguen-dando-que-hablar\/#breadcrumb\"},\"inLanguage\":\"es\",\"potentialAction\":[{\"@type\":\"ReadAction\",\"target\":[\"https:\/\/www.noticiasradioreflejos.com.ar\/2021\/el-covid-aun-latente-secuelas-y-vacunas-siguen-dando-que-hablar\/\"]}]},{\"@type\":\"ImageObject\",\"inLanguage\":\"es\",\"@id\":\"https:\/\/www.noticiasradioreflejos.com.ar\/2021\/el-covid-aun-latente-secuelas-y-vacunas-siguen-dando-que-hablar\/#primaryimage\",\"url\":\"https:\/\/www.noticiasradioreflejos.com.ar\/2021\/wp-content\/uploads\/2024\/01\/isopados-covid.jpg\",\"contentUrl\":\"https:\/\/www.noticiasradioreflejos.com.ar\/2021\/wp-content\/uploads\/2024\/01\/isopados-covid.jpg\",\"width\":960,\"height\":640},{\"@type\":\"BreadcrumbList\",\"@id\":\"https:\/\/www.noticiasradioreflejos.com.ar\/2021\/el-covid-aun-latente-secuelas-y-vacunas-siguen-dando-que-hablar\/#breadcrumb\",\"itemListElement\":[{\"@type\":\"ListItem\",\"position\":1,\"name\":\"Portada\",\"item\":\"https:\/\/www.noticiasradioreflejos.com.ar\/2021\/\"},{\"@type\":\"ListItem\",\"position\":2,\"name\":\"El Covid a\u00fan latente: secuelas y vacunas siguen dando qu\u00e9 hablar\"}]},{\"@type\":\"WebSite\",\"@id\":\"https:\/\/www.noticiasradioreflejos.com.ar\/2021\/#website\",\"url\":\"https:\/\/www.noticiasradioreflejos.com.ar\/2021\/\",\"name\":\"Noticias Radio Reflejos\",\"description\":\"Las noticias de mi comarca\",\"potentialAction\":[{\"@type\":\"SearchAction\",\"target\":{\"@type\":\"EntryPoint\",\"urlTemplate\":\"https:\/\/www.noticiasradioreflejos.com.ar\/2021\/?s={search_term_string}\"},\"query-input\":{\"@type\":\"PropertyValueSpecification\",\"valueRequired\":true,\"valueName\":\"search_term_string\"}}],\"inLanguage\":\"es\"},{\"@type\":\"Person\",\"@id\":\"https:\/\/www.noticiasradioreflejos.com.ar\/2021\/#\/schema\/person\/ad82545263dcc5ec0996818884fd5fb1\",\"name\":\"Arnaldo Botto\",\"image\":{\"@type\":\"ImageObject\",\"inLanguage\":\"es\",\"@id\":\"https:\/\/www.noticiasradioreflejos.com.ar\/2021\/#\/schema\/person\/image\/\",\"url\":\"https:\/\/secure.gravatar.com\/avatar\/55cb5e37c1efa326397366e6974cb338056df65cb50e7d64d1cf314e87504837?s=96&d=mm&r=g\",\"contentUrl\":\"https:\/\/secure.gravatar.com\/avatar\/55cb5e37c1efa326397366e6974cb338056df65cb50e7d64d1cf314e87504837?s=96&d=mm&r=g\",\"caption\":\"Arnaldo Botto\"},\"url\":\"https:\/\/www.noticiasradioreflejos.com.ar\/2021\/author\/arnaldo\/\"}]}<\/script>\n<!-- \/ Yoast SEO plugin. -->","yoast_head_json":{"title":"El Covid a\u00fan latente: secuelas y vacunas siguen dando qu\u00e9 hablar - Noticias Radio Reflejos","robots":{"index":"index","follow":"follow","max-snippet":"max-snippet:-1","max-image-preview":"max-image-preview:large","max-video-preview":"max-video-preview:-1"},"canonical":"https:\/\/www.noticiasradioreflejos.com.ar\/2021\/el-covid-aun-latente-secuelas-y-vacunas-siguen-dando-que-hablar\/","og_locale":"es_ES","og_type":"article","og_title":"El Covid a\u00fan latente: secuelas y vacunas siguen dando qu\u00e9 hablar - Noticias Radio Reflejos","og_description":"El Covid-19 pudo debilitar el sistema inmunol\u00f3gico de infectados, como acaba de descubrir la ciencia, y en algunos casos \u00abraros\u00bb, las vacunas que salvaron millones de vidas da\u00f1aron la salud.","og_url":"https:\/\/www.noticiasradioreflejos.com.ar\/2021\/el-covid-aun-latente-secuelas-y-vacunas-siguen-dando-que-hablar\/","og_site_name":"Noticias Radio Reflejos","article_published_time":"2024-07-17T11:46:38+00:00","og_image":[{"width":960,"height":640,"url":"https:\/\/www.noticiasradioreflejos.com.ar\/2021\/wp-content\/uploads\/2024\/01\/isopados-covid.jpg","type":"image\/jpeg"}],"author":"Arnaldo Botto","twitter_card":"summary_large_image","schema":{"@context":"https:\/\/schema.org","@graph":[{"@type":"WebPage","@id":"https:\/\/www.noticiasradioreflejos.com.ar\/2021\/el-covid-aun-latente-secuelas-y-vacunas-siguen-dando-que-hablar\/","url":"https:\/\/www.noticiasradioreflejos.com.ar\/2021\/el-covid-aun-latente-secuelas-y-vacunas-siguen-dando-que-hablar\/","name":"El Covid a\u00fan latente: secuelas y vacunas siguen dando qu\u00e9 hablar - Noticias Radio Reflejos","isPartOf":{"@id":"https:\/\/www.noticiasradioreflejos.com.ar\/2021\/#website"},"primaryImageOfPage":{"@id":"https:\/\/www.noticiasradioreflejos.com.ar\/2021\/el-covid-aun-latente-secuelas-y-vacunas-siguen-dando-que-hablar\/#primaryimage"},"image":{"@id":"https:\/\/www.noticiasradioreflejos.com.ar\/2021\/el-covid-aun-latente-secuelas-y-vacunas-siguen-dando-que-hablar\/#primaryimage"},"thumbnailUrl":"https:\/\/www.noticiasradioreflejos.com.ar\/2021\/wp-content\/uploads\/2024\/01\/isopados-covid.jpg","datePublished":"2024-07-17T11:46:38+00:00","author":{"@id":"https:\/\/www.noticiasradioreflejos.com.ar\/2021\/#\/schema\/person\/ad82545263dcc5ec0996818884fd5fb1"},"breadcrumb":{"@id":"https:\/\/www.noticiasradioreflejos.com.ar\/2021\/el-covid-aun-latente-secuelas-y-vacunas-siguen-dando-que-hablar\/#breadcrumb"},"inLanguage":"es","potentialAction":[{"@type":"ReadAction","target":["https:\/\/www.noticiasradioreflejos.com.ar\/2021\/el-covid-aun-latente-secuelas-y-vacunas-siguen-dando-que-hablar\/"]}]},{"@type":"ImageObject","inLanguage":"es","@id":"https:\/\/www.noticiasradioreflejos.com.ar\/2021\/el-covid-aun-latente-secuelas-y-vacunas-siguen-dando-que-hablar\/#primaryimage","url":"https:\/\/www.noticiasradioreflejos.com.ar\/2021\/wp-content\/uploads\/2024\/01\/isopados-covid.jpg","contentUrl":"https:\/\/www.noticiasradioreflejos.com.ar\/2021\/wp-content\/uploads\/2024\/01\/isopados-covid.jpg","width":960,"height":640},{"@type":"BreadcrumbList","@id":"https:\/\/www.noticiasradioreflejos.com.ar\/2021\/el-covid-aun-latente-secuelas-y-vacunas-siguen-dando-que-hablar\/#breadcrumb","itemListElement":[{"@type":"ListItem","position":1,"name":"Portada","item":"https:\/\/www.noticiasradioreflejos.com.ar\/2021\/"},{"@type":"ListItem","position":2,"name":"El Covid a\u00fan latente: secuelas y vacunas siguen dando qu\u00e9 hablar"}]},{"@type":"WebSite","@id":"https:\/\/www.noticiasradioreflejos.com.ar\/2021\/#website","url":"https:\/\/www.noticiasradioreflejos.com.ar\/2021\/","name":"Noticias Radio Reflejos","description":"Las noticias de mi comarca","potentialAction":[{"@type":"SearchAction","target":{"@type":"EntryPoint","urlTemplate":"https:\/\/www.noticiasradioreflejos.com.ar\/2021\/?s={search_term_string}"},"query-input":{"@type":"PropertyValueSpecification","valueRequired":true,"valueName":"search_term_string"}}],"inLanguage":"es"},{"@type":"Person","@id":"https:\/\/www.noticiasradioreflejos.com.ar\/2021\/#\/schema\/person\/ad82545263dcc5ec0996818884fd5fb1","name":"Arnaldo Botto","image":{"@type":"ImageObject","inLanguage":"es","@id":"https:\/\/www.noticiasradioreflejos.com.ar\/2021\/#\/schema\/person\/image\/","url":"https:\/\/secure.gravatar.com\/avatar\/55cb5e37c1efa326397366e6974cb338056df65cb50e7d64d1cf314e87504837?s=96&d=mm&r=g","contentUrl":"https:\/\/secure.gravatar.com\/avatar\/55cb5e37c1efa326397366e6974cb338056df65cb50e7d64d1cf314e87504837?s=96&d=mm&r=g","caption":"Arnaldo Botto"},"url":"https:\/\/www.noticiasradioreflejos.com.ar\/2021\/author\/arnaldo\/"}]}},"_links":{"self":[{"href":"https:\/\/www.noticiasradioreflejos.com.ar\/2021\/wp-json\/wp\/v2\/posts\/105120","targetHints":{"allow":["GET"]}}],"collection":[{"href":"https:\/\/www.noticiasradioreflejos.com.ar\/2021\/wp-json\/wp\/v2\/posts"}],"about":[{"href":"https:\/\/www.noticiasradioreflejos.com.ar\/2021\/wp-json\/wp\/v2\/types\/post"}],"author":[{"embeddable":true,"href":"https:\/\/www.noticiasradioreflejos.com.ar\/2021\/wp-json\/wp\/v2\/users\/3"}],"replies":[{"embeddable":true,"href":"https:\/\/www.noticiasradioreflejos.com.ar\/2021\/wp-json\/wp\/v2\/comments?post=105120"}],"version-history":[{"count":1,"href":"https:\/\/www.noticiasradioreflejos.com.ar\/2021\/wp-json\/wp\/v2\/posts\/105120\/revisions"}],"predecessor-version":[{"id":105121,"href":"https:\/\/www.noticiasradioreflejos.com.ar\/2021\/wp-json\/wp\/v2\/posts\/105120\/revisions\/105121"}],"wp:featuredmedia":[{"embeddable":true,"href":"https:\/\/www.noticiasradioreflejos.com.ar\/2021\/wp-json\/wp\/v2\/media\/97655"}],"wp:attachment":[{"href":"https:\/\/www.noticiasradioreflejos.com.ar\/2021\/wp-json\/wp\/v2\/media?parent=105120"}],"wp:term":[{"taxonomy":"category","embeddable":true,"href":"https:\/\/www.noticiasradioreflejos.com.ar\/2021\/wp-json\/wp\/v2\/categories?post=105120"},{"taxonomy":"post_tag","embeddable":true,"href":"https:\/\/www.noticiasradioreflejos.com.ar\/2021\/wp-json\/wp\/v2\/tags?post=105120"}],"curies":[{"name":"wp","href":"https:\/\/api.w.org\/{rel}","templated":true}]}}