{"id":104830,"date":"2024-07-10T14:14:07","date_gmt":"2024-07-10T17:14:07","guid":{"rendered":"https:\/\/www.noticiasradioreflejos.com.ar\/2021\/?p=104830"},"modified":"2024-07-10T14:14:07","modified_gmt":"2024-07-10T17:14:07","slug":"bloque-jxc-ucr-restos-oseos-humanos-en-el-basural-de-tornquist","status":"publish","type":"post","link":"https:\/\/www.noticiasradioreflejos.com.ar\/2021\/bloque-jxc-ucr-restos-oseos-humanos-en-el-basural-de-tornquist\/","title":{"rendered":"Bloque JxC UCR: \u00bfRestos \u00f3seos humanos en el basural de Tornquist?"},"content":{"rendered":"<p>Los Bloques Juntos por Tornquist, UCR realizan Pedido de Informe solicitando informaci\u00f3n al Ejecutivo Municipal, en referencia al supuesto hallazgo de restos \u00f3seos humanos en el basural de Tornquist. de confirmarse el hecho resultar\u00eda un cap\u00edtulo m\u00e1s que se suma al alarmante desmanejo del basural municipal.<!--more--><\/p>\n<p><iframe loading=\"lazy\" class=\"scribd_iframe_embed\" title=\"p.i Restos \u00d3seos Humanos Basural\" src=\"https:\/\/www.scribd.com\/embeds\/749445309\/content?start_page=1&#038;view_mode=scroll&#038;access_key=key-5n2BdyYoEsAMWKSa9jpD\" tabindex=\"0\" data-auto-height=\"false\" data-aspect-ratio=\"0.7080062794348508\" scrolling=\"no\" width=\"600\" height=\"800\" frameborder=\"0\"><\/iframe><\/p>\n<p  style=\"   margin: 12px auto 6px auto;   font-family: Helvetica,Arial,Sans-serif;   font-style: normal;   font-variant: normal;   font-weight: normal;   font-size: 14px;   line-height: normal;   font-size-adjust: none;   font-stretch: normal;   -x-system-font: none;   display: block;\"   ><a title=\"View p.i Restos \u00d3seos Humanos Basural on Scribd\" href=\"https:\/\/www.scribd.com\/document\/749445309\/p-i-Restos-Oseos-Humanos-Basural#from_embed\"  style=\"text-decoration: underline;\">p.i Restos \u00d3seos Humanos Ba&#8230;<\/a> by <a title=\"View FM Reflejos Sierra de la Ventana's profile on Scribd\" href=\"https:\/\/www.scribd.com\/user\/128459674\/FM-Reflejos-Sierra-de-la-Ventana#from_embed\"  style=\"text-decoration: underline;\">FM Reflejos Sierra de la Ve&#8230;<\/a><\/p>\n","protected":false},"excerpt":{"rendered":"<p>Los Bloques Juntos por Tornquist, UCR realizan Pedido de Informe solicitando informaci\u00f3n al Ejecutivo Municipal, en referencia al supuesto hallazgo de restos \u00f3seos humanos en el basural de Tornquist. de confirmarse el hecho resultar\u00eda un cap\u00edtulo m\u00e1s que se suma al alarmante desmanejo del basural municipal.<\/p>\n","protected":false},"author":3,"featured_media":0,"comment_status":"closed","ping_status":"closed","sticky":false,"template":"","format":"standard","meta":{"footnotes":""},"categories":[24],"tags":[],"class_list":["post-104830","post","type-post","status-publish","format-standard","hentry","category-politica"],"yoast_head":"<!-- This site is optimized with the Yoast SEO plugin v25.9 - https:\/\/yoast.com\/wordpress\/plugins\/seo\/ -->\n<title>Bloque JxC UCR: \u00bfRestos \u00f3seos humanos en el basural de Tornquist? - Noticias Radio Reflejos<\/title>\n<meta name=\"robots\" content=\"index, follow, max-snippet:-1, max-image-preview:large, max-video-preview:-1\" \/>\n<link rel=\"canonical\" href=\"https:\/\/www.noticiasradioreflejos.com.ar\/2021\/bloque-jxc-ucr-restos-oseos-humanos-en-el-basural-de-tornquist\/\" \/>\n<meta property=\"og:locale\" content=\"es_ES\" \/>\n<meta property=\"og:type\" content=\"article\" \/>\n<meta property=\"og:title\" content=\"Bloque JxC UCR: \u00bfRestos \u00f3seos humanos en el basural de Tornquist? - Noticias Radio Reflejos\" \/>\n<meta property=\"og:description\" content=\"Los Bloques Juntos por Tornquist, UCR realizan Pedido de Informe solicitando informaci\u00f3n al Ejecutivo Municipal, en referencia al supuesto hallazgo de restos \u00f3seos humanos en el basural de Tornquist. de confirmarse el hecho resultar\u00eda un cap\u00edtulo m\u00e1s que se suma al alarmante desmanejo del basural municipal.\" \/>\n<meta property=\"og:url\" content=\"https:\/\/www.noticiasradioreflejos.com.ar\/2021\/bloque-jxc-ucr-restos-oseos-humanos-en-el-basural-de-tornquist\/\" \/>\n<meta property=\"og:site_name\" content=\"Noticias Radio Reflejos\" \/>\n<meta property=\"article:published_time\" content=\"2024-07-10T17:14:07+00:00\" \/>\n<meta property=\"og:image\" content=\"https:\/\/www.noticiasradioreflejos.com.ar\/2021\/wp-content\/uploads\/2024\/07\/PEDIDO-DE-INFORME-RESTOS-OSEOS-HUMANOS-BASURAL-1.png\" \/>\n\t<meta property=\"og:image:width\" content=\"940\" \/>\n\t<meta property=\"og:image:height\" content=\"788\" \/>\n\t<meta property=\"og:image:type\" content=\"image\/png\" \/>\n<meta name=\"author\" content=\"Arnaldo Botto\" \/>\n<meta name=\"twitter:card\" content=\"summary_large_image\" \/>\n<script type=\"application\/ld+json\" class=\"yoast-schema-graph\">{\"@context\":\"https:\/\/schema.org\",\"@graph\":[{\"@type\":\"WebPage\",\"@id\":\"https:\/\/www.noticiasradioreflejos.com.ar\/2021\/bloque-jxc-ucr-restos-oseos-humanos-en-el-basural-de-tornquist\/\",\"url\":\"https:\/\/www.noticiasradioreflejos.com.ar\/2021\/bloque-jxc-ucr-restos-oseos-humanos-en-el-basural-de-tornquist\/\",\"name\":\"Bloque JxC UCR: \u00bfRestos \u00f3seos humanos en el basural de Tornquist? - Noticias Radio Reflejos\",\"isPartOf\":{\"@id\":\"https:\/\/www.noticiasradioreflejos.com.ar\/2021\/#website\"},\"datePublished\":\"2024-07-10T17:14:07+00:00\",\"author\":{\"@id\":\"https:\/\/www.noticiasradioreflejos.com.ar\/2021\/#\/schema\/person\/ad82545263dcc5ec0996818884fd5fb1\"},\"breadcrumb\":{\"@id\":\"https:\/\/www.noticiasradioreflejos.com.ar\/2021\/bloque-jxc-ucr-restos-oseos-humanos-en-el-basural-de-tornquist\/#breadcrumb\"},\"inLanguage\":\"es\",\"potentialAction\":[{\"@type\":\"ReadAction\",\"target\":[\"https:\/\/www.noticiasradioreflejos.com.ar\/2021\/bloque-jxc-ucr-restos-oseos-humanos-en-el-basural-de-tornquist\/\"]}]},{\"@type\":\"BreadcrumbList\",\"@id\":\"https:\/\/www.noticiasradioreflejos.com.ar\/2021\/bloque-jxc-ucr-restos-oseos-humanos-en-el-basural-de-tornquist\/#breadcrumb\",\"itemListElement\":[{\"@type\":\"ListItem\",\"position\":1,\"name\":\"Portada\",\"item\":\"https:\/\/www.noticiasradioreflejos.com.ar\/2021\/\"},{\"@type\":\"ListItem\",\"position\":2,\"name\":\"Bloque JxC UCR: \u00bfRestos \u00f3seos humanos en el basural de Tornquist?\"}]},{\"@type\":\"WebSite\",\"@id\":\"https:\/\/www.noticiasradioreflejos.com.ar\/2021\/#website\",\"url\":\"https:\/\/www.noticiasradioreflejos.com.ar\/2021\/\",\"name\":\"Noticias Radio Reflejos\",\"description\":\"Las noticias de mi comarca\",\"potentialAction\":[{\"@type\":\"SearchAction\",\"target\":{\"@type\":\"EntryPoint\",\"urlTemplate\":\"https:\/\/www.noticiasradioreflejos.com.ar\/2021\/?s={search_term_string}\"},\"query-input\":{\"@type\":\"PropertyValueSpecification\",\"valueRequired\":true,\"valueName\":\"search_term_string\"}}],\"inLanguage\":\"es\"},{\"@type\":\"Person\",\"@id\":\"https:\/\/www.noticiasradioreflejos.com.ar\/2021\/#\/schema\/person\/ad82545263dcc5ec0996818884fd5fb1\",\"name\":\"Arnaldo Botto\",\"image\":{\"@type\":\"ImageObject\",\"inLanguage\":\"es\",\"@id\":\"https:\/\/www.noticiasradioreflejos.com.ar\/2021\/#\/schema\/person\/image\/\",\"url\":\"https:\/\/secure.gravatar.com\/avatar\/55cb5e37c1efa326397366e6974cb338056df65cb50e7d64d1cf314e87504837?s=96&d=mm&r=g\",\"contentUrl\":\"https:\/\/secure.gravatar.com\/avatar\/55cb5e37c1efa326397366e6974cb338056df65cb50e7d64d1cf314e87504837?s=96&d=mm&r=g\",\"caption\":\"Arnaldo Botto\"},\"url\":\"https:\/\/www.noticiasradioreflejos.com.ar\/2021\/author\/arnaldo\/\"}]}<\/script>\n<!-- \/ Yoast SEO plugin. -->","yoast_head_json":{"title":"Bloque JxC UCR: \u00bfRestos \u00f3seos humanos en el basural de Tornquist? - Noticias Radio Reflejos","robots":{"index":"index","follow":"follow","max-snippet":"max-snippet:-1","max-image-preview":"max-image-preview:large","max-video-preview":"max-video-preview:-1"},"canonical":"https:\/\/www.noticiasradioreflejos.com.ar\/2021\/bloque-jxc-ucr-restos-oseos-humanos-en-el-basural-de-tornquist\/","og_locale":"es_ES","og_type":"article","og_title":"Bloque JxC UCR: \u00bfRestos \u00f3seos humanos en el basural de Tornquist? - Noticias Radio Reflejos","og_description":"Los Bloques Juntos por Tornquist, UCR realizan Pedido de Informe solicitando informaci\u00f3n al Ejecutivo Municipal, en referencia al supuesto hallazgo de restos \u00f3seos humanos en el basural de Tornquist. de confirmarse el hecho resultar\u00eda un cap\u00edtulo m\u00e1s que se suma al alarmante desmanejo del basural municipal.","og_url":"https:\/\/www.noticiasradioreflejos.com.ar\/2021\/bloque-jxc-ucr-restos-oseos-humanos-en-el-basural-de-tornquist\/","og_site_name":"Noticias Radio Reflejos","article_published_time":"2024-07-10T17:14:07+00:00","og_image":[{"width":940,"height":788,"url":"https:\/\/www.noticiasradioreflejos.com.ar\/2021\/wp-content\/uploads\/2024\/07\/PEDIDO-DE-INFORME-RESTOS-OSEOS-HUMANOS-BASURAL-1.png","type":"image\/png"}],"author":"Arnaldo Botto","twitter_card":"summary_large_image","schema":{"@context":"https:\/\/schema.org","@graph":[{"@type":"WebPage","@id":"https:\/\/www.noticiasradioreflejos.com.ar\/2021\/bloque-jxc-ucr-restos-oseos-humanos-en-el-basural-de-tornquist\/","url":"https:\/\/www.noticiasradioreflejos.com.ar\/2021\/bloque-jxc-ucr-restos-oseos-humanos-en-el-basural-de-tornquist\/","name":"Bloque JxC UCR: \u00bfRestos \u00f3seos humanos en el basural de Tornquist? - Noticias Radio Reflejos","isPartOf":{"@id":"https:\/\/www.noticiasradioreflejos.com.ar\/2021\/#website"},"datePublished":"2024-07-10T17:14:07+00:00","author":{"@id":"https:\/\/www.noticiasradioreflejos.com.ar\/2021\/#\/schema\/person\/ad82545263dcc5ec0996818884fd5fb1"},"breadcrumb":{"@id":"https:\/\/www.noticiasradioreflejos.com.ar\/2021\/bloque-jxc-ucr-restos-oseos-humanos-en-el-basural-de-tornquist\/#breadcrumb"},"inLanguage":"es","potentialAction":[{"@type":"ReadAction","target":["https:\/\/www.noticiasradioreflejos.com.ar\/2021\/bloque-jxc-ucr-restos-oseos-humanos-en-el-basural-de-tornquist\/"]}]},{"@type":"BreadcrumbList","@id":"https:\/\/www.noticiasradioreflejos.com.ar\/2021\/bloque-jxc-ucr-restos-oseos-humanos-en-el-basural-de-tornquist\/#breadcrumb","itemListElement":[{"@type":"ListItem","position":1,"name":"Portada","item":"https:\/\/www.noticiasradioreflejos.com.ar\/2021\/"},{"@type":"ListItem","position":2,"name":"Bloque JxC UCR: \u00bfRestos \u00f3seos humanos en el basural de Tornquist?"}]},{"@type":"WebSite","@id":"https:\/\/www.noticiasradioreflejos.com.ar\/2021\/#website","url":"https:\/\/www.noticiasradioreflejos.com.ar\/2021\/","name":"Noticias Radio Reflejos","description":"Las noticias de mi comarca","potentialAction":[{"@type":"SearchAction","target":{"@type":"EntryPoint","urlTemplate":"https:\/\/www.noticiasradioreflejos.com.ar\/2021\/?s={search_term_string}"},"query-input":{"@type":"PropertyValueSpecification","valueRequired":true,"valueName":"search_term_string"}}],"inLanguage":"es"},{"@type":"Person","@id":"https:\/\/www.noticiasradioreflejos.com.ar\/2021\/#\/schema\/person\/ad82545263dcc5ec0996818884fd5fb1","name":"Arnaldo Botto","image":{"@type":"ImageObject","inLanguage":"es","@id":"https:\/\/www.noticiasradioreflejos.com.ar\/2021\/#\/schema\/person\/image\/","url":"https:\/\/secure.gravatar.com\/avatar\/55cb5e37c1efa326397366e6974cb338056df65cb50e7d64d1cf314e87504837?s=96&d=mm&r=g","contentUrl":"https:\/\/secure.gravatar.com\/avatar\/55cb5e37c1efa326397366e6974cb338056df65cb50e7d64d1cf314e87504837?s=96&d=mm&r=g","caption":"Arnaldo Botto"},"url":"https:\/\/www.noticiasradioreflejos.com.ar\/2021\/author\/arnaldo\/"}]}},"_links":{"self":[{"href":"https:\/\/www.noticiasradioreflejos.com.ar\/2021\/wp-json\/wp\/v2\/posts\/104830","targetHints":{"allow":["GET"]}}],"collection":[{"href":"https:\/\/www.noticiasradioreflejos.com.ar\/2021\/wp-json\/wp\/v2\/posts"}],"about":[{"href":"https:\/\/www.noticiasradioreflejos.com.ar\/2021\/wp-json\/wp\/v2\/types\/post"}],"author":[{"embeddable":true,"href":"https:\/\/www.noticiasradioreflejos.com.ar\/2021\/wp-json\/wp\/v2\/users\/3"}],"replies":[{"embeddable":true,"href":"https:\/\/www.noticiasradioreflejos.com.ar\/2021\/wp-json\/wp\/v2\/comments?post=104830"}],"version-history":[{"count":1,"href":"https:\/\/www.noticiasradioreflejos.com.ar\/2021\/wp-json\/wp\/v2\/posts\/104830\/revisions"}],"predecessor-version":[{"id":104833,"href":"https:\/\/www.noticiasradioreflejos.com.ar\/2021\/wp-json\/wp\/v2\/posts\/104830\/revisions\/104833"}],"wp:attachment":[{"href":"https:\/\/www.noticiasradioreflejos.com.ar\/2021\/wp-json\/wp\/v2\/media?parent=104830"}],"wp:term":[{"taxonomy":"category","embeddable":true,"href":"https:\/\/www.noticiasradioreflejos.com.ar\/2021\/wp-json\/wp\/v2\/categories?post=104830"},{"taxonomy":"post_tag","embeddable":true,"href":"https:\/\/www.noticiasradioreflejos.com.ar\/2021\/wp-json\/wp\/v2\/tags?post=104830"}],"curies":[{"name":"wp","href":"https:\/\/api.w.org\/{rel}","templated":true}]}}