{"id":104802,"date":"2024-07-10T07:13:11","date_gmt":"2024-07-10T10:13:11","guid":{"rendered":"https:\/\/www.noticiasradioreflejos.com.ar\/2021\/?p=104802"},"modified":"2024-07-10T07:13:11","modified_gmt":"2024-07-10T10:13:11","slug":"el-distrito-celebro-el-208-aniversario-de-la-independencia","status":"publish","type":"post","link":"https:\/\/www.noticiasradioreflejos.com.ar\/2021\/el-distrito-celebro-el-208-aniversario-de-la-independencia\/","title":{"rendered":"El distrito celebr\u00f3 el 208\u00b0 aniversario de la Independencia"},"content":{"rendered":"<p>Esta ma\u00f1ana, en la ciudad cabecera de nuestro distrito, se conmemor\u00f3 un nuevo aniversario del D\u00eda de la Independencia, con un emotivo acto protocolar.<!--more--><\/p>\n<p>La ceremonia que se llev\u00f3 a cabo en el Teatro Rodolfo Funke, fue encabezada por la intendenta interina, Estefan\u00eda Bordoni; y cont\u00f3 con la presencia de miembros del departamento ejecutivo, la presidente del Honorable Concejo Deliberante, consejeros escolares e instituciones intermedias.<\/p>\n<p>&nbsp;<br \/>\n<a data-flickr-embed=\"true\" href=\"https:\/\/www.flickr.com\/photos\/182279889@N02\/53847644423\/in\/dateposted-public\/\" title=\"9 de julio2\"><img loading=\"lazy\" decoding=\"async\" src=\"https:\/\/live.staticflickr.com\/65535\/53847644423_6074952140_z.jpg\" width=\"640\" height=\"480\" alt=\"9 de julio2\"\/><\/a><script async src=\"\/\/embedr.flickr.com\/assets\/client-code.js\" charset=\"utf-8\"><\/script><br \/>\n&nbsp;<\/p>\n<p>Las palabras alusivas de esta importante fecha hist\u00f3rica, estuvieron a cargo de la propia jefa comunal, quien afirm\u00f3: \u201cEstamos viviendo momentos de desaf\u00edos y transformaciones, pero debemos recordar que la libertad es un valor fundamental que debemos preservar. La libertad no se reduce a una mera ausencia de restricciones; implica responsabilidad, solidaridad y respeto por los dem\u00e1s\u201d.<\/p>\n<p>&nbsp;<\/p>\n<p>En esa misma l\u00ednea, expres\u00f3: \u201cLos desaf\u00edos son grandes, pero estamos convencidos de que juntos, en unidad y con un sentido claro de justicia social, podemos superarlos. Es fundamental que sigamos construyendo sobre los cimientos que nos dejaron nuestros antepasados, quienes so\u00f1aron con un pa\u00eds libre\u201d.<\/p>\n<p>&nbsp;<\/p>\n<p>El evento finaliz\u00f3 con la destacada participaci\u00f3n de la Escuela Folcl\u00f3rica Municipal, cuyos integrantes deleitaron al p\u00fablico con el peric\u00f3n nacional. Adem\u00e1s, los los diferentes cuerpos, junto a todos los presentes, agasajaron al intendente municipal Sergio Bordoni (en uso de licencia), por su cumplea\u00f1os.<\/p>\n<p>&nbsp;<\/p>\n<p>Nuevamente, Tornquist reafirm\u00f3 el compromiso de la comunidad, de preservar las tradiciones y valores que gu\u00edan nuestra valiosa historia.<\/p>\n<p><a data-flickr-embed=\"true\" href=\"https:\/\/www.flickr.com\/photos\/182279889@N02\/53847644363\/in\/dateposted-public\/\" title=\"9 de julio1\"><img loading=\"lazy\" decoding=\"async\" src=\"https:\/\/live.staticflickr.com\/65535\/53847644363_96300ed9f5_z.jpg\" width=\"640\" height=\"480\" alt=\"9 de julio1\"\/><\/a><script async src=\"\/\/embedr.flickr.com\/assets\/client-code.js\" charset=\"utf-8\"><\/script><\/p>\n<p><a data-flickr-embed=\"true\" href=\"https:\/\/www.flickr.com\/photos\/182279889@N02\/53847644318\/in\/dateposted-public\/\" title=\"9 de julio\"><img loading=\"lazy\" decoding=\"async\" src=\"https:\/\/live.staticflickr.com\/65535\/53847644318_6a2fd37be8_z.jpg\" width=\"640\" height=\"480\" alt=\"9 de julio\"\/><\/a><script async src=\"\/\/embedr.flickr.com\/assets\/client-code.js\" charset=\"utf-8\"><\/script><\/p>\n<p><a data-flickr-embed=\"true\" href=\"https:\/\/www.flickr.com\/photos\/182279889@N02\/53846494382\/in\/dateposted-public\/\" title=\"9 de julio 4\"><img loading=\"lazy\" decoding=\"async\" src=\"https:\/\/live.staticflickr.com\/65535\/53846494382_c6435eb668_z.jpg\" width=\"640\" height=\"480\" alt=\"9 de julio 4\"\/><\/a><script async src=\"\/\/embedr.flickr.com\/assets\/client-code.js\" charset=\"utf-8\"><\/script><\/p>\n","protected":false},"excerpt":{"rendered":"<p>Esta ma\u00f1ana, en la ciudad cabecera de nuestro distrito, se conmemor\u00f3 un nuevo aniversario del D\u00eda de la Independencia, con un emotivo acto protocolar.<\/p>\n","protected":false},"author":3,"featured_media":104803,"comment_status":"closed","ping_status":"closed","sticky":false,"template":"","format":"standard","meta":{"footnotes":""},"categories":[28],"tags":[48],"class_list":["post-104802","post","type-post","status-publish","format-standard","has-post-thumbnail","hentry","category-municipales","tag-destacada"],"yoast_head":"<!-- This site is optimized with the Yoast SEO plugin v25.9 - https:\/\/yoast.com\/wordpress\/plugins\/seo\/ -->\n<title>El distrito celebr\u00f3 el 208\u00b0 aniversario de la Independencia - Noticias Radio Reflejos<\/title>\n<meta name=\"robots\" content=\"index, follow, max-snippet:-1, max-image-preview:large, max-video-preview:-1\" \/>\n<link rel=\"canonical\" href=\"https:\/\/www.noticiasradioreflejos.com.ar\/2021\/el-distrito-celebro-el-208-aniversario-de-la-independencia\/\" \/>\n<meta property=\"og:locale\" content=\"es_ES\" \/>\n<meta property=\"og:type\" content=\"article\" \/>\n<meta property=\"og:title\" content=\"El distrito celebr\u00f3 el 208\u00b0 aniversario de la Independencia - Noticias Radio Reflejos\" \/>\n<meta property=\"og:description\" content=\"Esta ma\u00f1ana, en la ciudad cabecera de nuestro distrito, se conmemor\u00f3 un nuevo aniversario del D\u00eda de la Independencia, con un emotivo acto protocolar.\" \/>\n<meta property=\"og:url\" content=\"https:\/\/www.noticiasradioreflejos.com.ar\/2021\/el-distrito-celebro-el-208-aniversario-de-la-independencia\/\" \/>\n<meta property=\"og:site_name\" content=\"Noticias Radio Reflejos\" \/>\n<meta property=\"article:published_time\" content=\"2024-07-10T10:13:11+00:00\" \/>\n<meta property=\"og:image\" content=\"https:\/\/www.noticiasradioreflejos.com.ar\/2021\/wp-content\/uploads\/2024\/07\/9-de-julio3.jpg\" \/>\n\t<meta property=\"og:image:width\" content=\"2155\" \/>\n\t<meta property=\"og:image:height\" content=\"1585\" \/>\n\t<meta property=\"og:image:type\" content=\"image\/jpeg\" \/>\n<meta name=\"author\" content=\"Arnaldo Botto\" \/>\n<meta name=\"twitter:card\" content=\"summary_large_image\" \/>\n<script type=\"application\/ld+json\" class=\"yoast-schema-graph\">{\"@context\":\"https:\/\/schema.org\",\"@graph\":[{\"@type\":\"WebPage\",\"@id\":\"https:\/\/www.noticiasradioreflejos.com.ar\/2021\/el-distrito-celebro-el-208-aniversario-de-la-independencia\/\",\"url\":\"https:\/\/www.noticiasradioreflejos.com.ar\/2021\/el-distrito-celebro-el-208-aniversario-de-la-independencia\/\",\"name\":\"El distrito celebr\u00f3 el 208\u00b0 aniversario de la Independencia - Noticias Radio Reflejos\",\"isPartOf\":{\"@id\":\"https:\/\/www.noticiasradioreflejos.com.ar\/2021\/#website\"},\"primaryImageOfPage\":{\"@id\":\"https:\/\/www.noticiasradioreflejos.com.ar\/2021\/el-distrito-celebro-el-208-aniversario-de-la-independencia\/#primaryimage\"},\"image\":{\"@id\":\"https:\/\/www.noticiasradioreflejos.com.ar\/2021\/el-distrito-celebro-el-208-aniversario-de-la-independencia\/#primaryimage\"},\"thumbnailUrl\":\"https:\/\/www.noticiasradioreflejos.com.ar\/2021\/wp-content\/uploads\/2024\/07\/9-de-julio3.jpg\",\"datePublished\":\"2024-07-10T10:13:11+00:00\",\"author\":{\"@id\":\"https:\/\/www.noticiasradioreflejos.com.ar\/2021\/#\/schema\/person\/ad82545263dcc5ec0996818884fd5fb1\"},\"breadcrumb\":{\"@id\":\"https:\/\/www.noticiasradioreflejos.com.ar\/2021\/el-distrito-celebro-el-208-aniversario-de-la-independencia\/#breadcrumb\"},\"inLanguage\":\"es\",\"potentialAction\":[{\"@type\":\"ReadAction\",\"target\":[\"https:\/\/www.noticiasradioreflejos.com.ar\/2021\/el-distrito-celebro-el-208-aniversario-de-la-independencia\/\"]}]},{\"@type\":\"ImageObject\",\"inLanguage\":\"es\",\"@id\":\"https:\/\/www.noticiasradioreflejos.com.ar\/2021\/el-distrito-celebro-el-208-aniversario-de-la-independencia\/#primaryimage\",\"url\":\"https:\/\/www.noticiasradioreflejos.com.ar\/2021\/wp-content\/uploads\/2024\/07\/9-de-julio3.jpg\",\"contentUrl\":\"https:\/\/www.noticiasradioreflejos.com.ar\/2021\/wp-content\/uploads\/2024\/07\/9-de-julio3.jpg\",\"width\":2155,\"height\":1585},{\"@type\":\"BreadcrumbList\",\"@id\":\"https:\/\/www.noticiasradioreflejos.com.ar\/2021\/el-distrito-celebro-el-208-aniversario-de-la-independencia\/#breadcrumb\",\"itemListElement\":[{\"@type\":\"ListItem\",\"position\":1,\"name\":\"Portada\",\"item\":\"https:\/\/www.noticiasradioreflejos.com.ar\/2021\/\"},{\"@type\":\"ListItem\",\"position\":2,\"name\":\"El distrito celebr\u00f3 el 208\u00b0 aniversario de la Independencia\"}]},{\"@type\":\"WebSite\",\"@id\":\"https:\/\/www.noticiasradioreflejos.com.ar\/2021\/#website\",\"url\":\"https:\/\/www.noticiasradioreflejos.com.ar\/2021\/\",\"name\":\"Noticias Radio Reflejos\",\"description\":\"Las noticias de mi comarca\",\"potentialAction\":[{\"@type\":\"SearchAction\",\"target\":{\"@type\":\"EntryPoint\",\"urlTemplate\":\"https:\/\/www.noticiasradioreflejos.com.ar\/2021\/?s={search_term_string}\"},\"query-input\":{\"@type\":\"PropertyValueSpecification\",\"valueRequired\":true,\"valueName\":\"search_term_string\"}}],\"inLanguage\":\"es\"},{\"@type\":\"Person\",\"@id\":\"https:\/\/www.noticiasradioreflejos.com.ar\/2021\/#\/schema\/person\/ad82545263dcc5ec0996818884fd5fb1\",\"name\":\"Arnaldo Botto\",\"image\":{\"@type\":\"ImageObject\",\"inLanguage\":\"es\",\"@id\":\"https:\/\/www.noticiasradioreflejos.com.ar\/2021\/#\/schema\/person\/image\/\",\"url\":\"https:\/\/secure.gravatar.com\/avatar\/55cb5e37c1efa326397366e6974cb338056df65cb50e7d64d1cf314e87504837?s=96&d=mm&r=g\",\"contentUrl\":\"https:\/\/secure.gravatar.com\/avatar\/55cb5e37c1efa326397366e6974cb338056df65cb50e7d64d1cf314e87504837?s=96&d=mm&r=g\",\"caption\":\"Arnaldo Botto\"},\"url\":\"https:\/\/www.noticiasradioreflejos.com.ar\/2021\/author\/arnaldo\/\"}]}<\/script>\n<!-- \/ Yoast SEO plugin. -->","yoast_head_json":{"title":"El distrito celebr\u00f3 el 208\u00b0 aniversario de la Independencia - Noticias Radio Reflejos","robots":{"index":"index","follow":"follow","max-snippet":"max-snippet:-1","max-image-preview":"max-image-preview:large","max-video-preview":"max-video-preview:-1"},"canonical":"https:\/\/www.noticiasradioreflejos.com.ar\/2021\/el-distrito-celebro-el-208-aniversario-de-la-independencia\/","og_locale":"es_ES","og_type":"article","og_title":"El distrito celebr\u00f3 el 208\u00b0 aniversario de la Independencia - Noticias Radio Reflejos","og_description":"Esta ma\u00f1ana, en la ciudad cabecera de nuestro distrito, se conmemor\u00f3 un nuevo aniversario del D\u00eda de la Independencia, con un emotivo acto protocolar.","og_url":"https:\/\/www.noticiasradioreflejos.com.ar\/2021\/el-distrito-celebro-el-208-aniversario-de-la-independencia\/","og_site_name":"Noticias Radio Reflejos","article_published_time":"2024-07-10T10:13:11+00:00","og_image":[{"width":2155,"height":1585,"url":"https:\/\/www.noticiasradioreflejos.com.ar\/2021\/wp-content\/uploads\/2024\/07\/9-de-julio3.jpg","type":"image\/jpeg"}],"author":"Arnaldo Botto","twitter_card":"summary_large_image","schema":{"@context":"https:\/\/schema.org","@graph":[{"@type":"WebPage","@id":"https:\/\/www.noticiasradioreflejos.com.ar\/2021\/el-distrito-celebro-el-208-aniversario-de-la-independencia\/","url":"https:\/\/www.noticiasradioreflejos.com.ar\/2021\/el-distrito-celebro-el-208-aniversario-de-la-independencia\/","name":"El distrito celebr\u00f3 el 208\u00b0 aniversario de la Independencia - Noticias Radio Reflejos","isPartOf":{"@id":"https:\/\/www.noticiasradioreflejos.com.ar\/2021\/#website"},"primaryImageOfPage":{"@id":"https:\/\/www.noticiasradioreflejos.com.ar\/2021\/el-distrito-celebro-el-208-aniversario-de-la-independencia\/#primaryimage"},"image":{"@id":"https:\/\/www.noticiasradioreflejos.com.ar\/2021\/el-distrito-celebro-el-208-aniversario-de-la-independencia\/#primaryimage"},"thumbnailUrl":"https:\/\/www.noticiasradioreflejos.com.ar\/2021\/wp-content\/uploads\/2024\/07\/9-de-julio3.jpg","datePublished":"2024-07-10T10:13:11+00:00","author":{"@id":"https:\/\/www.noticiasradioreflejos.com.ar\/2021\/#\/schema\/person\/ad82545263dcc5ec0996818884fd5fb1"},"breadcrumb":{"@id":"https:\/\/www.noticiasradioreflejos.com.ar\/2021\/el-distrito-celebro-el-208-aniversario-de-la-independencia\/#breadcrumb"},"inLanguage":"es","potentialAction":[{"@type":"ReadAction","target":["https:\/\/www.noticiasradioreflejos.com.ar\/2021\/el-distrito-celebro-el-208-aniversario-de-la-independencia\/"]}]},{"@type":"ImageObject","inLanguage":"es","@id":"https:\/\/www.noticiasradioreflejos.com.ar\/2021\/el-distrito-celebro-el-208-aniversario-de-la-independencia\/#primaryimage","url":"https:\/\/www.noticiasradioreflejos.com.ar\/2021\/wp-content\/uploads\/2024\/07\/9-de-julio3.jpg","contentUrl":"https:\/\/www.noticiasradioreflejos.com.ar\/2021\/wp-content\/uploads\/2024\/07\/9-de-julio3.jpg","width":2155,"height":1585},{"@type":"BreadcrumbList","@id":"https:\/\/www.noticiasradioreflejos.com.ar\/2021\/el-distrito-celebro-el-208-aniversario-de-la-independencia\/#breadcrumb","itemListElement":[{"@type":"ListItem","position":1,"name":"Portada","item":"https:\/\/www.noticiasradioreflejos.com.ar\/2021\/"},{"@type":"ListItem","position":2,"name":"El distrito celebr\u00f3 el 208\u00b0 aniversario de la Independencia"}]},{"@type":"WebSite","@id":"https:\/\/www.noticiasradioreflejos.com.ar\/2021\/#website","url":"https:\/\/www.noticiasradioreflejos.com.ar\/2021\/","name":"Noticias Radio Reflejos","description":"Las noticias de mi comarca","potentialAction":[{"@type":"SearchAction","target":{"@type":"EntryPoint","urlTemplate":"https:\/\/www.noticiasradioreflejos.com.ar\/2021\/?s={search_term_string}"},"query-input":{"@type":"PropertyValueSpecification","valueRequired":true,"valueName":"search_term_string"}}],"inLanguage":"es"},{"@type":"Person","@id":"https:\/\/www.noticiasradioreflejos.com.ar\/2021\/#\/schema\/person\/ad82545263dcc5ec0996818884fd5fb1","name":"Arnaldo Botto","image":{"@type":"ImageObject","inLanguage":"es","@id":"https:\/\/www.noticiasradioreflejos.com.ar\/2021\/#\/schema\/person\/image\/","url":"https:\/\/secure.gravatar.com\/avatar\/55cb5e37c1efa326397366e6974cb338056df65cb50e7d64d1cf314e87504837?s=96&d=mm&r=g","contentUrl":"https:\/\/secure.gravatar.com\/avatar\/55cb5e37c1efa326397366e6974cb338056df65cb50e7d64d1cf314e87504837?s=96&d=mm&r=g","caption":"Arnaldo Botto"},"url":"https:\/\/www.noticiasradioreflejos.com.ar\/2021\/author\/arnaldo\/"}]}},"_links":{"self":[{"href":"https:\/\/www.noticiasradioreflejos.com.ar\/2021\/wp-json\/wp\/v2\/posts\/104802","targetHints":{"allow":["GET"]}}],"collection":[{"href":"https:\/\/www.noticiasradioreflejos.com.ar\/2021\/wp-json\/wp\/v2\/posts"}],"about":[{"href":"https:\/\/www.noticiasradioreflejos.com.ar\/2021\/wp-json\/wp\/v2\/types\/post"}],"author":[{"embeddable":true,"href":"https:\/\/www.noticiasradioreflejos.com.ar\/2021\/wp-json\/wp\/v2\/users\/3"}],"replies":[{"embeddable":true,"href":"https:\/\/www.noticiasradioreflejos.com.ar\/2021\/wp-json\/wp\/v2\/comments?post=104802"}],"version-history":[{"count":1,"href":"https:\/\/www.noticiasradioreflejos.com.ar\/2021\/wp-json\/wp\/v2\/posts\/104802\/revisions"}],"predecessor-version":[{"id":104804,"href":"https:\/\/www.noticiasradioreflejos.com.ar\/2021\/wp-json\/wp\/v2\/posts\/104802\/revisions\/104804"}],"wp:featuredmedia":[{"embeddable":true,"href":"https:\/\/www.noticiasradioreflejos.com.ar\/2021\/wp-json\/wp\/v2\/media\/104803"}],"wp:attachment":[{"href":"https:\/\/www.noticiasradioreflejos.com.ar\/2021\/wp-json\/wp\/v2\/media?parent=104802"}],"wp:term":[{"taxonomy":"category","embeddable":true,"href":"https:\/\/www.noticiasradioreflejos.com.ar\/2021\/wp-json\/wp\/v2\/categories?post=104802"},{"taxonomy":"post_tag","embeddable":true,"href":"https:\/\/www.noticiasradioreflejos.com.ar\/2021\/wp-json\/wp\/v2\/tags?post=104802"}],"curies":[{"name":"wp","href":"https:\/\/api.w.org\/{rel}","templated":true}]}}