{"id":104781,"date":"2024-07-08T20:29:06","date_gmt":"2024-07-08T23:29:06","guid":{"rendered":"https:\/\/www.noticiasradioreflejos.com.ar\/2021\/?p=104781"},"modified":"2024-07-08T20:29:06","modified_gmt":"2024-07-08T23:29:06","slug":"alerta-roja-por-el-frio-extremo-en-toda-la-provincia-de-buenos-aires-para-toda-la-semana","status":"publish","type":"post","link":"https:\/\/www.noticiasradioreflejos.com.ar\/2021\/alerta-roja-por-el-frio-extremo-en-toda-la-provincia-de-buenos-aires-para-toda-la-semana\/","title":{"rendered":"Alerta roja por el fr\u00edo extremo en toda la provincia de Buenos Aires para toda la semana"},"content":{"rendered":"<p>Para el d\u00eda de ma\u00f1ana se espera que contin\u00faen las temperaturas fr\u00edas afectando de forma generalizada toda la provincia, principalmente al centro y este de la misma.<!--more--><br \/>\nLas temperaturas m\u00ednimas m\u00e1s bajas se dar\u00e1n principalmente en el centro y norte de la PBA con valores que estar\u00e1n entre -5\u00b0C y -1\u00b0C. En el resto de la Provincia de Buenos Aires (PBA), se esperan temperaturas m\u00ednimas alrededor de los -2\u00b0 y 0\u00b0C. Algunos de los valores estimados pueden ser localmente menores.<br \/>\nDebido a los d\u00edas consecutivos de temperaturas bajas extremas que se est\u00e1n registrando en algunos sectores de la PBA se recomienda: tomar abundante l\u00edquido caliente, no dejar nada que se pueda quemar cerca de los calefactores, mantener los ambientes ventilados para evitar la inhalaci\u00f3n de mon\u00f3xido de carbono, usar ropa adecuada para bajas temperaturas.<br \/>\nSe espera que estas condiciones de temperaturas bajas extremas persistan a lo largo de la semana.<\/p>\n<p><a data-flickr-embed=\"true\" href=\"https:\/\/www.flickr.com\/photos\/182279889@N02\/53843518922\/in\/dateposted-public\/\" title=\"Alerta 9 7\"><img loading=\"lazy\" decoding=\"async\" src=\"https:\/\/live.staticflickr.com\/65535\/53843518922_53c04606fe_c.jpg\" width=\"566\" height=\"800\" alt=\"Alerta 9 7\"\/><\/a><script async src=\"\/\/embedr.flickr.com\/assets\/client-code.js\" charset=\"utf-8\"><\/script><\/p>\n","protected":false},"excerpt":{"rendered":"<p>Para el d\u00eda de ma\u00f1ana se espera que contin\u00faen las temperaturas fr\u00edas afectando de forma generalizada toda la provincia, principalmente al centro y este de la misma.<\/p>\n","protected":false},"author":3,"featured_media":0,"comment_status":"closed","ping_status":"closed","sticky":false,"template":"","format":"standard","meta":{"footnotes":""},"categories":[46],"tags":[],"class_list":["post-104781","post","type-post","status-publish","format-standard","hentry","category-ciencia-y-tecnologia"],"yoast_head":"<!-- This site is optimized with the Yoast SEO plugin v25.9 - https:\/\/yoast.com\/wordpress\/plugins\/seo\/ -->\n<title>Alerta roja por el fr\u00edo extremo en toda la provincia de Buenos Aires para toda la semana - Noticias Radio Reflejos<\/title>\n<meta name=\"robots\" content=\"index, follow, max-snippet:-1, max-image-preview:large, max-video-preview:-1\" \/>\n<link rel=\"canonical\" href=\"https:\/\/www.noticiasradioreflejos.com.ar\/2021\/alerta-roja-por-el-frio-extremo-en-toda-la-provincia-de-buenos-aires-para-toda-la-semana\/\" \/>\n<meta property=\"og:locale\" content=\"es_ES\" \/>\n<meta property=\"og:type\" content=\"article\" \/>\n<meta property=\"og:title\" content=\"Alerta roja por el fr\u00edo extremo en toda la provincia de Buenos Aires para toda la semana - Noticias Radio Reflejos\" \/>\n<meta property=\"og:description\" content=\"Para el d\u00eda de ma\u00f1ana se espera que contin\u00faen las temperaturas fr\u00edas afectando de forma generalizada toda la provincia, principalmente al centro y este de la misma.\" \/>\n<meta property=\"og:url\" content=\"https:\/\/www.noticiasradioreflejos.com.ar\/2021\/alerta-roja-por-el-frio-extremo-en-toda-la-provincia-de-buenos-aires-para-toda-la-semana\/\" \/>\n<meta property=\"og:site_name\" content=\"Noticias Radio Reflejos\" \/>\n<meta property=\"article:published_time\" content=\"2024-07-08T23:29:06+00:00\" \/>\n<meta property=\"og:image\" content=\"https:\/\/live.staticflickr.com\/65535\/53843518922_53c04606fe_c.jpg\" \/>\n<meta name=\"author\" content=\"Arnaldo Botto\" \/>\n<meta name=\"twitter:card\" content=\"summary_large_image\" \/>\n<script type=\"application\/ld+json\" class=\"yoast-schema-graph\">{\"@context\":\"https:\/\/schema.org\",\"@graph\":[{\"@type\":\"WebPage\",\"@id\":\"https:\/\/www.noticiasradioreflejos.com.ar\/2021\/alerta-roja-por-el-frio-extremo-en-toda-la-provincia-de-buenos-aires-para-toda-la-semana\/\",\"url\":\"https:\/\/www.noticiasradioreflejos.com.ar\/2021\/alerta-roja-por-el-frio-extremo-en-toda-la-provincia-de-buenos-aires-para-toda-la-semana\/\",\"name\":\"Alerta roja por el fr\u00edo extremo en toda la provincia de Buenos Aires para toda la semana - Noticias Radio Reflejos\",\"isPartOf\":{\"@id\":\"https:\/\/www.noticiasradioreflejos.com.ar\/2021\/#website\"},\"primaryImageOfPage\":{\"@id\":\"https:\/\/www.noticiasradioreflejos.com.ar\/2021\/alerta-roja-por-el-frio-extremo-en-toda-la-provincia-de-buenos-aires-para-toda-la-semana\/#primaryimage\"},\"image\":{\"@id\":\"https:\/\/www.noticiasradioreflejos.com.ar\/2021\/alerta-roja-por-el-frio-extremo-en-toda-la-provincia-de-buenos-aires-para-toda-la-semana\/#primaryimage\"},\"thumbnailUrl\":\"https:\/\/live.staticflickr.com\/65535\/53843518922_53c04606fe_c.jpg\",\"datePublished\":\"2024-07-08T23:29:06+00:00\",\"author\":{\"@id\":\"https:\/\/www.noticiasradioreflejos.com.ar\/2021\/#\/schema\/person\/ad82545263dcc5ec0996818884fd5fb1\"},\"breadcrumb\":{\"@id\":\"https:\/\/www.noticiasradioreflejos.com.ar\/2021\/alerta-roja-por-el-frio-extremo-en-toda-la-provincia-de-buenos-aires-para-toda-la-semana\/#breadcrumb\"},\"inLanguage\":\"es\",\"potentialAction\":[{\"@type\":\"ReadAction\",\"target\":[\"https:\/\/www.noticiasradioreflejos.com.ar\/2021\/alerta-roja-por-el-frio-extremo-en-toda-la-provincia-de-buenos-aires-para-toda-la-semana\/\"]}]},{\"@type\":\"ImageObject\",\"inLanguage\":\"es\",\"@id\":\"https:\/\/www.noticiasradioreflejos.com.ar\/2021\/alerta-roja-por-el-frio-extremo-en-toda-la-provincia-de-buenos-aires-para-toda-la-semana\/#primaryimage\",\"url\":\"https:\/\/live.staticflickr.com\/65535\/53843518922_53c04606fe_c.jpg\",\"contentUrl\":\"https:\/\/live.staticflickr.com\/65535\/53843518922_53c04606fe_c.jpg\"},{\"@type\":\"BreadcrumbList\",\"@id\":\"https:\/\/www.noticiasradioreflejos.com.ar\/2021\/alerta-roja-por-el-frio-extremo-en-toda-la-provincia-de-buenos-aires-para-toda-la-semana\/#breadcrumb\",\"itemListElement\":[{\"@type\":\"ListItem\",\"position\":1,\"name\":\"Portada\",\"item\":\"https:\/\/www.noticiasradioreflejos.com.ar\/2021\/\"},{\"@type\":\"ListItem\",\"position\":2,\"name\":\"Alerta roja por el fr\u00edo extremo en toda la provincia de Buenos Aires para toda la semana\"}]},{\"@type\":\"WebSite\",\"@id\":\"https:\/\/www.noticiasradioreflejos.com.ar\/2021\/#website\",\"url\":\"https:\/\/www.noticiasradioreflejos.com.ar\/2021\/\",\"name\":\"Noticias Radio Reflejos\",\"description\":\"Las noticias de mi comarca\",\"potentialAction\":[{\"@type\":\"SearchAction\",\"target\":{\"@type\":\"EntryPoint\",\"urlTemplate\":\"https:\/\/www.noticiasradioreflejos.com.ar\/2021\/?s={search_term_string}\"},\"query-input\":{\"@type\":\"PropertyValueSpecification\",\"valueRequired\":true,\"valueName\":\"search_term_string\"}}],\"inLanguage\":\"es\"},{\"@type\":\"Person\",\"@id\":\"https:\/\/www.noticiasradioreflejos.com.ar\/2021\/#\/schema\/person\/ad82545263dcc5ec0996818884fd5fb1\",\"name\":\"Arnaldo Botto\",\"image\":{\"@type\":\"ImageObject\",\"inLanguage\":\"es\",\"@id\":\"https:\/\/www.noticiasradioreflejos.com.ar\/2021\/#\/schema\/person\/image\/\",\"url\":\"https:\/\/secure.gravatar.com\/avatar\/55cb5e37c1efa326397366e6974cb338056df65cb50e7d64d1cf314e87504837?s=96&d=mm&r=g\",\"contentUrl\":\"https:\/\/secure.gravatar.com\/avatar\/55cb5e37c1efa326397366e6974cb338056df65cb50e7d64d1cf314e87504837?s=96&d=mm&r=g\",\"caption\":\"Arnaldo Botto\"},\"url\":\"https:\/\/www.noticiasradioreflejos.com.ar\/2021\/author\/arnaldo\/\"}]}<\/script>\n<!-- \/ Yoast SEO plugin. -->","yoast_head_json":{"title":"Alerta roja por el fr\u00edo extremo en toda la provincia de Buenos Aires para toda la semana - Noticias Radio Reflejos","robots":{"index":"index","follow":"follow","max-snippet":"max-snippet:-1","max-image-preview":"max-image-preview:large","max-video-preview":"max-video-preview:-1"},"canonical":"https:\/\/www.noticiasradioreflejos.com.ar\/2021\/alerta-roja-por-el-frio-extremo-en-toda-la-provincia-de-buenos-aires-para-toda-la-semana\/","og_locale":"es_ES","og_type":"article","og_title":"Alerta roja por el fr\u00edo extremo en toda la provincia de Buenos Aires para toda la semana - Noticias Radio Reflejos","og_description":"Para el d\u00eda de ma\u00f1ana se espera que contin\u00faen las temperaturas fr\u00edas afectando de forma generalizada toda la provincia, principalmente al centro y este de la misma.","og_url":"https:\/\/www.noticiasradioreflejos.com.ar\/2021\/alerta-roja-por-el-frio-extremo-en-toda-la-provincia-de-buenos-aires-para-toda-la-semana\/","og_site_name":"Noticias Radio Reflejos","article_published_time":"2024-07-08T23:29:06+00:00","og_image":[{"url":"https:\/\/live.staticflickr.com\/65535\/53843518922_53c04606fe_c.jpg","type":"","width":"","height":""}],"author":"Arnaldo Botto","twitter_card":"summary_large_image","schema":{"@context":"https:\/\/schema.org","@graph":[{"@type":"WebPage","@id":"https:\/\/www.noticiasradioreflejos.com.ar\/2021\/alerta-roja-por-el-frio-extremo-en-toda-la-provincia-de-buenos-aires-para-toda-la-semana\/","url":"https:\/\/www.noticiasradioreflejos.com.ar\/2021\/alerta-roja-por-el-frio-extremo-en-toda-la-provincia-de-buenos-aires-para-toda-la-semana\/","name":"Alerta roja por el fr\u00edo extremo en toda la provincia de Buenos Aires para toda la semana - Noticias Radio Reflejos","isPartOf":{"@id":"https:\/\/www.noticiasradioreflejos.com.ar\/2021\/#website"},"primaryImageOfPage":{"@id":"https:\/\/www.noticiasradioreflejos.com.ar\/2021\/alerta-roja-por-el-frio-extremo-en-toda-la-provincia-de-buenos-aires-para-toda-la-semana\/#primaryimage"},"image":{"@id":"https:\/\/www.noticiasradioreflejos.com.ar\/2021\/alerta-roja-por-el-frio-extremo-en-toda-la-provincia-de-buenos-aires-para-toda-la-semana\/#primaryimage"},"thumbnailUrl":"https:\/\/live.staticflickr.com\/65535\/53843518922_53c04606fe_c.jpg","datePublished":"2024-07-08T23:29:06+00:00","author":{"@id":"https:\/\/www.noticiasradioreflejos.com.ar\/2021\/#\/schema\/person\/ad82545263dcc5ec0996818884fd5fb1"},"breadcrumb":{"@id":"https:\/\/www.noticiasradioreflejos.com.ar\/2021\/alerta-roja-por-el-frio-extremo-en-toda-la-provincia-de-buenos-aires-para-toda-la-semana\/#breadcrumb"},"inLanguage":"es","potentialAction":[{"@type":"ReadAction","target":["https:\/\/www.noticiasradioreflejos.com.ar\/2021\/alerta-roja-por-el-frio-extremo-en-toda-la-provincia-de-buenos-aires-para-toda-la-semana\/"]}]},{"@type":"ImageObject","inLanguage":"es","@id":"https:\/\/www.noticiasradioreflejos.com.ar\/2021\/alerta-roja-por-el-frio-extremo-en-toda-la-provincia-de-buenos-aires-para-toda-la-semana\/#primaryimage","url":"https:\/\/live.staticflickr.com\/65535\/53843518922_53c04606fe_c.jpg","contentUrl":"https:\/\/live.staticflickr.com\/65535\/53843518922_53c04606fe_c.jpg"},{"@type":"BreadcrumbList","@id":"https:\/\/www.noticiasradioreflejos.com.ar\/2021\/alerta-roja-por-el-frio-extremo-en-toda-la-provincia-de-buenos-aires-para-toda-la-semana\/#breadcrumb","itemListElement":[{"@type":"ListItem","position":1,"name":"Portada","item":"https:\/\/www.noticiasradioreflejos.com.ar\/2021\/"},{"@type":"ListItem","position":2,"name":"Alerta roja por el fr\u00edo extremo en toda la provincia de Buenos Aires para toda la semana"}]},{"@type":"WebSite","@id":"https:\/\/www.noticiasradioreflejos.com.ar\/2021\/#website","url":"https:\/\/www.noticiasradioreflejos.com.ar\/2021\/","name":"Noticias Radio Reflejos","description":"Las noticias de mi comarca","potentialAction":[{"@type":"SearchAction","target":{"@type":"EntryPoint","urlTemplate":"https:\/\/www.noticiasradioreflejos.com.ar\/2021\/?s={search_term_string}"},"query-input":{"@type":"PropertyValueSpecification","valueRequired":true,"valueName":"search_term_string"}}],"inLanguage":"es"},{"@type":"Person","@id":"https:\/\/www.noticiasradioreflejos.com.ar\/2021\/#\/schema\/person\/ad82545263dcc5ec0996818884fd5fb1","name":"Arnaldo Botto","image":{"@type":"ImageObject","inLanguage":"es","@id":"https:\/\/www.noticiasradioreflejos.com.ar\/2021\/#\/schema\/person\/image\/","url":"https:\/\/secure.gravatar.com\/avatar\/55cb5e37c1efa326397366e6974cb338056df65cb50e7d64d1cf314e87504837?s=96&d=mm&r=g","contentUrl":"https:\/\/secure.gravatar.com\/avatar\/55cb5e37c1efa326397366e6974cb338056df65cb50e7d64d1cf314e87504837?s=96&d=mm&r=g","caption":"Arnaldo Botto"},"url":"https:\/\/www.noticiasradioreflejos.com.ar\/2021\/author\/arnaldo\/"}]}},"_links":{"self":[{"href":"https:\/\/www.noticiasradioreflejos.com.ar\/2021\/wp-json\/wp\/v2\/posts\/104781","targetHints":{"allow":["GET"]}}],"collection":[{"href":"https:\/\/www.noticiasradioreflejos.com.ar\/2021\/wp-json\/wp\/v2\/posts"}],"about":[{"href":"https:\/\/www.noticiasradioreflejos.com.ar\/2021\/wp-json\/wp\/v2\/types\/post"}],"author":[{"embeddable":true,"href":"https:\/\/www.noticiasradioreflejos.com.ar\/2021\/wp-json\/wp\/v2\/users\/3"}],"replies":[{"embeddable":true,"href":"https:\/\/www.noticiasradioreflejos.com.ar\/2021\/wp-json\/wp\/v2\/comments?post=104781"}],"version-history":[{"count":1,"href":"https:\/\/www.noticiasradioreflejos.com.ar\/2021\/wp-json\/wp\/v2\/posts\/104781\/revisions"}],"predecessor-version":[{"id":104783,"href":"https:\/\/www.noticiasradioreflejos.com.ar\/2021\/wp-json\/wp\/v2\/posts\/104781\/revisions\/104783"}],"wp:attachment":[{"href":"https:\/\/www.noticiasradioreflejos.com.ar\/2021\/wp-json\/wp\/v2\/media?parent=104781"}],"wp:term":[{"taxonomy":"category","embeddable":true,"href":"https:\/\/www.noticiasradioreflejos.com.ar\/2021\/wp-json\/wp\/v2\/categories?post=104781"},{"taxonomy":"post_tag","embeddable":true,"href":"https:\/\/www.noticiasradioreflejos.com.ar\/2021\/wp-json\/wp\/v2\/tags?post=104781"}],"curies":[{"name":"wp","href":"https:\/\/api.w.org\/{rel}","templated":true}]}}